{"id":302054,"date":"2025-11-28T21:28:12","date_gmt":"2025-11-28T18:28:12","guid":{"rendered":"https:\/\/vof-news.eu\/selenskyjs-stabschef-jermak-tritt-wegen-korruptionsaffare-zuruck\/"},"modified":"2025-11-28T21:29:18","modified_gmt":"2025-11-28T18:29:18","slug":"selenskyjs-stabschef-jermak-tritt-wegen-korruptionsaffare-zuruck","status":"publish","type":"post","link":"https:\/\/vof-news.eu\/de\/selenskyjs-stabschef-jermak-tritt-wegen-korruptionsaffare-zuruck\/","title":{"rendered":"Selenskyjs Stabschef Jermak tritt wegen Korruptionsaff\u00e4re zur\u00fcck"},"content":{"rendered":"<div>\n<p>Der ukrainische Pr\u00e4sident <span><a href=\"https:\/\/www.zeit.de\/thema\/wolodymyr-selenskyj\" rel=\"nofollow\">Wolodymyr Selenskyj<\/a><\/span> hat mitgeteilt, dass Pr\u00e4sidialamtschef Andrij Jermak wegen der Korruptionsaff\u00e4re sein Amt niedergelegt hat.\u00a0Jermak habe eine R\u00fccktrittserkl\u00e4rung unterzeichnet, sagte Selenskyj in einer Videobotschaft. Er werde am Samstag Gespr\u00e4che mit m\u00f6glichen Nachfolgern Jermaks f\u00fchren.\n<\/p>\n<p>Die Wohnung des Vertrauten von Pr\u00e4sident Selenskyj war am Morgen <a href=\"https:\/\/www.zeit.de\/politik\/ausland\/2025-11\/ukraine-andrij-jermak-selenskyj-korruption-ermittlungen-gxe\" rel=\"nofollow\">von Kr\u00e4ften der ukrainischen\u00a0Anti-Korruptionsbeh\u00f6rden durchsucht worden<\/a>. Die Ma\u00dfnahmen wurden laut der Beh\u00f6rde von Selenskyj genehmigt. Jermak hatte die Durchsuchungen best\u00e4tigt und gesagt, dass er mit den Ermittlern kooperiere. Was genau Jermak vorgeworfen wird und ob die Ermittlungen mit dem Korruptionsskandal im ukrainischen Energiesektor zusammenh\u00e4ngen, war zun\u00e4chst unklar.\n<\/p>\n<h2>Verhandlungsf\u00fchrer in Gespr\u00e4chen mit den USA<\/h2>\n<p>Jermak war bisher einer der engsten Mitarbeiter Selenskyjs und galt als einer der einflussreichsten M\u00e4nner in der <span><a href=\"https:\/\/www.zeit.de\/politik\/ausland\/ukraine-krieg-news-liveblog\" rel=\"nofollow\">Ukraine<\/a><\/span>. Kritiker in der Ukraine warfen ihm vor, dass er zu viel Macht angeh\u00e4uft habe, den Zugang zu Selenskyj kontrolliere und kritische Stimmen r\u00fccksichtslos ausgrenze. Jermak war auch als zentrale Figur bei den laufenden Verhandlungen mit der US-Regierung um ein Ende des russischen Angriffskrieges vorgesehen und f\u00fchrte bisher das ukrainische Verhandlungsteam. Seine Ernennung in der vorigen Woche hatte wegen seiner m\u00f6glichen Verstrickungen in die Korruptionsaff\u00e4re bei politischen Beobachtern bereits f\u00fcr Verwunderung gesorgt.\n<\/p>\n<p>Erst k\u00fcrzlich<a href=\"https:\/\/www.zeit.de\/politik\/ausland\/2025-11\/ukraine-korruption-wolodymyr-selenskyj-ruecktritte-minister\" rel=\"nofollow\"> hatte das Antikorruptionsb\u00fcro Nabu<br \/>\nein &#8222;kriminelles System&#8220; aufgedeckt<\/a>, das zur<br \/>\nVeruntreuung von 100 Millionen Dollar (etwa 86 Millionen Euro) in der<br \/>\nUkraine gef\u00fchrt haben soll. Im Mittelpunkt der Aff\u00e4re steht ein enger Freund<br \/>\nund fr\u00fcherer Gesch\u00e4ftspartner Selenskyjs, Timur Minditsch. Dieser konnte aus dem Land fliehen und ist zur Fahndung ausgeschrieben. Der<br \/>\nukrainische <a href=\"https:\/\/www.zeit.de\/politik\/ausland\/2025-11\/korrpution-ukraine-kyiv-minister-entlassungen\" rel=\"nofollow\">Justizminister und die Energieministerin verloren ihre<br \/>\nPosten<\/a> in der Aff\u00e4re. Ebenfalls zu den Verd\u00e4chtigen z\u00e4hlt den Beh\u00f6rden<br \/>\nzufolge der fr\u00fchere Vize-Regierungschef Oleksij Tschernyschow.\n<\/p>\n<p>Im Juli hatte Pr\u00e4sident Selenskyj noch versucht, das Nationale Antikorruptionsb\u00fcro (Nabu) und die Spezialisierte Antikorruptionsstaatsanwaltschaft (SAP) unter seine Kontrolle zu bringen. Damals wurden bereits<br \/>\nVorw\u00fcrfe gegen Jermak laut, dass die<br \/>\neilig verabschiedete Gesetzes\u00e4nderung auf seine Initiative hin im<br \/>\nParlament eingebracht worden sei. Ziel sei gewesen, die sich anbahnenden<br \/>\n Verfahren gegen Minditsch und den Selenskyj ebenfalls nahestehenden Tschernyschow zu verhindern, berichteten<br \/>\nMedien. Nach Stra\u00dfenprotesten und einer Intervention der Europ\u00e4ischen<br \/>\nUnion musste Selenskyj das Gesetz wieder \u00e4ndern und den vorherigen<br \/>\nZustand wiederherstellen.\n<\/p>\n<\/div>\n","protected":false},"excerpt":{"rendered":"<p>Der ukrainische Pr\u00e4sident Wolodymyr Selenskyj hat mitgeteilt, dass Pr\u00e4sidialamtschef Andrij Jermak wegen der Korruptionsaff\u00e4re sein Amt niedergelegt hat.\u00a0Jermak habe eine R\u00fccktrittserkl\u00e4rung unterzeichnet, sagte Selenskyj in einer Videobotschaft. Er werde am Samstag Gespr\u00e4che mit m\u00f6glichen Nachfolgern Jermaks f\u00fchren. Die Wohnung des Vertrauten von Pr\u00e4sident Selenskyj war am Morgen von Kr\u00e4ften der ukrainischen\u00a0Anti-Korruptionsbeh\u00f6rden durchsucht worden. Die Ma\u00dfnahmen<\/p>\n","protected":false},"author":1,"featured_media":302055,"comment_status":"open","ping_status":"open","sticky":false,"template":"","format":"standard","meta":{"footnotes":""},"categories":[116],"tags":[],"class_list":["post-302054","post","type-post","status-publish","format-standard","has-post-thumbnail","hentry","category-war-chronicles-de"],"acf":[],"yoast_head":"<!-- This site is optimized with the Yoast SEO plugin v22.9 - https:\/\/yoast.com\/wordpress\/plugins\/seo\/ -->\n<title>Selenskyjs Stabschef Jermak tritt wegen Korruptionsaff\u00e4re zur\u00fcck - vof-news.eu<\/title>\n<meta name=\"description\" content=\"Der ukrainische Pr\u00e4sident Wolodymyr Selenskyj hat mitgeteilt, dass Pr\u00e4sidialamtschef Andrij Jermak wegen der Korruptionsaff\u00e4re sein Amt niedergelegt hat.\u00a0Jermak habe eine R\u00fccktrittserkl\u00e4rung unterzeichnet, sagte Selenskyj in einer Videobotschaft. Er werde am Samstag Gespr\u00e4che mit m\u00f6glichen Nachfolgern Jermaks f\u00fchren.\" \/>\n<meta name=\"robots\" content=\"noindex, follow, max-snippet:-1, max-image-preview:large, max-video-preview:-1\" \/>\n<meta property=\"og:locale\" content=\"de_DE\" \/>\n<meta property=\"og:type\" content=\"article\" \/>\n<meta property=\"og:title\" content=\"Selenskyjs Stabschef Jermak tritt wegen Korruptionsaff\u00e4re zur\u00fcck - vof-news.eu\" \/>\n<meta property=\"og:description\" content=\"Der ukrainische Pr\u00e4sident Wolodymyr Selenskyj hat mitgeteilt, dass Pr\u00e4sidialamtschef Andrij Jermak wegen der Korruptionsaff\u00e4re sein Amt niedergelegt hat.\u00a0Jermak habe eine R\u00fccktrittserkl\u00e4rung unterzeichnet, sagte Selenskyj in einer Videobotschaft. Er werde am Samstag Gespr\u00e4che mit m\u00f6glichen Nachfolgern Jermaks f\u00fchren.\" \/>\n<meta property=\"og:url\" content=\"https:\/\/vof-news.eu\/de\/selenskyjs-stabschef-jermak-tritt-wegen-korruptionsaffare-zuruck\/\" \/>\n<meta property=\"og:site_name\" content=\"vof-news.eu\" \/>\n<meta property=\"article:published_time\" content=\"2025-11-28T18:28:12+00:00\" \/>\n<meta property=\"article:modified_time\" content=\"2025-11-28T18:29:18+00:00\" \/>\n<meta property=\"og:image\" content=\"https:\/\/vof-news.eu\/wp-content\/uploads\/2025\/11\/wide__1000x562-97.jpg\" \/>\n\t<meta property=\"og:image:width\" content=\"1000\" \/>\n\t<meta property=\"og:image:height\" content=\"562\" \/>\n\t<meta property=\"og:image:type\" content=\"image\/jpeg\" \/>\n<meta name=\"author\" content=\"Author\" \/>\n<meta name=\"twitter:card\" content=\"summary_large_image\" \/>\n<meta name=\"twitter:label1\" content=\"Verfasst von\" \/>\n\t<meta name=\"twitter:data1\" content=\"Author\" \/>\n\t<meta name=\"twitter:label2\" content=\"Gesch\u00e4tzte Lesezeit\" \/>\n\t<meta name=\"twitter:data2\" content=\"2\u00a0Minuten\" \/>\n<script type=\"application\/ld+json\" class=\"yoast-schema-graph\">{\"@context\":\"https:\/\/schema.org\",\"@graph\":[{\"@type\":\"WebPage\",\"@id\":\"https:\/\/vof-news.eu\/de\/selenskyjs-stabschef-jermak-tritt-wegen-korruptionsaffare-zuruck\/\",\"url\":\"https:\/\/vof-news.eu\/de\/selenskyjs-stabschef-jermak-tritt-wegen-korruptionsaffare-zuruck\/\",\"name\":\"Selenskyjs Stabschef Jermak tritt wegen Korruptionsaff\u00e4re zur\u00fcck - vof-news.eu\",\"isPartOf\":{\"@id\":\"https:\/\/vof-news.eu\/de\/#website\"},\"primaryImageOfPage\":{\"@id\":\"https:\/\/vof-news.eu\/de\/selenskyjs-stabschef-jermak-tritt-wegen-korruptionsaffare-zuruck\/#primaryimage\"},\"image\":{\"@id\":\"https:\/\/vof-news.eu\/de\/selenskyjs-stabschef-jermak-tritt-wegen-korruptionsaffare-zuruck\/#primaryimage\"},\"thumbnailUrl\":\"https:\/\/vof-news.eu\/wp-content\/uploads\/2025\/11\/wide__1000x562-97.jpg\",\"datePublished\":\"2025-11-28T18:28:12+00:00\",\"dateModified\":\"2025-11-28T18:29:18+00:00\",\"author\":{\"@id\":\"https:\/\/vof-news.eu\/de\/#\/schema\/person\/f6a2a4309f0561835797fd8c19b333ed\"},\"description\":\"Der ukrainische Pr\u00e4sident Wolodymyr Selenskyj hat mitgeteilt, dass Pr\u00e4sidialamtschef Andrij Jermak wegen der Korruptionsaff\u00e4re sein Amt niedergelegt hat.\u00a0Jermak habe eine R\u00fccktrittserkl\u00e4rung unterzeichnet, sagte Selenskyj in einer Videobotschaft. Er werde am Samstag Gespr\u00e4che mit m\u00f6glichen Nachfolgern Jermaks f\u00fchren.\",\"breadcrumb\":{\"@id\":\"https:\/\/vof-news.eu\/de\/selenskyjs-stabschef-jermak-tritt-wegen-korruptionsaffare-zuruck\/#breadcrumb\"},\"inLanguage\":\"de\",\"potentialAction\":[{\"@type\":\"ReadAction\",\"target\":[\"https:\/\/vof-news.eu\/de\/selenskyjs-stabschef-jermak-tritt-wegen-korruptionsaffare-zuruck\/\"]}]},{\"@type\":\"ImageObject\",\"inLanguage\":\"de\",\"@id\":\"https:\/\/vof-news.eu\/de\/selenskyjs-stabschef-jermak-tritt-wegen-korruptionsaffare-zuruck\/#primaryimage\",\"url\":\"https:\/\/vof-news.eu\/wp-content\/uploads\/2025\/11\/wide__1000x562-97.jpg\",\"contentUrl\":\"https:\/\/vof-news.eu\/wp-content\/uploads\/2025\/11\/wide__1000x562-97.jpg\",\"width\":1000,\"height\":562},{\"@type\":\"BreadcrumbList\",\"@id\":\"https:\/\/vof-news.eu\/de\/selenskyjs-stabschef-jermak-tritt-wegen-korruptionsaffare-zuruck\/#breadcrumb\",\"itemListElement\":[{\"@type\":\"ListItem\",\"position\":1,\"name\":\"Home\",\"item\":\"https:\/\/vof-news.eu\/de\/\"},{\"@type\":\"ListItem\",\"position\":2,\"name\":\"Selenskyjs Stabschef Jermak tritt wegen Korruptionsaff\u00e4re zur\u00fcck\"}]},{\"@type\":\"WebSite\",\"@id\":\"https:\/\/vof-news.eu\/de\/#website\",\"url\":\"https:\/\/vof-news.eu\/de\/\",\"name\":\"vof-news.eu\",\"description\":\"\",\"potentialAction\":[{\"@type\":\"SearchAction\",\"target\":{\"@type\":\"EntryPoint\",\"urlTemplate\":\"https:\/\/vof-news.eu\/de\/?s={search_term_string}\"},\"query-input\":\"required name=search_term_string\"}],\"inLanguage\":\"de\"},{\"@type\":\"Person\",\"@id\":\"https:\/\/vof-news.eu\/de\/#\/schema\/person\/f6a2a4309f0561835797fd8c19b333ed\",\"name\":\"Author\",\"image\":{\"@type\":\"ImageObject\",\"inLanguage\":\"de\",\"@id\":\"https:\/\/vof-news.eu\/de\/#\/schema\/person\/image\/\",\"url\":\"https:\/\/secure.gravatar.com\/avatar\/b67e614b1b25b3e9c0c239efdd2fde5ab015b5affd6f1c3c85911ca4b384e790?s=96&d=mm&r=g\",\"contentUrl\":\"https:\/\/secure.gravatar.com\/avatar\/b67e614b1b25b3e9c0c239efdd2fde5ab015b5affd6f1c3c85911ca4b384e790?s=96&d=mm&r=g\",\"caption\":\"Author\"},\"sameAs\":[\"http:\/\/vof-news.eu\"],\"url\":\"https:\/\/vof-news.eu\/de\/author\/zwt6qxnjulxbnyg\/\"}]}<\/script>\n<!-- \/ Yoast SEO plugin. -->","yoast_head_json":{"title":"Selenskyjs Stabschef Jermak tritt wegen Korruptionsaff\u00e4re zur\u00fcck - vof-news.eu","description":"Der ukrainische Pr\u00e4sident Wolodymyr Selenskyj hat mitgeteilt, dass Pr\u00e4sidialamtschef Andrij Jermak wegen der Korruptionsaff\u00e4re sein Amt niedergelegt hat.\u00a0Jermak habe eine R\u00fccktrittserkl\u00e4rung unterzeichnet, sagte Selenskyj in einer Videobotschaft. Er werde am Samstag Gespr\u00e4che mit m\u00f6glichen Nachfolgern Jermaks f\u00fchren.","robots":{"index":"noindex","follow":"follow","max-snippet":"max-snippet:-1","max-image-preview":"max-image-preview:large","max-video-preview":"max-video-preview:-1"},"og_locale":"de_DE","og_type":"article","og_title":"Selenskyjs Stabschef Jermak tritt wegen Korruptionsaff\u00e4re zur\u00fcck - vof-news.eu","og_description":"Der ukrainische Pr\u00e4sident Wolodymyr Selenskyj hat mitgeteilt, dass Pr\u00e4sidialamtschef Andrij Jermak wegen der Korruptionsaff\u00e4re sein Amt niedergelegt hat.\u00a0Jermak habe eine R\u00fccktrittserkl\u00e4rung unterzeichnet, sagte Selenskyj in einer Videobotschaft. Er werde am Samstag Gespr\u00e4che mit m\u00f6glichen Nachfolgern Jermaks f\u00fchren.","og_url":"https:\/\/vof-news.eu\/de\/selenskyjs-stabschef-jermak-tritt-wegen-korruptionsaffare-zuruck\/","og_site_name":"vof-news.eu","article_published_time":"2025-11-28T18:28:12+00:00","article_modified_time":"2025-11-28T18:29:18+00:00","og_image":[{"width":1000,"height":562,"url":"https:\/\/vof-news.eu\/wp-content\/uploads\/2025\/11\/wide__1000x562-97.jpg","type":"image\/jpeg"}],"author":"Author","twitter_card":"summary_large_image","twitter_misc":{"Verfasst von":"Author","Gesch\u00e4tzte Lesezeit":"2\u00a0Minuten"},"schema":{"@context":"https:\/\/schema.org","@graph":[{"@type":"WebPage","@id":"https:\/\/vof-news.eu\/de\/selenskyjs-stabschef-jermak-tritt-wegen-korruptionsaffare-zuruck\/","url":"https:\/\/vof-news.eu\/de\/selenskyjs-stabschef-jermak-tritt-wegen-korruptionsaffare-zuruck\/","name":"Selenskyjs Stabschef Jermak tritt wegen Korruptionsaff\u00e4re zur\u00fcck - vof-news.eu","isPartOf":{"@id":"https:\/\/vof-news.eu\/de\/#website"},"primaryImageOfPage":{"@id":"https:\/\/vof-news.eu\/de\/selenskyjs-stabschef-jermak-tritt-wegen-korruptionsaffare-zuruck\/#primaryimage"},"image":{"@id":"https:\/\/vof-news.eu\/de\/selenskyjs-stabschef-jermak-tritt-wegen-korruptionsaffare-zuruck\/#primaryimage"},"thumbnailUrl":"https:\/\/vof-news.eu\/wp-content\/uploads\/2025\/11\/wide__1000x562-97.jpg","datePublished":"2025-11-28T18:28:12+00:00","dateModified":"2025-11-28T18:29:18+00:00","author":{"@id":"https:\/\/vof-news.eu\/de\/#\/schema\/person\/f6a2a4309f0561835797fd8c19b333ed"},"description":"Der ukrainische Pr\u00e4sident Wolodymyr Selenskyj hat mitgeteilt, dass Pr\u00e4sidialamtschef Andrij Jermak wegen der Korruptionsaff\u00e4re sein Amt niedergelegt hat.\u00a0Jermak habe eine R\u00fccktrittserkl\u00e4rung unterzeichnet, sagte Selenskyj in einer Videobotschaft. Er werde am Samstag Gespr\u00e4che mit m\u00f6glichen Nachfolgern Jermaks f\u00fchren.","breadcrumb":{"@id":"https:\/\/vof-news.eu\/de\/selenskyjs-stabschef-jermak-tritt-wegen-korruptionsaffare-zuruck\/#breadcrumb"},"inLanguage":"de","potentialAction":[{"@type":"ReadAction","target":["https:\/\/vof-news.eu\/de\/selenskyjs-stabschef-jermak-tritt-wegen-korruptionsaffare-zuruck\/"]}]},{"@type":"ImageObject","inLanguage":"de","@id":"https:\/\/vof-news.eu\/de\/selenskyjs-stabschef-jermak-tritt-wegen-korruptionsaffare-zuruck\/#primaryimage","url":"https:\/\/vof-news.eu\/wp-content\/uploads\/2025\/11\/wide__1000x562-97.jpg","contentUrl":"https:\/\/vof-news.eu\/wp-content\/uploads\/2025\/11\/wide__1000x562-97.jpg","width":1000,"height":562},{"@type":"BreadcrumbList","@id":"https:\/\/vof-news.eu\/de\/selenskyjs-stabschef-jermak-tritt-wegen-korruptionsaffare-zuruck\/#breadcrumb","itemListElement":[{"@type":"ListItem","position":1,"name":"Home","item":"https:\/\/vof-news.eu\/de\/"},{"@type":"ListItem","position":2,"name":"Selenskyjs Stabschef Jermak tritt wegen Korruptionsaff\u00e4re zur\u00fcck"}]},{"@type":"WebSite","@id":"https:\/\/vof-news.eu\/de\/#website","url":"https:\/\/vof-news.eu\/de\/","name":"vof-news.eu","description":"","potentialAction":[{"@type":"SearchAction","target":{"@type":"EntryPoint","urlTemplate":"https:\/\/vof-news.eu\/de\/?s={search_term_string}"},"query-input":"required name=search_term_string"}],"inLanguage":"de"},{"@type":"Person","@id":"https:\/\/vof-news.eu\/de\/#\/schema\/person\/f6a2a4309f0561835797fd8c19b333ed","name":"Author","image":{"@type":"ImageObject","inLanguage":"de","@id":"https:\/\/vof-news.eu\/de\/#\/schema\/person\/image\/","url":"https:\/\/secure.gravatar.com\/avatar\/b67e614b1b25b3e9c0c239efdd2fde5ab015b5affd6f1c3c85911ca4b384e790?s=96&d=mm&r=g","contentUrl":"https:\/\/secure.gravatar.com\/avatar\/b67e614b1b25b3e9c0c239efdd2fde5ab015b5affd6f1c3c85911ca4b384e790?s=96&d=mm&r=g","caption":"Author"},"sameAs":["http:\/\/vof-news.eu"],"url":"https:\/\/vof-news.eu\/de\/author\/zwt6qxnjulxbnyg\/"}]}},"yoast_meta":{"yoast_wpseo_title":"","yoast_wpseo_metadesc":"","yoast_wpseo_canonical":""},"_links":{"self":[{"href":"https:\/\/vof-news.eu\/de\/wp-json\/wp\/v2\/posts\/302054","targetHints":{"allow":["GET"]}}],"collection":[{"href":"https:\/\/vof-news.eu\/de\/wp-json\/wp\/v2\/posts"}],"about":[{"href":"https:\/\/vof-news.eu\/de\/wp-json\/wp\/v2\/types\/post"}],"author":[{"embeddable":true,"href":"https:\/\/vof-news.eu\/de\/wp-json\/wp\/v2\/users\/1"}],"replies":[{"embeddable":true,"href":"https:\/\/vof-news.eu\/de\/wp-json\/wp\/v2\/comments?post=302054"}],"version-history":[{"count":1,"href":"https:\/\/vof-news.eu\/de\/wp-json\/wp\/v2\/posts\/302054\/revisions"}],"predecessor-version":[{"id":302061,"href":"https:\/\/vof-news.eu\/de\/wp-json\/wp\/v2\/posts\/302054\/revisions\/302061"}],"wp:featuredmedia":[{"embeddable":true,"href":"https:\/\/vof-news.eu\/de\/wp-json\/wp\/v2\/media\/302055"}],"wp:attachment":[{"href":"https:\/\/vof-news.eu\/de\/wp-json\/wp\/v2\/media?parent=302054"}],"wp:term":[{"taxonomy":"category","embeddable":true,"href":"https:\/\/vof-news.eu\/de\/wp-json\/wp\/v2\/categories?post=302054"},{"taxonomy":"post_tag","embeddable":true,"href":"https:\/\/vof-news.eu\/de\/wp-json\/wp\/v2\/tags?post=302054"}],"curies":[{"name":"wp","href":"https:\/\/api.w.org\/{rel}","templated":true}]}}