{"id":300987,"date":"2025-11-26T11:30:21","date_gmt":"2025-11-26T08:30:21","guid":{"rendered":"https:\/\/vof-news.eu\/frieden-schaffen-mit-trumps-waffen\/"},"modified":"2025-11-26T11:31:42","modified_gmt":"2025-11-26T08:31:42","slug":"frieden-schaffen-mit-trumps-waffen","status":"publish","type":"post","link":"https:\/\/vof-news.eu\/de\/frieden-schaffen-mit-trumps-waffen\/","title":{"rendered":"Frieden schaffen mit Trumps Waffen"},"content":{"rendered":"<div>\n<p>Und wenn dies die bittere, die trostlose Wahrheit w\u00e4re: Dass in Zeiten, in denen die Gro\u00dfm\u00e4chte wieder ungehemmt das Recht des St\u00e4rkeren f\u00fcr sich in Anspruch nehmen, skrupelloses Machtgebaren am schnellsten zum Frieden f\u00fchrt?\u00a0\n<\/p>\n<p>Die Frage muss man sich vorlegen, so unangenehm sie ist. <a href=\"https:\/\/www.zeit.de\/thema\/donald-trump\" rel=\"nofollow\">Donald Trump betreibt Diplomatie mit der Planierraupe.<\/a> Und da niemand sich so einfach plattmachen und wegr\u00e4umen lassen will, scheint er sich mit seiner Brachialpolitik durchzusetzen. Das war im Gazastreifen so, das k\u00f6nnte in der <span><a href=\"https:\/\/www.zeit.de\/politik\/ausland\/ukraine-krieg-news-liveblog\" rel=\"nofollow\">Ukraine<\/a><\/span> so sein.\u00a0\n<\/p>\n<p>Auch wenn man sich die Frage am liebsten nicht stellen m\u00f6chte, es ist die politische Herausforderung, vor der Europa steht. Bundesau\u00dfenminister Johann Wadephul nennt die Methode Trump &#8222;unorthodox, aber effektiv&#8220;. Das trifft die Sache ziemlich genau.\n<\/p>\n<h2>Selenskyj bedankt sich bei Trump<\/h2>\n<p>Als am vergangenen Donnerstag die ersten Nachrichten vom amerikanischen <a href=\"https:\/\/www.zeit.de\/politik\/ausland\/2025-11\/usa-friedensplan-ukraine-russland-trump\" rel=\"nofollow\">28-Punkte-Plan f\u00fcr die Ukraine<\/a> an die \u00d6ffentlichkeit drangen, der nichts anderes war als eine vorformulierte Kapitulationserkl\u00e4rung, schien nur ein Wort zu passen: Verrat.\n<\/p>\n<p>Verrat an einem Partner, der sich seit bald vier Jahren eines \u00fcberm\u00e4chtigen Angreifers erwehren muss. Der seine Freiheit ohne die Solidarit\u00e4t der Demokratien des Westens nicht verteidigen kann. Und der nun vom m\u00e4chtigsten Land dieses Westens dem Angreifer zum Fra\u00df hingeworfen wird.\u00a0\n<\/p>\n<p>So skandal\u00f6s war dieser Verrat, dass sich auch f\u00fchrende Politiker in Trumps eigener Partei gegen den Pr\u00e4sidenten stellten. &#8222;Die Ukraine sollte nicht gezwungen werden, ihre Gebiete an einen der eklatantesten Kriegsverbrecher der Welt, Wladimir Putin, abzutreten&#8220;, sagte Senator Thom Tillis, Republikaner aus North Dakota.\u00a0\n<\/p>\n<p>Auch andere Senatoren emp\u00f6rten sich: Das ist nicht unser Friedensplan! Angus King, als Parteiloser Mitglied in der Fraktion der Demokraten, sprach von einer &#8222;Wunschliste der Russen&#8220;. So habe auch US-Au\u00dfenminister Marco Rubio in einem Telefonat den Plan genannt. Rubio dementierte. Die 28 Punkte, sagte er, basierten zwar auf &#8222;Anregungen der russischen Seite, aber auch auf fr\u00fcheren und aktuellen Beitr\u00e4gen der Ukraine&#8220;.\n<\/p>\n<p>Rubio, der ein Realpolitiker alter Schule ist, kein ideologisch Verirrter wie Vizepr\u00e4sident JD Vance, st\u00fcrzte sich in Genf \u00fcber das Wochenende in Verhandlungen mit Vertretern der Ukraine \u2013 und am Ende stand ein &#8222;aktualisierter und verfeinerter Friedensplan&#8220;, wie Amerikaner und Ukrainer gemeinsam erkl\u00e4rten. In Kyjiw bedankte sich Pr\u00e4sident Selenskyj ausdr\u00fccklich &#8222;f\u00fcr alles, was Amerika und Pr\u00e4sident Trump&#8220; f\u00fcr die Sicherheit seines Landes tun w\u00fcrden. Was blieb ihm auch anderes \u00fcbrig, hatte er doch nach eigenem Bekunden nur die Wahl zwischen der W\u00fcrde der Ukraine und deren wichtigstem Partner, eben den <span><a href=\"https:\/\/www.zeit.de\/thema\/usa\" rel=\"nofollow\">Vereinigten Staaten<\/a><\/span>.\n<\/p>\n<p>In den neuen, <a href=\"https:\/\/www.zeit.de\/politik\/ausland\/2025-11\/ukraine-usa-plan-einigigung\" rel=\"nofollow\">bisher nur in Umrissen bekannten Plan<\/a>, sind auch die Vorschl\u00e4ge der Europ\u00e4er eingeflossen. Er verspricht der Ukraine nun umfassende Sicherheitsgarantien. Ihre Streitkr\u00e4fte sollen auf 800.000, nicht auf 600.000 Soldaten, begrenzt werden. Eine Mitgliedschaft des Landes in der Nato wird nicht mehr ausgeschlossen; festgestellt wird lediglich, dass es im B\u00fcndnis keinen Konsens \u00fcber einen Beitritt der Ukraine gibt. Das Land soll keine Gebiete an <span><a href=\"https:\/\/www.zeit.de\/thema\/russland\" rel=\"nofollow\">Russland<\/a><\/span> abtreten m\u00fcssen, die von den Truppen Putins nicht erobert wurden. Zum Wiederaufbau sollen Reparationsdarlehen aus eingefrorenen russischen Verm\u00f6genswerten gew\u00e4hrt werden.\n<\/p>\n<\/div>\n","protected":false},"excerpt":{"rendered":"<p>Und wenn dies die bittere, die trostlose Wahrheit w\u00e4re: Dass in Zeiten, in denen die Gro\u00dfm\u00e4chte wieder ungehemmt das Recht des St\u00e4rkeren f\u00fcr sich in Anspruch nehmen, skrupelloses Machtgebaren am schnellsten zum Frieden f\u00fchrt?\u00a0 Die Frage muss man sich vorlegen, so unangenehm sie ist. Donald Trump betreibt Diplomatie mit der Planierraupe. Und da niemand sich<\/p>\n","protected":false},"author":1,"featured_media":300988,"comment_status":"open","ping_status":"open","sticky":false,"template":"","format":"standard","meta":{"footnotes":""},"categories":[116],"tags":[],"class_list":["post-300987","post","type-post","status-publish","format-standard","has-post-thumbnail","hentry","category-war-chronicles-de"],"acf":[],"yoast_head":"<!-- This site is optimized with the Yoast SEO plugin v22.9 - https:\/\/yoast.com\/wordpress\/plugins\/seo\/ -->\n<title>Frieden schaffen mit Trumps Waffen - vof-news.eu<\/title>\n<meta name=\"description\" content=\"Und wenn dies die bittere, die trostlose Wahrheit w\u00e4re: Dass in Zeiten, in denen die Gro\u00dfm\u00e4chte wieder ungehemmt das Recht des St\u00e4rkeren f\u00fcr sich in Anspruch nehmen, skrupelloses Machtgebaren am schnellsten zum Frieden f\u00fchrt?\u00a0\" \/>\n<meta name=\"robots\" content=\"noindex, follow, max-snippet:-1, max-image-preview:large, max-video-preview:-1\" \/>\n<meta property=\"og:locale\" content=\"de_DE\" \/>\n<meta property=\"og:type\" content=\"article\" \/>\n<meta property=\"og:title\" content=\"Frieden schaffen mit Trumps Waffen - vof-news.eu\" \/>\n<meta property=\"og:description\" content=\"Und wenn dies die bittere, die trostlose Wahrheit w\u00e4re: Dass in Zeiten, in denen die Gro\u00dfm\u00e4chte wieder ungehemmt das Recht des St\u00e4rkeren f\u00fcr sich in Anspruch nehmen, skrupelloses Machtgebaren am schnellsten zum Frieden f\u00fchrt?\u00a0\" \/>\n<meta property=\"og:url\" content=\"https:\/\/vof-news.eu\/de\/frieden-schaffen-mit-trumps-waffen\/\" \/>\n<meta property=\"og:site_name\" content=\"vof-news.eu\" \/>\n<meta property=\"article:published_time\" content=\"2025-11-26T08:30:21+00:00\" \/>\n<meta property=\"article:modified_time\" content=\"2025-11-26T08:31:42+00:00\" \/>\n<meta property=\"og:image\" content=\"https:\/\/vof-news.eu\/wp-content\/uploads\/2025\/11\/wide__1000x562-89.jpg\" \/>\n\t<meta property=\"og:image:width\" content=\"1000\" \/>\n\t<meta property=\"og:image:height\" content=\"562\" \/>\n\t<meta property=\"og:image:type\" content=\"image\/jpeg\" \/>\n<meta name=\"author\" content=\"Author\" \/>\n<meta name=\"twitter:card\" content=\"summary_large_image\" \/>\n<meta name=\"twitter:label1\" content=\"Verfasst von\" \/>\n\t<meta name=\"twitter:data1\" content=\"Author\" \/>\n\t<meta name=\"twitter:label2\" content=\"Gesch\u00e4tzte Lesezeit\" \/>\n\t<meta name=\"twitter:data2\" content=\"3\u00a0Minuten\" \/>\n<script type=\"application\/ld+json\" class=\"yoast-schema-graph\">{\"@context\":\"https:\/\/schema.org\",\"@graph\":[{\"@type\":\"WebPage\",\"@id\":\"https:\/\/vof-news.eu\/de\/frieden-schaffen-mit-trumps-waffen\/\",\"url\":\"https:\/\/vof-news.eu\/de\/frieden-schaffen-mit-trumps-waffen\/\",\"name\":\"Frieden schaffen mit Trumps Waffen - vof-news.eu\",\"isPartOf\":{\"@id\":\"https:\/\/vof-news.eu\/de\/#website\"},\"primaryImageOfPage\":{\"@id\":\"https:\/\/vof-news.eu\/de\/frieden-schaffen-mit-trumps-waffen\/#primaryimage\"},\"image\":{\"@id\":\"https:\/\/vof-news.eu\/de\/frieden-schaffen-mit-trumps-waffen\/#primaryimage\"},\"thumbnailUrl\":\"https:\/\/vof-news.eu\/wp-content\/uploads\/2025\/11\/wide__1000x562-89.jpg\",\"datePublished\":\"2025-11-26T08:30:21+00:00\",\"dateModified\":\"2025-11-26T08:31:42+00:00\",\"author\":{\"@id\":\"https:\/\/vof-news.eu\/de\/#\/schema\/person\/f6a2a4309f0561835797fd8c19b333ed\"},\"description\":\"Und wenn dies die bittere, die trostlose Wahrheit w\u00e4re: Dass in Zeiten, in denen die Gro\u00dfm\u00e4chte wieder ungehemmt das Recht des St\u00e4rkeren f\u00fcr sich in Anspruch nehmen, skrupelloses Machtgebaren am schnellsten zum Frieden f\u00fchrt?\u00a0\",\"breadcrumb\":{\"@id\":\"https:\/\/vof-news.eu\/de\/frieden-schaffen-mit-trumps-waffen\/#breadcrumb\"},\"inLanguage\":\"de\",\"potentialAction\":[{\"@type\":\"ReadAction\",\"target\":[\"https:\/\/vof-news.eu\/de\/frieden-schaffen-mit-trumps-waffen\/\"]}]},{\"@type\":\"ImageObject\",\"inLanguage\":\"de\",\"@id\":\"https:\/\/vof-news.eu\/de\/frieden-schaffen-mit-trumps-waffen\/#primaryimage\",\"url\":\"https:\/\/vof-news.eu\/wp-content\/uploads\/2025\/11\/wide__1000x562-89.jpg\",\"contentUrl\":\"https:\/\/vof-news.eu\/wp-content\/uploads\/2025\/11\/wide__1000x562-89.jpg\",\"width\":1000,\"height\":562},{\"@type\":\"BreadcrumbList\",\"@id\":\"https:\/\/vof-news.eu\/de\/frieden-schaffen-mit-trumps-waffen\/#breadcrumb\",\"itemListElement\":[{\"@type\":\"ListItem\",\"position\":1,\"name\":\"Home\",\"item\":\"https:\/\/vof-news.eu\/de\/\"},{\"@type\":\"ListItem\",\"position\":2,\"name\":\"Frieden schaffen mit Trumps Waffen\"}]},{\"@type\":\"WebSite\",\"@id\":\"https:\/\/vof-news.eu\/de\/#website\",\"url\":\"https:\/\/vof-news.eu\/de\/\",\"name\":\"vof-news.eu\",\"description\":\"\",\"potentialAction\":[{\"@type\":\"SearchAction\",\"target\":{\"@type\":\"EntryPoint\",\"urlTemplate\":\"https:\/\/vof-news.eu\/de\/?s={search_term_string}\"},\"query-input\":\"required name=search_term_string\"}],\"inLanguage\":\"de\"},{\"@type\":\"Person\",\"@id\":\"https:\/\/vof-news.eu\/de\/#\/schema\/person\/f6a2a4309f0561835797fd8c19b333ed\",\"name\":\"Author\",\"image\":{\"@type\":\"ImageObject\",\"inLanguage\":\"de\",\"@id\":\"https:\/\/vof-news.eu\/de\/#\/schema\/person\/image\/\",\"url\":\"https:\/\/secure.gravatar.com\/avatar\/b67e614b1b25b3e9c0c239efdd2fde5ab015b5affd6f1c3c85911ca4b384e790?s=96&d=mm&r=g\",\"contentUrl\":\"https:\/\/secure.gravatar.com\/avatar\/b67e614b1b25b3e9c0c239efdd2fde5ab015b5affd6f1c3c85911ca4b384e790?s=96&d=mm&r=g\",\"caption\":\"Author\"},\"sameAs\":[\"http:\/\/vof-news.eu\"],\"url\":\"https:\/\/vof-news.eu\/de\/author\/zwt6qxnjulxbnyg\/\"}]}<\/script>\n<!-- \/ Yoast SEO plugin. -->","yoast_head_json":{"title":"Frieden schaffen mit Trumps Waffen - vof-news.eu","description":"Und wenn dies die bittere, die trostlose Wahrheit w\u00e4re: Dass in Zeiten, in denen die Gro\u00dfm\u00e4chte wieder ungehemmt das Recht des St\u00e4rkeren f\u00fcr sich in Anspruch nehmen, skrupelloses Machtgebaren am schnellsten zum Frieden f\u00fchrt?\u00a0","robots":{"index":"noindex","follow":"follow","max-snippet":"max-snippet:-1","max-image-preview":"max-image-preview:large","max-video-preview":"max-video-preview:-1"},"og_locale":"de_DE","og_type":"article","og_title":"Frieden schaffen mit Trumps Waffen - vof-news.eu","og_description":"Und wenn dies die bittere, die trostlose Wahrheit w\u00e4re: Dass in Zeiten, in denen die Gro\u00dfm\u00e4chte wieder ungehemmt das Recht des St\u00e4rkeren f\u00fcr sich in Anspruch nehmen, skrupelloses Machtgebaren am schnellsten zum Frieden f\u00fchrt?\u00a0","og_url":"https:\/\/vof-news.eu\/de\/frieden-schaffen-mit-trumps-waffen\/","og_site_name":"vof-news.eu","article_published_time":"2025-11-26T08:30:21+00:00","article_modified_time":"2025-11-26T08:31:42+00:00","og_image":[{"width":1000,"height":562,"url":"https:\/\/vof-news.eu\/wp-content\/uploads\/2025\/11\/wide__1000x562-89.jpg","type":"image\/jpeg"}],"author":"Author","twitter_card":"summary_large_image","twitter_misc":{"Verfasst von":"Author","Gesch\u00e4tzte Lesezeit":"3\u00a0Minuten"},"schema":{"@context":"https:\/\/schema.org","@graph":[{"@type":"WebPage","@id":"https:\/\/vof-news.eu\/de\/frieden-schaffen-mit-trumps-waffen\/","url":"https:\/\/vof-news.eu\/de\/frieden-schaffen-mit-trumps-waffen\/","name":"Frieden schaffen mit Trumps Waffen - vof-news.eu","isPartOf":{"@id":"https:\/\/vof-news.eu\/de\/#website"},"primaryImageOfPage":{"@id":"https:\/\/vof-news.eu\/de\/frieden-schaffen-mit-trumps-waffen\/#primaryimage"},"image":{"@id":"https:\/\/vof-news.eu\/de\/frieden-schaffen-mit-trumps-waffen\/#primaryimage"},"thumbnailUrl":"https:\/\/vof-news.eu\/wp-content\/uploads\/2025\/11\/wide__1000x562-89.jpg","datePublished":"2025-11-26T08:30:21+00:00","dateModified":"2025-11-26T08:31:42+00:00","author":{"@id":"https:\/\/vof-news.eu\/de\/#\/schema\/person\/f6a2a4309f0561835797fd8c19b333ed"},"description":"Und wenn dies die bittere, die trostlose Wahrheit w\u00e4re: Dass in Zeiten, in denen die Gro\u00dfm\u00e4chte wieder ungehemmt das Recht des St\u00e4rkeren f\u00fcr sich in Anspruch nehmen, skrupelloses Machtgebaren am schnellsten zum Frieden f\u00fchrt?\u00a0","breadcrumb":{"@id":"https:\/\/vof-news.eu\/de\/frieden-schaffen-mit-trumps-waffen\/#breadcrumb"},"inLanguage":"de","potentialAction":[{"@type":"ReadAction","target":["https:\/\/vof-news.eu\/de\/frieden-schaffen-mit-trumps-waffen\/"]}]},{"@type":"ImageObject","inLanguage":"de","@id":"https:\/\/vof-news.eu\/de\/frieden-schaffen-mit-trumps-waffen\/#primaryimage","url":"https:\/\/vof-news.eu\/wp-content\/uploads\/2025\/11\/wide__1000x562-89.jpg","contentUrl":"https:\/\/vof-news.eu\/wp-content\/uploads\/2025\/11\/wide__1000x562-89.jpg","width":1000,"height":562},{"@type":"BreadcrumbList","@id":"https:\/\/vof-news.eu\/de\/frieden-schaffen-mit-trumps-waffen\/#breadcrumb","itemListElement":[{"@type":"ListItem","position":1,"name":"Home","item":"https:\/\/vof-news.eu\/de\/"},{"@type":"ListItem","position":2,"name":"Frieden schaffen mit Trumps Waffen"}]},{"@type":"WebSite","@id":"https:\/\/vof-news.eu\/de\/#website","url":"https:\/\/vof-news.eu\/de\/","name":"vof-news.eu","description":"","potentialAction":[{"@type":"SearchAction","target":{"@type":"EntryPoint","urlTemplate":"https:\/\/vof-news.eu\/de\/?s={search_term_string}"},"query-input":"required name=search_term_string"}],"inLanguage":"de"},{"@type":"Person","@id":"https:\/\/vof-news.eu\/de\/#\/schema\/person\/f6a2a4309f0561835797fd8c19b333ed","name":"Author","image":{"@type":"ImageObject","inLanguage":"de","@id":"https:\/\/vof-news.eu\/de\/#\/schema\/person\/image\/","url":"https:\/\/secure.gravatar.com\/avatar\/b67e614b1b25b3e9c0c239efdd2fde5ab015b5affd6f1c3c85911ca4b384e790?s=96&d=mm&r=g","contentUrl":"https:\/\/secure.gravatar.com\/avatar\/b67e614b1b25b3e9c0c239efdd2fde5ab015b5affd6f1c3c85911ca4b384e790?s=96&d=mm&r=g","caption":"Author"},"sameAs":["http:\/\/vof-news.eu"],"url":"https:\/\/vof-news.eu\/de\/author\/zwt6qxnjulxbnyg\/"}]}},"yoast_meta":{"yoast_wpseo_title":"","yoast_wpseo_metadesc":"","yoast_wpseo_canonical":""},"_links":{"self":[{"href":"https:\/\/vof-news.eu\/de\/wp-json\/wp\/v2\/posts\/300987","targetHints":{"allow":["GET"]}}],"collection":[{"href":"https:\/\/vof-news.eu\/de\/wp-json\/wp\/v2\/posts"}],"about":[{"href":"https:\/\/vof-news.eu\/de\/wp-json\/wp\/v2\/types\/post"}],"author":[{"embeddable":true,"href":"https:\/\/vof-news.eu\/de\/wp-json\/wp\/v2\/users\/1"}],"replies":[{"embeddable":true,"href":"https:\/\/vof-news.eu\/de\/wp-json\/wp\/v2\/comments?post=300987"}],"version-history":[{"count":1,"href":"https:\/\/vof-news.eu\/de\/wp-json\/wp\/v2\/posts\/300987\/revisions"}],"predecessor-version":[{"id":300994,"href":"https:\/\/vof-news.eu\/de\/wp-json\/wp\/v2\/posts\/300987\/revisions\/300994"}],"wp:featuredmedia":[{"embeddable":true,"href":"https:\/\/vof-news.eu\/de\/wp-json\/wp\/v2\/media\/300988"}],"wp:attachment":[{"href":"https:\/\/vof-news.eu\/de\/wp-json\/wp\/v2\/media?parent=300987"}],"wp:term":[{"taxonomy":"category","embeddable":true,"href":"https:\/\/vof-news.eu\/de\/wp-json\/wp\/v2\/categories?post=300987"},{"taxonomy":"post_tag","embeddable":true,"href":"https:\/\/vof-news.eu\/de\/wp-json\/wp\/v2\/tags?post=300987"}],"curies":[{"name":"wp","href":"https:\/\/api.w.org\/{rel}","templated":true}]}}