{"id":300831,"date":"2025-11-25T23:28:06","date_gmt":"2025-11-25T20:28:06","guid":{"rendered":"https:\/\/vof-news.eu\/koalition-der-willigen-und-usa-kundigen-gemeinsame-taskforce-an\/"},"modified":"2025-11-25T23:29:38","modified_gmt":"2025-11-25T20:29:38","slug":"koalition-der-willigen-und-usa-kundigen-gemeinsame-taskforce-an","status":"publish","type":"post","link":"https:\/\/vof-news.eu\/de\/koalition-der-willigen-und-usa-kundigen-gemeinsame-taskforce-an\/","title":{"rendered":"Koalition der Willigen und USA k\u00fcndigen gemeinsame Taskforce an"},"content":{"rendered":"<div>\n<p>Die USA und die Koalition der Willigen wollen die Pl\u00e4ne f\u00fcr Sicherheitsgarantien f\u00fcr die <span><a href=\"https:\/\/www.zeit.de\/politik\/ausland\/ukraine-krieg-news-liveblog\" rel=\"nofollow\">Ukraine<\/a><\/span>\u00a0in einer gemeinsamen Arbeitsgruppe\u00a0konkretisieren. Das teilten Vertreter des franz\u00f6sischen Pr\u00e4sidialamtes nach einer Videokonferenz mit. Die von Frankreich und Gro\u00dfbritannien angef\u00fchrte Koalition will der Ukraine nach einem Waffenstillstand milit\u00e4rische Unterst\u00fctzung und Sicherheitsgarantien gew\u00e4hren. Den franz\u00f6sischen Angaben zufolge nahm US-Au\u00dfenminister Marco\u00a0Rubio\u00a0als erster hochrangiger US-Regierungsvertreter an einem Treffen der Gruppe teil.\n<\/p>\n<p>Die Ukraine brauche einen &#8222;ernsthaften&#8220; Frieden, der das &#8222;internationale Recht respektiert&#8220;, sagte <span><a href=\"https:\/\/www.zeit.de\/thema\/frankreich\" rel=\"nofollow\">Frankreichs<\/a><\/span> Pr\u00e4sident Emmanuel Macron im Anschluss an das Treffen. &#8222;Russland ist derzeit eindeutig nicht zu einem Waffenstillstand bereit.&#8220; Die Gespr\u00e4che in Genf h\u00e4tten gezeigt, dass es &#8222;keine Einschr\u00e4nkungen&#8220; f\u00fcr die ukrainische Armee geben d\u00fcrfe. Deshalb brauche es eine &#8222;starke ukrainische Armee&#8220;, um Russland selbst im Falle eines Friedensabkommens an einem erneuten Angriff zu hindern, so Macron.\n<\/p>\n<h2>Fortschritte bei Gespr\u00e4chen in Genf<\/h2>\n<p>Die Vertreter der Koalition der Willigen wollten bei der Videokonferenz eine Bilanz der Gespr\u00e4che in Genf ziehen. Delegationen der <span><a href=\"https:\/\/www.zeit.de\/thema\/usa\" rel=\"nofollow\">USA<\/a><\/span>, der Ukraine und mehrerer europ\u00e4ischer L\u00e4nder hatten dort am Sonntag \u00fcber den von den USA vorgelegten 28-Punkte-Plan zur Beendigung des Krieges in der Ukraine beraten. Dieser war in seiner urspr\u00fcnglichen Fassung den russischen Forderungen in <a href=\"https:\/\/www.zeit.de\/politik\/deutschland\/2025-11\/norbert-roettgen-28-punkte-plan-ukraine-russland-usa\" rel=\"nofollow\">zentralen Punkten weit entgegengekommen<\/a>. So sollte die Ukraine auf einen Nato-Beitritt verzichten, ihre Streitkr\u00e4fte verkleinern und den gesamten Donbass an Russland abtreten.\n<\/p>\n<p>Die Ukraine und ihre Verb\u00fcndeten verlangten daher eine \u00dcberarbeitung. Nach europ\u00e4ischen Angaben konnten bei den Gespr\u00e4chen in Genf <a href=\"https:\/\/www.zeit.de\/politik\/ausland\/2025-11\/ukraine-usa-plan-einigigung\" rel=\"nofollow\">Fortschritte erreicht<\/a> werden.\n<\/p>\n<h2>Macron weist US-Anspruch auf eingefrorene russische Verm\u00f6gen zur\u00fcck<\/h2>\n<p>Macron hatte vor dem Treffen am Dienstag zudem US-Pl\u00e4ne zur Nutzung russischer Verm\u00f6genswerte zur\u00fcckgewiesen. &#8222;Die Europ\u00e4er sind die einzigen, die entscheiden, was mit den in Europa eingefrorenen russischen Verm\u00f6gen passiert&#8220;, sagte Macron dem Radiosender RTL. &#8222;Das entspricht geltendem Recht, und das haben wir immer so gehalten&#8220;, f\u00fcgte er hinzu.\n<\/p>\n<p>Der von US-Pr\u00e4sident Donald Trump vorgeschlagene Ukraine-Plan sieht unter anderem vor, dass 100 Milliarden Dollar eingefrorener russischer Verm\u00f6gen f\u00fcr Aufbauprojekte und Investitionen in der Ukraine unter US-F\u00fchrung genutzt werden sollen. Die H\u00e4lfte der Gewinne sollten an die USA gehen.\n<\/p>\n<\/p>\n<\/div>\n","protected":false},"excerpt":{"rendered":"<p>Die USA und die Koalition der Willigen wollen die Pl\u00e4ne f\u00fcr Sicherheitsgarantien f\u00fcr die Ukraine\u00a0in einer gemeinsamen Arbeitsgruppe\u00a0konkretisieren. Das teilten Vertreter des franz\u00f6sischen Pr\u00e4sidialamtes nach einer Videokonferenz mit. Die von Frankreich und Gro\u00dfbritannien angef\u00fchrte Koalition will der Ukraine nach einem Waffenstillstand milit\u00e4rische Unterst\u00fctzung und Sicherheitsgarantien gew\u00e4hren. Den franz\u00f6sischen Angaben zufolge nahm US-Au\u00dfenminister Marco\u00a0Rubio\u00a0als erster hochrangiger<\/p>\n","protected":false},"author":1,"featured_media":300832,"comment_status":"open","ping_status":"open","sticky":false,"template":"","format":"standard","meta":{"footnotes":""},"categories":[116],"tags":[],"class_list":["post-300831","post","type-post","status-publish","format-standard","has-post-thumbnail","hentry","category-war-chronicles-de"],"acf":[],"yoast_head":"<!-- This site is optimized with the Yoast SEO plugin v22.9 - https:\/\/yoast.com\/wordpress\/plugins\/seo\/ -->\n<title>Koalition der Willigen und USA k\u00fcndigen gemeinsame Taskforce an - vof-news.eu<\/title>\n<meta name=\"description\" content=\"Die USA und die Koalition der Willigen wollen die Pl\u00e4ne f\u00fcr Sicherheitsgarantien f\u00fcr die Ukraine\u00a0in einer gemeinsamen Arbeitsgruppe\u00a0konkretisieren. Das teilten Vertreter des franz\u00f6sischen Pr\u00e4sidialamtes nach einer Videokonferenz mit. Die von Frankreich und Gro\u00dfbritannien angef\u00fchrte Koalition will der Ukraine nach einem Waffenstillstand milit\u00e4rische Unterst\u00fctzung und Sicherheitsgarantien gew\u00e4hren. Den franz\u00f6sischen Angaben zufolge nahm US-Au\u00dfenminister Marco\u00a0Rubio\u00a0als erster hochrangiger US-Regierungsvertreter an einem Treffen der Gruppe teil.\" \/>\n<meta name=\"robots\" content=\"noindex, follow, max-snippet:-1, max-image-preview:large, max-video-preview:-1\" \/>\n<meta property=\"og:locale\" content=\"de_DE\" \/>\n<meta property=\"og:type\" content=\"article\" \/>\n<meta property=\"og:title\" content=\"Koalition der Willigen und USA k\u00fcndigen gemeinsame Taskforce an - vof-news.eu\" \/>\n<meta property=\"og:description\" content=\"Die USA und die Koalition der Willigen wollen die Pl\u00e4ne f\u00fcr Sicherheitsgarantien f\u00fcr die Ukraine\u00a0in einer gemeinsamen Arbeitsgruppe\u00a0konkretisieren. Das teilten Vertreter des franz\u00f6sischen Pr\u00e4sidialamtes nach einer Videokonferenz mit. Die von Frankreich und Gro\u00dfbritannien angef\u00fchrte Koalition will der Ukraine nach einem Waffenstillstand milit\u00e4rische Unterst\u00fctzung und Sicherheitsgarantien gew\u00e4hren. Den franz\u00f6sischen Angaben zufolge nahm US-Au\u00dfenminister Marco\u00a0Rubio\u00a0als erster hochrangiger US-Regierungsvertreter an einem Treffen der Gruppe teil.\" \/>\n<meta property=\"og:url\" content=\"https:\/\/vof-news.eu\/de\/koalition-der-willigen-und-usa-kundigen-gemeinsame-taskforce-an\/\" \/>\n<meta property=\"og:site_name\" content=\"vof-news.eu\" \/>\n<meta property=\"article:published_time\" content=\"2025-11-25T20:28:06+00:00\" \/>\n<meta property=\"article:modified_time\" content=\"2025-11-25T20:29:38+00:00\" \/>\n<meta property=\"og:image\" content=\"https:\/\/vof-news.eu\/wp-content\/uploads\/2025\/11\/wide__1000x562-86.jpg\" \/>\n\t<meta property=\"og:image:width\" content=\"1000\" \/>\n\t<meta property=\"og:image:height\" content=\"562\" \/>\n\t<meta property=\"og:image:type\" content=\"image\/jpeg\" \/>\n<meta name=\"author\" content=\"Author\" \/>\n<meta name=\"twitter:card\" content=\"summary_large_image\" \/>\n<meta name=\"twitter:label1\" content=\"Verfasst von\" \/>\n\t<meta name=\"twitter:data1\" content=\"Author\" \/>\n\t<meta name=\"twitter:label2\" content=\"Gesch\u00e4tzte Lesezeit\" \/>\n\t<meta name=\"twitter:data2\" content=\"2\u00a0Minuten\" \/>\n<script type=\"application\/ld+json\" class=\"yoast-schema-graph\">{\"@context\":\"https:\/\/schema.org\",\"@graph\":[{\"@type\":\"WebPage\",\"@id\":\"https:\/\/vof-news.eu\/de\/koalition-der-willigen-und-usa-kundigen-gemeinsame-taskforce-an\/\",\"url\":\"https:\/\/vof-news.eu\/de\/koalition-der-willigen-und-usa-kundigen-gemeinsame-taskforce-an\/\",\"name\":\"Koalition der Willigen und USA k\u00fcndigen gemeinsame Taskforce an - vof-news.eu\",\"isPartOf\":{\"@id\":\"https:\/\/vof-news.eu\/de\/#website\"},\"primaryImageOfPage\":{\"@id\":\"https:\/\/vof-news.eu\/de\/koalition-der-willigen-und-usa-kundigen-gemeinsame-taskforce-an\/#primaryimage\"},\"image\":{\"@id\":\"https:\/\/vof-news.eu\/de\/koalition-der-willigen-und-usa-kundigen-gemeinsame-taskforce-an\/#primaryimage\"},\"thumbnailUrl\":\"https:\/\/vof-news.eu\/wp-content\/uploads\/2025\/11\/wide__1000x562-86.jpg\",\"datePublished\":\"2025-11-25T20:28:06+00:00\",\"dateModified\":\"2025-11-25T20:29:38+00:00\",\"author\":{\"@id\":\"https:\/\/vof-news.eu\/de\/#\/schema\/person\/f6a2a4309f0561835797fd8c19b333ed\"},\"description\":\"Die USA und die Koalition der Willigen wollen die Pl\u00e4ne f\u00fcr Sicherheitsgarantien f\u00fcr die Ukraine\u00a0in einer gemeinsamen Arbeitsgruppe\u00a0konkretisieren. Das teilten Vertreter des franz\u00f6sischen Pr\u00e4sidialamtes nach einer Videokonferenz mit. Die von Frankreich und Gro\u00dfbritannien angef\u00fchrte Koalition will der Ukraine nach einem Waffenstillstand milit\u00e4rische Unterst\u00fctzung und Sicherheitsgarantien gew\u00e4hren. Den franz\u00f6sischen Angaben zufolge nahm US-Au\u00dfenminister Marco\u00a0Rubio\u00a0als erster hochrangiger US-Regierungsvertreter an einem Treffen der Gruppe teil.\",\"breadcrumb\":{\"@id\":\"https:\/\/vof-news.eu\/de\/koalition-der-willigen-und-usa-kundigen-gemeinsame-taskforce-an\/#breadcrumb\"},\"inLanguage\":\"de\",\"potentialAction\":[{\"@type\":\"ReadAction\",\"target\":[\"https:\/\/vof-news.eu\/de\/koalition-der-willigen-und-usa-kundigen-gemeinsame-taskforce-an\/\"]}]},{\"@type\":\"ImageObject\",\"inLanguage\":\"de\",\"@id\":\"https:\/\/vof-news.eu\/de\/koalition-der-willigen-und-usa-kundigen-gemeinsame-taskforce-an\/#primaryimage\",\"url\":\"https:\/\/vof-news.eu\/wp-content\/uploads\/2025\/11\/wide__1000x562-86.jpg\",\"contentUrl\":\"https:\/\/vof-news.eu\/wp-content\/uploads\/2025\/11\/wide__1000x562-86.jpg\",\"width\":1000,\"height\":562},{\"@type\":\"BreadcrumbList\",\"@id\":\"https:\/\/vof-news.eu\/de\/koalition-der-willigen-und-usa-kundigen-gemeinsame-taskforce-an\/#breadcrumb\",\"itemListElement\":[{\"@type\":\"ListItem\",\"position\":1,\"name\":\"Home\",\"item\":\"https:\/\/vof-news.eu\/de\/\"},{\"@type\":\"ListItem\",\"position\":2,\"name\":\"Koalition der Willigen und USA k\u00fcndigen gemeinsame Taskforce an\"}]},{\"@type\":\"WebSite\",\"@id\":\"https:\/\/vof-news.eu\/de\/#website\",\"url\":\"https:\/\/vof-news.eu\/de\/\",\"name\":\"vof-news.eu\",\"description\":\"\",\"potentialAction\":[{\"@type\":\"SearchAction\",\"target\":{\"@type\":\"EntryPoint\",\"urlTemplate\":\"https:\/\/vof-news.eu\/de\/?s={search_term_string}\"},\"query-input\":\"required name=search_term_string\"}],\"inLanguage\":\"de\"},{\"@type\":\"Person\",\"@id\":\"https:\/\/vof-news.eu\/de\/#\/schema\/person\/f6a2a4309f0561835797fd8c19b333ed\",\"name\":\"Author\",\"image\":{\"@type\":\"ImageObject\",\"inLanguage\":\"de\",\"@id\":\"https:\/\/vof-news.eu\/de\/#\/schema\/person\/image\/\",\"url\":\"https:\/\/secure.gravatar.com\/avatar\/b67e614b1b25b3e9c0c239efdd2fde5ab015b5affd6f1c3c85911ca4b384e790?s=96&d=mm&r=g\",\"contentUrl\":\"https:\/\/secure.gravatar.com\/avatar\/b67e614b1b25b3e9c0c239efdd2fde5ab015b5affd6f1c3c85911ca4b384e790?s=96&d=mm&r=g\",\"caption\":\"Author\"},\"sameAs\":[\"http:\/\/vof-news.eu\"],\"url\":\"https:\/\/vof-news.eu\/de\/author\/zwt6qxnjulxbnyg\/\"}]}<\/script>\n<!-- \/ Yoast SEO plugin. -->","yoast_head_json":{"title":"Koalition der Willigen und USA k\u00fcndigen gemeinsame Taskforce an - vof-news.eu","description":"Die USA und die Koalition der Willigen wollen die Pl\u00e4ne f\u00fcr Sicherheitsgarantien f\u00fcr die Ukraine\u00a0in einer gemeinsamen Arbeitsgruppe\u00a0konkretisieren. Das teilten Vertreter des franz\u00f6sischen Pr\u00e4sidialamtes nach einer Videokonferenz mit. Die von Frankreich und Gro\u00dfbritannien angef\u00fchrte Koalition will der Ukraine nach einem Waffenstillstand milit\u00e4rische Unterst\u00fctzung und Sicherheitsgarantien gew\u00e4hren. Den franz\u00f6sischen Angaben zufolge nahm US-Au\u00dfenminister Marco\u00a0Rubio\u00a0als erster hochrangiger US-Regierungsvertreter an einem Treffen der Gruppe teil.","robots":{"index":"noindex","follow":"follow","max-snippet":"max-snippet:-1","max-image-preview":"max-image-preview:large","max-video-preview":"max-video-preview:-1"},"og_locale":"de_DE","og_type":"article","og_title":"Koalition der Willigen und USA k\u00fcndigen gemeinsame Taskforce an - vof-news.eu","og_description":"Die USA und die Koalition der Willigen wollen die Pl\u00e4ne f\u00fcr Sicherheitsgarantien f\u00fcr die Ukraine\u00a0in einer gemeinsamen Arbeitsgruppe\u00a0konkretisieren. Das teilten Vertreter des franz\u00f6sischen Pr\u00e4sidialamtes nach einer Videokonferenz mit. Die von Frankreich und Gro\u00dfbritannien angef\u00fchrte Koalition will der Ukraine nach einem Waffenstillstand milit\u00e4rische Unterst\u00fctzung und Sicherheitsgarantien gew\u00e4hren. Den franz\u00f6sischen Angaben zufolge nahm US-Au\u00dfenminister Marco\u00a0Rubio\u00a0als erster hochrangiger US-Regierungsvertreter an einem Treffen der Gruppe teil.","og_url":"https:\/\/vof-news.eu\/de\/koalition-der-willigen-und-usa-kundigen-gemeinsame-taskforce-an\/","og_site_name":"vof-news.eu","article_published_time":"2025-11-25T20:28:06+00:00","article_modified_time":"2025-11-25T20:29:38+00:00","og_image":[{"width":1000,"height":562,"url":"https:\/\/vof-news.eu\/wp-content\/uploads\/2025\/11\/wide__1000x562-86.jpg","type":"image\/jpeg"}],"author":"Author","twitter_card":"summary_large_image","twitter_misc":{"Verfasst von":"Author","Gesch\u00e4tzte Lesezeit":"2\u00a0Minuten"},"schema":{"@context":"https:\/\/schema.org","@graph":[{"@type":"WebPage","@id":"https:\/\/vof-news.eu\/de\/koalition-der-willigen-und-usa-kundigen-gemeinsame-taskforce-an\/","url":"https:\/\/vof-news.eu\/de\/koalition-der-willigen-und-usa-kundigen-gemeinsame-taskforce-an\/","name":"Koalition der Willigen und USA k\u00fcndigen gemeinsame Taskforce an - vof-news.eu","isPartOf":{"@id":"https:\/\/vof-news.eu\/de\/#website"},"primaryImageOfPage":{"@id":"https:\/\/vof-news.eu\/de\/koalition-der-willigen-und-usa-kundigen-gemeinsame-taskforce-an\/#primaryimage"},"image":{"@id":"https:\/\/vof-news.eu\/de\/koalition-der-willigen-und-usa-kundigen-gemeinsame-taskforce-an\/#primaryimage"},"thumbnailUrl":"https:\/\/vof-news.eu\/wp-content\/uploads\/2025\/11\/wide__1000x562-86.jpg","datePublished":"2025-11-25T20:28:06+00:00","dateModified":"2025-11-25T20:29:38+00:00","author":{"@id":"https:\/\/vof-news.eu\/de\/#\/schema\/person\/f6a2a4309f0561835797fd8c19b333ed"},"description":"Die USA und die Koalition der Willigen wollen die Pl\u00e4ne f\u00fcr Sicherheitsgarantien f\u00fcr die Ukraine\u00a0in einer gemeinsamen Arbeitsgruppe\u00a0konkretisieren. Das teilten Vertreter des franz\u00f6sischen Pr\u00e4sidialamtes nach einer Videokonferenz mit. Die von Frankreich und Gro\u00dfbritannien angef\u00fchrte Koalition will der Ukraine nach einem Waffenstillstand milit\u00e4rische Unterst\u00fctzung und Sicherheitsgarantien gew\u00e4hren. Den franz\u00f6sischen Angaben zufolge nahm US-Au\u00dfenminister Marco\u00a0Rubio\u00a0als erster hochrangiger US-Regierungsvertreter an einem Treffen der Gruppe teil.","breadcrumb":{"@id":"https:\/\/vof-news.eu\/de\/koalition-der-willigen-und-usa-kundigen-gemeinsame-taskforce-an\/#breadcrumb"},"inLanguage":"de","potentialAction":[{"@type":"ReadAction","target":["https:\/\/vof-news.eu\/de\/koalition-der-willigen-und-usa-kundigen-gemeinsame-taskforce-an\/"]}]},{"@type":"ImageObject","inLanguage":"de","@id":"https:\/\/vof-news.eu\/de\/koalition-der-willigen-und-usa-kundigen-gemeinsame-taskforce-an\/#primaryimage","url":"https:\/\/vof-news.eu\/wp-content\/uploads\/2025\/11\/wide__1000x562-86.jpg","contentUrl":"https:\/\/vof-news.eu\/wp-content\/uploads\/2025\/11\/wide__1000x562-86.jpg","width":1000,"height":562},{"@type":"BreadcrumbList","@id":"https:\/\/vof-news.eu\/de\/koalition-der-willigen-und-usa-kundigen-gemeinsame-taskforce-an\/#breadcrumb","itemListElement":[{"@type":"ListItem","position":1,"name":"Home","item":"https:\/\/vof-news.eu\/de\/"},{"@type":"ListItem","position":2,"name":"Koalition der Willigen und USA k\u00fcndigen gemeinsame Taskforce an"}]},{"@type":"WebSite","@id":"https:\/\/vof-news.eu\/de\/#website","url":"https:\/\/vof-news.eu\/de\/","name":"vof-news.eu","description":"","potentialAction":[{"@type":"SearchAction","target":{"@type":"EntryPoint","urlTemplate":"https:\/\/vof-news.eu\/de\/?s={search_term_string}"},"query-input":"required name=search_term_string"}],"inLanguage":"de"},{"@type":"Person","@id":"https:\/\/vof-news.eu\/de\/#\/schema\/person\/f6a2a4309f0561835797fd8c19b333ed","name":"Author","image":{"@type":"ImageObject","inLanguage":"de","@id":"https:\/\/vof-news.eu\/de\/#\/schema\/person\/image\/","url":"https:\/\/secure.gravatar.com\/avatar\/b67e614b1b25b3e9c0c239efdd2fde5ab015b5affd6f1c3c85911ca4b384e790?s=96&d=mm&r=g","contentUrl":"https:\/\/secure.gravatar.com\/avatar\/b67e614b1b25b3e9c0c239efdd2fde5ab015b5affd6f1c3c85911ca4b384e790?s=96&d=mm&r=g","caption":"Author"},"sameAs":["http:\/\/vof-news.eu"],"url":"https:\/\/vof-news.eu\/de\/author\/zwt6qxnjulxbnyg\/"}]}},"yoast_meta":{"yoast_wpseo_title":"","yoast_wpseo_metadesc":"","yoast_wpseo_canonical":""},"_links":{"self":[{"href":"https:\/\/vof-news.eu\/de\/wp-json\/wp\/v2\/posts\/300831","targetHints":{"allow":["GET"]}}],"collection":[{"href":"https:\/\/vof-news.eu\/de\/wp-json\/wp\/v2\/posts"}],"about":[{"href":"https:\/\/vof-news.eu\/de\/wp-json\/wp\/v2\/types\/post"}],"author":[{"embeddable":true,"href":"https:\/\/vof-news.eu\/de\/wp-json\/wp\/v2\/users\/1"}],"replies":[{"embeddable":true,"href":"https:\/\/vof-news.eu\/de\/wp-json\/wp\/v2\/comments?post=300831"}],"version-history":[{"count":1,"href":"https:\/\/vof-news.eu\/de\/wp-json\/wp\/v2\/posts\/300831\/revisions"}],"predecessor-version":[{"id":300838,"href":"https:\/\/vof-news.eu\/de\/wp-json\/wp\/v2\/posts\/300831\/revisions\/300838"}],"wp:featuredmedia":[{"embeddable":true,"href":"https:\/\/vof-news.eu\/de\/wp-json\/wp\/v2\/media\/300832"}],"wp:attachment":[{"href":"https:\/\/vof-news.eu\/de\/wp-json\/wp\/v2\/media?parent=300831"}],"wp:term":[{"taxonomy":"category","embeddable":true,"href":"https:\/\/vof-news.eu\/de\/wp-json\/wp\/v2\/categories?post=300831"},{"taxonomy":"post_tag","embeddable":true,"href":"https:\/\/vof-news.eu\/de\/wp-json\/wp\/v2\/tags?post=300831"}],"curies":[{"name":"wp","href":"https:\/\/api.w.org\/{rel}","templated":true}]}}