{"id":300116,"date":"2025-11-24T03:28:19","date_gmt":"2025-11-24T00:28:19","guid":{"rendered":"https:\/\/vof-news.eu\/ukraine-findet-bei-trumps-verhandlungsteam-laut-selenskyj-gehor\/"},"modified":"2025-11-24T03:30:18","modified_gmt":"2025-11-24T00:30:18","slug":"ukraine-findet-bei-trumps-verhandlungsteam-laut-selenskyj-gehor","status":"publish","type":"post","link":"https:\/\/vof-news.eu\/de\/ukraine-findet-bei-trumps-verhandlungsteam-laut-selenskyj-gehor\/","title":{"rendered":"Ukraine findet bei Trumps Verhandlungsteam laut Selenskyj Geh\u00f6r"},"content":{"rendered":"<div>\n<p>Der ukrainische Pr\u00e4sident <a href=\"https:\/\/www.zeit.de\/thema\/wolodymyr-selenskyj\" rel=\"nofollow\">Wolodymyr Selenskyj<\/a> bewertet die laufenden Gespr\u00e4che von Vertretern seines Landes und der <span><a href=\"https:\/\/www.zeit.de\/thema\/usa\" rel=\"nofollow\">USA<\/a><\/span> in Genf als positiv. &#8222;Es gibt Signale, dass das Team von Pr\u00e4sident Trump uns zuh\u00f6rt&#8220;, sagte Selenskyj am Sonntag in seiner allabendlichen Videoansprache. Die <a href=\"https:\/\/www.zeit.de\/politik\/ausland\/2025-11\/ukraine-donald-trump-genf-28-punkte-plan\" rel=\"nofollow\">Verhandlungen in der Schweiz \u00fcber einen Friedensplan<\/a> w\u00fcrden fortgesetzt. &#8222;Die Teams werden praktisch bis in die Nacht hinein arbeiten, und es wird weitere Berichte geben&#8220;, sagte Selenskyj.\n<\/p>\n<p>Vertreter der USA und der <span><a href=\"https:\/\/www.zeit.de\/politik\/ausland\/ukraine-krieg-news-liveblog\" rel=\"nofollow\">Ukraine<\/a><\/span> sprechen nach Informationen der Nachrichtenagentur Reuters \u00fcber einen m\u00f6glichen Besuch Selenskyjs in Washington noch in dieser Woche. Demnach solle der Besuch dazu dienen, mit US-Pr\u00e4sident Donald Trump die heikelsten Punkte des Friedensplans zu besprechen. Ein Termin stehe demnach aber noch nicht fest.\n<\/p>\n<p>Nach Angaben von US-Au\u00dfenminister <a href=\"https:\/\/www.zeit.de\/thema\/marco-rubio\" rel=\"nofollow\">Marco Rubio<\/a> gibt es bei den Verhandlungen in Genf &#8222;enorme Fortschritte&#8220;. Rubio zeigte sich zuversichtlich, dass eine \u00fcberarbeitete Version des US-Friedensplans entstehe. Ein Grundlagendokument sei erstellt worden, und strittige Punkte seien eingegrenzt worden, sagte der US-Au\u00dfenminister nach Gespr\u00e4chen mit Vertretern der Ukraine. Er sei daher &#8222;sehr optimistisch&#8220;, dass &#8222;sehr bald&#8220; eine Einigung erzielt werden k\u00f6nne.\n<\/p>\n<h2>Merz hofft auf &#8222;neue Dynamik&#8220;<\/h2>\n<p>Zu den offenen Fragen z\u00e4hlen laut Rubio die k\u00fcnftige Rolle von EU und Nato sowie Sicherheitsgarantien. Jedoch sei keine der ungekl\u00e4rten Fragen un\u00fcberwindbar, sagte der US-Au\u00dfenminister. Das Ergebnis m\u00fcsse nun der russischen Seite vorgelegt werden. Man wolle idealerweise bis Donnerstag zu einem Abschluss kommen.\n<\/p>\n<p>Rubio hatte bereits zuvor \u00c4nderungen am <a href=\"https:\/\/www.zeit.de\/thema\/krieg-in-ukraine\" rel=\"nofollow\">US-Friedensplan zur Beendigung des Ukrainekriegs<\/a> angek\u00fcndigt. Nach Angaben des Chefs des ukrainischen Sicherheitsrats, Rustem Umerow, wurden in einer \u00fcberarbeiteten Version des Plans einige &#8222;der wichtigsten Priorit\u00e4ten der Ukraine&#8220; inzwischen ber\u00fccksichtigt.\u00a0\u00a0\n<\/p>\n<p>Bundeskanzler <a href=\"https:\/\/www.zeit.de\/thema\/friedrich-merz\" rel=\"nofollow\">Friedrich Merz<\/a> sagte im ZDF, er hoffe, dass &#8222;eine neue Dynamik in diese Gespr\u00e4che kommt und dass es dann zum Ende der Woche wenigstens einen kleinen Schritt hin zu einem Waffenstillstand gibt und dass dann auch Gespr\u00e4che gef\u00fchrt werden k\u00f6nnen&#8220;. Er f\u00fcgte hinzu:\u00a0&#8222;Wir formulieren jetzt im Augenblick eine Verhandlungsposition. Und ich hoffe, dass sie so ausf\u00e4llt, dass sie nicht nur auf der europ\u00e4ischen Seite mit der Ukraine und Amerika zusammen abgestimmt ist, sondern dass sie vor allem die russische Seite dazu bringt, jetzt an den Verhandlungstisch zu kommen.&#8220;\n<\/p>\n<p>Deutschland, Frankreich und Gro\u00dfbritannien hatten zuvor einen gemeinsamen <a href=\"https:\/\/www.zeit.de\/politik\/ausland\/2025-11\/ukraine-us-plan-europa-gegenvorschlag-verhandlungen-genf\" rel=\"nofollow\">Gegenvorschlag zu einem von den USA vorgelegten Friedensplan<\/a> pr\u00e4sentiert. Demnach soll die ukrainische Armee in Friedenszeiten auf 800.000 Soldaten begrenzt werden und nicht pauschal auf 600.000, wie es der US-Plan vorsieht. Zudem sollen Verhandlungen \u00fcber einen Gebietsaustausch an der derzeitigen milit\u00e4rischen Kontaktlinie beginnen. Damit wird die US-Forderung zur\u00fcckgewiesen, bestimmte Gebiete als &#8222;faktisch russisch&#8220; anzuerkennen.\n<\/p>\n<\/p>\n<\/div>\n","protected":false},"excerpt":{"rendered":"<p>Der ukrainische Pr\u00e4sident Wolodymyr Selenskyj bewertet die laufenden Gespr\u00e4che von Vertretern seines Landes und der USA in Genf als positiv. &#8222;Es gibt Signale, dass das Team von Pr\u00e4sident Trump uns zuh\u00f6rt&#8220;, sagte Selenskyj am Sonntag in seiner allabendlichen Videoansprache. Die Verhandlungen in der Schweiz \u00fcber einen Friedensplan w\u00fcrden fortgesetzt. &#8222;Die Teams werden praktisch bis in<\/p>\n","protected":false},"author":1,"featured_media":300117,"comment_status":"open","ping_status":"open","sticky":false,"template":"","format":"standard","meta":{"footnotes":""},"categories":[116],"tags":[],"class_list":["post-300116","post","type-post","status-publish","format-standard","has-post-thumbnail","hentry","category-war-chronicles-de"],"acf":[],"yoast_head":"<!-- This site is optimized with the Yoast SEO plugin v22.9 - https:\/\/yoast.com\/wordpress\/plugins\/seo\/ -->\n<title>Ukraine findet bei Trumps Verhandlungsteam laut Selenskyj Geh\u00f6r - vof-news.eu<\/title>\n<meta name=\"description\" content=\"Der ukrainische Pr\u00e4sident Wolodymyr Selenskyj bewertet die laufenden Gespr\u00e4che von Vertretern seines Landes und der USA in Genf als positiv. &quot;Es gibt Signale, dass das Team von Pr\u00e4sident Trump uns zuh\u00f6rt&quot;, sagte Selenskyj am Sonntag in seiner allabendlichen Videoansprache. Die Verhandlungen in der Schweiz \u00fcber einen Friedensplan w\u00fcrden fortgesetzt. &quot;Die Teams werden praktisch bis in die Nacht hinein arbeiten, und es wird weitere Berichte geben&quot;, sagte Selenskyj.\" \/>\n<meta name=\"robots\" content=\"noindex, follow, max-snippet:-1, max-image-preview:large, max-video-preview:-1\" \/>\n<meta property=\"og:locale\" content=\"de_DE\" \/>\n<meta property=\"og:type\" content=\"article\" \/>\n<meta property=\"og:title\" content=\"Ukraine findet bei Trumps Verhandlungsteam laut Selenskyj Geh\u00f6r - vof-news.eu\" \/>\n<meta property=\"og:description\" content=\"Der ukrainische Pr\u00e4sident Wolodymyr Selenskyj bewertet die laufenden Gespr\u00e4che von Vertretern seines Landes und der USA in Genf als positiv. &quot;Es gibt Signale, dass das Team von Pr\u00e4sident Trump uns zuh\u00f6rt&quot;, sagte Selenskyj am Sonntag in seiner allabendlichen Videoansprache. Die Verhandlungen in der Schweiz \u00fcber einen Friedensplan w\u00fcrden fortgesetzt. &quot;Die Teams werden praktisch bis in die Nacht hinein arbeiten, und es wird weitere Berichte geben&quot;, sagte Selenskyj.\" \/>\n<meta property=\"og:url\" content=\"https:\/\/vof-news.eu\/de\/ukraine-findet-bei-trumps-verhandlungsteam-laut-selenskyj-gehor\/\" \/>\n<meta property=\"og:site_name\" content=\"vof-news.eu\" \/>\n<meta property=\"article:published_time\" content=\"2025-11-24T00:28:19+00:00\" \/>\n<meta property=\"article:modified_time\" content=\"2025-11-24T00:30:18+00:00\" \/>\n<meta property=\"og:image\" content=\"https:\/\/vof-news.eu\/wp-content\/uploads\/2025\/11\/wide__1000x562-79.jpg\" \/>\n\t<meta property=\"og:image:width\" content=\"1000\" \/>\n\t<meta property=\"og:image:height\" content=\"562\" \/>\n\t<meta property=\"og:image:type\" content=\"image\/jpeg\" \/>\n<meta name=\"author\" content=\"Author\" \/>\n<meta name=\"twitter:card\" content=\"summary_large_image\" \/>\n<meta name=\"twitter:label1\" content=\"Verfasst von\" \/>\n\t<meta name=\"twitter:data1\" content=\"Author\" \/>\n\t<meta name=\"twitter:label2\" content=\"Gesch\u00e4tzte Lesezeit\" \/>\n\t<meta name=\"twitter:data2\" content=\"2\u00a0Minuten\" \/>\n<script type=\"application\/ld+json\" class=\"yoast-schema-graph\">{\"@context\":\"https:\/\/schema.org\",\"@graph\":[{\"@type\":\"WebPage\",\"@id\":\"https:\/\/vof-news.eu\/de\/ukraine-findet-bei-trumps-verhandlungsteam-laut-selenskyj-gehor\/\",\"url\":\"https:\/\/vof-news.eu\/de\/ukraine-findet-bei-trumps-verhandlungsteam-laut-selenskyj-gehor\/\",\"name\":\"Ukraine findet bei Trumps Verhandlungsteam laut Selenskyj Geh\u00f6r - vof-news.eu\",\"isPartOf\":{\"@id\":\"https:\/\/vof-news.eu\/de\/#website\"},\"primaryImageOfPage\":{\"@id\":\"https:\/\/vof-news.eu\/de\/ukraine-findet-bei-trumps-verhandlungsteam-laut-selenskyj-gehor\/#primaryimage\"},\"image\":{\"@id\":\"https:\/\/vof-news.eu\/de\/ukraine-findet-bei-trumps-verhandlungsteam-laut-selenskyj-gehor\/#primaryimage\"},\"thumbnailUrl\":\"https:\/\/vof-news.eu\/wp-content\/uploads\/2025\/11\/wide__1000x562-79.jpg\",\"datePublished\":\"2025-11-24T00:28:19+00:00\",\"dateModified\":\"2025-11-24T00:30:18+00:00\",\"author\":{\"@id\":\"https:\/\/vof-news.eu\/de\/#\/schema\/person\/f6a2a4309f0561835797fd8c19b333ed\"},\"description\":\"Der ukrainische Pr\u00e4sident Wolodymyr Selenskyj bewertet die laufenden Gespr\u00e4che von Vertretern seines Landes und der USA in Genf als positiv. \\\"Es gibt Signale, dass das Team von Pr\u00e4sident Trump uns zuh\u00f6rt\\\", sagte Selenskyj am Sonntag in seiner allabendlichen Videoansprache. Die Verhandlungen in der Schweiz \u00fcber einen Friedensplan w\u00fcrden fortgesetzt. \\\"Die Teams werden praktisch bis in die Nacht hinein arbeiten, und es wird weitere Berichte geben\\\", sagte Selenskyj.\",\"breadcrumb\":{\"@id\":\"https:\/\/vof-news.eu\/de\/ukraine-findet-bei-trumps-verhandlungsteam-laut-selenskyj-gehor\/#breadcrumb\"},\"inLanguage\":\"de\",\"potentialAction\":[{\"@type\":\"ReadAction\",\"target\":[\"https:\/\/vof-news.eu\/de\/ukraine-findet-bei-trumps-verhandlungsteam-laut-selenskyj-gehor\/\"]}]},{\"@type\":\"ImageObject\",\"inLanguage\":\"de\",\"@id\":\"https:\/\/vof-news.eu\/de\/ukraine-findet-bei-trumps-verhandlungsteam-laut-selenskyj-gehor\/#primaryimage\",\"url\":\"https:\/\/vof-news.eu\/wp-content\/uploads\/2025\/11\/wide__1000x562-79.jpg\",\"contentUrl\":\"https:\/\/vof-news.eu\/wp-content\/uploads\/2025\/11\/wide__1000x562-79.jpg\",\"width\":1000,\"height\":562},{\"@type\":\"BreadcrumbList\",\"@id\":\"https:\/\/vof-news.eu\/de\/ukraine-findet-bei-trumps-verhandlungsteam-laut-selenskyj-gehor\/#breadcrumb\",\"itemListElement\":[{\"@type\":\"ListItem\",\"position\":1,\"name\":\"Home\",\"item\":\"https:\/\/vof-news.eu\/de\/\"},{\"@type\":\"ListItem\",\"position\":2,\"name\":\"Ukraine findet bei Trumps Verhandlungsteam laut Selenskyj Geh\u00f6r\"}]},{\"@type\":\"WebSite\",\"@id\":\"https:\/\/vof-news.eu\/de\/#website\",\"url\":\"https:\/\/vof-news.eu\/de\/\",\"name\":\"vof-news.eu\",\"description\":\"\",\"potentialAction\":[{\"@type\":\"SearchAction\",\"target\":{\"@type\":\"EntryPoint\",\"urlTemplate\":\"https:\/\/vof-news.eu\/de\/?s={search_term_string}\"},\"query-input\":\"required name=search_term_string\"}],\"inLanguage\":\"de\"},{\"@type\":\"Person\",\"@id\":\"https:\/\/vof-news.eu\/de\/#\/schema\/person\/f6a2a4309f0561835797fd8c19b333ed\",\"name\":\"Author\",\"image\":{\"@type\":\"ImageObject\",\"inLanguage\":\"de\",\"@id\":\"https:\/\/vof-news.eu\/de\/#\/schema\/person\/image\/\",\"url\":\"https:\/\/secure.gravatar.com\/avatar\/b67e614b1b25b3e9c0c239efdd2fde5ab015b5affd6f1c3c85911ca4b384e790?s=96&d=mm&r=g\",\"contentUrl\":\"https:\/\/secure.gravatar.com\/avatar\/b67e614b1b25b3e9c0c239efdd2fde5ab015b5affd6f1c3c85911ca4b384e790?s=96&d=mm&r=g\",\"caption\":\"Author\"},\"sameAs\":[\"http:\/\/vof-news.eu\"],\"url\":\"https:\/\/vof-news.eu\/de\/author\/zwt6qxnjulxbnyg\/\"}]}<\/script>\n<!-- \/ Yoast SEO plugin. -->","yoast_head_json":{"title":"Ukraine findet bei Trumps Verhandlungsteam laut Selenskyj Geh\u00f6r - vof-news.eu","description":"Der ukrainische Pr\u00e4sident Wolodymyr Selenskyj bewertet die laufenden Gespr\u00e4che von Vertretern seines Landes und der USA in Genf als positiv. \"Es gibt Signale, dass das Team von Pr\u00e4sident Trump uns zuh\u00f6rt\", sagte Selenskyj am Sonntag in seiner allabendlichen Videoansprache. Die Verhandlungen in der Schweiz \u00fcber einen Friedensplan w\u00fcrden fortgesetzt. \"Die Teams werden praktisch bis in die Nacht hinein arbeiten, und es wird weitere Berichte geben\", sagte Selenskyj.","robots":{"index":"noindex","follow":"follow","max-snippet":"max-snippet:-1","max-image-preview":"max-image-preview:large","max-video-preview":"max-video-preview:-1"},"og_locale":"de_DE","og_type":"article","og_title":"Ukraine findet bei Trumps Verhandlungsteam laut Selenskyj Geh\u00f6r - vof-news.eu","og_description":"Der ukrainische Pr\u00e4sident Wolodymyr Selenskyj bewertet die laufenden Gespr\u00e4che von Vertretern seines Landes und der USA in Genf als positiv. \"Es gibt Signale, dass das Team von Pr\u00e4sident Trump uns zuh\u00f6rt\", sagte Selenskyj am Sonntag in seiner allabendlichen Videoansprache. Die Verhandlungen in der Schweiz \u00fcber einen Friedensplan w\u00fcrden fortgesetzt. \"Die Teams werden praktisch bis in die Nacht hinein arbeiten, und es wird weitere Berichte geben\", sagte Selenskyj.","og_url":"https:\/\/vof-news.eu\/de\/ukraine-findet-bei-trumps-verhandlungsteam-laut-selenskyj-gehor\/","og_site_name":"vof-news.eu","article_published_time":"2025-11-24T00:28:19+00:00","article_modified_time":"2025-11-24T00:30:18+00:00","og_image":[{"width":1000,"height":562,"url":"https:\/\/vof-news.eu\/wp-content\/uploads\/2025\/11\/wide__1000x562-79.jpg","type":"image\/jpeg"}],"author":"Author","twitter_card":"summary_large_image","twitter_misc":{"Verfasst von":"Author","Gesch\u00e4tzte Lesezeit":"2\u00a0Minuten"},"schema":{"@context":"https:\/\/schema.org","@graph":[{"@type":"WebPage","@id":"https:\/\/vof-news.eu\/de\/ukraine-findet-bei-trumps-verhandlungsteam-laut-selenskyj-gehor\/","url":"https:\/\/vof-news.eu\/de\/ukraine-findet-bei-trumps-verhandlungsteam-laut-selenskyj-gehor\/","name":"Ukraine findet bei Trumps Verhandlungsteam laut Selenskyj Geh\u00f6r - vof-news.eu","isPartOf":{"@id":"https:\/\/vof-news.eu\/de\/#website"},"primaryImageOfPage":{"@id":"https:\/\/vof-news.eu\/de\/ukraine-findet-bei-trumps-verhandlungsteam-laut-selenskyj-gehor\/#primaryimage"},"image":{"@id":"https:\/\/vof-news.eu\/de\/ukraine-findet-bei-trumps-verhandlungsteam-laut-selenskyj-gehor\/#primaryimage"},"thumbnailUrl":"https:\/\/vof-news.eu\/wp-content\/uploads\/2025\/11\/wide__1000x562-79.jpg","datePublished":"2025-11-24T00:28:19+00:00","dateModified":"2025-11-24T00:30:18+00:00","author":{"@id":"https:\/\/vof-news.eu\/de\/#\/schema\/person\/f6a2a4309f0561835797fd8c19b333ed"},"description":"Der ukrainische Pr\u00e4sident Wolodymyr Selenskyj bewertet die laufenden Gespr\u00e4che von Vertretern seines Landes und der USA in Genf als positiv. \"Es gibt Signale, dass das Team von Pr\u00e4sident Trump uns zuh\u00f6rt\", sagte Selenskyj am Sonntag in seiner allabendlichen Videoansprache. Die Verhandlungen in der Schweiz \u00fcber einen Friedensplan w\u00fcrden fortgesetzt. \"Die Teams werden praktisch bis in die Nacht hinein arbeiten, und es wird weitere Berichte geben\", sagte Selenskyj.","breadcrumb":{"@id":"https:\/\/vof-news.eu\/de\/ukraine-findet-bei-trumps-verhandlungsteam-laut-selenskyj-gehor\/#breadcrumb"},"inLanguage":"de","potentialAction":[{"@type":"ReadAction","target":["https:\/\/vof-news.eu\/de\/ukraine-findet-bei-trumps-verhandlungsteam-laut-selenskyj-gehor\/"]}]},{"@type":"ImageObject","inLanguage":"de","@id":"https:\/\/vof-news.eu\/de\/ukraine-findet-bei-trumps-verhandlungsteam-laut-selenskyj-gehor\/#primaryimage","url":"https:\/\/vof-news.eu\/wp-content\/uploads\/2025\/11\/wide__1000x562-79.jpg","contentUrl":"https:\/\/vof-news.eu\/wp-content\/uploads\/2025\/11\/wide__1000x562-79.jpg","width":1000,"height":562},{"@type":"BreadcrumbList","@id":"https:\/\/vof-news.eu\/de\/ukraine-findet-bei-trumps-verhandlungsteam-laut-selenskyj-gehor\/#breadcrumb","itemListElement":[{"@type":"ListItem","position":1,"name":"Home","item":"https:\/\/vof-news.eu\/de\/"},{"@type":"ListItem","position":2,"name":"Ukraine findet bei Trumps Verhandlungsteam laut Selenskyj Geh\u00f6r"}]},{"@type":"WebSite","@id":"https:\/\/vof-news.eu\/de\/#website","url":"https:\/\/vof-news.eu\/de\/","name":"vof-news.eu","description":"","potentialAction":[{"@type":"SearchAction","target":{"@type":"EntryPoint","urlTemplate":"https:\/\/vof-news.eu\/de\/?s={search_term_string}"},"query-input":"required name=search_term_string"}],"inLanguage":"de"},{"@type":"Person","@id":"https:\/\/vof-news.eu\/de\/#\/schema\/person\/f6a2a4309f0561835797fd8c19b333ed","name":"Author","image":{"@type":"ImageObject","inLanguage":"de","@id":"https:\/\/vof-news.eu\/de\/#\/schema\/person\/image\/","url":"https:\/\/secure.gravatar.com\/avatar\/b67e614b1b25b3e9c0c239efdd2fde5ab015b5affd6f1c3c85911ca4b384e790?s=96&d=mm&r=g","contentUrl":"https:\/\/secure.gravatar.com\/avatar\/b67e614b1b25b3e9c0c239efdd2fde5ab015b5affd6f1c3c85911ca4b384e790?s=96&d=mm&r=g","caption":"Author"},"sameAs":["http:\/\/vof-news.eu"],"url":"https:\/\/vof-news.eu\/de\/author\/zwt6qxnjulxbnyg\/"}]}},"yoast_meta":{"yoast_wpseo_title":"","yoast_wpseo_metadesc":"","yoast_wpseo_canonical":""},"_links":{"self":[{"href":"https:\/\/vof-news.eu\/de\/wp-json\/wp\/v2\/posts\/300116","targetHints":{"allow":["GET"]}}],"collection":[{"href":"https:\/\/vof-news.eu\/de\/wp-json\/wp\/v2\/posts"}],"about":[{"href":"https:\/\/vof-news.eu\/de\/wp-json\/wp\/v2\/types\/post"}],"author":[{"embeddable":true,"href":"https:\/\/vof-news.eu\/de\/wp-json\/wp\/v2\/users\/1"}],"replies":[{"embeddable":true,"href":"https:\/\/vof-news.eu\/de\/wp-json\/wp\/v2\/comments?post=300116"}],"version-history":[{"count":1,"href":"https:\/\/vof-news.eu\/de\/wp-json\/wp\/v2\/posts\/300116\/revisions"}],"predecessor-version":[{"id":300123,"href":"https:\/\/vof-news.eu\/de\/wp-json\/wp\/v2\/posts\/300116\/revisions\/300123"}],"wp:featuredmedia":[{"embeddable":true,"href":"https:\/\/vof-news.eu\/de\/wp-json\/wp\/v2\/media\/300117"}],"wp:attachment":[{"href":"https:\/\/vof-news.eu\/de\/wp-json\/wp\/v2\/media?parent=300116"}],"wp:term":[{"taxonomy":"category","embeddable":true,"href":"https:\/\/vof-news.eu\/de\/wp-json\/wp\/v2\/categories?post=300116"},{"taxonomy":"post_tag","embeddable":true,"href":"https:\/\/vof-news.eu\/de\/wp-json\/wp\/v2\/tags?post=300116"}],"curies":[{"name":"wp","href":"https:\/\/api.w.org\/{rel}","templated":true}]}}