{"id":299846,"date":"2025-11-23T07:28:10","date_gmt":"2025-11-23T04:28:10","guid":{"rendered":"https:\/\/vof-news.eu\/28-punkte-plan-stammt-laut-senatoren-nicht-von-der-us-regierung\/"},"modified":"2025-11-23T07:29:31","modified_gmt":"2025-11-23T04:29:31","slug":"28-punkte-plan-stammt-laut-senatoren-nicht-von-der-us-regierung","status":"publish","type":"post","link":"https:\/\/vof-news.eu\/de\/28-punkte-plan-stammt-laut-senatoren-nicht-von-der-us-regierung\/","title":{"rendered":"28-Punkte-Plan stammt laut Senatoren nicht von der US-Regierung"},"content":{"rendered":"<div>\n<p>\u00dcber den Ursprung des 28-Punkte-Plans\u00a0zur Beendigung des russischen<br \/>\nAngriffskrieges gegen die <span><a href=\"https:\/\/www.zeit.de\/politik\/ausland\/ukraine-krieg-news-liveblog\" rel=\"nofollow\">Ukraine<\/a><\/span> gibt es widerspr\u00fcchliche<br \/>\nAngaben aus den USA. Nach Angaben von zwei US-Senatoren wurde der Plan nicht von den Vereinigten Staaten ausgearbeitet. &#8222;Es handelt sich<br \/>\n nicht um unsere Empfehlung, es ist nicht unser Friedensplan&#8220;, sagte der<br \/>\n republikanische Senator Mike Rounds auf einem Sicherheitsforum im<br \/>\nkanadischen Halifax und berief sich auf ein Telefonat mit<br \/>\nUS-Au\u00dfenminister Marco Rubio. Auch dem unabh\u00e4ngigen Senator Angus King zufolge ist der Plan &#8222;im Wesentlichen die Wunschliste der Russen&#8220;.\u00a0\n<\/p>\n<p>Die Senatoren sagten, <span><a href=\"https:\/\/www.zeit.de\/thema\/marco-rubio\" rel=\"nofollow\">Rubio<\/a><\/span> habe sie angerufen und deutlich gemacht, dass die USA &#8222;Empf\u00e4nger eines Vorschlags&#8220; gewesen<br \/>\n seien, sagte Rounds. Dieser sei einem US-Vermittler \u00fcbergeben worden.<br \/>\nRounds bezeichnete den Entwurf daher als &#8222;Vorschlag&#8220;, den die Vereinigten Staaten eigentlich nicht ver\u00f6ffentlichen wollten. &#8222;Er wurde geleakt&#8220;, sagte der Republikaner aus dem US-Bundesstaat South Dakota zu Medienberichten, durch die der Plan bekannt geworden war.\n<\/p>\n<h2>Rubio unterwegs nach Genf<\/h2>\n<p>Rubio widersprach nun den Senatoren. <a href=\"https:\/\/twitter.com\/marcorubio\/status\/1992413078160617849\" rel=\"nofollow\">Er schrieb auf der Plattform X<\/a>, der Plan<br \/>\ndiene &#8222;als solider Rahmen f\u00fcr die laufenden Verhandlungen&#8220;. Er sei von<br \/>\nden <span><a href=\"https:\/\/www.zeit.de\/thema\/usa\" rel=\"nofollow\">USA<\/a><\/span> erstellt worden und basiere auf &#8222;Anregungen der russischen<br \/>\nSeite, aber auch auf fr\u00fcheren und aktuellen Beitr\u00e4gen der Ukraine&#8220;. Rubio ist zu Gespr\u00e4chen<br \/>\n\u00fcber den Plan f\u00fcr die Ukraine auf dem Weg nach<br \/>\nGenf.\u00a0\n<\/p>\n<p>Auch\u00a0Au\u00dfenamtssprecher Tommy Pigott widersprach King und Rounds: &#8222;Wie Au\u00dfenminister Rubio und die gesamte Regierung immer wieder betont<br \/>\nhaben, wurde dieser Plan von den USA verfasst, mit Beitr\u00e4gen von sowohl<br \/>\nRussen wie Ukrainern&#8220;, schrieb Pigott am<br \/>\nSamstag (Ortszeit) im Onlinedienst X. Es handle sich mitnichten um eine &#8222;Wunschliste der Russen&#8220;.\u00a0\n<\/p>\n<p>Senator King aus Maine<br \/>\nbezeichnete den Entwurf als &#8222;Leitfaden, um die Streitpunkte zwischen der<br \/>\n Ukraine und Russland einzugrenzen&#8220;. Es solle auf einen Frieden<br \/>\nhingearbeitet werden, &#8222;der die Integrit\u00e4t und Souver\u00e4nit\u00e4t der Ukraine<br \/>\nrespektiert, Aggressionen nicht belohnt und angemessene<br \/>\nSicherheitsgarantien bietet.&#8220;\n<\/p>\n<h2>Friedensplan verlangt Ukraine Zugest\u00e4ndnisse ab<\/h2>\n<p>Seit Tagen zirkuliert der <a href=\"https:\/\/www.zeit.de\/politik\/ausland\/2025-11\/usa-friedensplan-ukraine-russland-trump\" rel=\"nofollow\">Entwurf eines<br \/>\nFriedensplans<\/a>, in dem 28 Punkte festgehalten sind; viele<br \/>\n davon kommen vor allem <span><a href=\"https:\/\/www.zeit.de\/thema\/russland\" rel=\"nofollow\">Russland<\/a><\/span> zugute. Der Ukraine werden dagegen<br \/>\ngro\u00dfe Zugest\u00e4ndnisse abverlangt. US-Pr\u00e4sident Donald Trump hatte die<br \/>\nUkraine zun\u00e4chst aufgefordert, dem Plan bis Donnerstag im Wesentlichen<br \/>\nzuzustimmen. Sp\u00e4ter signalisierte er dann aber, dass es nicht<br \/>\ndas letzte Angebot sei.\u00a0\n<\/p>\n<p>Wegen des Plans gerieten die Regierung in Kyjiw und die<br \/>\neurop\u00e4ischen Verb\u00fcndeten in einen Krisenmodus. An diesem Sonntag wollen in der Schweiz Vertreter aus Deutschland, Frankreich und Gro\u00dfbritannien sowie der EU<br \/>\nmit den USA und der Ukraine \u00fcber den Vorschlag sprechen. <a href=\"https:\/\/www.zeit.de\/politik\/ausland\/2025-11\/ukraine-usa-friedensplan-beratungen-schweiz\" rel=\"nofollow\">Ziel der Gespr\u00e4che der Ukraineverb\u00fcndeten<\/a> ist es, aus ihrer Sicht inakzeptable Zugest\u00e4ndnisse<br \/>\nan Russland aus dem Plan herauszuverhandeln. Das Treffen in<br \/>\nGenf findet auf Ebene der Berater der Staats- und Regierungschefs statt.\n<\/p>\n<\/div>\n","protected":false},"excerpt":{"rendered":"<p>\u00dcber den Ursprung des 28-Punkte-Plans\u00a0zur Beendigung des russischen Angriffskrieges gegen die Ukraine gibt es widerspr\u00fcchliche Angaben aus den USA. Nach Angaben von zwei US-Senatoren wurde der Plan nicht von den Vereinigten Staaten ausgearbeitet. &#8222;Es handelt sich nicht um unsere Empfehlung, es ist nicht unser Friedensplan&#8220;, sagte der republikanische Senator Mike Rounds auf einem Sicherheitsforum im<\/p>\n","protected":false},"author":1,"featured_media":299847,"comment_status":"open","ping_status":"open","sticky":false,"template":"","format":"standard","meta":{"footnotes":""},"categories":[116],"tags":[],"class_list":["post-299846","post","type-post","status-publish","format-standard","has-post-thumbnail","hentry","category-war-chronicles-de"],"acf":[],"yoast_head":"<!-- This site is optimized with the Yoast SEO plugin v22.9 - https:\/\/yoast.com\/wordpress\/plugins\/seo\/ -->\n<title>28-Punkte-Plan stammt laut Senatoren nicht von der US-Regierung - vof-news.eu<\/title>\n<meta name=\"description\" content=\"\u00dcber den Ursprung des 28-Punkte-Plans\u00a0zur Beendigung des russischen\" \/>\n<meta name=\"robots\" content=\"noindex, follow, max-snippet:-1, max-image-preview:large, max-video-preview:-1\" \/>\n<meta property=\"og:locale\" content=\"de_DE\" \/>\n<meta property=\"og:type\" content=\"article\" \/>\n<meta property=\"og:title\" content=\"28-Punkte-Plan stammt laut Senatoren nicht von der US-Regierung - vof-news.eu\" \/>\n<meta property=\"og:description\" content=\"\u00dcber den Ursprung des 28-Punkte-Plans\u00a0zur Beendigung des russischen\" \/>\n<meta property=\"og:url\" content=\"https:\/\/vof-news.eu\/de\/28-punkte-plan-stammt-laut-senatoren-nicht-von-der-us-regierung\/\" \/>\n<meta property=\"og:site_name\" content=\"vof-news.eu\" \/>\n<meta property=\"article:published_time\" content=\"2025-11-23T04:28:10+00:00\" \/>\n<meta property=\"article:modified_time\" content=\"2025-11-23T04:29:31+00:00\" \/>\n<meta property=\"og:image\" content=\"https:\/\/vof-news.eu\/wp-content\/uploads\/2025\/11\/wide__1000x562-75.jpg\" \/>\n\t<meta property=\"og:image:width\" content=\"1000\" \/>\n\t<meta property=\"og:image:height\" content=\"562\" \/>\n\t<meta property=\"og:image:type\" content=\"image\/jpeg\" \/>\n<meta name=\"author\" content=\"Author\" \/>\n<meta name=\"twitter:card\" content=\"summary_large_image\" \/>\n<meta name=\"twitter:label1\" content=\"Verfasst von\" \/>\n\t<meta name=\"twitter:data1\" content=\"Author\" \/>\n\t<meta name=\"twitter:label2\" content=\"Gesch\u00e4tzte Lesezeit\" \/>\n\t<meta name=\"twitter:data2\" content=\"2\u00a0Minuten\" \/>\n<script type=\"application\/ld+json\" class=\"yoast-schema-graph\">{\"@context\":\"https:\/\/schema.org\",\"@graph\":[{\"@type\":\"WebPage\",\"@id\":\"https:\/\/vof-news.eu\/de\/28-punkte-plan-stammt-laut-senatoren-nicht-von-der-us-regierung\/\",\"url\":\"https:\/\/vof-news.eu\/de\/28-punkte-plan-stammt-laut-senatoren-nicht-von-der-us-regierung\/\",\"name\":\"28-Punkte-Plan stammt laut Senatoren nicht von der US-Regierung - vof-news.eu\",\"isPartOf\":{\"@id\":\"https:\/\/vof-news.eu\/de\/#website\"},\"primaryImageOfPage\":{\"@id\":\"https:\/\/vof-news.eu\/de\/28-punkte-plan-stammt-laut-senatoren-nicht-von-der-us-regierung\/#primaryimage\"},\"image\":{\"@id\":\"https:\/\/vof-news.eu\/de\/28-punkte-plan-stammt-laut-senatoren-nicht-von-der-us-regierung\/#primaryimage\"},\"thumbnailUrl\":\"https:\/\/vof-news.eu\/wp-content\/uploads\/2025\/11\/wide__1000x562-75.jpg\",\"datePublished\":\"2025-11-23T04:28:10+00:00\",\"dateModified\":\"2025-11-23T04:29:31+00:00\",\"author\":{\"@id\":\"https:\/\/vof-news.eu\/de\/#\/schema\/person\/f6a2a4309f0561835797fd8c19b333ed\"},\"description\":\"\u00dcber den Ursprung des 28-Punkte-Plans\u00a0zur Beendigung des russischen\",\"breadcrumb\":{\"@id\":\"https:\/\/vof-news.eu\/de\/28-punkte-plan-stammt-laut-senatoren-nicht-von-der-us-regierung\/#breadcrumb\"},\"inLanguage\":\"de\",\"potentialAction\":[{\"@type\":\"ReadAction\",\"target\":[\"https:\/\/vof-news.eu\/de\/28-punkte-plan-stammt-laut-senatoren-nicht-von-der-us-regierung\/\"]}]},{\"@type\":\"ImageObject\",\"inLanguage\":\"de\",\"@id\":\"https:\/\/vof-news.eu\/de\/28-punkte-plan-stammt-laut-senatoren-nicht-von-der-us-regierung\/#primaryimage\",\"url\":\"https:\/\/vof-news.eu\/wp-content\/uploads\/2025\/11\/wide__1000x562-75.jpg\",\"contentUrl\":\"https:\/\/vof-news.eu\/wp-content\/uploads\/2025\/11\/wide__1000x562-75.jpg\",\"width\":1000,\"height\":562},{\"@type\":\"BreadcrumbList\",\"@id\":\"https:\/\/vof-news.eu\/de\/28-punkte-plan-stammt-laut-senatoren-nicht-von-der-us-regierung\/#breadcrumb\",\"itemListElement\":[{\"@type\":\"ListItem\",\"position\":1,\"name\":\"Home\",\"item\":\"https:\/\/vof-news.eu\/de\/\"},{\"@type\":\"ListItem\",\"position\":2,\"name\":\"28-Punkte-Plan stammt laut Senatoren nicht von der US-Regierung\"}]},{\"@type\":\"WebSite\",\"@id\":\"https:\/\/vof-news.eu\/de\/#website\",\"url\":\"https:\/\/vof-news.eu\/de\/\",\"name\":\"vof-news.eu\",\"description\":\"\",\"potentialAction\":[{\"@type\":\"SearchAction\",\"target\":{\"@type\":\"EntryPoint\",\"urlTemplate\":\"https:\/\/vof-news.eu\/de\/?s={search_term_string}\"},\"query-input\":\"required name=search_term_string\"}],\"inLanguage\":\"de\"},{\"@type\":\"Person\",\"@id\":\"https:\/\/vof-news.eu\/de\/#\/schema\/person\/f6a2a4309f0561835797fd8c19b333ed\",\"name\":\"Author\",\"image\":{\"@type\":\"ImageObject\",\"inLanguage\":\"de\",\"@id\":\"https:\/\/vof-news.eu\/de\/#\/schema\/person\/image\/\",\"url\":\"https:\/\/secure.gravatar.com\/avatar\/b67e614b1b25b3e9c0c239efdd2fde5ab015b5affd6f1c3c85911ca4b384e790?s=96&d=mm&r=g\",\"contentUrl\":\"https:\/\/secure.gravatar.com\/avatar\/b67e614b1b25b3e9c0c239efdd2fde5ab015b5affd6f1c3c85911ca4b384e790?s=96&d=mm&r=g\",\"caption\":\"Author\"},\"sameAs\":[\"http:\/\/vof-news.eu\"],\"url\":\"https:\/\/vof-news.eu\/de\/author\/zwt6qxnjulxbnyg\/\"}]}<\/script>\n<!-- \/ Yoast SEO plugin. -->","yoast_head_json":{"title":"28-Punkte-Plan stammt laut Senatoren nicht von der US-Regierung - vof-news.eu","description":"\u00dcber den Ursprung des 28-Punkte-Plans\u00a0zur Beendigung des russischen","robots":{"index":"noindex","follow":"follow","max-snippet":"max-snippet:-1","max-image-preview":"max-image-preview:large","max-video-preview":"max-video-preview:-1"},"og_locale":"de_DE","og_type":"article","og_title":"28-Punkte-Plan stammt laut Senatoren nicht von der US-Regierung - vof-news.eu","og_description":"\u00dcber den Ursprung des 28-Punkte-Plans\u00a0zur Beendigung des russischen","og_url":"https:\/\/vof-news.eu\/de\/28-punkte-plan-stammt-laut-senatoren-nicht-von-der-us-regierung\/","og_site_name":"vof-news.eu","article_published_time":"2025-11-23T04:28:10+00:00","article_modified_time":"2025-11-23T04:29:31+00:00","og_image":[{"width":1000,"height":562,"url":"https:\/\/vof-news.eu\/wp-content\/uploads\/2025\/11\/wide__1000x562-75.jpg","type":"image\/jpeg"}],"author":"Author","twitter_card":"summary_large_image","twitter_misc":{"Verfasst von":"Author","Gesch\u00e4tzte Lesezeit":"2\u00a0Minuten"},"schema":{"@context":"https:\/\/schema.org","@graph":[{"@type":"WebPage","@id":"https:\/\/vof-news.eu\/de\/28-punkte-plan-stammt-laut-senatoren-nicht-von-der-us-regierung\/","url":"https:\/\/vof-news.eu\/de\/28-punkte-plan-stammt-laut-senatoren-nicht-von-der-us-regierung\/","name":"28-Punkte-Plan stammt laut Senatoren nicht von der US-Regierung - vof-news.eu","isPartOf":{"@id":"https:\/\/vof-news.eu\/de\/#website"},"primaryImageOfPage":{"@id":"https:\/\/vof-news.eu\/de\/28-punkte-plan-stammt-laut-senatoren-nicht-von-der-us-regierung\/#primaryimage"},"image":{"@id":"https:\/\/vof-news.eu\/de\/28-punkte-plan-stammt-laut-senatoren-nicht-von-der-us-regierung\/#primaryimage"},"thumbnailUrl":"https:\/\/vof-news.eu\/wp-content\/uploads\/2025\/11\/wide__1000x562-75.jpg","datePublished":"2025-11-23T04:28:10+00:00","dateModified":"2025-11-23T04:29:31+00:00","author":{"@id":"https:\/\/vof-news.eu\/de\/#\/schema\/person\/f6a2a4309f0561835797fd8c19b333ed"},"description":"\u00dcber den Ursprung des 28-Punkte-Plans\u00a0zur Beendigung des russischen","breadcrumb":{"@id":"https:\/\/vof-news.eu\/de\/28-punkte-plan-stammt-laut-senatoren-nicht-von-der-us-regierung\/#breadcrumb"},"inLanguage":"de","potentialAction":[{"@type":"ReadAction","target":["https:\/\/vof-news.eu\/de\/28-punkte-plan-stammt-laut-senatoren-nicht-von-der-us-regierung\/"]}]},{"@type":"ImageObject","inLanguage":"de","@id":"https:\/\/vof-news.eu\/de\/28-punkte-plan-stammt-laut-senatoren-nicht-von-der-us-regierung\/#primaryimage","url":"https:\/\/vof-news.eu\/wp-content\/uploads\/2025\/11\/wide__1000x562-75.jpg","contentUrl":"https:\/\/vof-news.eu\/wp-content\/uploads\/2025\/11\/wide__1000x562-75.jpg","width":1000,"height":562},{"@type":"BreadcrumbList","@id":"https:\/\/vof-news.eu\/de\/28-punkte-plan-stammt-laut-senatoren-nicht-von-der-us-regierung\/#breadcrumb","itemListElement":[{"@type":"ListItem","position":1,"name":"Home","item":"https:\/\/vof-news.eu\/de\/"},{"@type":"ListItem","position":2,"name":"28-Punkte-Plan stammt laut Senatoren nicht von der US-Regierung"}]},{"@type":"WebSite","@id":"https:\/\/vof-news.eu\/de\/#website","url":"https:\/\/vof-news.eu\/de\/","name":"vof-news.eu","description":"","potentialAction":[{"@type":"SearchAction","target":{"@type":"EntryPoint","urlTemplate":"https:\/\/vof-news.eu\/de\/?s={search_term_string}"},"query-input":"required name=search_term_string"}],"inLanguage":"de"},{"@type":"Person","@id":"https:\/\/vof-news.eu\/de\/#\/schema\/person\/f6a2a4309f0561835797fd8c19b333ed","name":"Author","image":{"@type":"ImageObject","inLanguage":"de","@id":"https:\/\/vof-news.eu\/de\/#\/schema\/person\/image\/","url":"https:\/\/secure.gravatar.com\/avatar\/b67e614b1b25b3e9c0c239efdd2fde5ab015b5affd6f1c3c85911ca4b384e790?s=96&d=mm&r=g","contentUrl":"https:\/\/secure.gravatar.com\/avatar\/b67e614b1b25b3e9c0c239efdd2fde5ab015b5affd6f1c3c85911ca4b384e790?s=96&d=mm&r=g","caption":"Author"},"sameAs":["http:\/\/vof-news.eu"],"url":"https:\/\/vof-news.eu\/de\/author\/zwt6qxnjulxbnyg\/"}]}},"yoast_meta":{"yoast_wpseo_title":"","yoast_wpseo_metadesc":"","yoast_wpseo_canonical":""},"_links":{"self":[{"href":"https:\/\/vof-news.eu\/de\/wp-json\/wp\/v2\/posts\/299846","targetHints":{"allow":["GET"]}}],"collection":[{"href":"https:\/\/vof-news.eu\/de\/wp-json\/wp\/v2\/posts"}],"about":[{"href":"https:\/\/vof-news.eu\/de\/wp-json\/wp\/v2\/types\/post"}],"author":[{"embeddable":true,"href":"https:\/\/vof-news.eu\/de\/wp-json\/wp\/v2\/users\/1"}],"replies":[{"embeddable":true,"href":"https:\/\/vof-news.eu\/de\/wp-json\/wp\/v2\/comments?post=299846"}],"version-history":[{"count":1,"href":"https:\/\/vof-news.eu\/de\/wp-json\/wp\/v2\/posts\/299846\/revisions"}],"predecessor-version":[{"id":299853,"href":"https:\/\/vof-news.eu\/de\/wp-json\/wp\/v2\/posts\/299846\/revisions\/299853"}],"wp:featuredmedia":[{"embeddable":true,"href":"https:\/\/vof-news.eu\/de\/wp-json\/wp\/v2\/media\/299847"}],"wp:attachment":[{"href":"https:\/\/vof-news.eu\/de\/wp-json\/wp\/v2\/media?parent=299846"}],"wp:term":[{"taxonomy":"category","embeddable":true,"href":"https:\/\/vof-news.eu\/de\/wp-json\/wp\/v2\/categories?post=299846"},{"taxonomy":"post_tag","embeddable":true,"href":"https:\/\/vof-news.eu\/de\/wp-json\/wp\/v2\/tags?post=299846"}],"curies":[{"name":"wp","href":"https:\/\/api.w.org\/{rel}","templated":true}]}}