{"id":299838,"date":"2025-11-23T05:28:08","date_gmt":"2025-11-23T02:28:08","guid":{"rendered":"https:\/\/vof-news.eu\/deutschland-will-sich-fur-fairen-dauerhaften-frieden-einsetzen\/"},"modified":"2025-11-23T05:28:55","modified_gmt":"2025-11-23T02:28:55","slug":"deutschland-will-sich-fur-fairen-dauerhaften-frieden-einsetzen","status":"publish","type":"post","link":"https:\/\/vof-news.eu\/de\/deutschland-will-sich-fur-fairen-dauerhaften-frieden-einsetzen\/","title":{"rendered":"Deutschland will sich f\u00fcr &#8222;fairen dauerhaften Frieden&#8220; einsetzen"},"content":{"rendered":"<div>\n<p>W\u00e4hrend der anhaltenden Diskussionen \u00fcber den US-Plan zur Beendigung des russischen<br \/>\nAngriffskriegs hat am Samstag der Nationale Sicherheitsrat der<br \/>\nBundesregierung getagt. Das Gremium habe unter dem Vorsitz von Bundeskanzler <span><a href=\"https:\/\/www.zeit.de\/thema\/friedrich-merz\" rel=\"nofollow\">Friedrich<br \/>\nMerz<\/a><\/span> (CDU) &#8222;die aktuellen Entwicklungen mit Blick auf den Krieg gegen<br \/>\ndie Ukraine er\u00f6rtert&#8220;, teilte<br \/>\nRegierungssprecher Stefan Kornelius mit.\u00a0\n<\/p>\n<p>Merz, der am Samstag am<br \/>\n<span><a href=\"https:\/\/www.zeit.de\/thema\/g20-gipfel\" rel=\"nofollow\">G20-Gipfel<\/a><\/span> in S\u00fcdafrika teilnahm, informierte demnach die anderen Ratsmitglieder &#8222;\u00fcber<br \/>\nseine Gespr\u00e4che mit europ\u00e4ischen und internationalen Partnern&#8220;. Der Nationale Sicherheitsrat habe &#8222;bekr\u00e4ftigt,<br \/>\ndass Deutschland sich am Prozess der Aushandlung eines fairen und<br \/>\ndauerhaften Friedens f\u00fcr die Ukraine weiterhin mit gro\u00dfem Engagement beteiligen wird&#8220;, sagte Kornelius.\u00a0\n<\/p>\n<h2>Hochrangige Delegation reist in die Schweiz<\/h2>\n<p>Die US-Regierung hatte der Regierung in Kyjiw vor wenigen Tagen einen &#8222;<a href=\"https:\/\/www.zeit.de\/politik\/ausland\/2025-11\/usa-friedensplan-ukraine-russland-trump\" rel=\"nofollow\">28-Punkte-Plan zur Beendigung des Krieges<\/a>&#8220; vorgelegt, der Russland in<br \/>\n zentralen Forderungen weit entgegenkommt. Zudem \u00fcberschreitet er mehrere rote Linien der <span><a href=\"https:\/\/www.zeit.de\/politik\/ausland\/ukraine-krieg-news-liveblog\" rel=\"nofollow\">Ukraine<\/a><\/span>: So verlangt er von der Ukraine Zugest\u00e4ndnisse wie die Abtretung gro\u00dfer Gebiete in der<br \/>\nOstukraine an Russland, eine Begrenzung der Truppenst\u00e4rke und den<br \/>\nVerzicht auf einen Nato-Beitritt.<br \/>\nF\u00fcr Sonntag sind in der <a href=\"https:\/\/www.zeit.de\/politik\/ausland\/2025-11\/ukraine-usa-friedensplan-beratungen-schweiz\" rel=\"nofollow\">Schweiz Verhandlungen zwischen den USA, der Ukraine<br \/>\n und deren europ\u00e4ischen Verb\u00fcndeten<\/a> geplant. Zum ukrainischen Verhandlungsteam geh\u00f6ren neun hochrangige Sicherheitsbeamte, darunter Pr\u00e4sidialamtschef Andrij Jermak und Sicherheitsratschef Rustem Umjerow. Es hie\u00df, auch russische Vertreter w\u00fcrden an den Gespr\u00e4chen teilnehmen, es gab daf\u00fcr aus Russland jedoch zun\u00e4chst keine Best\u00e4tigung.\n<\/p>\n<p>Der ukrainische<br \/>\nPr\u00e4sident Wolodymyr Selenskyj hatte den US-Plan am Freitag in seiner<br \/>\naktuellen Form zur\u00fcckgewiesen und angek\u00fcndigt, Alternativen vorzulegen. Die westlichen Verb\u00fcndeten der Ukraine sagten, der <a href=\"https:\/\/www.zeit.de\/politik\/ausland\/2025-11\/eu-regierungschefs-lehnen-teile-des-us-plans-fuer-die-ukraine-ab\" rel=\"nofollow\">US-Plan erfordere &#8222;zus\u00e4tzliche Arbeit&#8220;<\/a>. Merz sagte, dass es eine Einigung nur mit &#8222;uneingeschr\u00e4nkter Zustimmung&#8220; der Ukraine geben k\u00f6nne.\u00a0\n<\/p>\n<h2>Nationaler Sicherheitsrat reagiert auf Russland<\/h2>\n<p>Der neue Sicherheitsrat der <span><a href=\"https:\/\/www.zeit.de\/thema\/bundesregierung\" rel=\"nofollow\">Bundesregierung<\/a><\/span> war<br \/>\n<a href=\"https:\/\/www.zeit.de\/politik\/deutschland\/2025-11\/koalitionsvertrag-nationaler-sicherheitsrat-erste-sitzung\" rel=\"nofollow\">Anfang November zu seiner konstituierenden Sitzung<\/a>\u00a0zusammengekommen.\u00a0In dieser ersten Sitzung hatte der Rat einen Aktionsplan zur Abwehr &#8222;<a href=\"https:\/\/www.zeit.de\/politik\/2025-10\/hybride-kriegsfuehrung-russland-nato-eu-politikpodcast\" rel=\"nofollow\">hybrider Bedrohungen<\/a>&#8220;\u00a0beschlossen \u2013 als Reaktion vor allem auf die wachsende Anzahl hybrider Bedrohungen von Russland.\n<\/p>\n<p>In dem neuen Gremium sollen Fragen der deutschen Sicherheitspolitik an<br \/>\nzentraler Stelle im Bundeskanzleramt geb\u00fcndelt und nicht<br \/>\nder Zust\u00e4ndigkeit verschiedener Ministerien und Beh\u00f6rden \u00fcberlassen werden.<br \/>\nSt\u00e4ndige Mitglieder des Rats sind der<br \/>\nBundeskanzler sowie die Ministerinnen und Minister f\u00fcr Finanzen,<br \/>\nVerteidigung, Inneres, Ausw\u00e4rtiges, Wirtschaft, Justiz, Digitalisierung,<br \/>\n Entwicklung sowie der Chef des Bundeskanzleramts. Hinzugebeten werden<br \/>\nk\u00f6nnen je nach Thema weitere Minister, Vertreter von Bundeswehr und<br \/>\nPolizei sowie die Geheimdienstchefs.\n<\/p>\n<\/div>\n","protected":false},"excerpt":{"rendered":"<p>W\u00e4hrend der anhaltenden Diskussionen \u00fcber den US-Plan zur Beendigung des russischen Angriffskriegs hat am Samstag der Nationale Sicherheitsrat der Bundesregierung getagt. Das Gremium habe unter dem Vorsitz von Bundeskanzler Friedrich Merz (CDU) &#8222;die aktuellen Entwicklungen mit Blick auf den Krieg gegen die Ukraine er\u00f6rtert&#8220;, teilte Regierungssprecher Stefan Kornelius mit.\u00a0 Merz, der am Samstag am G20-Gipfel<\/p>\n","protected":false},"author":1,"featured_media":299839,"comment_status":"open","ping_status":"open","sticky":false,"template":"","format":"standard","meta":{"footnotes":""},"categories":[116],"tags":[],"class_list":["post-299838","post","type-post","status-publish","format-standard","has-post-thumbnail","hentry","category-war-chronicles-de"],"acf":[],"yoast_head":"<!-- This site is optimized with the Yoast SEO plugin v22.9 - https:\/\/yoast.com\/wordpress\/plugins\/seo\/ -->\n<title>Deutschland will sich f\u00fcr &quot;fairen dauerhaften Frieden&quot; einsetzen - vof-news.eu<\/title>\n<meta name=\"description\" content=\"W\u00e4hrend der anhaltenden Diskussionen \u00fcber den US-Plan zur Beendigung des russischen\" \/>\n<meta name=\"robots\" content=\"noindex, follow, max-snippet:-1, max-image-preview:large, max-video-preview:-1\" \/>\n<meta property=\"og:locale\" content=\"de_DE\" \/>\n<meta property=\"og:type\" content=\"article\" \/>\n<meta property=\"og:title\" content=\"Deutschland will sich f\u00fcr &quot;fairen dauerhaften Frieden&quot; einsetzen - vof-news.eu\" \/>\n<meta property=\"og:description\" content=\"W\u00e4hrend der anhaltenden Diskussionen \u00fcber den US-Plan zur Beendigung des russischen\" \/>\n<meta property=\"og:url\" content=\"https:\/\/vof-news.eu\/de\/deutschland-will-sich-fur-fairen-dauerhaften-frieden-einsetzen\/\" \/>\n<meta property=\"og:site_name\" content=\"vof-news.eu\" \/>\n<meta property=\"article:published_time\" content=\"2025-11-23T02:28:08+00:00\" \/>\n<meta property=\"article:modified_time\" content=\"2025-11-23T02:28:55+00:00\" \/>\n<meta property=\"og:image\" content=\"https:\/\/vof-news.eu\/wp-content\/uploads\/2025\/11\/wide__1000x562-74.jpg\" \/>\n\t<meta property=\"og:image:width\" content=\"1000\" \/>\n\t<meta property=\"og:image:height\" content=\"562\" \/>\n\t<meta property=\"og:image:type\" content=\"image\/jpeg\" \/>\n<meta name=\"author\" content=\"Author\" \/>\n<meta name=\"twitter:card\" content=\"summary_large_image\" \/>\n<meta name=\"twitter:label1\" content=\"Verfasst von\" \/>\n\t<meta name=\"twitter:data1\" content=\"Author\" \/>\n\t<meta name=\"twitter:label2\" content=\"Gesch\u00e4tzte Lesezeit\" \/>\n\t<meta name=\"twitter:data2\" content=\"2\u00a0Minuten\" \/>\n<script type=\"application\/ld+json\" class=\"yoast-schema-graph\">{\"@context\":\"https:\/\/schema.org\",\"@graph\":[{\"@type\":\"WebPage\",\"@id\":\"https:\/\/vof-news.eu\/de\/deutschland-will-sich-fur-fairen-dauerhaften-frieden-einsetzen\/\",\"url\":\"https:\/\/vof-news.eu\/de\/deutschland-will-sich-fur-fairen-dauerhaften-frieden-einsetzen\/\",\"name\":\"Deutschland will sich f\u00fcr \\\"fairen dauerhaften Frieden\\\" einsetzen - vof-news.eu\",\"isPartOf\":{\"@id\":\"https:\/\/vof-news.eu\/de\/#website\"},\"primaryImageOfPage\":{\"@id\":\"https:\/\/vof-news.eu\/de\/deutschland-will-sich-fur-fairen-dauerhaften-frieden-einsetzen\/#primaryimage\"},\"image\":{\"@id\":\"https:\/\/vof-news.eu\/de\/deutschland-will-sich-fur-fairen-dauerhaften-frieden-einsetzen\/#primaryimage\"},\"thumbnailUrl\":\"https:\/\/vof-news.eu\/wp-content\/uploads\/2025\/11\/wide__1000x562-74.jpg\",\"datePublished\":\"2025-11-23T02:28:08+00:00\",\"dateModified\":\"2025-11-23T02:28:55+00:00\",\"author\":{\"@id\":\"https:\/\/vof-news.eu\/de\/#\/schema\/person\/f6a2a4309f0561835797fd8c19b333ed\"},\"description\":\"W\u00e4hrend der anhaltenden Diskussionen \u00fcber den US-Plan zur Beendigung des russischen\",\"breadcrumb\":{\"@id\":\"https:\/\/vof-news.eu\/de\/deutschland-will-sich-fur-fairen-dauerhaften-frieden-einsetzen\/#breadcrumb\"},\"inLanguage\":\"de\",\"potentialAction\":[{\"@type\":\"ReadAction\",\"target\":[\"https:\/\/vof-news.eu\/de\/deutschland-will-sich-fur-fairen-dauerhaften-frieden-einsetzen\/\"]}]},{\"@type\":\"ImageObject\",\"inLanguage\":\"de\",\"@id\":\"https:\/\/vof-news.eu\/de\/deutschland-will-sich-fur-fairen-dauerhaften-frieden-einsetzen\/#primaryimage\",\"url\":\"https:\/\/vof-news.eu\/wp-content\/uploads\/2025\/11\/wide__1000x562-74.jpg\",\"contentUrl\":\"https:\/\/vof-news.eu\/wp-content\/uploads\/2025\/11\/wide__1000x562-74.jpg\",\"width\":1000,\"height\":562},{\"@type\":\"BreadcrumbList\",\"@id\":\"https:\/\/vof-news.eu\/de\/deutschland-will-sich-fur-fairen-dauerhaften-frieden-einsetzen\/#breadcrumb\",\"itemListElement\":[{\"@type\":\"ListItem\",\"position\":1,\"name\":\"Home\",\"item\":\"https:\/\/vof-news.eu\/de\/\"},{\"@type\":\"ListItem\",\"position\":2,\"name\":\"Deutschland will sich f\u00fcr &#8220;fairen dauerhaften Frieden&#8221; einsetzen\"}]},{\"@type\":\"WebSite\",\"@id\":\"https:\/\/vof-news.eu\/de\/#website\",\"url\":\"https:\/\/vof-news.eu\/de\/\",\"name\":\"vof-news.eu\",\"description\":\"\",\"potentialAction\":[{\"@type\":\"SearchAction\",\"target\":{\"@type\":\"EntryPoint\",\"urlTemplate\":\"https:\/\/vof-news.eu\/de\/?s={search_term_string}\"},\"query-input\":\"required name=search_term_string\"}],\"inLanguage\":\"de\"},{\"@type\":\"Person\",\"@id\":\"https:\/\/vof-news.eu\/de\/#\/schema\/person\/f6a2a4309f0561835797fd8c19b333ed\",\"name\":\"Author\",\"image\":{\"@type\":\"ImageObject\",\"inLanguage\":\"de\",\"@id\":\"https:\/\/vof-news.eu\/de\/#\/schema\/person\/image\/\",\"url\":\"https:\/\/secure.gravatar.com\/avatar\/b67e614b1b25b3e9c0c239efdd2fde5ab015b5affd6f1c3c85911ca4b384e790?s=96&d=mm&r=g\",\"contentUrl\":\"https:\/\/secure.gravatar.com\/avatar\/b67e614b1b25b3e9c0c239efdd2fde5ab015b5affd6f1c3c85911ca4b384e790?s=96&d=mm&r=g\",\"caption\":\"Author\"},\"sameAs\":[\"http:\/\/vof-news.eu\"],\"url\":\"https:\/\/vof-news.eu\/de\/author\/zwt6qxnjulxbnyg\/\"}]}<\/script>\n<!-- \/ Yoast SEO plugin. -->","yoast_head_json":{"title":"Deutschland will sich f\u00fcr \"fairen dauerhaften Frieden\" einsetzen - vof-news.eu","description":"W\u00e4hrend der anhaltenden Diskussionen \u00fcber den US-Plan zur Beendigung des russischen","robots":{"index":"noindex","follow":"follow","max-snippet":"max-snippet:-1","max-image-preview":"max-image-preview:large","max-video-preview":"max-video-preview:-1"},"og_locale":"de_DE","og_type":"article","og_title":"Deutschland will sich f\u00fcr \"fairen dauerhaften Frieden\" einsetzen - vof-news.eu","og_description":"W\u00e4hrend der anhaltenden Diskussionen \u00fcber den US-Plan zur Beendigung des russischen","og_url":"https:\/\/vof-news.eu\/de\/deutschland-will-sich-fur-fairen-dauerhaften-frieden-einsetzen\/","og_site_name":"vof-news.eu","article_published_time":"2025-11-23T02:28:08+00:00","article_modified_time":"2025-11-23T02:28:55+00:00","og_image":[{"width":1000,"height":562,"url":"https:\/\/vof-news.eu\/wp-content\/uploads\/2025\/11\/wide__1000x562-74.jpg","type":"image\/jpeg"}],"author":"Author","twitter_card":"summary_large_image","twitter_misc":{"Verfasst von":"Author","Gesch\u00e4tzte Lesezeit":"2\u00a0Minuten"},"schema":{"@context":"https:\/\/schema.org","@graph":[{"@type":"WebPage","@id":"https:\/\/vof-news.eu\/de\/deutschland-will-sich-fur-fairen-dauerhaften-frieden-einsetzen\/","url":"https:\/\/vof-news.eu\/de\/deutschland-will-sich-fur-fairen-dauerhaften-frieden-einsetzen\/","name":"Deutschland will sich f\u00fcr \"fairen dauerhaften Frieden\" einsetzen - vof-news.eu","isPartOf":{"@id":"https:\/\/vof-news.eu\/de\/#website"},"primaryImageOfPage":{"@id":"https:\/\/vof-news.eu\/de\/deutschland-will-sich-fur-fairen-dauerhaften-frieden-einsetzen\/#primaryimage"},"image":{"@id":"https:\/\/vof-news.eu\/de\/deutschland-will-sich-fur-fairen-dauerhaften-frieden-einsetzen\/#primaryimage"},"thumbnailUrl":"https:\/\/vof-news.eu\/wp-content\/uploads\/2025\/11\/wide__1000x562-74.jpg","datePublished":"2025-11-23T02:28:08+00:00","dateModified":"2025-11-23T02:28:55+00:00","author":{"@id":"https:\/\/vof-news.eu\/de\/#\/schema\/person\/f6a2a4309f0561835797fd8c19b333ed"},"description":"W\u00e4hrend der anhaltenden Diskussionen \u00fcber den US-Plan zur Beendigung des russischen","breadcrumb":{"@id":"https:\/\/vof-news.eu\/de\/deutschland-will-sich-fur-fairen-dauerhaften-frieden-einsetzen\/#breadcrumb"},"inLanguage":"de","potentialAction":[{"@type":"ReadAction","target":["https:\/\/vof-news.eu\/de\/deutschland-will-sich-fur-fairen-dauerhaften-frieden-einsetzen\/"]}]},{"@type":"ImageObject","inLanguage":"de","@id":"https:\/\/vof-news.eu\/de\/deutschland-will-sich-fur-fairen-dauerhaften-frieden-einsetzen\/#primaryimage","url":"https:\/\/vof-news.eu\/wp-content\/uploads\/2025\/11\/wide__1000x562-74.jpg","contentUrl":"https:\/\/vof-news.eu\/wp-content\/uploads\/2025\/11\/wide__1000x562-74.jpg","width":1000,"height":562},{"@type":"BreadcrumbList","@id":"https:\/\/vof-news.eu\/de\/deutschland-will-sich-fur-fairen-dauerhaften-frieden-einsetzen\/#breadcrumb","itemListElement":[{"@type":"ListItem","position":1,"name":"Home","item":"https:\/\/vof-news.eu\/de\/"},{"@type":"ListItem","position":2,"name":"Deutschland will sich f\u00fcr &#8220;fairen dauerhaften Frieden&#8221; einsetzen"}]},{"@type":"WebSite","@id":"https:\/\/vof-news.eu\/de\/#website","url":"https:\/\/vof-news.eu\/de\/","name":"vof-news.eu","description":"","potentialAction":[{"@type":"SearchAction","target":{"@type":"EntryPoint","urlTemplate":"https:\/\/vof-news.eu\/de\/?s={search_term_string}"},"query-input":"required name=search_term_string"}],"inLanguage":"de"},{"@type":"Person","@id":"https:\/\/vof-news.eu\/de\/#\/schema\/person\/f6a2a4309f0561835797fd8c19b333ed","name":"Author","image":{"@type":"ImageObject","inLanguage":"de","@id":"https:\/\/vof-news.eu\/de\/#\/schema\/person\/image\/","url":"https:\/\/secure.gravatar.com\/avatar\/b67e614b1b25b3e9c0c239efdd2fde5ab015b5affd6f1c3c85911ca4b384e790?s=96&d=mm&r=g","contentUrl":"https:\/\/secure.gravatar.com\/avatar\/b67e614b1b25b3e9c0c239efdd2fde5ab015b5affd6f1c3c85911ca4b384e790?s=96&d=mm&r=g","caption":"Author"},"sameAs":["http:\/\/vof-news.eu"],"url":"https:\/\/vof-news.eu\/de\/author\/zwt6qxnjulxbnyg\/"}]}},"yoast_meta":{"yoast_wpseo_title":"","yoast_wpseo_metadesc":"","yoast_wpseo_canonical":""},"_links":{"self":[{"href":"https:\/\/vof-news.eu\/de\/wp-json\/wp\/v2\/posts\/299838","targetHints":{"allow":["GET"]}}],"collection":[{"href":"https:\/\/vof-news.eu\/de\/wp-json\/wp\/v2\/posts"}],"about":[{"href":"https:\/\/vof-news.eu\/de\/wp-json\/wp\/v2\/types\/post"}],"author":[{"embeddable":true,"href":"https:\/\/vof-news.eu\/de\/wp-json\/wp\/v2\/users\/1"}],"replies":[{"embeddable":true,"href":"https:\/\/vof-news.eu\/de\/wp-json\/wp\/v2\/comments?post=299838"}],"version-history":[{"count":1,"href":"https:\/\/vof-news.eu\/de\/wp-json\/wp\/v2\/posts\/299838\/revisions"}],"predecessor-version":[{"id":299845,"href":"https:\/\/vof-news.eu\/de\/wp-json\/wp\/v2\/posts\/299838\/revisions\/299845"}],"wp:featuredmedia":[{"embeddable":true,"href":"https:\/\/vof-news.eu\/de\/wp-json\/wp\/v2\/media\/299839"}],"wp:attachment":[{"href":"https:\/\/vof-news.eu\/de\/wp-json\/wp\/v2\/media?parent=299838"}],"wp:term":[{"taxonomy":"category","embeddable":true,"href":"https:\/\/vof-news.eu\/de\/wp-json\/wp\/v2\/categories?post=299838"},{"taxonomy":"post_tag","embeddable":true,"href":"https:\/\/vof-news.eu\/de\/wp-json\/wp\/v2\/tags?post=299838"}],"curies":[{"name":"wp","href":"https:\/\/api.w.org\/{rel}","templated":true}]}}