{"id":299744,"date":"2025-11-22T17:28:07","date_gmt":"2025-11-22T14:28:07","guid":{"rendered":"https:\/\/vof-news.eu\/eu-regierungschefs-lehnen-teile-des-us-plans-fur-die-ukraine-ab\/"},"modified":"2025-11-22T17:29:25","modified_gmt":"2025-11-22T14:29:25","slug":"eu-regierungschefs-lehnen-teile-des-us-plans-fur-die-ukraine-ab","status":"publish","type":"post","link":"https:\/\/vof-news.eu\/de\/eu-regierungschefs-lehnen-teile-des-us-plans-fur-die-ukraine-ab\/","title":{"rendered":"EU-Regierungschefs lehnen Teile des US-Plans f\u00fcr die Ukraine ab"},"content":{"rendered":"<div>\n<p>Mehrere f\u00fchrende Unterst\u00fctzer der <span><a href=\"https:\/\/www.zeit.de\/politik\/ausland\/ukraine-krieg-news-liveblog\" rel=\"nofollow\">Ukraine<\/a><\/span>, darunter auch Deutschland, lehnen den US-Plan f\u00fcr ein Ende des russischen Angriffskrieges gegen das Land in der derzeitigen Form ab. An dem aktuellen Entwurf sei noch &#8222;zus\u00e4tzliche Arbeit&#8220; notwendig, hie\u00df es in einer gemeinsamen Stellungnahme.\n<\/p>\n<p>Am Sonntag wollen Vertreter europ\u00e4ischer Staaten mit den USA und der Ukraine \u00fcber den US-Friedensplan sprechen. Das Treffen werde in Genf stattfinden, wie die Nachrichtenagentur dpa unter Berufung auf deutsche Regierungskreisen berichtet.\n<\/p>\n<p>Die Regierungschefs trafen sich\u00a0am Rande des G20-Gipfels in Johannesburg. Der\u00a0Gipfel\u00a0steht im Zeichen des US-Plans f\u00fcr die Ukraine. Vertreter von USA und Russland hatten diesen ohne die Beteiligung der ukrainischen Regierung und der europ\u00e4ischen Partner ausgehandelt.\n<\/p>\n<p>Die Unterst\u00fctzung der Teilnehmer f\u00fcr die Ukraine zeigte sich auch in der Gipfelerkl\u00e4rung. Gem\u00e4\u00df den Prinzipien der UN-Charta setzten sie sich f\u00fcr einen &#8222;gerechten, umfassenden und dauerhaften Frieden&#8220; im Sudan, der Demokratischen Republik Kongo, den besetzten Pal\u00e4stinensergebieten und der Ukraine ein, hei\u00dft es darin.\n<\/p>\n<p>Das Treffen in S\u00fcdafrika ist der erste G20-Gipfel auf dem afrikanischen Kontinent. Der Gruppe der G20 geh\u00f6ren 19 Staaten, die Europ\u00e4ische und die Afrikanische Union an. Als Gastgeber setzte S\u00fcdafrika die Themenschwerpunkte &#8222;Solidarit\u00e4t, Gleichheit und Nachhaltigkeit&#8220;.\n<\/p>\n<p>\u00dcberschattet wird der Gipfel von der Weigerung der USA, an dem Treffen teilzunehmen. US-Pr\u00e4sident Donald Trump hatte S\u00fcdafrika vorgeworfen, Wei\u00dfe zu diskriminieren, ohne Belege vorzulegen. In S\u00fcdafrika galt bis in die 1990er Jahre eine diskriminierende Politik gegen\u00fcber der Schwarzen Mehrheitsbev\u00f6lkerung, die noch heute zu schlechteren Lebensbedingungen f\u00fcr diese f\u00fchrt. Auch China, Mexiko, Saudi-Arabien und Argentinien sind bei dem Treffen nicht mit ihren h\u00f6chsten Repr\u00e4sentanten vertreten.\n<\/p>\n<\/div>\n","protected":false},"excerpt":{"rendered":"<p>Mehrere f\u00fchrende Unterst\u00fctzer der Ukraine, darunter auch Deutschland, lehnen den US-Plan f\u00fcr ein Ende des russischen Angriffskrieges gegen das Land in der derzeitigen Form ab. An dem aktuellen Entwurf sei noch &#8222;zus\u00e4tzliche Arbeit&#8220; notwendig, hie\u00df es in einer gemeinsamen Stellungnahme. Am Sonntag wollen Vertreter europ\u00e4ischer Staaten mit den USA und der Ukraine \u00fcber den US-Friedensplan<\/p>\n","protected":false},"author":1,"featured_media":299745,"comment_status":"open","ping_status":"open","sticky":false,"template":"","format":"standard","meta":{"footnotes":""},"categories":[116],"tags":[],"class_list":["post-299744","post","type-post","status-publish","format-standard","has-post-thumbnail","hentry","category-war-chronicles-de"],"acf":[],"yoast_head":"<!-- This site is optimized with the Yoast SEO plugin v22.9 - https:\/\/yoast.com\/wordpress\/plugins\/seo\/ -->\n<title>EU-Regierungschefs lehnen Teile des US-Plans f\u00fcr die Ukraine ab - vof-news.eu<\/title>\n<meta name=\"description\" content=\"Mehrere f\u00fchrende Unterst\u00fctzer der Ukraine, darunter auch Deutschland, lehnen den US-Plan f\u00fcr ein Ende des russischen Angriffskrieges gegen das Land in der derzeitigen Form ab. An dem aktuellen Entwurf sei noch &quot;zus\u00e4tzliche Arbeit&quot; notwendig, hie\u00df es in einer gemeinsamen Stellungnahme.\" \/>\n<meta name=\"robots\" content=\"noindex, follow, max-snippet:-1, max-image-preview:large, max-video-preview:-1\" \/>\n<meta property=\"og:locale\" content=\"de_DE\" \/>\n<meta property=\"og:type\" content=\"article\" \/>\n<meta property=\"og:title\" content=\"EU-Regierungschefs lehnen Teile des US-Plans f\u00fcr die Ukraine ab - vof-news.eu\" \/>\n<meta property=\"og:description\" content=\"Mehrere f\u00fchrende Unterst\u00fctzer der Ukraine, darunter auch Deutschland, lehnen den US-Plan f\u00fcr ein Ende des russischen Angriffskrieges gegen das Land in der derzeitigen Form ab. An dem aktuellen Entwurf sei noch &quot;zus\u00e4tzliche Arbeit&quot; notwendig, hie\u00df es in einer gemeinsamen Stellungnahme.\" \/>\n<meta property=\"og:url\" content=\"https:\/\/vof-news.eu\/de\/eu-regierungschefs-lehnen-teile-des-us-plans-fur-die-ukraine-ab\/\" \/>\n<meta property=\"og:site_name\" content=\"vof-news.eu\" \/>\n<meta property=\"article:published_time\" content=\"2025-11-22T14:28:07+00:00\" \/>\n<meta property=\"article:modified_time\" content=\"2025-11-22T14:29:25+00:00\" \/>\n<meta property=\"og:image\" content=\"https:\/\/vof-news.eu\/wp-content\/uploads\/2025\/11\/wide__1000x562-71.jpg\" \/>\n\t<meta property=\"og:image:width\" content=\"1000\" \/>\n\t<meta property=\"og:image:height\" content=\"562\" \/>\n\t<meta property=\"og:image:type\" content=\"image\/jpeg\" \/>\n<meta name=\"author\" content=\"Author\" \/>\n<meta name=\"twitter:card\" content=\"summary_large_image\" \/>\n<meta name=\"twitter:label1\" content=\"Verfasst von\" \/>\n\t<meta name=\"twitter:data1\" content=\"Author\" \/>\n\t<meta name=\"twitter:label2\" content=\"Gesch\u00e4tzte Lesezeit\" \/>\n\t<meta name=\"twitter:data2\" content=\"1\u00a0Minute\" \/>\n<script type=\"application\/ld+json\" class=\"yoast-schema-graph\">{\"@context\":\"https:\/\/schema.org\",\"@graph\":[{\"@type\":\"WebPage\",\"@id\":\"https:\/\/vof-news.eu\/de\/eu-regierungschefs-lehnen-teile-des-us-plans-fur-die-ukraine-ab\/\",\"url\":\"https:\/\/vof-news.eu\/de\/eu-regierungschefs-lehnen-teile-des-us-plans-fur-die-ukraine-ab\/\",\"name\":\"EU-Regierungschefs lehnen Teile des US-Plans f\u00fcr die Ukraine ab - vof-news.eu\",\"isPartOf\":{\"@id\":\"https:\/\/vof-news.eu\/de\/#website\"},\"primaryImageOfPage\":{\"@id\":\"https:\/\/vof-news.eu\/de\/eu-regierungschefs-lehnen-teile-des-us-plans-fur-die-ukraine-ab\/#primaryimage\"},\"image\":{\"@id\":\"https:\/\/vof-news.eu\/de\/eu-regierungschefs-lehnen-teile-des-us-plans-fur-die-ukraine-ab\/#primaryimage\"},\"thumbnailUrl\":\"https:\/\/vof-news.eu\/wp-content\/uploads\/2025\/11\/wide__1000x562-71.jpg\",\"datePublished\":\"2025-11-22T14:28:07+00:00\",\"dateModified\":\"2025-11-22T14:29:25+00:00\",\"author\":{\"@id\":\"https:\/\/vof-news.eu\/de\/#\/schema\/person\/f6a2a4309f0561835797fd8c19b333ed\"},\"description\":\"Mehrere f\u00fchrende Unterst\u00fctzer der Ukraine, darunter auch Deutschland, lehnen den US-Plan f\u00fcr ein Ende des russischen Angriffskrieges gegen das Land in der derzeitigen Form ab. An dem aktuellen Entwurf sei noch \\\"zus\u00e4tzliche Arbeit\\\" notwendig, hie\u00df es in einer gemeinsamen Stellungnahme.\",\"breadcrumb\":{\"@id\":\"https:\/\/vof-news.eu\/de\/eu-regierungschefs-lehnen-teile-des-us-plans-fur-die-ukraine-ab\/#breadcrumb\"},\"inLanguage\":\"de\",\"potentialAction\":[{\"@type\":\"ReadAction\",\"target\":[\"https:\/\/vof-news.eu\/de\/eu-regierungschefs-lehnen-teile-des-us-plans-fur-die-ukraine-ab\/\"]}]},{\"@type\":\"ImageObject\",\"inLanguage\":\"de\",\"@id\":\"https:\/\/vof-news.eu\/de\/eu-regierungschefs-lehnen-teile-des-us-plans-fur-die-ukraine-ab\/#primaryimage\",\"url\":\"https:\/\/vof-news.eu\/wp-content\/uploads\/2025\/11\/wide__1000x562-71.jpg\",\"contentUrl\":\"https:\/\/vof-news.eu\/wp-content\/uploads\/2025\/11\/wide__1000x562-71.jpg\",\"width\":1000,\"height\":562},{\"@type\":\"BreadcrumbList\",\"@id\":\"https:\/\/vof-news.eu\/de\/eu-regierungschefs-lehnen-teile-des-us-plans-fur-die-ukraine-ab\/#breadcrumb\",\"itemListElement\":[{\"@type\":\"ListItem\",\"position\":1,\"name\":\"Home\",\"item\":\"https:\/\/vof-news.eu\/de\/\"},{\"@type\":\"ListItem\",\"position\":2,\"name\":\"EU-Regierungschefs lehnen Teile des US-Plans f\u00fcr die Ukraine ab\"}]},{\"@type\":\"WebSite\",\"@id\":\"https:\/\/vof-news.eu\/de\/#website\",\"url\":\"https:\/\/vof-news.eu\/de\/\",\"name\":\"vof-news.eu\",\"description\":\"\",\"potentialAction\":[{\"@type\":\"SearchAction\",\"target\":{\"@type\":\"EntryPoint\",\"urlTemplate\":\"https:\/\/vof-news.eu\/de\/?s={search_term_string}\"},\"query-input\":\"required name=search_term_string\"}],\"inLanguage\":\"de\"},{\"@type\":\"Person\",\"@id\":\"https:\/\/vof-news.eu\/de\/#\/schema\/person\/f6a2a4309f0561835797fd8c19b333ed\",\"name\":\"Author\",\"image\":{\"@type\":\"ImageObject\",\"inLanguage\":\"de\",\"@id\":\"https:\/\/vof-news.eu\/de\/#\/schema\/person\/image\/\",\"url\":\"https:\/\/secure.gravatar.com\/avatar\/b67e614b1b25b3e9c0c239efdd2fde5ab015b5affd6f1c3c85911ca4b384e790?s=96&d=mm&r=g\",\"contentUrl\":\"https:\/\/secure.gravatar.com\/avatar\/b67e614b1b25b3e9c0c239efdd2fde5ab015b5affd6f1c3c85911ca4b384e790?s=96&d=mm&r=g\",\"caption\":\"Author\"},\"sameAs\":[\"http:\/\/vof-news.eu\"],\"url\":\"https:\/\/vof-news.eu\/de\/author\/zwt6qxnjulxbnyg\/\"}]}<\/script>\n<!-- \/ Yoast SEO plugin. -->","yoast_head_json":{"title":"EU-Regierungschefs lehnen Teile des US-Plans f\u00fcr die Ukraine ab - vof-news.eu","description":"Mehrere f\u00fchrende Unterst\u00fctzer der Ukraine, darunter auch Deutschland, lehnen den US-Plan f\u00fcr ein Ende des russischen Angriffskrieges gegen das Land in der derzeitigen Form ab. An dem aktuellen Entwurf sei noch \"zus\u00e4tzliche Arbeit\" notwendig, hie\u00df es in einer gemeinsamen Stellungnahme.","robots":{"index":"noindex","follow":"follow","max-snippet":"max-snippet:-1","max-image-preview":"max-image-preview:large","max-video-preview":"max-video-preview:-1"},"og_locale":"de_DE","og_type":"article","og_title":"EU-Regierungschefs lehnen Teile des US-Plans f\u00fcr die Ukraine ab - vof-news.eu","og_description":"Mehrere f\u00fchrende Unterst\u00fctzer der Ukraine, darunter auch Deutschland, lehnen den US-Plan f\u00fcr ein Ende des russischen Angriffskrieges gegen das Land in der derzeitigen Form ab. An dem aktuellen Entwurf sei noch \"zus\u00e4tzliche Arbeit\" notwendig, hie\u00df es in einer gemeinsamen Stellungnahme.","og_url":"https:\/\/vof-news.eu\/de\/eu-regierungschefs-lehnen-teile-des-us-plans-fur-die-ukraine-ab\/","og_site_name":"vof-news.eu","article_published_time":"2025-11-22T14:28:07+00:00","article_modified_time":"2025-11-22T14:29:25+00:00","og_image":[{"width":1000,"height":562,"url":"https:\/\/vof-news.eu\/wp-content\/uploads\/2025\/11\/wide__1000x562-71.jpg","type":"image\/jpeg"}],"author":"Author","twitter_card":"summary_large_image","twitter_misc":{"Verfasst von":"Author","Gesch\u00e4tzte Lesezeit":"1\u00a0Minute"},"schema":{"@context":"https:\/\/schema.org","@graph":[{"@type":"WebPage","@id":"https:\/\/vof-news.eu\/de\/eu-regierungschefs-lehnen-teile-des-us-plans-fur-die-ukraine-ab\/","url":"https:\/\/vof-news.eu\/de\/eu-regierungschefs-lehnen-teile-des-us-plans-fur-die-ukraine-ab\/","name":"EU-Regierungschefs lehnen Teile des US-Plans f\u00fcr die Ukraine ab - vof-news.eu","isPartOf":{"@id":"https:\/\/vof-news.eu\/de\/#website"},"primaryImageOfPage":{"@id":"https:\/\/vof-news.eu\/de\/eu-regierungschefs-lehnen-teile-des-us-plans-fur-die-ukraine-ab\/#primaryimage"},"image":{"@id":"https:\/\/vof-news.eu\/de\/eu-regierungschefs-lehnen-teile-des-us-plans-fur-die-ukraine-ab\/#primaryimage"},"thumbnailUrl":"https:\/\/vof-news.eu\/wp-content\/uploads\/2025\/11\/wide__1000x562-71.jpg","datePublished":"2025-11-22T14:28:07+00:00","dateModified":"2025-11-22T14:29:25+00:00","author":{"@id":"https:\/\/vof-news.eu\/de\/#\/schema\/person\/f6a2a4309f0561835797fd8c19b333ed"},"description":"Mehrere f\u00fchrende Unterst\u00fctzer der Ukraine, darunter auch Deutschland, lehnen den US-Plan f\u00fcr ein Ende des russischen Angriffskrieges gegen das Land in der derzeitigen Form ab. An dem aktuellen Entwurf sei noch \"zus\u00e4tzliche Arbeit\" notwendig, hie\u00df es in einer gemeinsamen Stellungnahme.","breadcrumb":{"@id":"https:\/\/vof-news.eu\/de\/eu-regierungschefs-lehnen-teile-des-us-plans-fur-die-ukraine-ab\/#breadcrumb"},"inLanguage":"de","potentialAction":[{"@type":"ReadAction","target":["https:\/\/vof-news.eu\/de\/eu-regierungschefs-lehnen-teile-des-us-plans-fur-die-ukraine-ab\/"]}]},{"@type":"ImageObject","inLanguage":"de","@id":"https:\/\/vof-news.eu\/de\/eu-regierungschefs-lehnen-teile-des-us-plans-fur-die-ukraine-ab\/#primaryimage","url":"https:\/\/vof-news.eu\/wp-content\/uploads\/2025\/11\/wide__1000x562-71.jpg","contentUrl":"https:\/\/vof-news.eu\/wp-content\/uploads\/2025\/11\/wide__1000x562-71.jpg","width":1000,"height":562},{"@type":"BreadcrumbList","@id":"https:\/\/vof-news.eu\/de\/eu-regierungschefs-lehnen-teile-des-us-plans-fur-die-ukraine-ab\/#breadcrumb","itemListElement":[{"@type":"ListItem","position":1,"name":"Home","item":"https:\/\/vof-news.eu\/de\/"},{"@type":"ListItem","position":2,"name":"EU-Regierungschefs lehnen Teile des US-Plans f\u00fcr die Ukraine ab"}]},{"@type":"WebSite","@id":"https:\/\/vof-news.eu\/de\/#website","url":"https:\/\/vof-news.eu\/de\/","name":"vof-news.eu","description":"","potentialAction":[{"@type":"SearchAction","target":{"@type":"EntryPoint","urlTemplate":"https:\/\/vof-news.eu\/de\/?s={search_term_string}"},"query-input":"required name=search_term_string"}],"inLanguage":"de"},{"@type":"Person","@id":"https:\/\/vof-news.eu\/de\/#\/schema\/person\/f6a2a4309f0561835797fd8c19b333ed","name":"Author","image":{"@type":"ImageObject","inLanguage":"de","@id":"https:\/\/vof-news.eu\/de\/#\/schema\/person\/image\/","url":"https:\/\/secure.gravatar.com\/avatar\/b67e614b1b25b3e9c0c239efdd2fde5ab015b5affd6f1c3c85911ca4b384e790?s=96&d=mm&r=g","contentUrl":"https:\/\/secure.gravatar.com\/avatar\/b67e614b1b25b3e9c0c239efdd2fde5ab015b5affd6f1c3c85911ca4b384e790?s=96&d=mm&r=g","caption":"Author"},"sameAs":["http:\/\/vof-news.eu"],"url":"https:\/\/vof-news.eu\/de\/author\/zwt6qxnjulxbnyg\/"}]}},"yoast_meta":{"yoast_wpseo_title":"","yoast_wpseo_metadesc":"","yoast_wpseo_canonical":""},"_links":{"self":[{"href":"https:\/\/vof-news.eu\/de\/wp-json\/wp\/v2\/posts\/299744","targetHints":{"allow":["GET"]}}],"collection":[{"href":"https:\/\/vof-news.eu\/de\/wp-json\/wp\/v2\/posts"}],"about":[{"href":"https:\/\/vof-news.eu\/de\/wp-json\/wp\/v2\/types\/post"}],"author":[{"embeddable":true,"href":"https:\/\/vof-news.eu\/de\/wp-json\/wp\/v2\/users\/1"}],"replies":[{"embeddable":true,"href":"https:\/\/vof-news.eu\/de\/wp-json\/wp\/v2\/comments?post=299744"}],"version-history":[{"count":1,"href":"https:\/\/vof-news.eu\/de\/wp-json\/wp\/v2\/posts\/299744\/revisions"}],"predecessor-version":[{"id":299751,"href":"https:\/\/vof-news.eu\/de\/wp-json\/wp\/v2\/posts\/299744\/revisions\/299751"}],"wp:featuredmedia":[{"embeddable":true,"href":"https:\/\/vof-news.eu\/de\/wp-json\/wp\/v2\/media\/299745"}],"wp:attachment":[{"href":"https:\/\/vof-news.eu\/de\/wp-json\/wp\/v2\/media?parent=299744"}],"wp:term":[{"taxonomy":"category","embeddable":true,"href":"https:\/\/vof-news.eu\/de\/wp-json\/wp\/v2\/categories?post=299744"},{"taxonomy":"post_tag","embeddable":true,"href":"https:\/\/vof-news.eu\/de\/wp-json\/wp\/v2\/tags?post=299744"}],"curies":[{"name":"wp","href":"https:\/\/api.w.org\/{rel}","templated":true}]}}