{"id":299379,"date":"2025-11-21T17:28:07","date_gmt":"2025-11-21T14:28:07","guid":{"rendered":"https:\/\/vof-news.eu\/olaf-scholz-bezeichnet-langen-verzicht-auf-lng-terminals-als-fehler\/"},"modified":"2025-11-21T17:29:14","modified_gmt":"2025-11-21T14:29:14","slug":"olaf-scholz-bezeichnet-langen-verzicht-auf-lng-terminals-als-fehler","status":"publish","type":"post","link":"https:\/\/vof-news.eu\/de\/olaf-scholz-bezeichnet-langen-verzicht-auf-lng-terminals-als-fehler\/","title":{"rendered":"Olaf Scholz bezeichnet langen Verzicht auf LNG-Terminals als Fehler"},"content":{"rendered":"<div>\n<p>Der fr\u00fchere Bundeskanzler Olaf Scholz<br \/>\n(SPD) hat die langj\u00e4hrige Abh\u00e4ngigkeit von russischer Energie als Fehler bezeichnet.\u00a0Er habe nie verstanden, dass Deutschland keine LNG-Terminals neben den Pipelines errichtet habe, um im Fall der F\u00e4lle<br \/>\ndarauf zur\u00fcckgreifen zu k\u00f6nnen, sagte Scholz in Schwerin. Dort wurde er im<br \/>\nLandtag als Zeuge im Untersuchungsausschuss zur umstrittenen Pipeline Nord-Stream<br \/>\n2 befragt.\u00a0\n<\/p>\n<p>Vor dem Bau der Nord Stream 2-Erdgaspipeline<br \/>\ndurch die Ostsee hatten osteurop\u00e4ische L\u00e4nder und die USA immer wieder<br \/>\ngewarnt. Die USA drohten 2020 sogar Sanktionen gegen beteiligte<br \/>\nUnternehmen an. Daraufhin gr\u00fcndete Mecklenburg-Vorpommern eine Stiftung,<br \/>\n um unter deren Dach den Fertigbau der Leitung f\u00fcr russisches<br \/>\nGas abzusichern.\u00a0\n<\/p>\n<p>Die Nord Stream 2 AG, eine Tochtergesellschaft<br \/>\ndes russischen Gazprom-Konzerns, brachte 20 Millionen Euro in die<br \/>\nStiftung ein. Der Untersuchungsausschuss versucht herauszufinden, wer<br \/>\nauf die Idee kam, die Stiftung zu gr\u00fcnden und ob es m\u00f6glicherweise eine<br \/>\nrussische Einflussnahme gab.\n<\/p>\n<p>Scholz sagte,<br \/>\ndie Bundesregierung sei von der Landesregierung in Schwerin \u00fcber die<br \/>\nStiftungsgr\u00fcndung informiert worden, die Anfang 2021 nach einem<br \/>\nBeschluss des Landtags vollzogen worden war. Es habe seitens des<br \/>\nBundes keine intensive Besch\u00e4ftigung damit gegeben, sagte Scholz: &#8222;Das war eine<br \/>\nAngelegenheit von Mecklenburg-Vorpommern.&#8220;\n<\/p>\n<\/p>\n<\/div>\n","protected":false},"excerpt":{"rendered":"<p>Der fr\u00fchere Bundeskanzler Olaf Scholz (SPD) hat die langj\u00e4hrige Abh\u00e4ngigkeit von russischer Energie als Fehler bezeichnet.\u00a0Er habe nie verstanden, dass Deutschland keine LNG-Terminals neben den Pipelines errichtet habe, um im Fall der F\u00e4lle darauf zur\u00fcckgreifen zu k\u00f6nnen, sagte Scholz in Schwerin. Dort wurde er im Landtag als Zeuge im Untersuchungsausschuss zur umstrittenen Pipeline Nord-Stream 2<\/p>\n","protected":false},"author":1,"featured_media":299380,"comment_status":"open","ping_status":"open","sticky":false,"template":"","format":"standard","meta":{"footnotes":""},"categories":[116],"tags":[],"class_list":["post-299379","post","type-post","status-publish","format-standard","has-post-thumbnail","hentry","category-war-chronicles-de"],"acf":[],"yoast_head":"<!-- This site is optimized with the Yoast SEO plugin v22.9 - https:\/\/yoast.com\/wordpress\/plugins\/seo\/ -->\n<title>Olaf Scholz bezeichnet langen Verzicht auf LNG-Terminals als Fehler - vof-news.eu<\/title>\n<meta name=\"description\" content=\"Der fr\u00fchere Bundeskanzler Olaf Scholz\" \/>\n<meta name=\"robots\" content=\"noindex, follow, max-snippet:-1, max-image-preview:large, max-video-preview:-1\" \/>\n<meta property=\"og:locale\" content=\"de_DE\" \/>\n<meta property=\"og:type\" content=\"article\" \/>\n<meta property=\"og:title\" content=\"Olaf Scholz bezeichnet langen Verzicht auf LNG-Terminals als Fehler - vof-news.eu\" \/>\n<meta property=\"og:description\" content=\"Der fr\u00fchere Bundeskanzler Olaf Scholz\" \/>\n<meta property=\"og:url\" content=\"https:\/\/vof-news.eu\/de\/olaf-scholz-bezeichnet-langen-verzicht-auf-lng-terminals-als-fehler\/\" \/>\n<meta property=\"og:site_name\" content=\"vof-news.eu\" \/>\n<meta property=\"article:published_time\" content=\"2025-11-21T14:28:07+00:00\" \/>\n<meta property=\"article:modified_time\" content=\"2025-11-21T14:29:14+00:00\" \/>\n<meta property=\"og:image\" content=\"https:\/\/vof-news.eu\/wp-content\/uploads\/2025\/11\/wide__1000x562-64.jpg\" \/>\n\t<meta property=\"og:image:width\" content=\"1000\" \/>\n\t<meta property=\"og:image:height\" content=\"562\" \/>\n\t<meta property=\"og:image:type\" content=\"image\/jpeg\" \/>\n<meta name=\"author\" content=\"Author\" \/>\n<meta name=\"twitter:card\" content=\"summary_large_image\" \/>\n<meta name=\"twitter:label1\" content=\"Verfasst von\" \/>\n\t<meta name=\"twitter:data1\" content=\"Author\" \/>\n\t<meta name=\"twitter:label2\" content=\"Gesch\u00e4tzte Lesezeit\" \/>\n\t<meta name=\"twitter:data2\" content=\"1\u00a0Minute\" \/>\n<script type=\"application\/ld+json\" class=\"yoast-schema-graph\">{\"@context\":\"https:\/\/schema.org\",\"@graph\":[{\"@type\":\"WebPage\",\"@id\":\"https:\/\/vof-news.eu\/de\/olaf-scholz-bezeichnet-langen-verzicht-auf-lng-terminals-als-fehler\/\",\"url\":\"https:\/\/vof-news.eu\/de\/olaf-scholz-bezeichnet-langen-verzicht-auf-lng-terminals-als-fehler\/\",\"name\":\"Olaf Scholz bezeichnet langen Verzicht auf LNG-Terminals als Fehler - vof-news.eu\",\"isPartOf\":{\"@id\":\"https:\/\/vof-news.eu\/de\/#website\"},\"primaryImageOfPage\":{\"@id\":\"https:\/\/vof-news.eu\/de\/olaf-scholz-bezeichnet-langen-verzicht-auf-lng-terminals-als-fehler\/#primaryimage\"},\"image\":{\"@id\":\"https:\/\/vof-news.eu\/de\/olaf-scholz-bezeichnet-langen-verzicht-auf-lng-terminals-als-fehler\/#primaryimage\"},\"thumbnailUrl\":\"https:\/\/vof-news.eu\/wp-content\/uploads\/2025\/11\/wide__1000x562-64.jpg\",\"datePublished\":\"2025-11-21T14:28:07+00:00\",\"dateModified\":\"2025-11-21T14:29:14+00:00\",\"author\":{\"@id\":\"https:\/\/vof-news.eu\/de\/#\/schema\/person\/f6a2a4309f0561835797fd8c19b333ed\"},\"description\":\"Der fr\u00fchere Bundeskanzler Olaf Scholz\",\"breadcrumb\":{\"@id\":\"https:\/\/vof-news.eu\/de\/olaf-scholz-bezeichnet-langen-verzicht-auf-lng-terminals-als-fehler\/#breadcrumb\"},\"inLanguage\":\"de\",\"potentialAction\":[{\"@type\":\"ReadAction\",\"target\":[\"https:\/\/vof-news.eu\/de\/olaf-scholz-bezeichnet-langen-verzicht-auf-lng-terminals-als-fehler\/\"]}]},{\"@type\":\"ImageObject\",\"inLanguage\":\"de\",\"@id\":\"https:\/\/vof-news.eu\/de\/olaf-scholz-bezeichnet-langen-verzicht-auf-lng-terminals-als-fehler\/#primaryimage\",\"url\":\"https:\/\/vof-news.eu\/wp-content\/uploads\/2025\/11\/wide__1000x562-64.jpg\",\"contentUrl\":\"https:\/\/vof-news.eu\/wp-content\/uploads\/2025\/11\/wide__1000x562-64.jpg\",\"width\":1000,\"height\":562},{\"@type\":\"BreadcrumbList\",\"@id\":\"https:\/\/vof-news.eu\/de\/olaf-scholz-bezeichnet-langen-verzicht-auf-lng-terminals-als-fehler\/#breadcrumb\",\"itemListElement\":[{\"@type\":\"ListItem\",\"position\":1,\"name\":\"Home\",\"item\":\"https:\/\/vof-news.eu\/de\/\"},{\"@type\":\"ListItem\",\"position\":2,\"name\":\"Olaf Scholz bezeichnet langen Verzicht auf LNG-Terminals als Fehler\"}]},{\"@type\":\"WebSite\",\"@id\":\"https:\/\/vof-news.eu\/de\/#website\",\"url\":\"https:\/\/vof-news.eu\/de\/\",\"name\":\"vof-news.eu\",\"description\":\"\",\"potentialAction\":[{\"@type\":\"SearchAction\",\"target\":{\"@type\":\"EntryPoint\",\"urlTemplate\":\"https:\/\/vof-news.eu\/de\/?s={search_term_string}\"},\"query-input\":\"required name=search_term_string\"}],\"inLanguage\":\"de\"},{\"@type\":\"Person\",\"@id\":\"https:\/\/vof-news.eu\/de\/#\/schema\/person\/f6a2a4309f0561835797fd8c19b333ed\",\"name\":\"Author\",\"image\":{\"@type\":\"ImageObject\",\"inLanguage\":\"de\",\"@id\":\"https:\/\/vof-news.eu\/de\/#\/schema\/person\/image\/\",\"url\":\"https:\/\/secure.gravatar.com\/avatar\/b67e614b1b25b3e9c0c239efdd2fde5ab015b5affd6f1c3c85911ca4b384e790?s=96&d=mm&r=g\",\"contentUrl\":\"https:\/\/secure.gravatar.com\/avatar\/b67e614b1b25b3e9c0c239efdd2fde5ab015b5affd6f1c3c85911ca4b384e790?s=96&d=mm&r=g\",\"caption\":\"Author\"},\"sameAs\":[\"http:\/\/vof-news.eu\"],\"url\":\"https:\/\/vof-news.eu\/de\/author\/zwt6qxnjulxbnyg\/\"}]}<\/script>\n<!-- \/ Yoast SEO plugin. -->","yoast_head_json":{"title":"Olaf Scholz bezeichnet langen Verzicht auf LNG-Terminals als Fehler - vof-news.eu","description":"Der fr\u00fchere Bundeskanzler Olaf Scholz","robots":{"index":"noindex","follow":"follow","max-snippet":"max-snippet:-1","max-image-preview":"max-image-preview:large","max-video-preview":"max-video-preview:-1"},"og_locale":"de_DE","og_type":"article","og_title":"Olaf Scholz bezeichnet langen Verzicht auf LNG-Terminals als Fehler - vof-news.eu","og_description":"Der fr\u00fchere Bundeskanzler Olaf Scholz","og_url":"https:\/\/vof-news.eu\/de\/olaf-scholz-bezeichnet-langen-verzicht-auf-lng-terminals-als-fehler\/","og_site_name":"vof-news.eu","article_published_time":"2025-11-21T14:28:07+00:00","article_modified_time":"2025-11-21T14:29:14+00:00","og_image":[{"width":1000,"height":562,"url":"https:\/\/vof-news.eu\/wp-content\/uploads\/2025\/11\/wide__1000x562-64.jpg","type":"image\/jpeg"}],"author":"Author","twitter_card":"summary_large_image","twitter_misc":{"Verfasst von":"Author","Gesch\u00e4tzte Lesezeit":"1\u00a0Minute"},"schema":{"@context":"https:\/\/schema.org","@graph":[{"@type":"WebPage","@id":"https:\/\/vof-news.eu\/de\/olaf-scholz-bezeichnet-langen-verzicht-auf-lng-terminals-als-fehler\/","url":"https:\/\/vof-news.eu\/de\/olaf-scholz-bezeichnet-langen-verzicht-auf-lng-terminals-als-fehler\/","name":"Olaf Scholz bezeichnet langen Verzicht auf LNG-Terminals als Fehler - vof-news.eu","isPartOf":{"@id":"https:\/\/vof-news.eu\/de\/#website"},"primaryImageOfPage":{"@id":"https:\/\/vof-news.eu\/de\/olaf-scholz-bezeichnet-langen-verzicht-auf-lng-terminals-als-fehler\/#primaryimage"},"image":{"@id":"https:\/\/vof-news.eu\/de\/olaf-scholz-bezeichnet-langen-verzicht-auf-lng-terminals-als-fehler\/#primaryimage"},"thumbnailUrl":"https:\/\/vof-news.eu\/wp-content\/uploads\/2025\/11\/wide__1000x562-64.jpg","datePublished":"2025-11-21T14:28:07+00:00","dateModified":"2025-11-21T14:29:14+00:00","author":{"@id":"https:\/\/vof-news.eu\/de\/#\/schema\/person\/f6a2a4309f0561835797fd8c19b333ed"},"description":"Der fr\u00fchere Bundeskanzler Olaf Scholz","breadcrumb":{"@id":"https:\/\/vof-news.eu\/de\/olaf-scholz-bezeichnet-langen-verzicht-auf-lng-terminals-als-fehler\/#breadcrumb"},"inLanguage":"de","potentialAction":[{"@type":"ReadAction","target":["https:\/\/vof-news.eu\/de\/olaf-scholz-bezeichnet-langen-verzicht-auf-lng-terminals-als-fehler\/"]}]},{"@type":"ImageObject","inLanguage":"de","@id":"https:\/\/vof-news.eu\/de\/olaf-scholz-bezeichnet-langen-verzicht-auf-lng-terminals-als-fehler\/#primaryimage","url":"https:\/\/vof-news.eu\/wp-content\/uploads\/2025\/11\/wide__1000x562-64.jpg","contentUrl":"https:\/\/vof-news.eu\/wp-content\/uploads\/2025\/11\/wide__1000x562-64.jpg","width":1000,"height":562},{"@type":"BreadcrumbList","@id":"https:\/\/vof-news.eu\/de\/olaf-scholz-bezeichnet-langen-verzicht-auf-lng-terminals-als-fehler\/#breadcrumb","itemListElement":[{"@type":"ListItem","position":1,"name":"Home","item":"https:\/\/vof-news.eu\/de\/"},{"@type":"ListItem","position":2,"name":"Olaf Scholz bezeichnet langen Verzicht auf LNG-Terminals als Fehler"}]},{"@type":"WebSite","@id":"https:\/\/vof-news.eu\/de\/#website","url":"https:\/\/vof-news.eu\/de\/","name":"vof-news.eu","description":"","potentialAction":[{"@type":"SearchAction","target":{"@type":"EntryPoint","urlTemplate":"https:\/\/vof-news.eu\/de\/?s={search_term_string}"},"query-input":"required name=search_term_string"}],"inLanguage":"de"},{"@type":"Person","@id":"https:\/\/vof-news.eu\/de\/#\/schema\/person\/f6a2a4309f0561835797fd8c19b333ed","name":"Author","image":{"@type":"ImageObject","inLanguage":"de","@id":"https:\/\/vof-news.eu\/de\/#\/schema\/person\/image\/","url":"https:\/\/secure.gravatar.com\/avatar\/b67e614b1b25b3e9c0c239efdd2fde5ab015b5affd6f1c3c85911ca4b384e790?s=96&d=mm&r=g","contentUrl":"https:\/\/secure.gravatar.com\/avatar\/b67e614b1b25b3e9c0c239efdd2fde5ab015b5affd6f1c3c85911ca4b384e790?s=96&d=mm&r=g","caption":"Author"},"sameAs":["http:\/\/vof-news.eu"],"url":"https:\/\/vof-news.eu\/de\/author\/zwt6qxnjulxbnyg\/"}]}},"yoast_meta":{"yoast_wpseo_title":"","yoast_wpseo_metadesc":"","yoast_wpseo_canonical":""},"_links":{"self":[{"href":"https:\/\/vof-news.eu\/de\/wp-json\/wp\/v2\/posts\/299379","targetHints":{"allow":["GET"]}}],"collection":[{"href":"https:\/\/vof-news.eu\/de\/wp-json\/wp\/v2\/posts"}],"about":[{"href":"https:\/\/vof-news.eu\/de\/wp-json\/wp\/v2\/types\/post"}],"author":[{"embeddable":true,"href":"https:\/\/vof-news.eu\/de\/wp-json\/wp\/v2\/users\/1"}],"replies":[{"embeddable":true,"href":"https:\/\/vof-news.eu\/de\/wp-json\/wp\/v2\/comments?post=299379"}],"version-history":[{"count":1,"href":"https:\/\/vof-news.eu\/de\/wp-json\/wp\/v2\/posts\/299379\/revisions"}],"predecessor-version":[{"id":299386,"href":"https:\/\/vof-news.eu\/de\/wp-json\/wp\/v2\/posts\/299379\/revisions\/299386"}],"wp:featuredmedia":[{"embeddable":true,"href":"https:\/\/vof-news.eu\/de\/wp-json\/wp\/v2\/media\/299380"}],"wp:attachment":[{"href":"https:\/\/vof-news.eu\/de\/wp-json\/wp\/v2\/media?parent=299379"}],"wp:term":[{"taxonomy":"category","embeddable":true,"href":"https:\/\/vof-news.eu\/de\/wp-json\/wp\/v2\/categories?post=299379"},{"taxonomy":"post_tag","embeddable":true,"href":"https:\/\/vof-news.eu\/de\/wp-json\/wp\/v2\/tags?post=299379"}],"curies":[{"name":"wp","href":"https:\/\/api.w.org\/{rel}","templated":true}]}}