{"id":299317,"date":"2025-11-21T15:28:04","date_gmt":"2025-11-21T12:28:04","guid":{"rendered":"https:\/\/vof-news.eu\/friedrich-merz-nimmt-an-gesprachen-uber-friedensplan-fur-ukraine-teil\/"},"modified":"2025-11-21T15:29:19","modified_gmt":"2025-11-21T12:29:19","slug":"friedrich-merz-nimmt-an-gesprachen-uber-friedensplan-fur-ukraine-teil","status":"publish","type":"post","link":"https:\/\/vof-news.eu\/de\/friedrich-merz-nimmt-an-gesprachen-uber-friedensplan-fur-ukraine-teil\/","title":{"rendered":"Friedrich Merz nimmt an Gespr\u00e4chen \u00fcber Friedensplan f\u00fcr Ukraine teil"},"content":{"rendered":"<div>\n<p>Bundeskanzler Friedrich Merz hat einen Termin an einer Berliner Grundschule abgesagt, um an Gespr\u00e4chen zur Lage in der <span><a href=\"https:\/\/www.zeit.de\/politik\/ausland\/ukraine-krieg-news-liveblog\" rel=\"nofollow\">Ukraine<\/a><\/span> teilzunehmen.\u00a0Er habe wegen interner Gespr\u00e4che und geplanter Telefonate zur Ukraine Kanzleramtschef Thorsten Frei gebeten, den Termin an seiner<br \/>\nStelle wahrzunehmen, hie\u00df es in Regierungskreisen.\u00a0\u00dcber Telefonate werde die Bundesregierung\u00a0\u2013\u00a0in Absprache mit den Gespr\u00e4chspartnern\u00a0\u2013\u00a0gegebenenfalls im Anschluss berichten.\n<\/p>\n<p>Die <a href=\"https:\/\/www.bild.de\/politik\/ausland-und-internationales\/trumps-ukraine-plan-alle-28-punkte-enthuellt-691fa494b524e0ce7f1c3489\" rel=\"nofollow\">Zeitung\u00a0\u00a0berichtet<\/a>, dass <span><a href=\"https:\/\/www.zeit.de\/thema\/friedrich-merz\" rel=\"nofollow\">Merz<\/a><\/span> Gespr\u00e4che mit US-Pr\u00e4sident Donald Trump und dem ukrainischen Pr\u00e4sidenten Wolodymyr Selenskyj f\u00fchren werde. Eine Sprecherin der Bundesregierung wollte das auf ZEIT-Anfrage zun\u00e4chst nicht kommentieren.\u00a0Merz sollte am Vormittag zum bundesweiten Vorlesetag Kindern in der Robert-Reinick-Grundschule in Berlin vorlesen.\u00a0\n<\/p>\n<p>Die Nachrichtenagentur AFP berichtet mit Verweis auf britische und ukrainische Regierungskreise, dass Merz mit\u00a0Frankreichs Pr\u00e4sident Emmanuel Macron und Gro\u00dfbritanniens Premierminister Keir Starmer telefonieren werde.\n<\/p>\n<h2>Europ\u00e4er laut Regierungssprecher in Weiterentwicklung des Plans eingebunden<\/h2>\n<p>Die Trump-Regierung <a href=\"https:\/\/www.zeit.de\/politik\/ausland\/2025-11\/ukraine-krieg-us-friedensplan-donezk-luhansk-gxe\" rel=\"nofollow\">hat einen 28-Punkte-Plan ausgearbeitet<\/a>, der <span><a href=\"https:\/\/www.zeit.de\/thema\/russland\" rel=\"nofollow\">Russlands<\/a><\/span> Angriffskrieg gegen die Ukraine beenden soll. Dieser sieht unter anderem vor, dass die Ukraine Donezk und Luhansk an Russland abtritt.\u00a0\n<\/p>\n<p>Regierungssprecher Stefan Kornelius sagte, dass die Bundesregierung den Plan zur Kenntnis genommen habe. Die Inhalte kommentieren wollte er nicht. Deutschland und die europ\u00e4ischen Partner seien in die Weiterentwicklung des Friedensplans eingebunden.\u00a0Die USA<br \/>\nh\u00e4tten die Europ\u00e4er eingeladen, ihre Interessen zue formulieren<br \/>\nund diese einzubringen, sagte Kornelius.\n<\/p>\n<p>Au\u00dfenminister\u00a0Johann Wadephul (CDU) sagte, dass der US-Vorschlag\u00a0aus seiner Sicht &#8222;kein wirklicher Plan&#8220; sei, sondern &#8222;eine Auflistung der<br \/>\nThemen&#8220;, die &#8222;dringend besprochen werden m\u00fcssen zwischen der Ukraine und<br \/>\n Russland&#8220;.\u00a0\u00a0\n<\/p>\n<p>EU-Kommissionspr\u00e4sidentin Ursula von der Leyen k\u00fcndigte an, dass sie sich wegen des Friedensplans an <span><a href=\"https:\/\/www.zeit.de\/thema\/wolodymyr-selenskyj\" rel=\"nofollow\">Selenskyj<\/a><\/span> wenden werde. Die Situation in der Ukraine werde auch Thema der Gespr\u00e4che beim G20-Gipfel am Wochenende in S\u00fcdafrika sein, sagte von der Leyen.\n<\/p>\n<h2>Gr\u00fcnenvorsitzende spricht von &#8222;Unterwerfungsplan&#8220;<\/h2>\n<p>Kritik f\u00fcr <span><a href=\"https:\/\/www.zeit.de\/thema\/donald-trump\" rel=\"nofollow\">Trumps<\/a><\/span> Friedensplan kommt von der Gr\u00fcnenvorsitzenden Franziska Brantner. Dieser sei ein &#8222;von Putin diktierter Unterwerfungsplan&#8220;, sagte Brantner der Nachrichtenagentur dpa.\u00a0Wer glaube, dies k\u00f6nne zu Frieden f\u00fchren, &#8222;verkennt die Realit\u00e4t&#8220;.\u00a0\n<\/p>\n<p>Brantner forderte, Merz und die europ\u00e4ischen Partner m\u00fcssten Selenskyj bei Gespr\u00e4chen mit US-Pr\u00e4sident Donald Trump klar<br \/>\nunterst\u00fctzen. Europa d\u00fcrfe die Ukraine nicht alleine lassen und m\u00fcsse sicherstellen, dass Gespr\u00e4che &#8222;nicht in einer quasi Kapitulation m\u00fcnden&#8220;. Die Ukraine m\u00fcsse selbstbestimmt \u00fcber ihre Zukunft entscheiden k\u00f6nnen.\n<\/p>\n<p><a href=\"https:\/\/www.zeit.de\/politik\/ausland\/ukraine-krieg-news-liveblog\" rel=\"nofollow\">Alle aktuellen Entwicklungen im Ukrainekrieg finden Sie in unserem Liveblog.<\/a>\n<\/p>\n<\/div>\n","protected":false},"excerpt":{"rendered":"<p>Bundeskanzler Friedrich Merz hat einen Termin an einer Berliner Grundschule abgesagt, um an Gespr\u00e4chen zur Lage in der Ukraine teilzunehmen.\u00a0Er habe wegen interner Gespr\u00e4che und geplanter Telefonate zur Ukraine Kanzleramtschef Thorsten Frei gebeten, den Termin an seiner Stelle wahrzunehmen, hie\u00df es in Regierungskreisen.\u00a0\u00dcber Telefonate werde die Bundesregierung\u00a0\u2013\u00a0in Absprache mit den Gespr\u00e4chspartnern\u00a0\u2013\u00a0gegebenenfalls im Anschluss berichten. Die<\/p>\n","protected":false},"author":1,"featured_media":299318,"comment_status":"open","ping_status":"open","sticky":false,"template":"","format":"standard","meta":{"footnotes":""},"categories":[116],"tags":[],"class_list":["post-299317","post","type-post","status-publish","format-standard","has-post-thumbnail","hentry","category-war-chronicles-de"],"acf":[],"yoast_head":"<!-- This site is optimized with the Yoast SEO plugin v22.9 - https:\/\/yoast.com\/wordpress\/plugins\/seo\/ -->\n<title>Friedrich Merz nimmt an Gespr\u00e4chen \u00fcber Friedensplan f\u00fcr Ukraine teil - vof-news.eu<\/title>\n<meta name=\"description\" content=\"Bundeskanzler Friedrich Merz hat einen Termin an einer Berliner Grundschule abgesagt, um an Gespr\u00e4chen zur Lage in der Ukraine teilzunehmen.\u00a0Er habe wegen interner Gespr\u00e4che und geplanter Telefonate zur Ukraine Kanzleramtschef Thorsten Frei gebeten, den Termin an seiner\" \/>\n<meta name=\"robots\" content=\"noindex, follow, max-snippet:-1, max-image-preview:large, max-video-preview:-1\" \/>\n<meta property=\"og:locale\" content=\"de_DE\" \/>\n<meta property=\"og:type\" content=\"article\" \/>\n<meta property=\"og:title\" content=\"Friedrich Merz nimmt an Gespr\u00e4chen \u00fcber Friedensplan f\u00fcr Ukraine teil - vof-news.eu\" \/>\n<meta property=\"og:description\" content=\"Bundeskanzler Friedrich Merz hat einen Termin an einer Berliner Grundschule abgesagt, um an Gespr\u00e4chen zur Lage in der Ukraine teilzunehmen.\u00a0Er habe wegen interner Gespr\u00e4che und geplanter Telefonate zur Ukraine Kanzleramtschef Thorsten Frei gebeten, den Termin an seiner\" \/>\n<meta property=\"og:url\" content=\"https:\/\/vof-news.eu\/de\/friedrich-merz-nimmt-an-gesprachen-uber-friedensplan-fur-ukraine-teil\/\" \/>\n<meta property=\"og:site_name\" content=\"vof-news.eu\" \/>\n<meta property=\"article:published_time\" content=\"2025-11-21T12:28:04+00:00\" \/>\n<meta property=\"article:modified_time\" content=\"2025-11-21T12:29:19+00:00\" \/>\n<meta property=\"og:image\" content=\"https:\/\/vof-news.eu\/wp-content\/uploads\/2025\/11\/wide__1000x562-63.jpg\" \/>\n\t<meta property=\"og:image:width\" content=\"1000\" \/>\n\t<meta property=\"og:image:height\" content=\"562\" \/>\n\t<meta property=\"og:image:type\" content=\"image\/jpeg\" \/>\n<meta name=\"author\" content=\"Author\" \/>\n<meta name=\"twitter:card\" content=\"summary_large_image\" \/>\n<meta name=\"twitter:label1\" content=\"Verfasst von\" \/>\n\t<meta name=\"twitter:data1\" content=\"Author\" \/>\n\t<meta name=\"twitter:label2\" content=\"Gesch\u00e4tzte Lesezeit\" \/>\n\t<meta name=\"twitter:data2\" content=\"2\u00a0Minuten\" \/>\n<script type=\"application\/ld+json\" class=\"yoast-schema-graph\">{\"@context\":\"https:\/\/schema.org\",\"@graph\":[{\"@type\":\"WebPage\",\"@id\":\"https:\/\/vof-news.eu\/de\/friedrich-merz-nimmt-an-gesprachen-uber-friedensplan-fur-ukraine-teil\/\",\"url\":\"https:\/\/vof-news.eu\/de\/friedrich-merz-nimmt-an-gesprachen-uber-friedensplan-fur-ukraine-teil\/\",\"name\":\"Friedrich Merz nimmt an Gespr\u00e4chen \u00fcber Friedensplan f\u00fcr Ukraine teil - vof-news.eu\",\"isPartOf\":{\"@id\":\"https:\/\/vof-news.eu\/de\/#website\"},\"primaryImageOfPage\":{\"@id\":\"https:\/\/vof-news.eu\/de\/friedrich-merz-nimmt-an-gesprachen-uber-friedensplan-fur-ukraine-teil\/#primaryimage\"},\"image\":{\"@id\":\"https:\/\/vof-news.eu\/de\/friedrich-merz-nimmt-an-gesprachen-uber-friedensplan-fur-ukraine-teil\/#primaryimage\"},\"thumbnailUrl\":\"https:\/\/vof-news.eu\/wp-content\/uploads\/2025\/11\/wide__1000x562-63.jpg\",\"datePublished\":\"2025-11-21T12:28:04+00:00\",\"dateModified\":\"2025-11-21T12:29:19+00:00\",\"author\":{\"@id\":\"https:\/\/vof-news.eu\/de\/#\/schema\/person\/f6a2a4309f0561835797fd8c19b333ed\"},\"description\":\"Bundeskanzler Friedrich Merz hat einen Termin an einer Berliner Grundschule abgesagt, um an Gespr\u00e4chen zur Lage in der Ukraine teilzunehmen.\u00a0Er habe wegen interner Gespr\u00e4che und geplanter Telefonate zur Ukraine Kanzleramtschef Thorsten Frei gebeten, den Termin an seiner\",\"breadcrumb\":{\"@id\":\"https:\/\/vof-news.eu\/de\/friedrich-merz-nimmt-an-gesprachen-uber-friedensplan-fur-ukraine-teil\/#breadcrumb\"},\"inLanguage\":\"de\",\"potentialAction\":[{\"@type\":\"ReadAction\",\"target\":[\"https:\/\/vof-news.eu\/de\/friedrich-merz-nimmt-an-gesprachen-uber-friedensplan-fur-ukraine-teil\/\"]}]},{\"@type\":\"ImageObject\",\"inLanguage\":\"de\",\"@id\":\"https:\/\/vof-news.eu\/de\/friedrich-merz-nimmt-an-gesprachen-uber-friedensplan-fur-ukraine-teil\/#primaryimage\",\"url\":\"https:\/\/vof-news.eu\/wp-content\/uploads\/2025\/11\/wide__1000x562-63.jpg\",\"contentUrl\":\"https:\/\/vof-news.eu\/wp-content\/uploads\/2025\/11\/wide__1000x562-63.jpg\",\"width\":1000,\"height\":562},{\"@type\":\"BreadcrumbList\",\"@id\":\"https:\/\/vof-news.eu\/de\/friedrich-merz-nimmt-an-gesprachen-uber-friedensplan-fur-ukraine-teil\/#breadcrumb\",\"itemListElement\":[{\"@type\":\"ListItem\",\"position\":1,\"name\":\"Home\",\"item\":\"https:\/\/vof-news.eu\/de\/\"},{\"@type\":\"ListItem\",\"position\":2,\"name\":\"Friedrich Merz nimmt an Gespr\u00e4chen \u00fcber Friedensplan f\u00fcr Ukraine teil\"}]},{\"@type\":\"WebSite\",\"@id\":\"https:\/\/vof-news.eu\/de\/#website\",\"url\":\"https:\/\/vof-news.eu\/de\/\",\"name\":\"vof-news.eu\",\"description\":\"\",\"potentialAction\":[{\"@type\":\"SearchAction\",\"target\":{\"@type\":\"EntryPoint\",\"urlTemplate\":\"https:\/\/vof-news.eu\/de\/?s={search_term_string}\"},\"query-input\":\"required name=search_term_string\"}],\"inLanguage\":\"de\"},{\"@type\":\"Person\",\"@id\":\"https:\/\/vof-news.eu\/de\/#\/schema\/person\/f6a2a4309f0561835797fd8c19b333ed\",\"name\":\"Author\",\"image\":{\"@type\":\"ImageObject\",\"inLanguage\":\"de\",\"@id\":\"https:\/\/vof-news.eu\/de\/#\/schema\/person\/image\/\",\"url\":\"https:\/\/secure.gravatar.com\/avatar\/b67e614b1b25b3e9c0c239efdd2fde5ab015b5affd6f1c3c85911ca4b384e790?s=96&d=mm&r=g\",\"contentUrl\":\"https:\/\/secure.gravatar.com\/avatar\/b67e614b1b25b3e9c0c239efdd2fde5ab015b5affd6f1c3c85911ca4b384e790?s=96&d=mm&r=g\",\"caption\":\"Author\"},\"sameAs\":[\"http:\/\/vof-news.eu\"],\"url\":\"https:\/\/vof-news.eu\/de\/author\/zwt6qxnjulxbnyg\/\"}]}<\/script>\n<!-- \/ Yoast SEO plugin. -->","yoast_head_json":{"title":"Friedrich Merz nimmt an Gespr\u00e4chen \u00fcber Friedensplan f\u00fcr Ukraine teil - vof-news.eu","description":"Bundeskanzler Friedrich Merz hat einen Termin an einer Berliner Grundschule abgesagt, um an Gespr\u00e4chen zur Lage in der Ukraine teilzunehmen.\u00a0Er habe wegen interner Gespr\u00e4che und geplanter Telefonate zur Ukraine Kanzleramtschef Thorsten Frei gebeten, den Termin an seiner","robots":{"index":"noindex","follow":"follow","max-snippet":"max-snippet:-1","max-image-preview":"max-image-preview:large","max-video-preview":"max-video-preview:-1"},"og_locale":"de_DE","og_type":"article","og_title":"Friedrich Merz nimmt an Gespr\u00e4chen \u00fcber Friedensplan f\u00fcr Ukraine teil - vof-news.eu","og_description":"Bundeskanzler Friedrich Merz hat einen Termin an einer Berliner Grundschule abgesagt, um an Gespr\u00e4chen zur Lage in der Ukraine teilzunehmen.\u00a0Er habe wegen interner Gespr\u00e4che und geplanter Telefonate zur Ukraine Kanzleramtschef Thorsten Frei gebeten, den Termin an seiner","og_url":"https:\/\/vof-news.eu\/de\/friedrich-merz-nimmt-an-gesprachen-uber-friedensplan-fur-ukraine-teil\/","og_site_name":"vof-news.eu","article_published_time":"2025-11-21T12:28:04+00:00","article_modified_time":"2025-11-21T12:29:19+00:00","og_image":[{"width":1000,"height":562,"url":"https:\/\/vof-news.eu\/wp-content\/uploads\/2025\/11\/wide__1000x562-63.jpg","type":"image\/jpeg"}],"author":"Author","twitter_card":"summary_large_image","twitter_misc":{"Verfasst von":"Author","Gesch\u00e4tzte Lesezeit":"2\u00a0Minuten"},"schema":{"@context":"https:\/\/schema.org","@graph":[{"@type":"WebPage","@id":"https:\/\/vof-news.eu\/de\/friedrich-merz-nimmt-an-gesprachen-uber-friedensplan-fur-ukraine-teil\/","url":"https:\/\/vof-news.eu\/de\/friedrich-merz-nimmt-an-gesprachen-uber-friedensplan-fur-ukraine-teil\/","name":"Friedrich Merz nimmt an Gespr\u00e4chen \u00fcber Friedensplan f\u00fcr Ukraine teil - vof-news.eu","isPartOf":{"@id":"https:\/\/vof-news.eu\/de\/#website"},"primaryImageOfPage":{"@id":"https:\/\/vof-news.eu\/de\/friedrich-merz-nimmt-an-gesprachen-uber-friedensplan-fur-ukraine-teil\/#primaryimage"},"image":{"@id":"https:\/\/vof-news.eu\/de\/friedrich-merz-nimmt-an-gesprachen-uber-friedensplan-fur-ukraine-teil\/#primaryimage"},"thumbnailUrl":"https:\/\/vof-news.eu\/wp-content\/uploads\/2025\/11\/wide__1000x562-63.jpg","datePublished":"2025-11-21T12:28:04+00:00","dateModified":"2025-11-21T12:29:19+00:00","author":{"@id":"https:\/\/vof-news.eu\/de\/#\/schema\/person\/f6a2a4309f0561835797fd8c19b333ed"},"description":"Bundeskanzler Friedrich Merz hat einen Termin an einer Berliner Grundschule abgesagt, um an Gespr\u00e4chen zur Lage in der Ukraine teilzunehmen.\u00a0Er habe wegen interner Gespr\u00e4che und geplanter Telefonate zur Ukraine Kanzleramtschef Thorsten Frei gebeten, den Termin an seiner","breadcrumb":{"@id":"https:\/\/vof-news.eu\/de\/friedrich-merz-nimmt-an-gesprachen-uber-friedensplan-fur-ukraine-teil\/#breadcrumb"},"inLanguage":"de","potentialAction":[{"@type":"ReadAction","target":["https:\/\/vof-news.eu\/de\/friedrich-merz-nimmt-an-gesprachen-uber-friedensplan-fur-ukraine-teil\/"]}]},{"@type":"ImageObject","inLanguage":"de","@id":"https:\/\/vof-news.eu\/de\/friedrich-merz-nimmt-an-gesprachen-uber-friedensplan-fur-ukraine-teil\/#primaryimage","url":"https:\/\/vof-news.eu\/wp-content\/uploads\/2025\/11\/wide__1000x562-63.jpg","contentUrl":"https:\/\/vof-news.eu\/wp-content\/uploads\/2025\/11\/wide__1000x562-63.jpg","width":1000,"height":562},{"@type":"BreadcrumbList","@id":"https:\/\/vof-news.eu\/de\/friedrich-merz-nimmt-an-gesprachen-uber-friedensplan-fur-ukraine-teil\/#breadcrumb","itemListElement":[{"@type":"ListItem","position":1,"name":"Home","item":"https:\/\/vof-news.eu\/de\/"},{"@type":"ListItem","position":2,"name":"Friedrich Merz nimmt an Gespr\u00e4chen \u00fcber Friedensplan f\u00fcr Ukraine teil"}]},{"@type":"WebSite","@id":"https:\/\/vof-news.eu\/de\/#website","url":"https:\/\/vof-news.eu\/de\/","name":"vof-news.eu","description":"","potentialAction":[{"@type":"SearchAction","target":{"@type":"EntryPoint","urlTemplate":"https:\/\/vof-news.eu\/de\/?s={search_term_string}"},"query-input":"required name=search_term_string"}],"inLanguage":"de"},{"@type":"Person","@id":"https:\/\/vof-news.eu\/de\/#\/schema\/person\/f6a2a4309f0561835797fd8c19b333ed","name":"Author","image":{"@type":"ImageObject","inLanguage":"de","@id":"https:\/\/vof-news.eu\/de\/#\/schema\/person\/image\/","url":"https:\/\/secure.gravatar.com\/avatar\/b67e614b1b25b3e9c0c239efdd2fde5ab015b5affd6f1c3c85911ca4b384e790?s=96&d=mm&r=g","contentUrl":"https:\/\/secure.gravatar.com\/avatar\/b67e614b1b25b3e9c0c239efdd2fde5ab015b5affd6f1c3c85911ca4b384e790?s=96&d=mm&r=g","caption":"Author"},"sameAs":["http:\/\/vof-news.eu"],"url":"https:\/\/vof-news.eu\/de\/author\/zwt6qxnjulxbnyg\/"}]}},"yoast_meta":{"yoast_wpseo_title":"","yoast_wpseo_metadesc":"","yoast_wpseo_canonical":""},"_links":{"self":[{"href":"https:\/\/vof-news.eu\/de\/wp-json\/wp\/v2\/posts\/299317","targetHints":{"allow":["GET"]}}],"collection":[{"href":"https:\/\/vof-news.eu\/de\/wp-json\/wp\/v2\/posts"}],"about":[{"href":"https:\/\/vof-news.eu\/de\/wp-json\/wp\/v2\/types\/post"}],"author":[{"embeddable":true,"href":"https:\/\/vof-news.eu\/de\/wp-json\/wp\/v2\/users\/1"}],"replies":[{"embeddable":true,"href":"https:\/\/vof-news.eu\/de\/wp-json\/wp\/v2\/comments?post=299317"}],"version-history":[{"count":1,"href":"https:\/\/vof-news.eu\/de\/wp-json\/wp\/v2\/posts\/299317\/revisions"}],"predecessor-version":[{"id":299324,"href":"https:\/\/vof-news.eu\/de\/wp-json\/wp\/v2\/posts\/299317\/revisions\/299324"}],"wp:featuredmedia":[{"embeddable":true,"href":"https:\/\/vof-news.eu\/de\/wp-json\/wp\/v2\/media\/299318"}],"wp:attachment":[{"href":"https:\/\/vof-news.eu\/de\/wp-json\/wp\/v2\/media?parent=299317"}],"wp:term":[{"taxonomy":"category","embeddable":true,"href":"https:\/\/vof-news.eu\/de\/wp-json\/wp\/v2\/categories?post=299317"},{"taxonomy":"post_tag","embeddable":true,"href":"https:\/\/vof-news.eu\/de\/wp-json\/wp\/v2\/tags?post=299317"}],"curies":[{"name":"wp","href":"https:\/\/api.w.org\/{rel}","templated":true}]}}