{"id":299142,"date":"2025-11-21T01:28:04","date_gmt":"2025-11-20T22:28:04","guid":{"rendered":"https:\/\/vof-news.eu\/im-moment-der-schwache\/"},"modified":"2025-11-21T01:28:31","modified_gmt":"2025-11-20T22:28:31","slug":"im-moment-der-schwache","status":"publish","type":"post","link":"https:\/\/vof-news.eu\/de\/im-moment-der-schwache\/","title":{"rendered":"Im Moment der Schw\u00e4che"},"content":{"rendered":"<div>\n<p>Noch Mitte dieser Woche sah es so aus, als k\u00f6nnte der Druck auf den ukrainischen Pr\u00e4sidenten <span><a href=\"https:\/\/www.zeit.de\/thema\/wolodymyr-selenskyj\" rel=\"nofollow\">Wolodymyr Selenskyj<\/a><\/span> kaum noch gr\u00f6\u00dfer werden. W\u00e4hrend die ukrainische Armee immer neue Stellungen und D\u00f6rfer im <a href=\"https:\/\/www.zeit.de\/politik\/ausland\/2025-11\/andrij-hnatow-krieg-ukraine-stellungen-winter-rueckzug-drohne\" rel=\"nofollow\">Osten des Landes aufgeben muss<\/a>, steckt das Land in der gr\u00f6\u00dften politischen Krise seit Selenskyjs Machtantritt im Jahr 2019.\u00a0\n<\/p>\n<p>Gut eine Woche ist es her, dass das Nationale Antikorruptionsb\u00fcro Nabu systematische <span><a href=\"https:\/\/www.zeit.de\/thema\/korruption\" rel=\"nofollow\">Korruption<\/a><\/span> im Umfeld des Pr\u00e4sidenten publik machte. Tymur Minditsch, ein ehemaliger Gesch\u00e4ftspartner und guter Freund von Selenskyj soll Schmiergelder in Millionenh\u00f6he von Auftragnehmern des staatlichen AKW-Betreibers Energoatom erpresst haben. Bisher bleibt unklar, ob hohe Regierungsbeamte oder gar der Pr\u00e4sident selbst davon gewusst haben.\u00a0\n<\/p>\n<p>Just in dieser Lage preschte die US-Regierung am Mittwochabend, offenbar in Absprache mit <span><a href=\"https:\/\/www.zeit.de\/thema\/russland\" rel=\"nofollow\">Russland<\/a><\/span>, mit einem neuen <a href=\"https:\/\/www.zeit.de\/politik\/ausland\/2025-11\/usa-neuer-friedensplan-ukraine-gebietsabtretung-russland\" rel=\"nofollow\">vermeintlichen Friedensplan vor<\/a>. Dieser soll 28 Punkte umfassen \u2013 ausgearbeitet ohne ukrainische Mitsprache. Der mutma\u00dfliche Plan deckt sich weitgehend mit den bekannten Forderungen Russlands. Laut bisherigen Berichten soll die ukrainische Armee den Donbass aufgeben. Au\u00dferdem soll das Milit\u00e4r seine Mannst\u00e4rke um die H\u00e4lfte verkleinern und auf Waffensysteme verzichten, die Ziele tief in Russland angreifen k\u00f6nnten. F\u00fcr die Mehrheit der Ukrainerinnen und Ukrainer sind solche Forderungen nicht akzeptabel.\u00a0\n<\/p>\n<p>Die beiden Ereignisse k\u00f6nnten wegen ihrer zeitlichen N\u00e4he gro\u00dfe Sprengkraft entfalten. Da w\u00e4re zun\u00e4chst die innenpolitische Dimension. Nachdem die Korruptionsvorw\u00fcrfe gegen Selenskyjs Umfeld bekannt geworden sind, wurden bereits zwei Minister entlassen. Sie sollen in die Korruptionsaff\u00e4re verwickelt gewesen sein. Gegen den fr\u00fcheren Selenskyj-Vertrauten Minditsch, der sich ins Ausland absetzen konnte, hat der Sicherheitsrat des Landes Sanktionen verh\u00e4ngt. Damit hat Selenskyj die Wogen allerdings nur notd\u00fcrftig gegl\u00e4ttet.\u00a0\n<\/p>\n<h2>Wie dieser Kampf ausgehen wird, ist offen<\/h2>\n<p>Die Forderungen der Opposition und auch von einigen Abgeordneten von Selenskyjs Partei  gehen noch weiter. Nicht nur Minister sollen gehen. Auch Andrij Jermak, der m\u00e4chtige Chef des Pr\u00e4sidentenb\u00fcros, soll seinen Posten r\u00e4umen. Ger\u00fcchte, dass Jermak in den Korruptionsskandal verwickelt sein k\u00f6nnte, kursieren hartn\u00e4ckig. Zudem ist Jermak seit Jahren als informeller Strippenzieher im Umfeld des Pr\u00e4sidenten umstritten. Er gilt als Selenskyjs Mann f\u00fcr alles \u2013 und hat riesigen Einfluss auf die Innen- und Au\u00dfenpolitik des Landes, darunter auch die Besetzung von Ministerposten.\u00a0\n<\/p>\n<p>Dass sein R\u00fccktritt von der Opposition gefordert wird, ist nicht neu.\u00a0Neu sind hingegen Spannungen innerhalb der Pr\u00e4sidentenpartei. Anfang der Woche berichtete die einflussreiche Kyjiwer Zeitung , von mehreren Gruppen innerhalb von , die nun ebenfalls Jermaks R\u00fccktritt forderten. In den Tagen darauf wurden diese Spannungen \u00f6ffentlich: Mit Fedir Wenislawskyj und Mykyta Poturajew haben sich zwei der bekanntesten Abgeordneten der Partei offen f\u00fcr einen R\u00fccktritt Jermaks ausgesprochen. Fraktionschef Dawid Arachamija hat entsprechende Aussagen zwar als Einzelmeinungen abgetan. Arachamija, der wohl m\u00e4chtigste Mann im ukrainischen Parlament, pflegt jedoch selbst einen langj\u00e4hrigen Konflikt mit Jermak.\u00a0\n<\/p>\n<p>Wie dieser Kampf ausgehen wird, ist offen. Und in diese schwierige innenpolitische Situation platzt jetzt die neue Friedensinitiative. Der Moment hierf\u00fcr, davon sind viele in der <span><a href=\"https:\/\/www.zeit.de\/politik\/ausland\/ukraine-krieg-news-liveblog\" rel=\"nofollow\">Ukraine<\/a><\/span> \u00fcberzeugt, wurde nicht zuf\u00e4llig gew\u00e4hlt. Vielmehr wirkt es so, als wolle die Trump-Administration den Moment der innenpolitischen Schw\u00e4che Selenskyjs ausnutzen, um der Ukraine einen Diktatfrieden aufzuzwingen. Zumal die ukrainische Armee entlang der gesamten Frontlinie zuletzt zunehmend unter Druck geraten ist. Dass Russlands Armee die logistisch und symbolisch wichtige Stadt Pokrowsk in der Region Donezk einnimmt, scheint nur eine <a href=\"https:\/\/www.zeit.de\/politik\/ausland\/2025-11\/pokrowsk-offensive-russland-eroberung-ukrainekrieg\" rel=\"nofollow\">Frage der Zeit zu sein<\/a>. Auch im Oblast Saporischschja weiter westlich konnten die Angreifer zuletzt verh\u00e4ltnism\u00e4\u00dfig z\u00fcgig ukrainisches Territorium besetzen.\u00a0\n<\/p>\n<\/div>\n","protected":false},"excerpt":{"rendered":"<p>Noch Mitte dieser Woche sah es so aus, als k\u00f6nnte der Druck auf den ukrainischen Pr\u00e4sidenten Wolodymyr Selenskyj kaum noch gr\u00f6\u00dfer werden. W\u00e4hrend die ukrainische Armee immer neue Stellungen und D\u00f6rfer im Osten des Landes aufgeben muss, steckt das Land in der gr\u00f6\u00dften politischen Krise seit Selenskyjs Machtantritt im Jahr 2019.\u00a0 Gut eine Woche ist<\/p>\n","protected":false},"author":1,"featured_media":0,"comment_status":"open","ping_status":"open","sticky":false,"template":"","format":"standard","meta":{"footnotes":""},"categories":[116],"tags":[],"class_list":["post-299142","post","type-post","status-publish","format-standard","hentry","category-war-chronicles-de"],"acf":[],"yoast_head":"<!-- This site is optimized with the Yoast SEO plugin v22.9 - https:\/\/yoast.com\/wordpress\/plugins\/seo\/ -->\n<title>Im Moment der Schw\u00e4che - vof-news.eu<\/title>\n<meta name=\"description\" content=\"Noch Mitte dieser Woche sah es so aus, als k\u00f6nnte der Druck auf den ukrainischen Pr\u00e4sidenten Wolodymyr Selenskyj kaum noch gr\u00f6\u00dfer werden. W\u00e4hrend die ukrainische Armee immer neue Stellungen und D\u00f6rfer im Osten des Landes aufgeben muss, steckt das Land in der gr\u00f6\u00dften politischen Krise seit Selenskyjs Machtantritt im Jahr 2019.\u00a0\" \/>\n<meta name=\"robots\" content=\"noindex, follow, max-snippet:-1, max-image-preview:large, max-video-preview:-1\" \/>\n<meta property=\"og:locale\" content=\"de_DE\" \/>\n<meta property=\"og:type\" content=\"article\" \/>\n<meta property=\"og:title\" content=\"Im Moment der Schw\u00e4che - vof-news.eu\" \/>\n<meta property=\"og:description\" content=\"Noch Mitte dieser Woche sah es so aus, als k\u00f6nnte der Druck auf den ukrainischen Pr\u00e4sidenten Wolodymyr Selenskyj kaum noch gr\u00f6\u00dfer werden. W\u00e4hrend die ukrainische Armee immer neue Stellungen und D\u00f6rfer im Osten des Landes aufgeben muss, steckt das Land in der gr\u00f6\u00dften politischen Krise seit Selenskyjs Machtantritt im Jahr 2019.\u00a0\" \/>\n<meta property=\"og:url\" content=\"https:\/\/vof-news.eu\/de\/im-moment-der-schwache\/\" \/>\n<meta property=\"og:site_name\" content=\"vof-news.eu\" \/>\n<meta property=\"article:published_time\" content=\"2025-11-20T22:28:04+00:00\" \/>\n<meta property=\"article:modified_time\" content=\"2025-11-20T22:28:31+00:00\" \/>\n<meta name=\"author\" content=\"Author\" \/>\n<meta name=\"twitter:card\" content=\"summary_large_image\" \/>\n<meta name=\"twitter:label1\" content=\"Verfasst von\" \/>\n\t<meta name=\"twitter:data1\" content=\"Author\" \/>\n\t<meta name=\"twitter:label2\" content=\"Gesch\u00e4tzte Lesezeit\" \/>\n\t<meta name=\"twitter:data2\" content=\"3\u00a0Minuten\" \/>\n<script type=\"application\/ld+json\" class=\"yoast-schema-graph\">{\"@context\":\"https:\/\/schema.org\",\"@graph\":[{\"@type\":\"WebPage\",\"@id\":\"https:\/\/vof-news.eu\/de\/im-moment-der-schwache\/\",\"url\":\"https:\/\/vof-news.eu\/de\/im-moment-der-schwache\/\",\"name\":\"Im Moment der Schw\u00e4che - vof-news.eu\",\"isPartOf\":{\"@id\":\"https:\/\/vof-news.eu\/de\/#website\"},\"datePublished\":\"2025-11-20T22:28:04+00:00\",\"dateModified\":\"2025-11-20T22:28:31+00:00\",\"author\":{\"@id\":\"https:\/\/vof-news.eu\/de\/#\/schema\/person\/f6a2a4309f0561835797fd8c19b333ed\"},\"description\":\"Noch Mitte dieser Woche sah es so aus, als k\u00f6nnte der Druck auf den ukrainischen Pr\u00e4sidenten Wolodymyr Selenskyj kaum noch gr\u00f6\u00dfer werden. W\u00e4hrend die ukrainische Armee immer neue Stellungen und D\u00f6rfer im Osten des Landes aufgeben muss, steckt das Land in der gr\u00f6\u00dften politischen Krise seit Selenskyjs Machtantritt im Jahr 2019.\u00a0\",\"breadcrumb\":{\"@id\":\"https:\/\/vof-news.eu\/de\/im-moment-der-schwache\/#breadcrumb\"},\"inLanguage\":\"de\",\"potentialAction\":[{\"@type\":\"ReadAction\",\"target\":[\"https:\/\/vof-news.eu\/de\/im-moment-der-schwache\/\"]}]},{\"@type\":\"BreadcrumbList\",\"@id\":\"https:\/\/vof-news.eu\/de\/im-moment-der-schwache\/#breadcrumb\",\"itemListElement\":[{\"@type\":\"ListItem\",\"position\":1,\"name\":\"Home\",\"item\":\"https:\/\/vof-news.eu\/de\/\"},{\"@type\":\"ListItem\",\"position\":2,\"name\":\"Im Moment der Schw\u00e4che\"}]},{\"@type\":\"WebSite\",\"@id\":\"https:\/\/vof-news.eu\/de\/#website\",\"url\":\"https:\/\/vof-news.eu\/de\/\",\"name\":\"vof-news.eu\",\"description\":\"\",\"potentialAction\":[{\"@type\":\"SearchAction\",\"target\":{\"@type\":\"EntryPoint\",\"urlTemplate\":\"https:\/\/vof-news.eu\/de\/?s={search_term_string}\"},\"query-input\":\"required name=search_term_string\"}],\"inLanguage\":\"de\"},{\"@type\":\"Person\",\"@id\":\"https:\/\/vof-news.eu\/de\/#\/schema\/person\/f6a2a4309f0561835797fd8c19b333ed\",\"name\":\"Author\",\"image\":{\"@type\":\"ImageObject\",\"inLanguage\":\"de\",\"@id\":\"https:\/\/vof-news.eu\/de\/#\/schema\/person\/image\/\",\"url\":\"https:\/\/secure.gravatar.com\/avatar\/b67e614b1b25b3e9c0c239efdd2fde5ab015b5affd6f1c3c85911ca4b384e790?s=96&d=mm&r=g\",\"contentUrl\":\"https:\/\/secure.gravatar.com\/avatar\/b67e614b1b25b3e9c0c239efdd2fde5ab015b5affd6f1c3c85911ca4b384e790?s=96&d=mm&r=g\",\"caption\":\"Author\"},\"sameAs\":[\"http:\/\/vof-news.eu\"],\"url\":\"https:\/\/vof-news.eu\/de\/author\/zwt6qxnjulxbnyg\/\"}]}<\/script>\n<!-- \/ Yoast SEO plugin. -->","yoast_head_json":{"title":"Im Moment der Schw\u00e4che - vof-news.eu","description":"Noch Mitte dieser Woche sah es so aus, als k\u00f6nnte der Druck auf den ukrainischen Pr\u00e4sidenten Wolodymyr Selenskyj kaum noch gr\u00f6\u00dfer werden. W\u00e4hrend die ukrainische Armee immer neue Stellungen und D\u00f6rfer im Osten des Landes aufgeben muss, steckt das Land in der gr\u00f6\u00dften politischen Krise seit Selenskyjs Machtantritt im Jahr 2019.\u00a0","robots":{"index":"noindex","follow":"follow","max-snippet":"max-snippet:-1","max-image-preview":"max-image-preview:large","max-video-preview":"max-video-preview:-1"},"og_locale":"de_DE","og_type":"article","og_title":"Im Moment der Schw\u00e4che - vof-news.eu","og_description":"Noch Mitte dieser Woche sah es so aus, als k\u00f6nnte der Druck auf den ukrainischen Pr\u00e4sidenten Wolodymyr Selenskyj kaum noch gr\u00f6\u00dfer werden. W\u00e4hrend die ukrainische Armee immer neue Stellungen und D\u00f6rfer im Osten des Landes aufgeben muss, steckt das Land in der gr\u00f6\u00dften politischen Krise seit Selenskyjs Machtantritt im Jahr 2019.\u00a0","og_url":"https:\/\/vof-news.eu\/de\/im-moment-der-schwache\/","og_site_name":"vof-news.eu","article_published_time":"2025-11-20T22:28:04+00:00","article_modified_time":"2025-11-20T22:28:31+00:00","author":"Author","twitter_card":"summary_large_image","twitter_misc":{"Verfasst von":"Author","Gesch\u00e4tzte Lesezeit":"3\u00a0Minuten"},"schema":{"@context":"https:\/\/schema.org","@graph":[{"@type":"WebPage","@id":"https:\/\/vof-news.eu\/de\/im-moment-der-schwache\/","url":"https:\/\/vof-news.eu\/de\/im-moment-der-schwache\/","name":"Im Moment der Schw\u00e4che - vof-news.eu","isPartOf":{"@id":"https:\/\/vof-news.eu\/de\/#website"},"datePublished":"2025-11-20T22:28:04+00:00","dateModified":"2025-11-20T22:28:31+00:00","author":{"@id":"https:\/\/vof-news.eu\/de\/#\/schema\/person\/f6a2a4309f0561835797fd8c19b333ed"},"description":"Noch Mitte dieser Woche sah es so aus, als k\u00f6nnte der Druck auf den ukrainischen Pr\u00e4sidenten Wolodymyr Selenskyj kaum noch gr\u00f6\u00dfer werden. W\u00e4hrend die ukrainische Armee immer neue Stellungen und D\u00f6rfer im Osten des Landes aufgeben muss, steckt das Land in der gr\u00f6\u00dften politischen Krise seit Selenskyjs Machtantritt im Jahr 2019.\u00a0","breadcrumb":{"@id":"https:\/\/vof-news.eu\/de\/im-moment-der-schwache\/#breadcrumb"},"inLanguage":"de","potentialAction":[{"@type":"ReadAction","target":["https:\/\/vof-news.eu\/de\/im-moment-der-schwache\/"]}]},{"@type":"BreadcrumbList","@id":"https:\/\/vof-news.eu\/de\/im-moment-der-schwache\/#breadcrumb","itemListElement":[{"@type":"ListItem","position":1,"name":"Home","item":"https:\/\/vof-news.eu\/de\/"},{"@type":"ListItem","position":2,"name":"Im Moment der Schw\u00e4che"}]},{"@type":"WebSite","@id":"https:\/\/vof-news.eu\/de\/#website","url":"https:\/\/vof-news.eu\/de\/","name":"vof-news.eu","description":"","potentialAction":[{"@type":"SearchAction","target":{"@type":"EntryPoint","urlTemplate":"https:\/\/vof-news.eu\/de\/?s={search_term_string}"},"query-input":"required name=search_term_string"}],"inLanguage":"de"},{"@type":"Person","@id":"https:\/\/vof-news.eu\/de\/#\/schema\/person\/f6a2a4309f0561835797fd8c19b333ed","name":"Author","image":{"@type":"ImageObject","inLanguage":"de","@id":"https:\/\/vof-news.eu\/de\/#\/schema\/person\/image\/","url":"https:\/\/secure.gravatar.com\/avatar\/b67e614b1b25b3e9c0c239efdd2fde5ab015b5affd6f1c3c85911ca4b384e790?s=96&d=mm&r=g","contentUrl":"https:\/\/secure.gravatar.com\/avatar\/b67e614b1b25b3e9c0c239efdd2fde5ab015b5affd6f1c3c85911ca4b384e790?s=96&d=mm&r=g","caption":"Author"},"sameAs":["http:\/\/vof-news.eu"],"url":"https:\/\/vof-news.eu\/de\/author\/zwt6qxnjulxbnyg\/"}]}},"yoast_meta":{"yoast_wpseo_title":"","yoast_wpseo_metadesc":"","yoast_wpseo_canonical":""},"_links":{"self":[{"href":"https:\/\/vof-news.eu\/de\/wp-json\/wp\/v2\/posts\/299142","targetHints":{"allow":["GET"]}}],"collection":[{"href":"https:\/\/vof-news.eu\/de\/wp-json\/wp\/v2\/posts"}],"about":[{"href":"https:\/\/vof-news.eu\/de\/wp-json\/wp\/v2\/types\/post"}],"author":[{"embeddable":true,"href":"https:\/\/vof-news.eu\/de\/wp-json\/wp\/v2\/users\/1"}],"replies":[{"embeddable":true,"href":"https:\/\/vof-news.eu\/de\/wp-json\/wp\/v2\/comments?post=299142"}],"version-history":[{"count":1,"href":"https:\/\/vof-news.eu\/de\/wp-json\/wp\/v2\/posts\/299142\/revisions"}],"predecessor-version":[{"id":299143,"href":"https:\/\/vof-news.eu\/de\/wp-json\/wp\/v2\/posts\/299142\/revisions\/299143"}],"wp:attachment":[{"href":"https:\/\/vof-news.eu\/de\/wp-json\/wp\/v2\/media?parent=299142"}],"wp:term":[{"taxonomy":"category","embeddable":true,"href":"https:\/\/vof-news.eu\/de\/wp-json\/wp\/v2\/categories?post=299142"},{"taxonomy":"post_tag","embeddable":true,"href":"https:\/\/vof-news.eu\/de\/wp-json\/wp\/v2\/tags?post=299142"}],"curies":[{"name":"wp","href":"https:\/\/api.w.org\/{rel}","templated":true}]}}