{"id":299010,"date":"2025-11-20T17:28:14","date_gmt":"2025-11-20T14:28:14","guid":{"rendered":"https:\/\/vof-news.eu\/wir-sind-in-diesem-kriegsjahr-wirklich-erschopft\/"},"modified":"2025-11-20T17:29:22","modified_gmt":"2025-11-20T14:29:22","slug":"wir-sind-in-diesem-kriegsjahr-wirklich-erschopft","status":"publish","type":"post","link":"https:\/\/vof-news.eu\/de\/wir-sind-in-diesem-kriegsjahr-wirklich-erschopft\/","title":{"rendered":"&#8222;Wir sind in diesem Kriegsjahr wirklich ersch\u00f6pft&#8220;"},"content":{"rendered":"<div>\n<\/p>\n<p><strong>DIE ZEIT: <\/strong>Herr Generalleutnant,<br \/>\nw\u00e4hrend wir sprechen, bef\u00fcrchten einige Soldaten, dass sie in Pokrowsk<br \/>\neingekesselt werden. K\u00f6nnen Sie versprechen, dass das nicht passieren wird?\n<\/p>\n<p><strong>Andrij Hnatow: <\/strong>Die Lage in Pokrowsk<br \/>\nist wirklich schwierig. Unsere Soldaten und Offiziere leisten verzweifelten<br \/>\nWiderstand, aber <span><a href=\"https:\/\/www.zeit.de\/thema\/russland\" rel=\"nofollow\">Russlands<\/a><\/span> Armee r\u00fcckt vor, unter unvorstellbaren Verlusten, und<br \/>\nvernichtet alles Lebende auf ihrem Weg. Unter solchen Bedingungen ist es extrem<br \/>\nschwierig, Stellungen zu erobern, Verteidigungslinien zu ziehen und sie<br \/>\nauszubauen. Unsere Kommandeure verstehen den Wert jedes Soldaten, denn das sind<br \/>\nunsere Leute, unsere B\u00fcrger. Doch die Art und Weise, wie Russland diesen Krieg<br \/>\nf\u00fchrt, l\u00e4sst uns oft keine Wahl, wie wir unser Land verteidigen.\n<\/p>\n<p><strong>ZEIT: <\/strong>Wann kommt der<br \/>\nZeitpunkt f\u00fcr einen R\u00fcckzug?\n<\/p>\n<p><strong>Hnatow: <\/strong>Wenn das Festhalten an einer Stellung oder Linie mit absoluter Sicherheit dazu f\u00fchren kann, dass die dort k\u00e4mpfenden Soldaten eingekesselt, gefangen genommen oder vernichtet werden, dann wird<br \/>\nselbstverst\u00e4ndlich entschieden, ein entsprechendes Man\u00f6ver durchzuf\u00fchren. Wir<br \/>\nachten besonders auf Situationen, in denen die Gefahr besteht, dass Menschen<br \/>\ngefangen genommen werden. Russland schikaniert und erschie\u00dft Kriegsgefangene<br \/>\noft. Deshalb ist es entscheidend, dass die Kommandeure vor Ort die Lage richtig<br \/>\neinsch\u00e4tzen und uns entsprechende Daten liefern.\n<\/p>\n<p><strong>ZEIT: <\/strong>Aber noch ist die Lage<br \/>\nstabil genug?\n<\/p>\n<p><strong>Hnatow: <\/strong><span><a href=\"https:\/\/www.zeit.de\/thema\/wladimir-putin\" rel=\"nofollow\">Wladimir Putin<\/a><\/span> hat<br \/>\nwiederholt erkl\u00e4rt, er werde die Stadt in wenigen Tagen, in wenigen Wochen<br \/>\neinnehmen. Das h\u00f6ren<br \/>\nwir seit \u00fcber einem Jahr. Die Angreifer haben eine gro\u00dfe Anzahl an Truppen<br \/>\nzusammengezogen, um diese relativ kleine ukrainische Stadt einzunehmen. Bisher<br \/>\nk\u00e4mpfen wir weiter und versuchen, die feindlichen Kr\u00e4fte auszuschalten, die in<br \/>\ndie Stadt eindringen konnten. Es sind etwa 400, wir wissen es nicht genau.\n<\/p>\n<p><strong>ZEIT: <\/strong>Eine relativ kleine<br \/>\nStadt, sagen Sie. Wie bedeutend w\u00e4re der Verlust aus milit\u00e4rischer Sicht?\n<\/p>\n<p><strong>Hnatow: <\/strong>Urbanisiertes Gebiet<br \/>\nist leichter zu verteidigen. Umgekehrt ist es f\u00fcr den Feind schwieriger,<br \/>\nsolches Gebiet einzunehmen, und seine Verluste fallen dabei h\u00f6her aus. Wenn man<br \/>\ndie Stadt verl\u00e4sst, ist die Verteidigung um ein Vielfaches schwieriger.\u00a0\n<\/p>\n<p><strong>ZEIT: <\/strong>Weiter s\u00fcdlich, vor<br \/>\nallem bei Huljajpole, ist das aktuell zu sehen. Die Front ist dort chaotisch. An diesem Abschnitt sind Brigaden stationiert, die nicht zu den besten in der ukrainischen Armee z\u00e4hlen. Russland erobert<br \/>\nschnell Gebiet. Wie konnte es dazu kommen?\n<\/p>\n<p><strong>Hnatow: <\/strong>Fast entlang<br \/>\nder gesamten Frontlinie ist die Lage angespannt, auch in Huljajpole und den<br \/>\numliegenden Gebieten. Aber wenn wir sagen, dass wir in dieser Richtung Gebiete<br \/>\nverloren haben, so ist es doch genauso richtig, zu sagen, dass wir in anderen<br \/>\nRichtungen Gebiete erobert und erfolgreiche Gegenoffensiven durchgef\u00fchrt haben.<br \/>\nWir haben den Feind in der Region Sumy gestoppt. Wir sind dabei, Kupjansk zu<br \/>\nbefreien. Auch in Richtung Dobropillja konnten wir den Feind zur\u00fcckschlagen und<br \/>\nden Frontvorsprung abschneiden.\n<\/p>\n<p><strong>ZEIT: <\/strong>Aber es sind ja auch<br \/>\nEinheiten aus der Gegend um Huljajpole abgezogen worden, um bei Dobropillja n\u00f6rdlich von Pokrowsk zu<br \/>\nk\u00e4mpfen, und die russische Armee r\u00fcckt nun langsam in Richtung der<br \/>\nGro\u00dfstadt Saporischschja vor. Es wirkt zunehmend oft, als m\u00fcsste die <span><a href=\"https:\/\/www.zeit.de\/politik\/ausland\/ukraine-krieg-news-liveblog\" rel=\"nofollow\">Ukraine<\/a><\/span><br \/>\nL\u00fccken an der Front stopfen, und dann tun sie sich woanders auf. Wie wollen Sie<br \/>\ndas l\u00f6sen?\n<\/p>\n<p><strong>Hnatow: <\/strong>Tats\u00e4chlich gibt es<br \/>\nviele L\u00f6sungen,<br \/>\ndie uns helfen k\u00f6nnten.<br \/>\nVor allem m\u00fcssen wir unsere Hilfsgesuche aufrechterhalten, insbesondere unsere<br \/>\nAnfragen nach Waffen zur Flugabwehr und Langstreckenraketen. Wir arbeiten<br \/>\ndiesbez\u00fcglich kontinuierlich mit allen Partnerl\u00e4ndern zusammen und sind f\u00fcr<br \/>\ndiese Unterst\u00fctzung dankbar. \u00dcber m\u00f6gliche Aktionen<br \/>\nauf dem Kampffeld zu sprechen, ist definitiv nicht Gegenstand dieses<br \/>\nInterviews.\n<\/p>\n<p><strong>ZEIT: <\/strong>Egal mit welcher<br \/>\nEinheit ich an der Front spreche, alle berichten von Personalproblemen,<br \/>\ninsbesondere in der Infanterie. Ich m\u00f6chte Ihre Sichtweise h\u00f6ren:<br \/>\nGibt es ein Personalproblem?\n<\/p>\n<p><strong>Hnatow: <\/strong>Nat\u00fcrlich wird jeder<br \/>\nKommandeur immer sagen, dass er mehr Personal, mehr Infanterie, mehr Waffen,<br \/>\nmehr Ausr\u00fcstung, mehr Munition und mehr sonstige Ressourcen ben\u00f6tigt.<br \/>\nDie Lage ist sehr schwierig, wir sind in diesem Kriegsjahr wirklich ersch\u00f6pft,<br \/>\naber wir ergreifen alle Ma\u00dfnahmen, um die Einheiten aufzustocken und unsere<br \/>\nLeute auszubilden. Wir k\u00f6nnen trotz dieser Lage sicherstellen, dass unsere<br \/>\nSoldaten mehr als 50 Tage Grundausbildung erhalten, bevor sie ins Kampfgebiet<br \/>\nverlegt werden. Anschlie\u00dfend erhalten sie weitere 14 Tage Eingew\u00f6hnungszeit, um sich mit der Situation im Einsatzgebiet vertraut zu machen.\n<\/p>\n<p><strong>ZEIT: <\/strong>Ist Mangel an Infanteristen aus Ihrer Sicht also nicht<br \/>\nkritisch?\n<\/p>\n<p><strong>Hnatow: <\/strong>Unzureichende<br \/>\nRessourcen sind immer ein kritisches Problem. Wir sprechen laufend auf allen<br \/>\nEbenen unseres Kommandos dar\u00fcber, wie wir damit umgehen sollen. Es ist<br \/>\nschwierig, Kampfeins\u00e4tze mit begrenzten Ressourcen durchzuf\u00fchren. Wir suchen<br \/>\ndeshalb nach anderen M\u00f6glichkeiten, um dem Feind maximale<br \/>\nVerluste zuzuf\u00fcgen. Wir greifen derzeit zahlreiche Objekte des russischen<br \/>\nmilit\u00e4risch-industriellen Komplexes an, die die Aktionen der Truppen des Aggressorlandes<br \/>\nauf dem Schlachtfeld beeintr\u00e4chtigen k\u00f6nnen. Dies betrifft<br \/>\ndie \u00d6lindustrie und die Produktion von Munition und Ausr\u00fcstung, insbesondere von unbemannten Luftfahrzeugen.\n<\/p>\n<p><strong>ZEIT: <\/strong>In den letzten sechs<br \/>\nMonaten hat sich die Frontzone stark ver\u00e4ndert. Sie hat sich ausgedehnt, weil Drohnen immer weiter fliegen k\u00f6nnen. Es<br \/>\ngibt etwas, das viele als Todeszone bezeichnen, eine Grauzone, in der nicht<br \/>\nmehr klar ist, wo sich die russischen Angreifer genau befinden. Welche Schritte<br \/>\nunternehmen Sie derzeit, um die Kontrolle \u00fcber die Frontzone zur\u00fcckzugewinnen?\n<\/p>\n<\/div>\n","protected":false},"excerpt":{"rendered":"<p>DIE ZEIT: Herr Generalleutnant, w\u00e4hrend wir sprechen, bef\u00fcrchten einige Soldaten, dass sie in Pokrowsk eingekesselt werden. K\u00f6nnen Sie versprechen, dass das nicht passieren wird? Andrij Hnatow: Die Lage in Pokrowsk ist wirklich schwierig. Unsere Soldaten und Offiziere leisten verzweifelten Widerstand, aber Russlands Armee r\u00fcckt vor, unter unvorstellbaren Verlusten, und vernichtet alles Lebende auf ihrem Weg.<\/p>\n","protected":false},"author":1,"featured_media":299011,"comment_status":"open","ping_status":"open","sticky":false,"template":"","format":"standard","meta":{"footnotes":""},"categories":[116],"tags":[],"class_list":["post-299010","post","type-post","status-publish","format-standard","has-post-thumbnail","hentry","category-war-chronicles-de"],"acf":[],"yoast_head":"<!-- This site is optimized with the Yoast SEO plugin v22.9 - https:\/\/yoast.com\/wordpress\/plugins\/seo\/ -->\n<title>&quot;Wir sind in diesem Kriegsjahr wirklich ersch\u00f6pft&quot; - vof-news.eu<\/title>\n<meta name=\"description\" content=\"DIE ZEIT: Herr Generalleutnant,\" \/>\n<meta name=\"robots\" content=\"noindex, follow, max-snippet:-1, max-image-preview:large, max-video-preview:-1\" \/>\n<meta property=\"og:locale\" content=\"de_DE\" \/>\n<meta property=\"og:type\" content=\"article\" \/>\n<meta property=\"og:title\" content=\"&quot;Wir sind in diesem Kriegsjahr wirklich ersch\u00f6pft&quot; - vof-news.eu\" \/>\n<meta property=\"og:description\" content=\"DIE ZEIT: Herr Generalleutnant,\" \/>\n<meta property=\"og:url\" content=\"https:\/\/vof-news.eu\/de\/wir-sind-in-diesem-kriegsjahr-wirklich-erschopft\/\" \/>\n<meta property=\"og:site_name\" content=\"vof-news.eu\" \/>\n<meta property=\"article:published_time\" content=\"2025-11-20T14:28:14+00:00\" \/>\n<meta property=\"article:modified_time\" content=\"2025-11-20T14:29:22+00:00\" \/>\n<meta property=\"og:image\" content=\"https:\/\/vof-news.eu\/wp-content\/uploads\/2025\/11\/portrait__612x816-2.jpg\" \/>\n\t<meta property=\"og:image:width\" content=\"612\" \/>\n\t<meta property=\"og:image:height\" content=\"816\" \/>\n\t<meta property=\"og:image:type\" content=\"image\/jpeg\" \/>\n<meta name=\"author\" content=\"Author\" \/>\n<meta name=\"twitter:card\" content=\"summary_large_image\" \/>\n<meta name=\"twitter:label1\" content=\"Verfasst von\" \/>\n\t<meta name=\"twitter:data1\" content=\"Author\" \/>\n\t<meta name=\"twitter:label2\" content=\"Gesch\u00e4tzte Lesezeit\" \/>\n\t<meta name=\"twitter:data2\" content=\"4\u00a0Minuten\" \/>\n<script type=\"application\/ld+json\" class=\"yoast-schema-graph\">{\"@context\":\"https:\/\/schema.org\",\"@graph\":[{\"@type\":\"WebPage\",\"@id\":\"https:\/\/vof-news.eu\/de\/wir-sind-in-diesem-kriegsjahr-wirklich-erschopft\/\",\"url\":\"https:\/\/vof-news.eu\/de\/wir-sind-in-diesem-kriegsjahr-wirklich-erschopft\/\",\"name\":\"\\\"Wir sind in diesem Kriegsjahr wirklich ersch\u00f6pft\\\" - vof-news.eu\",\"isPartOf\":{\"@id\":\"https:\/\/vof-news.eu\/de\/#website\"},\"primaryImageOfPage\":{\"@id\":\"https:\/\/vof-news.eu\/de\/wir-sind-in-diesem-kriegsjahr-wirklich-erschopft\/#primaryimage\"},\"image\":{\"@id\":\"https:\/\/vof-news.eu\/de\/wir-sind-in-diesem-kriegsjahr-wirklich-erschopft\/#primaryimage\"},\"thumbnailUrl\":\"https:\/\/vof-news.eu\/wp-content\/uploads\/2025\/11\/portrait__612x816-2.jpg\",\"datePublished\":\"2025-11-20T14:28:14+00:00\",\"dateModified\":\"2025-11-20T14:29:22+00:00\",\"author\":{\"@id\":\"https:\/\/vof-news.eu\/de\/#\/schema\/person\/f6a2a4309f0561835797fd8c19b333ed\"},\"description\":\"DIE ZEIT: Herr Generalleutnant,\",\"breadcrumb\":{\"@id\":\"https:\/\/vof-news.eu\/de\/wir-sind-in-diesem-kriegsjahr-wirklich-erschopft\/#breadcrumb\"},\"inLanguage\":\"de\",\"potentialAction\":[{\"@type\":\"ReadAction\",\"target\":[\"https:\/\/vof-news.eu\/de\/wir-sind-in-diesem-kriegsjahr-wirklich-erschopft\/\"]}]},{\"@type\":\"ImageObject\",\"inLanguage\":\"de\",\"@id\":\"https:\/\/vof-news.eu\/de\/wir-sind-in-diesem-kriegsjahr-wirklich-erschopft\/#primaryimage\",\"url\":\"https:\/\/vof-news.eu\/wp-content\/uploads\/2025\/11\/portrait__612x816-2.jpg\",\"contentUrl\":\"https:\/\/vof-news.eu\/wp-content\/uploads\/2025\/11\/portrait__612x816-2.jpg\",\"width\":612,\"height\":816},{\"@type\":\"BreadcrumbList\",\"@id\":\"https:\/\/vof-news.eu\/de\/wir-sind-in-diesem-kriegsjahr-wirklich-erschopft\/#breadcrumb\",\"itemListElement\":[{\"@type\":\"ListItem\",\"position\":1,\"name\":\"Home\",\"item\":\"https:\/\/vof-news.eu\/de\/\"},{\"@type\":\"ListItem\",\"position\":2,\"name\":\"&#8220;Wir sind in diesem Kriegsjahr wirklich ersch\u00f6pft&#8221;\"}]},{\"@type\":\"WebSite\",\"@id\":\"https:\/\/vof-news.eu\/de\/#website\",\"url\":\"https:\/\/vof-news.eu\/de\/\",\"name\":\"vof-news.eu\",\"description\":\"\",\"potentialAction\":[{\"@type\":\"SearchAction\",\"target\":{\"@type\":\"EntryPoint\",\"urlTemplate\":\"https:\/\/vof-news.eu\/de\/?s={search_term_string}\"},\"query-input\":\"required name=search_term_string\"}],\"inLanguage\":\"de\"},{\"@type\":\"Person\",\"@id\":\"https:\/\/vof-news.eu\/de\/#\/schema\/person\/f6a2a4309f0561835797fd8c19b333ed\",\"name\":\"Author\",\"image\":{\"@type\":\"ImageObject\",\"inLanguage\":\"de\",\"@id\":\"https:\/\/vof-news.eu\/de\/#\/schema\/person\/image\/\",\"url\":\"https:\/\/secure.gravatar.com\/avatar\/b67e614b1b25b3e9c0c239efdd2fde5ab015b5affd6f1c3c85911ca4b384e790?s=96&d=mm&r=g\",\"contentUrl\":\"https:\/\/secure.gravatar.com\/avatar\/b67e614b1b25b3e9c0c239efdd2fde5ab015b5affd6f1c3c85911ca4b384e790?s=96&d=mm&r=g\",\"caption\":\"Author\"},\"sameAs\":[\"http:\/\/vof-news.eu\"],\"url\":\"https:\/\/vof-news.eu\/de\/author\/zwt6qxnjulxbnyg\/\"}]}<\/script>\n<!-- \/ Yoast SEO plugin. -->","yoast_head_json":{"title":"\"Wir sind in diesem Kriegsjahr wirklich ersch\u00f6pft\" - vof-news.eu","description":"DIE ZEIT: Herr Generalleutnant,","robots":{"index":"noindex","follow":"follow","max-snippet":"max-snippet:-1","max-image-preview":"max-image-preview:large","max-video-preview":"max-video-preview:-1"},"og_locale":"de_DE","og_type":"article","og_title":"\"Wir sind in diesem Kriegsjahr wirklich ersch\u00f6pft\" - vof-news.eu","og_description":"DIE ZEIT: Herr Generalleutnant,","og_url":"https:\/\/vof-news.eu\/de\/wir-sind-in-diesem-kriegsjahr-wirklich-erschopft\/","og_site_name":"vof-news.eu","article_published_time":"2025-11-20T14:28:14+00:00","article_modified_time":"2025-11-20T14:29:22+00:00","og_image":[{"width":612,"height":816,"url":"https:\/\/vof-news.eu\/wp-content\/uploads\/2025\/11\/portrait__612x816-2.jpg","type":"image\/jpeg"}],"author":"Author","twitter_card":"summary_large_image","twitter_misc":{"Verfasst von":"Author","Gesch\u00e4tzte Lesezeit":"4\u00a0Minuten"},"schema":{"@context":"https:\/\/schema.org","@graph":[{"@type":"WebPage","@id":"https:\/\/vof-news.eu\/de\/wir-sind-in-diesem-kriegsjahr-wirklich-erschopft\/","url":"https:\/\/vof-news.eu\/de\/wir-sind-in-diesem-kriegsjahr-wirklich-erschopft\/","name":"\"Wir sind in diesem Kriegsjahr wirklich ersch\u00f6pft\" - vof-news.eu","isPartOf":{"@id":"https:\/\/vof-news.eu\/de\/#website"},"primaryImageOfPage":{"@id":"https:\/\/vof-news.eu\/de\/wir-sind-in-diesem-kriegsjahr-wirklich-erschopft\/#primaryimage"},"image":{"@id":"https:\/\/vof-news.eu\/de\/wir-sind-in-diesem-kriegsjahr-wirklich-erschopft\/#primaryimage"},"thumbnailUrl":"https:\/\/vof-news.eu\/wp-content\/uploads\/2025\/11\/portrait__612x816-2.jpg","datePublished":"2025-11-20T14:28:14+00:00","dateModified":"2025-11-20T14:29:22+00:00","author":{"@id":"https:\/\/vof-news.eu\/de\/#\/schema\/person\/f6a2a4309f0561835797fd8c19b333ed"},"description":"DIE ZEIT: Herr Generalleutnant,","breadcrumb":{"@id":"https:\/\/vof-news.eu\/de\/wir-sind-in-diesem-kriegsjahr-wirklich-erschopft\/#breadcrumb"},"inLanguage":"de","potentialAction":[{"@type":"ReadAction","target":["https:\/\/vof-news.eu\/de\/wir-sind-in-diesem-kriegsjahr-wirklich-erschopft\/"]}]},{"@type":"ImageObject","inLanguage":"de","@id":"https:\/\/vof-news.eu\/de\/wir-sind-in-diesem-kriegsjahr-wirklich-erschopft\/#primaryimage","url":"https:\/\/vof-news.eu\/wp-content\/uploads\/2025\/11\/portrait__612x816-2.jpg","contentUrl":"https:\/\/vof-news.eu\/wp-content\/uploads\/2025\/11\/portrait__612x816-2.jpg","width":612,"height":816},{"@type":"BreadcrumbList","@id":"https:\/\/vof-news.eu\/de\/wir-sind-in-diesem-kriegsjahr-wirklich-erschopft\/#breadcrumb","itemListElement":[{"@type":"ListItem","position":1,"name":"Home","item":"https:\/\/vof-news.eu\/de\/"},{"@type":"ListItem","position":2,"name":"&#8220;Wir sind in diesem Kriegsjahr wirklich ersch\u00f6pft&#8221;"}]},{"@type":"WebSite","@id":"https:\/\/vof-news.eu\/de\/#website","url":"https:\/\/vof-news.eu\/de\/","name":"vof-news.eu","description":"","potentialAction":[{"@type":"SearchAction","target":{"@type":"EntryPoint","urlTemplate":"https:\/\/vof-news.eu\/de\/?s={search_term_string}"},"query-input":"required name=search_term_string"}],"inLanguage":"de"},{"@type":"Person","@id":"https:\/\/vof-news.eu\/de\/#\/schema\/person\/f6a2a4309f0561835797fd8c19b333ed","name":"Author","image":{"@type":"ImageObject","inLanguage":"de","@id":"https:\/\/vof-news.eu\/de\/#\/schema\/person\/image\/","url":"https:\/\/secure.gravatar.com\/avatar\/b67e614b1b25b3e9c0c239efdd2fde5ab015b5affd6f1c3c85911ca4b384e790?s=96&d=mm&r=g","contentUrl":"https:\/\/secure.gravatar.com\/avatar\/b67e614b1b25b3e9c0c239efdd2fde5ab015b5affd6f1c3c85911ca4b384e790?s=96&d=mm&r=g","caption":"Author"},"sameAs":["http:\/\/vof-news.eu"],"url":"https:\/\/vof-news.eu\/de\/author\/zwt6qxnjulxbnyg\/"}]}},"yoast_meta":{"yoast_wpseo_title":"","yoast_wpseo_metadesc":"","yoast_wpseo_canonical":""},"_links":{"self":[{"href":"https:\/\/vof-news.eu\/de\/wp-json\/wp\/v2\/posts\/299010","targetHints":{"allow":["GET"]}}],"collection":[{"href":"https:\/\/vof-news.eu\/de\/wp-json\/wp\/v2\/posts"}],"about":[{"href":"https:\/\/vof-news.eu\/de\/wp-json\/wp\/v2\/types\/post"}],"author":[{"embeddable":true,"href":"https:\/\/vof-news.eu\/de\/wp-json\/wp\/v2\/users\/1"}],"replies":[{"embeddable":true,"href":"https:\/\/vof-news.eu\/de\/wp-json\/wp\/v2\/comments?post=299010"}],"version-history":[{"count":1,"href":"https:\/\/vof-news.eu\/de\/wp-json\/wp\/v2\/posts\/299010\/revisions"}],"predecessor-version":[{"id":299017,"href":"https:\/\/vof-news.eu\/de\/wp-json\/wp\/v2\/posts\/299010\/revisions\/299017"}],"wp:featuredmedia":[{"embeddable":true,"href":"https:\/\/vof-news.eu\/de\/wp-json\/wp\/v2\/media\/299011"}],"wp:attachment":[{"href":"https:\/\/vof-news.eu\/de\/wp-json\/wp\/v2\/media?parent=299010"}],"wp:term":[{"taxonomy":"category","embeddable":true,"href":"https:\/\/vof-news.eu\/de\/wp-json\/wp\/v2\/categories?post=299010"},{"taxonomy":"post_tag","embeddable":true,"href":"https:\/\/vof-news.eu\/de\/wp-json\/wp\/v2\/tags?post=299010"}],"curies":[{"name":"wp","href":"https:\/\/api.w.org\/{rel}","templated":true}]}}