{"id":298504,"date":"2025-11-19T15:28:06","date_gmt":"2025-11-19T12:28:06","guid":{"rendered":"https:\/\/vof-news.eu\/bundesregierung-beschliest-kurzung-von-sozialleistungen-fur-ukrainer\/"},"modified":"2025-11-19T15:29:51","modified_gmt":"2025-11-19T12:29:51","slug":"bundesregierung-beschliest-kurzung-von-sozialleistungen-fur-ukrainer","status":"publish","type":"post","link":"https:\/\/vof-news.eu\/de\/bundesregierung-beschliest-kurzung-von-sozialleistungen-fur-ukrainer\/","title":{"rendered":"Bundesregierung beschlie\u00dft K\u00fcrzung von Sozialleistungen f\u00fcr Ukrainer"},"content":{"rendered":"<div>\n<p>Die <span><a href=\"https:\/\/www.zeit.de\/thema\/bundesregierung\" rel=\"nofollow\">Bundesregierung<\/a><\/span> hat eine Neuregelung der Sozialleistungen f\u00fcr neu einreisende <a href=\"https:\/\/www.zeit.de\/thema\/krieg-in-ukraine\" rel=\"nofollow\">Ukrainerinnen und Ukrainer<\/a> auf den Weg gebracht. Einen entsprechenden Gesetzentwurf hat das Kabinett <a href=\"https:\/\/www.bmas.de\/DE\/Service\/Presse\/Pressemitteilungen\/2025\/leistungsrechtsanpassungsgesetz-im-kabinett-beschlossen.html\" rel=\"nofollow\">am Mittwochvormittag beschlossen<\/a>. Demnach sollen Menschen, die seit dem 1. April 2025 nach Deutschland gekommen sind oder noch kommen, k\u00fcnftig Leistungen nach dem Asylbewerberleistungsgesetz erhalten. Bislang hatten Gefl\u00fcchtete aus der Ukraine ab Juni 2022 Anspruch auf <a href=\"https:\/\/www.zeit.de\/kultur\/2025-10\/grundsicherung-buergergeld-sozialstaat-bundesregierung-sozialleistung\" rel=\"nofollow\">B\u00fcrgergeld<\/a>.\u00a0\n<\/p>\n<p>Die unterschiedliche Behandlung im Vergleich zu anderen Gefl\u00fcchteten geht auf den besonderen Schutzstatus zur\u00fcck. Ukrainerinnen und Ukrainer gelten nicht als Asylbewerberinnen und -bewerber, sondern erhalten Schutz auf Grundlage der EU-Massenzustromrichtlinie, die die <span><a href=\"https:\/\/www.zeit.de\/thema\/europaeische-union\" rel=\"nofollow\">EU<\/a><\/span> am 3. M\u00e4rz 2022 aktiviert hat. Diese erspart ein regul\u00e4res Asylverfahren und sichert einen sofortigen Zugang zum Arbeitsmarkt.\n<\/p>\n<h2>Schutzstatus bleibt unver\u00e4ndert<\/h2>\n<p>Die Leistungen nach dem Asylbewerberleistungsgesetz liegen nach Regierungsangaben etwa 20 Prozent unter dem <span><a href=\"https:\/\/www.zeit.de\/thema\/buergergeld\" rel=\"nofollow\">B\u00fcrgergeld<\/a><\/span>. F\u00fcr Alleinstehende ist dort ein Grundbedarf von 441 Euro vorgesehen, w\u00e4hrend der Regelsatz beim B\u00fcrgergeld 563 Euro betr\u00e4gt. Zust\u00e4ndig w\u00e4ren k\u00fcnftig statt der Jobcenter die Sozial\u00e4mter. Am Schutzstatus selbst soll sich nichts \u00e4ndern.\u00a0\n<\/p>\n<p>Weitere Einschr\u00e4nkungen sind dagegen bei der Gesundheitsversorgung geplant. Statt einer regul\u00e4ren Mitgliedschaft in einer Krankenkasse ist f\u00fcr die betroffenen Gefl\u00fcchteten nur eine medizinische Grundversorgung vorgesehen, die aus Steuermitteln finanziert wird. Einen Anspruch auf eine umfassende Gesundheitsversorgung sollen sie in der Regel erst nach drei Jahren legalem Aufenthalt oder bei eigenem Lebensunterhalt mit Steuer- und Beitragszahlung erhalten.\n<\/p>\n<p>Bereits in Deutschland lebende Ukrainerinnen und Ukrainer, die B\u00fcrgergeld beziehen, sollen die Leistungen bis zum Ende der jeweiligen Bewilligung weiter erhalten, h\u00f6chstens jedoch drei Monate nach Inkrafttreten der Neuregelung. Danach w\u00fcrden auch f\u00fcr sie die S\u00e4tze des Asylbewerberleistungsgesetzes gelten, sofern sie weiterhin auf staatliche Unterst\u00fctzung angewiesen sind.\n<\/p>\n<p>Mit der Neuregelung will die Bundesregierung den Druck auf die Betroffenen erh\u00f6hen, eine Arbeit aufzunehmen. Arbeitsf\u00e4hige, nicht erwerbst\u00e4tige Leistungsberechtigte sollen verpflichtet sein, sich um eine Besch\u00e4ftigung zu bem\u00fchen. Ein Beratungsanspruch durch die Arbeitsagenturen soll weiterhin bestehen, die enge Betreuung durch die <span><a href=\"https:\/\/www.zeit.de\/thema\/arbeitsamt\" rel=\"nofollow\">Jobcenter<\/a><\/span> entf\u00e4llt jedoch.\n<\/p>\n<h2>Keine Einspareffekte erwartet<\/h2>\n<p>Die Gesetzes\u00e4nderung bringt voraussichtlich keine Einspareffekte mit sich. Zwar spart der Bund beim B\u00fcrgergeld im kommenden Jahr sch\u00e4tzungsweise 680 Millionen Euro und die Kommunen etwa 50 Millionen Euro. Zugleich entstehen L\u00e4ndern und Kommunen voraussichtlich Mehrkosten von rund 860 Millionen Euro. Grund daf\u00fcr ist ein erheblich h\u00f6herer Verwaltungsaufwand, vor allem f\u00fcr die Kommunen.\n<\/p>\n<p>Den L\u00e4ndern stellt der Bund f\u00fcr &#8222;zus\u00e4tzliche und zwingend notwendige Kosten&#8220; einen pauschalen Ausgleich in Aussicht, ohne dabei konkrete Betr\u00e4ge zu nennen. Auch f\u00fcr 2027 wird damit gerechnet, dass die Belastungen der L\u00e4nder und Kommunen \u00fcberwiegen: Vorgesehen sind Minderausgaben beim Bund von 300 Millionen Euro und bei den Kommunen von 20 Millionen Euro, zugleich werden zus\u00e4tzliche Ausgaben der L\u00e4nder und Kommunen von 394 Millionen Euro veranschlagt.\n<\/p>\n<h2>&#8222;Sozialpolitisch falsch und integrationspolitisch sch\u00e4dlich&#8220;<\/h2>\n<p>Die Integrationsbeauftragte der Bundesregierung, Natalie Pawlik (SPD), kritisierte den B\u00fcrgergeldstopp kurz vor der Entscheidung. &#8222;Integrationspolitisch ist das eine gro\u00dfe Gefahr&#8220;, sagte sie dem Nachrichtenmagazin . Mit dem Programm &#8222;Job-Turbo&#8220; sowie Sprachkursen k\u00e4men Menschen aus der <span><a href=\"https:\/\/www.zeit.de\/politik\/ausland\/ukraine-krieg-news-liveblog\" rel=\"nofollow\">Ukraine<\/a><\/span> gerade &#8222;immer besser in Arbeit&#8220; und finanzierten ihr Leben zunehmend selbst, sagte Pawlik. &#8222;Das droht jetzt konterkariert zu werden.&#8220;\n<\/p>\n<p>Kritik kam auch aus der Gr\u00fcnenfraktion: Der Sozialpolitiker Timon\u00a0Dzienus\u00a0sprach im Berliner \u00a0von einer &#8222;Schnapsidee&#8220;. Die Ma\u00dfnahme sei &#8222;sozialpolitisch falsch, integrationspolitisch sch\u00e4dlich und haushaltspolitisch widersinnig&#8220;, sagte er.\u00a0Die Caritas warnte gegen\u00fcber der Nachrichtenagentur KNA, die Umstellung k\u00f6nne die Integration der ukrainischen Kriegsfl\u00fcchtlinge in den Arbeitsmarkt eher behindern und die erwarteten Einsparungen durch mehr B\u00fcrokratie weitgehend aufzehren. Auch Arbeitsministerin B\u00e4rbel Bas (SPD) <a href=\"https:\/\/www.zeit.de\/politik\/deutschland\/2025-11\/bas-ukraine-gefluechtete-buergergeld-koalition\" rel=\"nofollow\">\u00e4u\u00dferte gegen\u00fcber den geplanten \u00c4nderungen zuletzt Unbehagen<\/a>. Das Gesetz bedarf noch der Zustimmung des Bundesrats.\n<\/p>\n<\/div>\n","protected":false},"excerpt":{"rendered":"<p>Die Bundesregierung hat eine Neuregelung der Sozialleistungen f\u00fcr neu einreisende Ukrainerinnen und Ukrainer auf den Weg gebracht. Einen entsprechenden Gesetzentwurf hat das Kabinett am Mittwochvormittag beschlossen. Demnach sollen Menschen, die seit dem 1. April 2025 nach Deutschland gekommen sind oder noch kommen, k\u00fcnftig Leistungen nach dem Asylbewerberleistungsgesetz erhalten. Bislang hatten Gefl\u00fcchtete aus der Ukraine ab<\/p>\n","protected":false},"author":1,"featured_media":298505,"comment_status":"open","ping_status":"open","sticky":false,"template":"","format":"standard","meta":{"footnotes":""},"categories":[116],"tags":[],"class_list":["post-298504","post","type-post","status-publish","format-standard","has-post-thumbnail","hentry","category-war-chronicles-de"],"acf":[],"yoast_head":"<!-- This site is optimized with the Yoast SEO plugin v22.9 - https:\/\/yoast.com\/wordpress\/plugins\/seo\/ -->\n<title>Bundesregierung beschlie\u00dft K\u00fcrzung von Sozialleistungen f\u00fcr Ukrainer - vof-news.eu<\/title>\n<meta name=\"description\" content=\"Die Bundesregierung hat eine Neuregelung der Sozialleistungen f\u00fcr neu einreisende Ukrainerinnen und Ukrainer auf den Weg gebracht. Einen entsprechenden Gesetzentwurf hat das Kabinett am Mittwochvormittag beschlossen. Demnach sollen Menschen, die seit dem 1. April 2025 nach Deutschland gekommen sind oder noch kommen, k\u00fcnftig Leistungen nach dem Asylbewerberleistungsgesetz erhalten. Bislang hatten Gefl\u00fcchtete aus der Ukraine ab Juni 2022 Anspruch auf B\u00fcrgergeld.\u00a0\" \/>\n<meta name=\"robots\" content=\"noindex, follow, max-snippet:-1, max-image-preview:large, max-video-preview:-1\" \/>\n<meta property=\"og:locale\" content=\"de_DE\" \/>\n<meta property=\"og:type\" content=\"article\" \/>\n<meta property=\"og:title\" content=\"Bundesregierung beschlie\u00dft K\u00fcrzung von Sozialleistungen f\u00fcr Ukrainer - vof-news.eu\" \/>\n<meta property=\"og:description\" content=\"Die Bundesregierung hat eine Neuregelung der Sozialleistungen f\u00fcr neu einreisende Ukrainerinnen und Ukrainer auf den Weg gebracht. Einen entsprechenden Gesetzentwurf hat das Kabinett am Mittwochvormittag beschlossen. Demnach sollen Menschen, die seit dem 1. April 2025 nach Deutschland gekommen sind oder noch kommen, k\u00fcnftig Leistungen nach dem Asylbewerberleistungsgesetz erhalten. Bislang hatten Gefl\u00fcchtete aus der Ukraine ab Juni 2022 Anspruch auf B\u00fcrgergeld.\u00a0\" \/>\n<meta property=\"og:url\" content=\"https:\/\/vof-news.eu\/de\/bundesregierung-beschliest-kurzung-von-sozialleistungen-fur-ukrainer\/\" \/>\n<meta property=\"og:site_name\" content=\"vof-news.eu\" \/>\n<meta property=\"article:published_time\" content=\"2025-11-19T12:28:06+00:00\" \/>\n<meta property=\"article:modified_time\" content=\"2025-11-19T12:29:51+00:00\" \/>\n<meta property=\"og:image\" content=\"https:\/\/vof-news.eu\/wp-content\/uploads\/2025\/11\/wide__1000x562-55.jpg\" \/>\n\t<meta property=\"og:image:width\" content=\"1000\" \/>\n\t<meta property=\"og:image:height\" content=\"562\" \/>\n\t<meta property=\"og:image:type\" content=\"image\/jpeg\" \/>\n<meta name=\"author\" content=\"Author\" \/>\n<meta name=\"twitter:card\" content=\"summary_large_image\" \/>\n<meta name=\"twitter:label1\" content=\"Verfasst von\" \/>\n\t<meta name=\"twitter:data1\" content=\"Author\" \/>\n\t<meta name=\"twitter:label2\" content=\"Gesch\u00e4tzte Lesezeit\" \/>\n\t<meta name=\"twitter:data2\" content=\"3\u00a0Minuten\" \/>\n<script type=\"application\/ld+json\" class=\"yoast-schema-graph\">{\"@context\":\"https:\/\/schema.org\",\"@graph\":[{\"@type\":\"WebPage\",\"@id\":\"https:\/\/vof-news.eu\/de\/bundesregierung-beschliest-kurzung-von-sozialleistungen-fur-ukrainer\/\",\"url\":\"https:\/\/vof-news.eu\/de\/bundesregierung-beschliest-kurzung-von-sozialleistungen-fur-ukrainer\/\",\"name\":\"Bundesregierung beschlie\u00dft K\u00fcrzung von Sozialleistungen f\u00fcr Ukrainer - vof-news.eu\",\"isPartOf\":{\"@id\":\"https:\/\/vof-news.eu\/de\/#website\"},\"primaryImageOfPage\":{\"@id\":\"https:\/\/vof-news.eu\/de\/bundesregierung-beschliest-kurzung-von-sozialleistungen-fur-ukrainer\/#primaryimage\"},\"image\":{\"@id\":\"https:\/\/vof-news.eu\/de\/bundesregierung-beschliest-kurzung-von-sozialleistungen-fur-ukrainer\/#primaryimage\"},\"thumbnailUrl\":\"https:\/\/vof-news.eu\/wp-content\/uploads\/2025\/11\/wide__1000x562-55.jpg\",\"datePublished\":\"2025-11-19T12:28:06+00:00\",\"dateModified\":\"2025-11-19T12:29:51+00:00\",\"author\":{\"@id\":\"https:\/\/vof-news.eu\/de\/#\/schema\/person\/f6a2a4309f0561835797fd8c19b333ed\"},\"description\":\"Die Bundesregierung hat eine Neuregelung der Sozialleistungen f\u00fcr neu einreisende Ukrainerinnen und Ukrainer auf den Weg gebracht. Einen entsprechenden Gesetzentwurf hat das Kabinett am Mittwochvormittag beschlossen. Demnach sollen Menschen, die seit dem 1. April 2025 nach Deutschland gekommen sind oder noch kommen, k\u00fcnftig Leistungen nach dem Asylbewerberleistungsgesetz erhalten. Bislang hatten Gefl\u00fcchtete aus der Ukraine ab Juni 2022 Anspruch auf B\u00fcrgergeld.\u00a0\",\"breadcrumb\":{\"@id\":\"https:\/\/vof-news.eu\/de\/bundesregierung-beschliest-kurzung-von-sozialleistungen-fur-ukrainer\/#breadcrumb\"},\"inLanguage\":\"de\",\"potentialAction\":[{\"@type\":\"ReadAction\",\"target\":[\"https:\/\/vof-news.eu\/de\/bundesregierung-beschliest-kurzung-von-sozialleistungen-fur-ukrainer\/\"]}]},{\"@type\":\"ImageObject\",\"inLanguage\":\"de\",\"@id\":\"https:\/\/vof-news.eu\/de\/bundesregierung-beschliest-kurzung-von-sozialleistungen-fur-ukrainer\/#primaryimage\",\"url\":\"https:\/\/vof-news.eu\/wp-content\/uploads\/2025\/11\/wide__1000x562-55.jpg\",\"contentUrl\":\"https:\/\/vof-news.eu\/wp-content\/uploads\/2025\/11\/wide__1000x562-55.jpg\",\"width\":1000,\"height\":562},{\"@type\":\"BreadcrumbList\",\"@id\":\"https:\/\/vof-news.eu\/de\/bundesregierung-beschliest-kurzung-von-sozialleistungen-fur-ukrainer\/#breadcrumb\",\"itemListElement\":[{\"@type\":\"ListItem\",\"position\":1,\"name\":\"Home\",\"item\":\"https:\/\/vof-news.eu\/de\/\"},{\"@type\":\"ListItem\",\"position\":2,\"name\":\"Bundesregierung beschlie\u00dft K\u00fcrzung von Sozialleistungen f\u00fcr Ukrainer\"}]},{\"@type\":\"WebSite\",\"@id\":\"https:\/\/vof-news.eu\/de\/#website\",\"url\":\"https:\/\/vof-news.eu\/de\/\",\"name\":\"vof-news.eu\",\"description\":\"\",\"potentialAction\":[{\"@type\":\"SearchAction\",\"target\":{\"@type\":\"EntryPoint\",\"urlTemplate\":\"https:\/\/vof-news.eu\/de\/?s={search_term_string}\"},\"query-input\":\"required name=search_term_string\"}],\"inLanguage\":\"de\"},{\"@type\":\"Person\",\"@id\":\"https:\/\/vof-news.eu\/de\/#\/schema\/person\/f6a2a4309f0561835797fd8c19b333ed\",\"name\":\"Author\",\"image\":{\"@type\":\"ImageObject\",\"inLanguage\":\"de\",\"@id\":\"https:\/\/vof-news.eu\/de\/#\/schema\/person\/image\/\",\"url\":\"https:\/\/secure.gravatar.com\/avatar\/b67e614b1b25b3e9c0c239efdd2fde5ab015b5affd6f1c3c85911ca4b384e790?s=96&d=mm&r=g\",\"contentUrl\":\"https:\/\/secure.gravatar.com\/avatar\/b67e614b1b25b3e9c0c239efdd2fde5ab015b5affd6f1c3c85911ca4b384e790?s=96&d=mm&r=g\",\"caption\":\"Author\"},\"sameAs\":[\"http:\/\/vof-news.eu\"],\"url\":\"https:\/\/vof-news.eu\/de\/author\/zwt6qxnjulxbnyg\/\"}]}<\/script>\n<!-- \/ Yoast SEO plugin. -->","yoast_head_json":{"title":"Bundesregierung beschlie\u00dft K\u00fcrzung von Sozialleistungen f\u00fcr Ukrainer - vof-news.eu","description":"Die Bundesregierung hat eine Neuregelung der Sozialleistungen f\u00fcr neu einreisende Ukrainerinnen und Ukrainer auf den Weg gebracht. Einen entsprechenden Gesetzentwurf hat das Kabinett am Mittwochvormittag beschlossen. Demnach sollen Menschen, die seit dem 1. April 2025 nach Deutschland gekommen sind oder noch kommen, k\u00fcnftig Leistungen nach dem Asylbewerberleistungsgesetz erhalten. Bislang hatten Gefl\u00fcchtete aus der Ukraine ab Juni 2022 Anspruch auf B\u00fcrgergeld.\u00a0","robots":{"index":"noindex","follow":"follow","max-snippet":"max-snippet:-1","max-image-preview":"max-image-preview:large","max-video-preview":"max-video-preview:-1"},"og_locale":"de_DE","og_type":"article","og_title":"Bundesregierung beschlie\u00dft K\u00fcrzung von Sozialleistungen f\u00fcr Ukrainer - vof-news.eu","og_description":"Die Bundesregierung hat eine Neuregelung der Sozialleistungen f\u00fcr neu einreisende Ukrainerinnen und Ukrainer auf den Weg gebracht. Einen entsprechenden Gesetzentwurf hat das Kabinett am Mittwochvormittag beschlossen. Demnach sollen Menschen, die seit dem 1. April 2025 nach Deutschland gekommen sind oder noch kommen, k\u00fcnftig Leistungen nach dem Asylbewerberleistungsgesetz erhalten. Bislang hatten Gefl\u00fcchtete aus der Ukraine ab Juni 2022 Anspruch auf B\u00fcrgergeld.\u00a0","og_url":"https:\/\/vof-news.eu\/de\/bundesregierung-beschliest-kurzung-von-sozialleistungen-fur-ukrainer\/","og_site_name":"vof-news.eu","article_published_time":"2025-11-19T12:28:06+00:00","article_modified_time":"2025-11-19T12:29:51+00:00","og_image":[{"width":1000,"height":562,"url":"https:\/\/vof-news.eu\/wp-content\/uploads\/2025\/11\/wide__1000x562-55.jpg","type":"image\/jpeg"}],"author":"Author","twitter_card":"summary_large_image","twitter_misc":{"Verfasst von":"Author","Gesch\u00e4tzte Lesezeit":"3\u00a0Minuten"},"schema":{"@context":"https:\/\/schema.org","@graph":[{"@type":"WebPage","@id":"https:\/\/vof-news.eu\/de\/bundesregierung-beschliest-kurzung-von-sozialleistungen-fur-ukrainer\/","url":"https:\/\/vof-news.eu\/de\/bundesregierung-beschliest-kurzung-von-sozialleistungen-fur-ukrainer\/","name":"Bundesregierung beschlie\u00dft K\u00fcrzung von Sozialleistungen f\u00fcr Ukrainer - vof-news.eu","isPartOf":{"@id":"https:\/\/vof-news.eu\/de\/#website"},"primaryImageOfPage":{"@id":"https:\/\/vof-news.eu\/de\/bundesregierung-beschliest-kurzung-von-sozialleistungen-fur-ukrainer\/#primaryimage"},"image":{"@id":"https:\/\/vof-news.eu\/de\/bundesregierung-beschliest-kurzung-von-sozialleistungen-fur-ukrainer\/#primaryimage"},"thumbnailUrl":"https:\/\/vof-news.eu\/wp-content\/uploads\/2025\/11\/wide__1000x562-55.jpg","datePublished":"2025-11-19T12:28:06+00:00","dateModified":"2025-11-19T12:29:51+00:00","author":{"@id":"https:\/\/vof-news.eu\/de\/#\/schema\/person\/f6a2a4309f0561835797fd8c19b333ed"},"description":"Die Bundesregierung hat eine Neuregelung der Sozialleistungen f\u00fcr neu einreisende Ukrainerinnen und Ukrainer auf den Weg gebracht. Einen entsprechenden Gesetzentwurf hat das Kabinett am Mittwochvormittag beschlossen. Demnach sollen Menschen, die seit dem 1. April 2025 nach Deutschland gekommen sind oder noch kommen, k\u00fcnftig Leistungen nach dem Asylbewerberleistungsgesetz erhalten. Bislang hatten Gefl\u00fcchtete aus der Ukraine ab Juni 2022 Anspruch auf B\u00fcrgergeld.\u00a0","breadcrumb":{"@id":"https:\/\/vof-news.eu\/de\/bundesregierung-beschliest-kurzung-von-sozialleistungen-fur-ukrainer\/#breadcrumb"},"inLanguage":"de","potentialAction":[{"@type":"ReadAction","target":["https:\/\/vof-news.eu\/de\/bundesregierung-beschliest-kurzung-von-sozialleistungen-fur-ukrainer\/"]}]},{"@type":"ImageObject","inLanguage":"de","@id":"https:\/\/vof-news.eu\/de\/bundesregierung-beschliest-kurzung-von-sozialleistungen-fur-ukrainer\/#primaryimage","url":"https:\/\/vof-news.eu\/wp-content\/uploads\/2025\/11\/wide__1000x562-55.jpg","contentUrl":"https:\/\/vof-news.eu\/wp-content\/uploads\/2025\/11\/wide__1000x562-55.jpg","width":1000,"height":562},{"@type":"BreadcrumbList","@id":"https:\/\/vof-news.eu\/de\/bundesregierung-beschliest-kurzung-von-sozialleistungen-fur-ukrainer\/#breadcrumb","itemListElement":[{"@type":"ListItem","position":1,"name":"Home","item":"https:\/\/vof-news.eu\/de\/"},{"@type":"ListItem","position":2,"name":"Bundesregierung beschlie\u00dft K\u00fcrzung von Sozialleistungen f\u00fcr Ukrainer"}]},{"@type":"WebSite","@id":"https:\/\/vof-news.eu\/de\/#website","url":"https:\/\/vof-news.eu\/de\/","name":"vof-news.eu","description":"","potentialAction":[{"@type":"SearchAction","target":{"@type":"EntryPoint","urlTemplate":"https:\/\/vof-news.eu\/de\/?s={search_term_string}"},"query-input":"required name=search_term_string"}],"inLanguage":"de"},{"@type":"Person","@id":"https:\/\/vof-news.eu\/de\/#\/schema\/person\/f6a2a4309f0561835797fd8c19b333ed","name":"Author","image":{"@type":"ImageObject","inLanguage":"de","@id":"https:\/\/vof-news.eu\/de\/#\/schema\/person\/image\/","url":"https:\/\/secure.gravatar.com\/avatar\/b67e614b1b25b3e9c0c239efdd2fde5ab015b5affd6f1c3c85911ca4b384e790?s=96&d=mm&r=g","contentUrl":"https:\/\/secure.gravatar.com\/avatar\/b67e614b1b25b3e9c0c239efdd2fde5ab015b5affd6f1c3c85911ca4b384e790?s=96&d=mm&r=g","caption":"Author"},"sameAs":["http:\/\/vof-news.eu"],"url":"https:\/\/vof-news.eu\/de\/author\/zwt6qxnjulxbnyg\/"}]}},"yoast_meta":{"yoast_wpseo_title":"","yoast_wpseo_metadesc":"","yoast_wpseo_canonical":""},"_links":{"self":[{"href":"https:\/\/vof-news.eu\/de\/wp-json\/wp\/v2\/posts\/298504","targetHints":{"allow":["GET"]}}],"collection":[{"href":"https:\/\/vof-news.eu\/de\/wp-json\/wp\/v2\/posts"}],"about":[{"href":"https:\/\/vof-news.eu\/de\/wp-json\/wp\/v2\/types\/post"}],"author":[{"embeddable":true,"href":"https:\/\/vof-news.eu\/de\/wp-json\/wp\/v2\/users\/1"}],"replies":[{"embeddable":true,"href":"https:\/\/vof-news.eu\/de\/wp-json\/wp\/v2\/comments?post=298504"}],"version-history":[{"count":1,"href":"https:\/\/vof-news.eu\/de\/wp-json\/wp\/v2\/posts\/298504\/revisions"}],"predecessor-version":[{"id":298511,"href":"https:\/\/vof-news.eu\/de\/wp-json\/wp\/v2\/posts\/298504\/revisions\/298511"}],"wp:featuredmedia":[{"embeddable":true,"href":"https:\/\/vof-news.eu\/de\/wp-json\/wp\/v2\/media\/298505"}],"wp:attachment":[{"href":"https:\/\/vof-news.eu\/de\/wp-json\/wp\/v2\/media?parent=298504"}],"wp:term":[{"taxonomy":"category","embeddable":true,"href":"https:\/\/vof-news.eu\/de\/wp-json\/wp\/v2\/categories?post=298504"},{"taxonomy":"post_tag","embeddable":true,"href":"https:\/\/vof-news.eu\/de\/wp-json\/wp\/v2\/tags?post=298504"}],"curies":[{"name":"wp","href":"https:\/\/api.w.org\/{rel}","templated":true}]}}