{"id":298429,"date":"2025-11-19T11:29:29","date_gmt":"2025-11-19T08:29:29","guid":{"rendered":"https:\/\/vof-news.eu\/eu-plant-notfallsystem-fur-militartransporte\/"},"modified":"2025-11-19T11:31:07","modified_gmt":"2025-11-19T08:31:07","slug":"eu-plant-notfallsystem-fur-militartransporte","status":"publish","type":"post","link":"https:\/\/vof-news.eu\/de\/eu-plant-notfallsystem-fur-militartransporte\/","title":{"rendered":"EU plant Notfallsystem f\u00fcr Milit\u00e4rtransporte"},"content":{"rendered":"<div>\n<p>Die Europ\u00e4ische Union arbeitet an einem neuen Notfallsystem, das im <a href=\"https:\/\/www.zeit.de\/politik\/deutschland\/2025-10\/generalleutnant-andre-bodemann-verteidigung-russland-bundeswehr\" rel=\"nofollow\">Ernstfall eine schnelle Verlegung<\/a> von Soldaten und Milit\u00e4rausr\u00fcstung \u00fcber Grenzen hinweg erm\u00f6glichen soll.\u00a0Nach Informationen der Nachrichtenagentur dpa will die Europ\u00e4ische Kommission dazu an diesem Mittwoch in Br\u00fcssel einen konkreten Vorschlag vorlegen.\u00a0Der Vorschlag der EU-Kommission sieht vor, dass Milit\u00e4rtransporte im Notfall Vorrang vor allen anderen Transporten innerhalb der <span><a href=\"https:\/\/www.zeit.de\/thema\/europaeische-union\" rel=\"nofollow\">EU<\/a><\/span> bekommen.\u00a0\n<\/p>\n<p>Au\u00dferdem soll es Ausnahmen von Regeln wie Lenk- und Ruhezeiten, Umweltauflagen oder Meldepflichten geben, damit Truppen ohne Verz\u00f6gerung an ihr Ziel gelangen k\u00f6nnen.\u00a0Schienenfahrzeuge k\u00f6nnten auch au\u00dferhalb ihres normalerweise genehmigten Einsatzbereichs eingesetzt werden.\n<\/p>\n<p>Hintergrund der Planungen sind Geheimdiensterkenntnisse, nach denen <span><a href=\"https:\/\/www.zeit.de\/thema\/russland\" rel=\"nofollow\">Russland<\/a><\/span> sp\u00e4testens 2030 milit\u00e4risch in der Lage sein d\u00fcrfte, einen weiteren Krieg zu beginnen. &#8222;Russland hat derzeit keine Kapazit\u00e4t, einen Angriff auf die EU zu starten. Es k\u00f6nnte sich aber in den kommenden Jahren darauf vorbereiten&#8220;, sagte die EU-Au\u00dfenbeauftragte\u00a0Kaja\u00a0Kallas im Oktober. Die Gefahr werde nicht verschwinden, selbst wenn der Krieg in der Ukraine ende.\n<\/p>\n<h2>&#8222;Europa kann es sich nicht leisten, langsam zu handeln&#8220;<\/h2>\n<p>&#8222;In Krisen, in denen der Zeitfaktor bei jeder Reaktion entscheidend sei, kann es sich Europa nicht leisten, langsam zu handeln&#8220;, hei\u00dft es in einem Text zu der\u00a0<a href=\"https:\/\/www.zeit.de\/kultur\/kunst\/2025-10\/kunst-litauen-vilnius-krieg-bundeswehr\" rel=\"nofollow\">geplanten Richtlinie<\/a>, die von Kallas, Verteidigungskommissar Andrius Kubilius und Verkehrskommissar Apostolos Tzitzikostas vorgestellt werden soll. Situationen, die eine schnelle und umfangreiche milit\u00e4rische Verlegung erfordern, tr\u00e4ten selten angek\u00fcndigt auf. Dann k\u00f6nne man sich nicht auf Ad-hoc-Koordinierung und den guten Willen einzelner Staaten verlassen. F\u00fcr den Fall der F\u00e4lle brauche es einen klaren Plan und einen Vorrang f\u00fcr die Streitkr\u00e4fte. Ohne dies bleibe alle Abschreckung theoretisch.\n<\/p>\n<p>\u00dcber den Kommissionsvorschlag werden nach der Vorstellung der Rat der Mitgliedsstaaten und das Europ\u00e4ische Parlament beraten. Wenn das neue System beschlossen werden sollte, k\u00f6nnte es im Krisenfall innerhalb von 48 Stunden aktiviert werden. In den Arbeitstexten der Kommission wird es als European Military Mobility Enhanced Response System (Emers) bezeichnet.\n<\/p>\n<h2>Bisherige Anstrengungen gelten als unzureichend<\/h2>\n<p>An den Bem\u00fchungen der EU, die <a href=\"https:\/\/www.zeit.de\/politik\/2025-10\/atomwaffen-atombombe-claudia-major-donald-trump-europa\" rel=\"nofollow\">milit\u00e4rische Mobilit\u00e4t<\/a> deutlich zu verbessern, hatte es zuletzt immer wieder Kritik gegeben. So monierte beispielsweise Anfang des Jahres der Europ\u00e4ische Rechnungshof, dass Milliardeninvestitionen in Projekte f\u00fcr eine schnellere Verlegung von Streitkr\u00e4ften innerhalb <span><a href=\"https:\/\/www.zeit.de\/thema\/europa\" rel=\"nofollow\">Europas<\/a><\/span> nicht die gew\u00fcnschte Wirkung zeigten. Demnach wurden gef\u00f6rderte Infrastrukturprojekte nicht mit Blick auf die Gesamtlage oder die dringendsten Priorit\u00e4ten, sondern auf Einzelfallbasis ausgew\u00e4hlt.\n<\/p>\n<p>Die EU-Kommission hatte im November 2022 als Reaktion auf den russischen Angriffskrieg gegen die Ukraine angek\u00fcndigt, milit\u00e4risch nutzbare Infrastrukturprojekte mit 1,7 Milliarden Euro zu f\u00f6rdern. Darunter fiel etwa der Ausbau von Stra\u00dfen oder Bahnstrecken. Die daf\u00fcr zur Verf\u00fcgung stehenden Mittel waren Ende 2023 bereits aufgebraucht, obwohl sie bis 2027 vorgesehen waren. Der Rechnungshof bem\u00e4ngelt daher auch eine Finanzierungsl\u00fccke.\n<\/p>\n<p>F\u00fcr den n\u00e4chsten langfristigen EU-Haushalt hat die Kommission nun eine Verzehnfachung des Budgets f\u00fcr <a href=\"https:\/\/www.zeit.de\/zeit-geschichte\/2025\/05\/unterfinanzierung-bundeswehr-sparen-kampfkraft-image\" rel=\"nofollow\">milit\u00e4rische Mobilit\u00e4t<\/a> vorgeschlagen. Insgesamt sollen 17,65 Milliarden Euro f\u00fcr Investitionen in milit\u00e4risch nutzbare Verkehrsinfrastruktur bereitgestellt werden.\n<\/p>\n<\/div>\n","protected":false},"excerpt":{"rendered":"<p>Die Europ\u00e4ische Union arbeitet an einem neuen Notfallsystem, das im Ernstfall eine schnelle Verlegung von Soldaten und Milit\u00e4rausr\u00fcstung \u00fcber Grenzen hinweg erm\u00f6glichen soll.\u00a0Nach Informationen der Nachrichtenagentur dpa will die Europ\u00e4ische Kommission dazu an diesem Mittwoch in Br\u00fcssel einen konkreten Vorschlag vorlegen.\u00a0Der Vorschlag der EU-Kommission sieht vor, dass Milit\u00e4rtransporte im Notfall Vorrang vor allen anderen Transporten<\/p>\n","protected":false},"author":1,"featured_media":298430,"comment_status":"open","ping_status":"open","sticky":false,"template":"","format":"standard","meta":{"footnotes":""},"categories":[116],"tags":[],"class_list":["post-298429","post","type-post","status-publish","format-standard","has-post-thumbnail","hentry","category-war-chronicles-de"],"acf":[],"yoast_head":"<!-- This site is optimized with the Yoast SEO plugin v22.9 - https:\/\/yoast.com\/wordpress\/plugins\/seo\/ -->\n<title>EU plant Notfallsystem f\u00fcr Milit\u00e4rtransporte - vof-news.eu<\/title>\n<meta name=\"description\" content=\"Die Europ\u00e4ische Union arbeitet an einem neuen Notfallsystem, das im Ernstfall eine schnelle Verlegung von Soldaten und Milit\u00e4rausr\u00fcstung \u00fcber Grenzen hinweg erm\u00f6glichen soll.\u00a0Nach Informationen der Nachrichtenagentur dpa will die Europ\u00e4ische Kommission dazu an diesem Mittwoch in Br\u00fcssel einen konkreten Vorschlag vorlegen.\u00a0Der Vorschlag der EU-Kommission sieht vor, dass Milit\u00e4rtransporte im Notfall Vorrang vor allen anderen Transporten innerhalb der EU bekommen.\u00a0\" \/>\n<meta name=\"robots\" content=\"noindex, follow, max-snippet:-1, max-image-preview:large, max-video-preview:-1\" \/>\n<meta property=\"og:locale\" content=\"de_DE\" \/>\n<meta property=\"og:type\" content=\"article\" \/>\n<meta property=\"og:title\" content=\"EU plant Notfallsystem f\u00fcr Milit\u00e4rtransporte - vof-news.eu\" \/>\n<meta property=\"og:description\" content=\"Die Europ\u00e4ische Union arbeitet an einem neuen Notfallsystem, das im Ernstfall eine schnelle Verlegung von Soldaten und Milit\u00e4rausr\u00fcstung \u00fcber Grenzen hinweg erm\u00f6glichen soll.\u00a0Nach Informationen der Nachrichtenagentur dpa will die Europ\u00e4ische Kommission dazu an diesem Mittwoch in Br\u00fcssel einen konkreten Vorschlag vorlegen.\u00a0Der Vorschlag der EU-Kommission sieht vor, dass Milit\u00e4rtransporte im Notfall Vorrang vor allen anderen Transporten innerhalb der EU bekommen.\u00a0\" \/>\n<meta property=\"og:url\" content=\"https:\/\/vof-news.eu\/de\/eu-plant-notfallsystem-fur-militartransporte\/\" \/>\n<meta property=\"og:site_name\" content=\"vof-news.eu\" \/>\n<meta property=\"article:published_time\" content=\"2025-11-19T08:29:29+00:00\" \/>\n<meta property=\"article:modified_time\" content=\"2025-11-19T08:31:07+00:00\" \/>\n<meta property=\"og:image\" content=\"https:\/\/vof-news.eu\/wp-content\/uploads\/2025\/11\/wide__1000x562-54.jpg\" \/>\n\t<meta property=\"og:image:width\" content=\"1000\" \/>\n\t<meta property=\"og:image:height\" content=\"562\" \/>\n\t<meta property=\"og:image:type\" content=\"image\/jpeg\" \/>\n<meta name=\"author\" content=\"Author\" \/>\n<meta name=\"twitter:card\" content=\"summary_large_image\" \/>\n<meta name=\"twitter:label1\" content=\"Verfasst von\" \/>\n\t<meta name=\"twitter:data1\" content=\"Author\" \/>\n\t<meta name=\"twitter:label2\" content=\"Gesch\u00e4tzte Lesezeit\" \/>\n\t<meta name=\"twitter:data2\" content=\"3\u00a0Minuten\" \/>\n<script type=\"application\/ld+json\" class=\"yoast-schema-graph\">{\"@context\":\"https:\/\/schema.org\",\"@graph\":[{\"@type\":\"WebPage\",\"@id\":\"https:\/\/vof-news.eu\/de\/eu-plant-notfallsystem-fur-militartransporte\/\",\"url\":\"https:\/\/vof-news.eu\/de\/eu-plant-notfallsystem-fur-militartransporte\/\",\"name\":\"EU plant Notfallsystem f\u00fcr Milit\u00e4rtransporte - vof-news.eu\",\"isPartOf\":{\"@id\":\"https:\/\/vof-news.eu\/de\/#website\"},\"primaryImageOfPage\":{\"@id\":\"https:\/\/vof-news.eu\/de\/eu-plant-notfallsystem-fur-militartransporte\/#primaryimage\"},\"image\":{\"@id\":\"https:\/\/vof-news.eu\/de\/eu-plant-notfallsystem-fur-militartransporte\/#primaryimage\"},\"thumbnailUrl\":\"https:\/\/vof-news.eu\/wp-content\/uploads\/2025\/11\/wide__1000x562-54.jpg\",\"datePublished\":\"2025-11-19T08:29:29+00:00\",\"dateModified\":\"2025-11-19T08:31:07+00:00\",\"author\":{\"@id\":\"https:\/\/vof-news.eu\/de\/#\/schema\/person\/f6a2a4309f0561835797fd8c19b333ed\"},\"description\":\"Die Europ\u00e4ische Union arbeitet an einem neuen Notfallsystem, das im Ernstfall eine schnelle Verlegung von Soldaten und Milit\u00e4rausr\u00fcstung \u00fcber Grenzen hinweg erm\u00f6glichen soll.\u00a0Nach Informationen der Nachrichtenagentur dpa will die Europ\u00e4ische Kommission dazu an diesem Mittwoch in Br\u00fcssel einen konkreten Vorschlag vorlegen.\u00a0Der Vorschlag der EU-Kommission sieht vor, dass Milit\u00e4rtransporte im Notfall Vorrang vor allen anderen Transporten innerhalb der EU bekommen.\u00a0\",\"breadcrumb\":{\"@id\":\"https:\/\/vof-news.eu\/de\/eu-plant-notfallsystem-fur-militartransporte\/#breadcrumb\"},\"inLanguage\":\"de\",\"potentialAction\":[{\"@type\":\"ReadAction\",\"target\":[\"https:\/\/vof-news.eu\/de\/eu-plant-notfallsystem-fur-militartransporte\/\"]}]},{\"@type\":\"ImageObject\",\"inLanguage\":\"de\",\"@id\":\"https:\/\/vof-news.eu\/de\/eu-plant-notfallsystem-fur-militartransporte\/#primaryimage\",\"url\":\"https:\/\/vof-news.eu\/wp-content\/uploads\/2025\/11\/wide__1000x562-54.jpg\",\"contentUrl\":\"https:\/\/vof-news.eu\/wp-content\/uploads\/2025\/11\/wide__1000x562-54.jpg\",\"width\":1000,\"height\":562},{\"@type\":\"BreadcrumbList\",\"@id\":\"https:\/\/vof-news.eu\/de\/eu-plant-notfallsystem-fur-militartransporte\/#breadcrumb\",\"itemListElement\":[{\"@type\":\"ListItem\",\"position\":1,\"name\":\"Home\",\"item\":\"https:\/\/vof-news.eu\/de\/\"},{\"@type\":\"ListItem\",\"position\":2,\"name\":\"EU plant Notfallsystem f\u00fcr Milit\u00e4rtransporte\"}]},{\"@type\":\"WebSite\",\"@id\":\"https:\/\/vof-news.eu\/de\/#website\",\"url\":\"https:\/\/vof-news.eu\/de\/\",\"name\":\"vof-news.eu\",\"description\":\"\",\"potentialAction\":[{\"@type\":\"SearchAction\",\"target\":{\"@type\":\"EntryPoint\",\"urlTemplate\":\"https:\/\/vof-news.eu\/de\/?s={search_term_string}\"},\"query-input\":\"required name=search_term_string\"}],\"inLanguage\":\"de\"},{\"@type\":\"Person\",\"@id\":\"https:\/\/vof-news.eu\/de\/#\/schema\/person\/f6a2a4309f0561835797fd8c19b333ed\",\"name\":\"Author\",\"image\":{\"@type\":\"ImageObject\",\"inLanguage\":\"de\",\"@id\":\"https:\/\/vof-news.eu\/de\/#\/schema\/person\/image\/\",\"url\":\"https:\/\/secure.gravatar.com\/avatar\/b67e614b1b25b3e9c0c239efdd2fde5ab015b5affd6f1c3c85911ca4b384e790?s=96&d=mm&r=g\",\"contentUrl\":\"https:\/\/secure.gravatar.com\/avatar\/b67e614b1b25b3e9c0c239efdd2fde5ab015b5affd6f1c3c85911ca4b384e790?s=96&d=mm&r=g\",\"caption\":\"Author\"},\"sameAs\":[\"http:\/\/vof-news.eu\"],\"url\":\"https:\/\/vof-news.eu\/de\/author\/zwt6qxnjulxbnyg\/\"}]}<\/script>\n<!-- \/ Yoast SEO plugin. -->","yoast_head_json":{"title":"EU plant Notfallsystem f\u00fcr Milit\u00e4rtransporte - vof-news.eu","description":"Die Europ\u00e4ische Union arbeitet an einem neuen Notfallsystem, das im Ernstfall eine schnelle Verlegung von Soldaten und Milit\u00e4rausr\u00fcstung \u00fcber Grenzen hinweg erm\u00f6glichen soll.\u00a0Nach Informationen der Nachrichtenagentur dpa will die Europ\u00e4ische Kommission dazu an diesem Mittwoch in Br\u00fcssel einen konkreten Vorschlag vorlegen.\u00a0Der Vorschlag der EU-Kommission sieht vor, dass Milit\u00e4rtransporte im Notfall Vorrang vor allen anderen Transporten innerhalb der EU bekommen.\u00a0","robots":{"index":"noindex","follow":"follow","max-snippet":"max-snippet:-1","max-image-preview":"max-image-preview:large","max-video-preview":"max-video-preview:-1"},"og_locale":"de_DE","og_type":"article","og_title":"EU plant Notfallsystem f\u00fcr Milit\u00e4rtransporte - vof-news.eu","og_description":"Die Europ\u00e4ische Union arbeitet an einem neuen Notfallsystem, das im Ernstfall eine schnelle Verlegung von Soldaten und Milit\u00e4rausr\u00fcstung \u00fcber Grenzen hinweg erm\u00f6glichen soll.\u00a0Nach Informationen der Nachrichtenagentur dpa will die Europ\u00e4ische Kommission dazu an diesem Mittwoch in Br\u00fcssel einen konkreten Vorschlag vorlegen.\u00a0Der Vorschlag der EU-Kommission sieht vor, dass Milit\u00e4rtransporte im Notfall Vorrang vor allen anderen Transporten innerhalb der EU bekommen.\u00a0","og_url":"https:\/\/vof-news.eu\/de\/eu-plant-notfallsystem-fur-militartransporte\/","og_site_name":"vof-news.eu","article_published_time":"2025-11-19T08:29:29+00:00","article_modified_time":"2025-11-19T08:31:07+00:00","og_image":[{"width":1000,"height":562,"url":"https:\/\/vof-news.eu\/wp-content\/uploads\/2025\/11\/wide__1000x562-54.jpg","type":"image\/jpeg"}],"author":"Author","twitter_card":"summary_large_image","twitter_misc":{"Verfasst von":"Author","Gesch\u00e4tzte Lesezeit":"3\u00a0Minuten"},"schema":{"@context":"https:\/\/schema.org","@graph":[{"@type":"WebPage","@id":"https:\/\/vof-news.eu\/de\/eu-plant-notfallsystem-fur-militartransporte\/","url":"https:\/\/vof-news.eu\/de\/eu-plant-notfallsystem-fur-militartransporte\/","name":"EU plant Notfallsystem f\u00fcr Milit\u00e4rtransporte - vof-news.eu","isPartOf":{"@id":"https:\/\/vof-news.eu\/de\/#website"},"primaryImageOfPage":{"@id":"https:\/\/vof-news.eu\/de\/eu-plant-notfallsystem-fur-militartransporte\/#primaryimage"},"image":{"@id":"https:\/\/vof-news.eu\/de\/eu-plant-notfallsystem-fur-militartransporte\/#primaryimage"},"thumbnailUrl":"https:\/\/vof-news.eu\/wp-content\/uploads\/2025\/11\/wide__1000x562-54.jpg","datePublished":"2025-11-19T08:29:29+00:00","dateModified":"2025-11-19T08:31:07+00:00","author":{"@id":"https:\/\/vof-news.eu\/de\/#\/schema\/person\/f6a2a4309f0561835797fd8c19b333ed"},"description":"Die Europ\u00e4ische Union arbeitet an einem neuen Notfallsystem, das im Ernstfall eine schnelle Verlegung von Soldaten und Milit\u00e4rausr\u00fcstung \u00fcber Grenzen hinweg erm\u00f6glichen soll.\u00a0Nach Informationen der Nachrichtenagentur dpa will die Europ\u00e4ische Kommission dazu an diesem Mittwoch in Br\u00fcssel einen konkreten Vorschlag vorlegen.\u00a0Der Vorschlag der EU-Kommission sieht vor, dass Milit\u00e4rtransporte im Notfall Vorrang vor allen anderen Transporten innerhalb der EU bekommen.\u00a0","breadcrumb":{"@id":"https:\/\/vof-news.eu\/de\/eu-plant-notfallsystem-fur-militartransporte\/#breadcrumb"},"inLanguage":"de","potentialAction":[{"@type":"ReadAction","target":["https:\/\/vof-news.eu\/de\/eu-plant-notfallsystem-fur-militartransporte\/"]}]},{"@type":"ImageObject","inLanguage":"de","@id":"https:\/\/vof-news.eu\/de\/eu-plant-notfallsystem-fur-militartransporte\/#primaryimage","url":"https:\/\/vof-news.eu\/wp-content\/uploads\/2025\/11\/wide__1000x562-54.jpg","contentUrl":"https:\/\/vof-news.eu\/wp-content\/uploads\/2025\/11\/wide__1000x562-54.jpg","width":1000,"height":562},{"@type":"BreadcrumbList","@id":"https:\/\/vof-news.eu\/de\/eu-plant-notfallsystem-fur-militartransporte\/#breadcrumb","itemListElement":[{"@type":"ListItem","position":1,"name":"Home","item":"https:\/\/vof-news.eu\/de\/"},{"@type":"ListItem","position":2,"name":"EU plant Notfallsystem f\u00fcr Milit\u00e4rtransporte"}]},{"@type":"WebSite","@id":"https:\/\/vof-news.eu\/de\/#website","url":"https:\/\/vof-news.eu\/de\/","name":"vof-news.eu","description":"","potentialAction":[{"@type":"SearchAction","target":{"@type":"EntryPoint","urlTemplate":"https:\/\/vof-news.eu\/de\/?s={search_term_string}"},"query-input":"required name=search_term_string"}],"inLanguage":"de"},{"@type":"Person","@id":"https:\/\/vof-news.eu\/de\/#\/schema\/person\/f6a2a4309f0561835797fd8c19b333ed","name":"Author","image":{"@type":"ImageObject","inLanguage":"de","@id":"https:\/\/vof-news.eu\/de\/#\/schema\/person\/image\/","url":"https:\/\/secure.gravatar.com\/avatar\/b67e614b1b25b3e9c0c239efdd2fde5ab015b5affd6f1c3c85911ca4b384e790?s=96&d=mm&r=g","contentUrl":"https:\/\/secure.gravatar.com\/avatar\/b67e614b1b25b3e9c0c239efdd2fde5ab015b5affd6f1c3c85911ca4b384e790?s=96&d=mm&r=g","caption":"Author"},"sameAs":["http:\/\/vof-news.eu"],"url":"https:\/\/vof-news.eu\/de\/author\/zwt6qxnjulxbnyg\/"}]}},"yoast_meta":{"yoast_wpseo_title":"","yoast_wpseo_metadesc":"","yoast_wpseo_canonical":""},"_links":{"self":[{"href":"https:\/\/vof-news.eu\/de\/wp-json\/wp\/v2\/posts\/298429","targetHints":{"allow":["GET"]}}],"collection":[{"href":"https:\/\/vof-news.eu\/de\/wp-json\/wp\/v2\/posts"}],"about":[{"href":"https:\/\/vof-news.eu\/de\/wp-json\/wp\/v2\/types\/post"}],"author":[{"embeddable":true,"href":"https:\/\/vof-news.eu\/de\/wp-json\/wp\/v2\/users\/1"}],"replies":[{"embeddable":true,"href":"https:\/\/vof-news.eu\/de\/wp-json\/wp\/v2\/comments?post=298429"}],"version-history":[{"count":1,"href":"https:\/\/vof-news.eu\/de\/wp-json\/wp\/v2\/posts\/298429\/revisions"}],"predecessor-version":[{"id":298437,"href":"https:\/\/vof-news.eu\/de\/wp-json\/wp\/v2\/posts\/298429\/revisions\/298437"}],"wp:featuredmedia":[{"embeddable":true,"href":"https:\/\/vof-news.eu\/de\/wp-json\/wp\/v2\/media\/298430"}],"wp:attachment":[{"href":"https:\/\/vof-news.eu\/de\/wp-json\/wp\/v2\/media?parent=298429"}],"wp:term":[{"taxonomy":"category","embeddable":true,"href":"https:\/\/vof-news.eu\/de\/wp-json\/wp\/v2\/categories?post=298429"},{"taxonomy":"post_tag","embeddable":true,"href":"https:\/\/vof-news.eu\/de\/wp-json\/wp\/v2\/tags?post=298429"}],"curies":[{"name":"wp","href":"https:\/\/api.w.org\/{rel}","templated":true}]}}