{"id":297653,"date":"2025-11-17T03:28:10","date_gmt":"2025-11-17T00:28:10","guid":{"rendered":"https:\/\/vof-news.eu\/lars-klingbeil-pocht-auf-fairen-wettbewerb-mit-china\/"},"modified":"2025-11-17T03:29:02","modified_gmt":"2025-11-17T00:29:02","slug":"lars-klingbeil-pocht-auf-fairen-wettbewerb-mit-china","status":"publish","type":"post","link":"https:\/\/vof-news.eu\/de\/lars-klingbeil-pocht-auf-fairen-wettbewerb-mit-china\/","title":{"rendered":"Lars Klingbeil pocht auf fairen Wettbewerb mit China"},"content":{"rendered":"<div>\n<p>Zum Auftakt seiner Chinareise pocht Vizekanzler <a href=\"https:\/\/www.zeit.de\/thema\/lars-klingbeil\" rel=\"nofollow\">Lars\u00a0Klingbeil<\/a>\u00a0auf fairen Wettbewerb und besseren Marktzugang f\u00fcr deutsche Unternehmen. &#8222;Der Zugang zu kritischen Rohstoffen und der Abbau chinesischer \u00dcberkapazit\u00e4ten in Sektoren wie Stahl und Elektromobilit\u00e4t sind f\u00fcr Wirtschaft und Arbeitspl\u00e4tze in Deutschland von hoher Bedeutung&#8220;, sagte der Finanzminister und SPD-Chef in Berlin vor dem Abflug nach <span><a href=\"https:\/\/www.zeit.de\/thema\/peking\" rel=\"nofollow\">Peking<\/a><\/span>.\u00a0\n<\/p>\n<p>&#8222;Wir scheuen keinen Wettbewerb, aber er muss fair sein&#8220;, f\u00fcgte Klingbeil hinzu.\u00a0Die Industrie ist stark abh\u00e4ngig von vielen Rohstoffen aus <span><a href=\"https:\/\/www.zeit.de\/thema\/china\" rel=\"nofollow\">China<\/a><\/span>. Zuletzt hatte es <a href=\"https:\/\/www.zeit.de\/wirtschaft\/2025-10\/seltene-erden-china-usa-handelsstreit-donald-trump-xi-jinping\" rel=\"nofollow\">Lieferbeschr\u00e4nkungen bei Seltenen Erden<\/a> durch die Regierung in Peking gegeben, eine Folge des internationalen Handelsstreits.\n<\/p>\n<p>&#8222;Wir suchen den Dialog mit China, um trotz wachsender internationaler Spannungen L\u00f6sungen f\u00fcr dr\u00e4ngende Probleme zu finden&#8220;, sagte\u00a0Klingbeil weiter. Konkret wolle er unter anderem \u00fcber eine intensivere Zusammenarbeit im Finanzsektor und einen besseren Marktzugang f\u00fcr deutsche Unternehmen sprechen. Auch Chinas m\u00f6glicher Einfluss im <span><a href=\"https:\/\/www.zeit.de\/politik\/ausland\/ukraine-krieg-news-liveblog\" rel=\"nofollow\">Ukrainekrieg<\/a><\/span> werde Thema sein. &#8222;China spielt eine entscheidende Rolle, wenn es darum geht, diesen Krieg zu beenden&#8220;, sagte\u00a0Klingbeil.\n<\/p>\n<h2>Klingbeil wirbt f\u00fcr Marktzugang deutscher Unternehmen<\/h2>\n<p>Der SPD-Chef und Vizekanzler nimmt am Montag am deutsch-chinesischen Finanzdialog teil. Der Dialog mit China sei trotz wachsender internationaler Spannungen wichtig. &#8222;Wir sind innerhalb der Bundesregierung und auch innerhalb der Europ\u00e4ischen Union eng abgestimmt. Wir treten f\u00fcr regelbasierte M\u00e4rkte und globale wirtschaftliche Stabilit\u00e4t ein.&#8220;\n<\/p>\n<p>Auch der russische Angriffskrieg in der Ukraine werde Thema der Gespr\u00e4che sein, erg\u00e4nzte\u00a0Klingbeil. China spiele eine wichtige Rolle, den Krieg zu beenden. Die Volksrepublik ist ein enger Verb\u00fcndeter Russlands und k\u00f6nnte aus Sicht der <span><a href=\"https:\/\/www.zeit.de\/thema\/bundesregierung\" rel=\"nofollow\">Bundesregierung<\/a><\/span> Druck auf die russische F\u00fchrung aus\u00fcben.\n<\/p>\n<h2>Erster Minister der schwarz-roten Koalition in China<\/h2>\n<p>Klingbeil\u00a0wird von hochrangigen Managern aus Banken und Versicherungen begleitet. Auch Bundesbankpr\u00e4sident Joachim Nagel wird am Montag zum Finanzdialog in Peking erwartet.\u00a0Klingbeil\u00a0soll als hochrangigsten Gespr\u00e4chspartner den chinesischen Vizeministerpr\u00e4sidenten He Lifeng treffen, der f\u00fcr Wirtschafts- und Finanzpolitik zust\u00e4ndig ist.\u00a0Klingbeil\u00a0will am Mittwoch auch Termine in der chinesischen Wirtschaftsmetropole Shanghai wahrnehmen, bevor er am selben Tag nach Singapur weiterreist. In beiden St\u00e4dten geht es laut Ministerium um den Austausch mit deutschen Unternehmen.\n<\/p>\n<p>Bundesau\u00dfenminister Johann Wadephul hatte im Oktober kurzfristig <a href=\"https:\/\/www.zeit.de\/politik\/ausland\/2025-10\/aussenminister-johann-wadephul-reise-china-verschoben-gxe\" rel=\"nofollow\">seine geplante Reise nach China verschoben<\/a>. Der CDU-Politiker wollte dort auch Handelsfragen ansprechen, hatte daf\u00fcr aber keine ranghohen Gespr\u00e4chspartner bekommen.\u00a0Klingbeil\u00a0ist damit jetzt der erste Vertreter der Bundesregierung, der nach China reist.\n<\/p>\n<h2>Gr\u00fcnenvorsitzende kritisiert &#8222;widerspr\u00fcchliches Signal&#8220;<\/h2>\n<p>Kritik an der Reise kam von der Gr\u00fcnenvorsitzenden <a href=\"https:\/\/www.zeit.de\/thema\/franziska-brantner\" rel=\"nofollow\">Franziska Brantner<\/a>. &#8222;Die Bundesregierung sendet ein v\u00f6llig widerspr\u00fcchliches Signal nach Peking&#8220;, sagte sie dem  . &#8222;Wenn der Au\u00dfenminister seine Reise wegen fehlender ernsthafter Gespr\u00e4chsangebote absagen muss, w\u00e4hrend der Finanzminister gleichzeitig wie geplant einreist, wirkt das au\u00dfenpolitisch schlicht planlos. Eine Regierung kann international nur glaubw\u00fcrdig auftreten, wenn ihre Signale zusammenpassen.&#8220;\u00a0\n<\/p>\n<p>Gerade angesichts von Chinas Rolle im russischen Angriffskrieg und neuer Handelsbeschr\u00e4nkungen &#8222;braucht Deutschland eine klare, abgestimmte Chinastrategie&#8220;, f\u00fcgte Brantner hinzu. Dabei seien wirtschaftliche Interessen eng verkn\u00fcpft mit au\u00dfenpolitischen und sicherheitspolitischen Zielen. &#8222;Nach der Moskau-Connection brauchen wir nicht noch eine Peking-Connection&#8220;, betonte sie. Brantner forderte den Vizekanzler zudem auf, mit den chinesischen Verantwortlichen \u00fcber Drohungen mit dem Stopp von Lieferungen von Chips oder Seltener Erden zu sprechen. &#8222;Ich erwarte von Herrn Klingbeil, dass er in Peking auf einen fairen Wettbewerb pocht&#8220;, sagte sie.\n<\/p>\n<h2>Gr\u00fcnenabgeordnete Brugger fordert klare Worte zu Taiwan<\/h2>\n<p>Die stellvertretende Vorsitzende der Gr\u00fcnenbundestagsfraktion, Agnieszka Brugger, mahnte gegen\u00fcber dem an,\u00a0&#8222;Vizekanzler Klingbeil sollte gegen\u00fcber der chinesischen Regierung mit Nachdruck unsere Interessen und Werte vertreten&#8220;. Er d\u00fcrfe nicht vor klaren Worten, etwa zum aggressiven Auftreten Chinas gegen\u00fcber Taiwan und im S\u00fcdchinesischen Meer, zur\u00fcckschrecken.\u00a0\n<\/p>\n<p>Sie bezog sich dabei auf die Antwort auf eine Kleine Anfrage an das Bundesfinanzministerium, die dem vorlag. Darin schreibt der Parlamentarische Staatssekret\u00e4r Dennis Rohde: &#8222;Die gemeinsame Haltung der Bundesregierung ist unver\u00e4ndert, dass es eine Ver\u00e4nderung des Status quo in der Stra\u00dfe von Taiwan nur friedlich und im gegenseitigen Einvernehmen geben darf. Eine Eskalation in der Region h\u00e4tte auch Auswirkungen auf deutsche und europ\u00e4ische Interessen.&#8220; Ob Klingbeil das Thema ansprechen werde, lie\u00df Rohde offen.\n<\/p>\n<\/div>\n","protected":false},"excerpt":{"rendered":"<p>Zum Auftakt seiner Chinareise pocht Vizekanzler Lars\u00a0Klingbeil\u00a0auf fairen Wettbewerb und besseren Marktzugang f\u00fcr deutsche Unternehmen. &#8222;Der Zugang zu kritischen Rohstoffen und der Abbau chinesischer \u00dcberkapazit\u00e4ten in Sektoren wie Stahl und Elektromobilit\u00e4t sind f\u00fcr Wirtschaft und Arbeitspl\u00e4tze in Deutschland von hoher Bedeutung&#8220;, sagte der Finanzminister und SPD-Chef in Berlin vor dem Abflug nach Peking.\u00a0 &#8222;Wir scheuen<\/p>\n","protected":false},"author":1,"featured_media":297654,"comment_status":"open","ping_status":"open","sticky":false,"template":"","format":"standard","meta":{"footnotes":""},"categories":[116],"tags":[],"class_list":["post-297653","post","type-post","status-publish","format-standard","has-post-thumbnail","hentry","category-war-chronicles-de"],"acf":[],"yoast_head":"<!-- This site is optimized with the Yoast SEO plugin v22.9 - https:\/\/yoast.com\/wordpress\/plugins\/seo\/ -->\n<title>Lars Klingbeil pocht auf fairen Wettbewerb mit China - vof-news.eu<\/title>\n<meta name=\"description\" content=\"Zum Auftakt seiner Chinareise pocht Vizekanzler Lars\u00a0Klingbeil\u00a0auf fairen Wettbewerb und besseren Marktzugang f\u00fcr deutsche Unternehmen. &quot;Der Zugang zu kritischen Rohstoffen und der Abbau chinesischer \u00dcberkapazit\u00e4ten in Sektoren wie Stahl und Elektromobilit\u00e4t sind f\u00fcr Wirtschaft und Arbeitspl\u00e4tze in Deutschland von hoher Bedeutung&quot;, sagte der Finanzminister und SPD-Chef in Berlin vor dem Abflug nach Peking.\u00a0\" \/>\n<meta name=\"robots\" content=\"noindex, follow, max-snippet:-1, max-image-preview:large, max-video-preview:-1\" \/>\n<meta property=\"og:locale\" content=\"de_DE\" \/>\n<meta property=\"og:type\" content=\"article\" \/>\n<meta property=\"og:title\" content=\"Lars Klingbeil pocht auf fairen Wettbewerb mit China - vof-news.eu\" \/>\n<meta property=\"og:description\" content=\"Zum Auftakt seiner Chinareise pocht Vizekanzler Lars\u00a0Klingbeil\u00a0auf fairen Wettbewerb und besseren Marktzugang f\u00fcr deutsche Unternehmen. &quot;Der Zugang zu kritischen Rohstoffen und der Abbau chinesischer \u00dcberkapazit\u00e4ten in Sektoren wie Stahl und Elektromobilit\u00e4t sind f\u00fcr Wirtschaft und Arbeitspl\u00e4tze in Deutschland von hoher Bedeutung&quot;, sagte der Finanzminister und SPD-Chef in Berlin vor dem Abflug nach Peking.\u00a0\" \/>\n<meta property=\"og:url\" content=\"https:\/\/vof-news.eu\/de\/lars-klingbeil-pocht-auf-fairen-wettbewerb-mit-china\/\" \/>\n<meta property=\"og:site_name\" content=\"vof-news.eu\" \/>\n<meta property=\"article:published_time\" content=\"2025-11-17T00:28:10+00:00\" \/>\n<meta property=\"article:modified_time\" content=\"2025-11-17T00:29:02+00:00\" \/>\n<meta property=\"og:image\" content=\"https:\/\/vof-news.eu\/wp-content\/uploads\/2025\/11\/wide__1000x562-49.jpg\" \/>\n\t<meta property=\"og:image:width\" content=\"1000\" \/>\n\t<meta property=\"og:image:height\" content=\"562\" \/>\n\t<meta property=\"og:image:type\" content=\"image\/jpeg\" \/>\n<meta name=\"author\" content=\"Author\" \/>\n<meta name=\"twitter:card\" content=\"summary_large_image\" \/>\n<meta name=\"twitter:label1\" content=\"Verfasst von\" \/>\n\t<meta name=\"twitter:data1\" content=\"Author\" \/>\n\t<meta name=\"twitter:label2\" content=\"Gesch\u00e4tzte Lesezeit\" \/>\n\t<meta name=\"twitter:data2\" content=\"3\u00a0Minuten\" \/>\n<script type=\"application\/ld+json\" class=\"yoast-schema-graph\">{\"@context\":\"https:\/\/schema.org\",\"@graph\":[{\"@type\":\"WebPage\",\"@id\":\"https:\/\/vof-news.eu\/de\/lars-klingbeil-pocht-auf-fairen-wettbewerb-mit-china\/\",\"url\":\"https:\/\/vof-news.eu\/de\/lars-klingbeil-pocht-auf-fairen-wettbewerb-mit-china\/\",\"name\":\"Lars Klingbeil pocht auf fairen Wettbewerb mit China - vof-news.eu\",\"isPartOf\":{\"@id\":\"https:\/\/vof-news.eu\/de\/#website\"},\"primaryImageOfPage\":{\"@id\":\"https:\/\/vof-news.eu\/de\/lars-klingbeil-pocht-auf-fairen-wettbewerb-mit-china\/#primaryimage\"},\"image\":{\"@id\":\"https:\/\/vof-news.eu\/de\/lars-klingbeil-pocht-auf-fairen-wettbewerb-mit-china\/#primaryimage\"},\"thumbnailUrl\":\"https:\/\/vof-news.eu\/wp-content\/uploads\/2025\/11\/wide__1000x562-49.jpg\",\"datePublished\":\"2025-11-17T00:28:10+00:00\",\"dateModified\":\"2025-11-17T00:29:02+00:00\",\"author\":{\"@id\":\"https:\/\/vof-news.eu\/de\/#\/schema\/person\/f6a2a4309f0561835797fd8c19b333ed\"},\"description\":\"Zum Auftakt seiner Chinareise pocht Vizekanzler Lars\u00a0Klingbeil\u00a0auf fairen Wettbewerb und besseren Marktzugang f\u00fcr deutsche Unternehmen. \\\"Der Zugang zu kritischen Rohstoffen und der Abbau chinesischer \u00dcberkapazit\u00e4ten in Sektoren wie Stahl und Elektromobilit\u00e4t sind f\u00fcr Wirtschaft und Arbeitspl\u00e4tze in Deutschland von hoher Bedeutung\\\", sagte der Finanzminister und SPD-Chef in Berlin vor dem Abflug nach Peking.\u00a0\",\"breadcrumb\":{\"@id\":\"https:\/\/vof-news.eu\/de\/lars-klingbeil-pocht-auf-fairen-wettbewerb-mit-china\/#breadcrumb\"},\"inLanguage\":\"de\",\"potentialAction\":[{\"@type\":\"ReadAction\",\"target\":[\"https:\/\/vof-news.eu\/de\/lars-klingbeil-pocht-auf-fairen-wettbewerb-mit-china\/\"]}]},{\"@type\":\"ImageObject\",\"inLanguage\":\"de\",\"@id\":\"https:\/\/vof-news.eu\/de\/lars-klingbeil-pocht-auf-fairen-wettbewerb-mit-china\/#primaryimage\",\"url\":\"https:\/\/vof-news.eu\/wp-content\/uploads\/2025\/11\/wide__1000x562-49.jpg\",\"contentUrl\":\"https:\/\/vof-news.eu\/wp-content\/uploads\/2025\/11\/wide__1000x562-49.jpg\",\"width\":1000,\"height\":562},{\"@type\":\"BreadcrumbList\",\"@id\":\"https:\/\/vof-news.eu\/de\/lars-klingbeil-pocht-auf-fairen-wettbewerb-mit-china\/#breadcrumb\",\"itemListElement\":[{\"@type\":\"ListItem\",\"position\":1,\"name\":\"Home\",\"item\":\"https:\/\/vof-news.eu\/de\/\"},{\"@type\":\"ListItem\",\"position\":2,\"name\":\"Lars Klingbeil pocht auf fairen Wettbewerb mit China\"}]},{\"@type\":\"WebSite\",\"@id\":\"https:\/\/vof-news.eu\/de\/#website\",\"url\":\"https:\/\/vof-news.eu\/de\/\",\"name\":\"vof-news.eu\",\"description\":\"\",\"potentialAction\":[{\"@type\":\"SearchAction\",\"target\":{\"@type\":\"EntryPoint\",\"urlTemplate\":\"https:\/\/vof-news.eu\/de\/?s={search_term_string}\"},\"query-input\":\"required name=search_term_string\"}],\"inLanguage\":\"de\"},{\"@type\":\"Person\",\"@id\":\"https:\/\/vof-news.eu\/de\/#\/schema\/person\/f6a2a4309f0561835797fd8c19b333ed\",\"name\":\"Author\",\"image\":{\"@type\":\"ImageObject\",\"inLanguage\":\"de\",\"@id\":\"https:\/\/vof-news.eu\/de\/#\/schema\/person\/image\/\",\"url\":\"https:\/\/secure.gravatar.com\/avatar\/b67e614b1b25b3e9c0c239efdd2fde5ab015b5affd6f1c3c85911ca4b384e790?s=96&d=mm&r=g\",\"contentUrl\":\"https:\/\/secure.gravatar.com\/avatar\/b67e614b1b25b3e9c0c239efdd2fde5ab015b5affd6f1c3c85911ca4b384e790?s=96&d=mm&r=g\",\"caption\":\"Author\"},\"sameAs\":[\"http:\/\/vof-news.eu\"],\"url\":\"https:\/\/vof-news.eu\/de\/author\/zwt6qxnjulxbnyg\/\"}]}<\/script>\n<!-- \/ Yoast SEO plugin. -->","yoast_head_json":{"title":"Lars Klingbeil pocht auf fairen Wettbewerb mit China - vof-news.eu","description":"Zum Auftakt seiner Chinareise pocht Vizekanzler Lars\u00a0Klingbeil\u00a0auf fairen Wettbewerb und besseren Marktzugang f\u00fcr deutsche Unternehmen. \"Der Zugang zu kritischen Rohstoffen und der Abbau chinesischer \u00dcberkapazit\u00e4ten in Sektoren wie Stahl und Elektromobilit\u00e4t sind f\u00fcr Wirtschaft und Arbeitspl\u00e4tze in Deutschland von hoher Bedeutung\", sagte der Finanzminister und SPD-Chef in Berlin vor dem Abflug nach Peking.\u00a0","robots":{"index":"noindex","follow":"follow","max-snippet":"max-snippet:-1","max-image-preview":"max-image-preview:large","max-video-preview":"max-video-preview:-1"},"og_locale":"de_DE","og_type":"article","og_title":"Lars Klingbeil pocht auf fairen Wettbewerb mit China - vof-news.eu","og_description":"Zum Auftakt seiner Chinareise pocht Vizekanzler Lars\u00a0Klingbeil\u00a0auf fairen Wettbewerb und besseren Marktzugang f\u00fcr deutsche Unternehmen. \"Der Zugang zu kritischen Rohstoffen und der Abbau chinesischer \u00dcberkapazit\u00e4ten in Sektoren wie Stahl und Elektromobilit\u00e4t sind f\u00fcr Wirtschaft und Arbeitspl\u00e4tze in Deutschland von hoher Bedeutung\", sagte der Finanzminister und SPD-Chef in Berlin vor dem Abflug nach Peking.\u00a0","og_url":"https:\/\/vof-news.eu\/de\/lars-klingbeil-pocht-auf-fairen-wettbewerb-mit-china\/","og_site_name":"vof-news.eu","article_published_time":"2025-11-17T00:28:10+00:00","article_modified_time":"2025-11-17T00:29:02+00:00","og_image":[{"width":1000,"height":562,"url":"https:\/\/vof-news.eu\/wp-content\/uploads\/2025\/11\/wide__1000x562-49.jpg","type":"image\/jpeg"}],"author":"Author","twitter_card":"summary_large_image","twitter_misc":{"Verfasst von":"Author","Gesch\u00e4tzte Lesezeit":"3\u00a0Minuten"},"schema":{"@context":"https:\/\/schema.org","@graph":[{"@type":"WebPage","@id":"https:\/\/vof-news.eu\/de\/lars-klingbeil-pocht-auf-fairen-wettbewerb-mit-china\/","url":"https:\/\/vof-news.eu\/de\/lars-klingbeil-pocht-auf-fairen-wettbewerb-mit-china\/","name":"Lars Klingbeil pocht auf fairen Wettbewerb mit China - vof-news.eu","isPartOf":{"@id":"https:\/\/vof-news.eu\/de\/#website"},"primaryImageOfPage":{"@id":"https:\/\/vof-news.eu\/de\/lars-klingbeil-pocht-auf-fairen-wettbewerb-mit-china\/#primaryimage"},"image":{"@id":"https:\/\/vof-news.eu\/de\/lars-klingbeil-pocht-auf-fairen-wettbewerb-mit-china\/#primaryimage"},"thumbnailUrl":"https:\/\/vof-news.eu\/wp-content\/uploads\/2025\/11\/wide__1000x562-49.jpg","datePublished":"2025-11-17T00:28:10+00:00","dateModified":"2025-11-17T00:29:02+00:00","author":{"@id":"https:\/\/vof-news.eu\/de\/#\/schema\/person\/f6a2a4309f0561835797fd8c19b333ed"},"description":"Zum Auftakt seiner Chinareise pocht Vizekanzler Lars\u00a0Klingbeil\u00a0auf fairen Wettbewerb und besseren Marktzugang f\u00fcr deutsche Unternehmen. \"Der Zugang zu kritischen Rohstoffen und der Abbau chinesischer \u00dcberkapazit\u00e4ten in Sektoren wie Stahl und Elektromobilit\u00e4t sind f\u00fcr Wirtschaft und Arbeitspl\u00e4tze in Deutschland von hoher Bedeutung\", sagte der Finanzminister und SPD-Chef in Berlin vor dem Abflug nach Peking.\u00a0","breadcrumb":{"@id":"https:\/\/vof-news.eu\/de\/lars-klingbeil-pocht-auf-fairen-wettbewerb-mit-china\/#breadcrumb"},"inLanguage":"de","potentialAction":[{"@type":"ReadAction","target":["https:\/\/vof-news.eu\/de\/lars-klingbeil-pocht-auf-fairen-wettbewerb-mit-china\/"]}]},{"@type":"ImageObject","inLanguage":"de","@id":"https:\/\/vof-news.eu\/de\/lars-klingbeil-pocht-auf-fairen-wettbewerb-mit-china\/#primaryimage","url":"https:\/\/vof-news.eu\/wp-content\/uploads\/2025\/11\/wide__1000x562-49.jpg","contentUrl":"https:\/\/vof-news.eu\/wp-content\/uploads\/2025\/11\/wide__1000x562-49.jpg","width":1000,"height":562},{"@type":"BreadcrumbList","@id":"https:\/\/vof-news.eu\/de\/lars-klingbeil-pocht-auf-fairen-wettbewerb-mit-china\/#breadcrumb","itemListElement":[{"@type":"ListItem","position":1,"name":"Home","item":"https:\/\/vof-news.eu\/de\/"},{"@type":"ListItem","position":2,"name":"Lars Klingbeil pocht auf fairen Wettbewerb mit China"}]},{"@type":"WebSite","@id":"https:\/\/vof-news.eu\/de\/#website","url":"https:\/\/vof-news.eu\/de\/","name":"vof-news.eu","description":"","potentialAction":[{"@type":"SearchAction","target":{"@type":"EntryPoint","urlTemplate":"https:\/\/vof-news.eu\/de\/?s={search_term_string}"},"query-input":"required name=search_term_string"}],"inLanguage":"de"},{"@type":"Person","@id":"https:\/\/vof-news.eu\/de\/#\/schema\/person\/f6a2a4309f0561835797fd8c19b333ed","name":"Author","image":{"@type":"ImageObject","inLanguage":"de","@id":"https:\/\/vof-news.eu\/de\/#\/schema\/person\/image\/","url":"https:\/\/secure.gravatar.com\/avatar\/b67e614b1b25b3e9c0c239efdd2fde5ab015b5affd6f1c3c85911ca4b384e790?s=96&d=mm&r=g","contentUrl":"https:\/\/secure.gravatar.com\/avatar\/b67e614b1b25b3e9c0c239efdd2fde5ab015b5affd6f1c3c85911ca4b384e790?s=96&d=mm&r=g","caption":"Author"},"sameAs":["http:\/\/vof-news.eu"],"url":"https:\/\/vof-news.eu\/de\/author\/zwt6qxnjulxbnyg\/"}]}},"yoast_meta":{"yoast_wpseo_title":"","yoast_wpseo_metadesc":"","yoast_wpseo_canonical":""},"_links":{"self":[{"href":"https:\/\/vof-news.eu\/de\/wp-json\/wp\/v2\/posts\/297653","targetHints":{"allow":["GET"]}}],"collection":[{"href":"https:\/\/vof-news.eu\/de\/wp-json\/wp\/v2\/posts"}],"about":[{"href":"https:\/\/vof-news.eu\/de\/wp-json\/wp\/v2\/types\/post"}],"author":[{"embeddable":true,"href":"https:\/\/vof-news.eu\/de\/wp-json\/wp\/v2\/users\/1"}],"replies":[{"embeddable":true,"href":"https:\/\/vof-news.eu\/de\/wp-json\/wp\/v2\/comments?post=297653"}],"version-history":[{"count":1,"href":"https:\/\/vof-news.eu\/de\/wp-json\/wp\/v2\/posts\/297653\/revisions"}],"predecessor-version":[{"id":297660,"href":"https:\/\/vof-news.eu\/de\/wp-json\/wp\/v2\/posts\/297653\/revisions\/297660"}],"wp:featuredmedia":[{"embeddable":true,"href":"https:\/\/vof-news.eu\/de\/wp-json\/wp\/v2\/media\/297654"}],"wp:attachment":[{"href":"https:\/\/vof-news.eu\/de\/wp-json\/wp\/v2\/media?parent=297653"}],"wp:term":[{"taxonomy":"category","embeddable":true,"href":"https:\/\/vof-news.eu\/de\/wp-json\/wp\/v2\/categories?post=297653"},{"taxonomy":"post_tag","embeddable":true,"href":"https:\/\/vof-news.eu\/de\/wp-json\/wp\/v2\/tags?post=297653"}],"curies":[{"name":"wp","href":"https:\/\/api.w.org\/{rel}","templated":true}]}}