{"id":297402,"date":"2025-11-16T07:28:30","date_gmt":"2025-11-16T04:28:30","guid":{"rendered":"https:\/\/vof-news.eu\/klingbeil-will-in-china-uber-handel-und-die-ukraine-sprechen\/"},"modified":"2025-11-16T07:30:32","modified_gmt":"2025-11-16T04:30:32","slug":"klingbeil-will-in-china-uber-handel-und-die-ukraine-sprechen","status":"publish","type":"post","link":"https:\/\/vof-news.eu\/de\/klingbeil-will-in-china-uber-handel-und-die-ukraine-sprechen\/","title":{"rendered":"Klingbeil will in China \u00fcber Handel und die Ukraine sprechen"},"content":{"rendered":"<div>\n<p>Bundesfinanzminister <a href=\"https:\/\/www.zeit.de\/thema\/lars-klingbeil\" rel=\"nofollow\">Lars\u00a0Klingbeil<\/a>\u00a0(SPD) reist an diesem Sonntag zum deutsch-chinesischen Finanzdialog nach <span><a href=\"https:\/\/www.zeit.de\/thema\/peking\" rel=\"nofollow\">Peking<\/a><\/span>. Das Treffen diene dem Austausch auf Regierungsebene \u00fcber die makro\u00f6konomische Lage und die Zusammenarbeit in multilateralen Gremien, sagte eine Ministeriumssprecherin. Klingbeil wolle insbesondere \u00fcber regelbasierten Handel, Rohstoffe und die\u00a0<a href=\"https:\/\/www.zeit.de\/thema\/krieg-in-ukraine\" rel=\"nofollow\">Ukraine<\/a> beraten. Der Minister werde von Vertretern der deutschen Finanzindustrie begleitet.\n<\/p>\n<p>Ein Ziel der Reise sei es, den chinesischen Gespr\u00e4chspartnern die deutschen Interessen zu vermitteln, sagte die Sprecherin weiter. Am Mittwoch wird\u00a0Klingbeil\u00a0demnach nach Shanghai weiterreisen und sich dort mit Vertretern deutscher Unternehmen austauschen, die in <span><a href=\"https:\/\/www.zeit.de\/thema\/china\" rel=\"nofollow\">China<\/a><\/span> aktiv sind.\n<\/p>\n<p>Zuletzt hatte Au\u00dfenminister <span><a href=\"https:\/\/www.zeit.de\/thema\/johann-wadephul\" rel=\"nofollow\">Johann Wadephul<\/a><\/span> (CDU) seine <a href=\"https:\/\/www.zeit.de\/politik\/ausland\/2025-10\/aussenminister-johann-wadephul-reise-china-verschoben-gxe\" rel=\"nofollow\">f\u00fcr Ende Oktober geplante Chinareise kurzfristig verschoben<\/a>.\u00a0Die chinesische Seite hatte ihm nur ein Treffen mit seinem Amtskollegen Wang Yi zugesagt \u2013 zu wenig aus Sicht des Deutschen. Gleichzeitig kamen aus Peking deutliche T\u00f6ne gegen Wadephuls wiederholt kritische \u00c4u\u00dferungen zur chinesischen Taiwanpolitik.\n<\/p>\n<h2>Klingbeil pl\u00e4diert f\u00fcr offenen Austausch mit China<\/h2>\n<p>Vor wenigen Tagen hatte Klingbeil f\u00fcr einen offenen Austausch mit China pl\u00e4diert.\u00a0&#8222;Wir sollten nicht \u00fcber China reden, sondern mit China reden&#8220;, sagte Klingbeil der Nachrichtenagentur dpa. China sei ein wichtiger internationaler Akteur. &#8222;Es gibt viele Probleme auf dieser Welt, die wir nur mit China zusammen l\u00f6sen k\u00f6nnen&#8220;, sagte der SPD-Politiker. Die <span><a href=\"https:\/\/www.zeit.de\/thema\/bundesregierung\" rel=\"nofollow\">Bundesregierung<\/a><\/span> k\u00f6nne es wirtschaftspolitisch jedoch nicht hinnehmen, wenn China Abh\u00e4ngigkeiten bei der Versorgung mit Seltenen Erden ausnutze.\u00a0\n<\/p>\n<p>Zudem sprach Klingbeil das\u00a0<a href=\"https:\/\/www.zeit.de\/politik\/ausland\/2025-10\/china-militaermanoever-taiwan-asiengipfel-treffen-donald-trump-xi-jinping\" rel=\"nofollow\">gespannte Verh\u00e4ltnis zwischen China und Taiwan<\/a>\u00a0an. &#8222;Die chinesische Seite muss auch immer wissen: Wir gucken sehr genau, was in Taiwan passiert&#8220;, sagte der Vizekanzler. &#8222;Wenn es zu einer milit\u00e4rischen Aktion kommt, dann wird das dazu f\u00fchren, dass es einen anderen Blick auf China gibt.&#8220;\n<\/p>\n<p>Er habe allerdings den Eindruck, dass die chinesische Regierung eine Zusammenarbeit mit Deutschland wolle und es auch sch\u00e4tze, &#8222;wenn man Differenzen nicht versucht zu kaschieren, sondern wenn man offen auch in der politischen Debatte ist&#8220;.\n<\/p>\n<p>F\u00fcr den Bundesfinanzminister geht es nach seinem Chinaaufenthalt am Donnerstag weiter nach Singapur. Dort wird er unter anderem an bilateralen Gespr\u00e4chen teilnehmen.\n<\/p>\n<\/div>\n","protected":false},"excerpt":{"rendered":"<p>Bundesfinanzminister Lars\u00a0Klingbeil\u00a0(SPD) reist an diesem Sonntag zum deutsch-chinesischen Finanzdialog nach Peking. Das Treffen diene dem Austausch auf Regierungsebene \u00fcber die makro\u00f6konomische Lage und die Zusammenarbeit in multilateralen Gremien, sagte eine Ministeriumssprecherin. Klingbeil wolle insbesondere \u00fcber regelbasierten Handel, Rohstoffe und die\u00a0Ukraine beraten. Der Minister werde von Vertretern der deutschen Finanzindustrie begleitet. Ein Ziel der Reise sei<\/p>\n","protected":false},"author":1,"featured_media":297403,"comment_status":"open","ping_status":"open","sticky":false,"template":"","format":"standard","meta":{"footnotes":""},"categories":[116],"tags":[],"class_list":["post-297402","post","type-post","status-publish","format-standard","has-post-thumbnail","hentry","category-war-chronicles-de"],"acf":[],"yoast_head":"<!-- This site is optimized with the Yoast SEO plugin v22.9 - https:\/\/yoast.com\/wordpress\/plugins\/seo\/ -->\n<title>Klingbeil will in China \u00fcber Handel und die Ukraine sprechen - vof-news.eu<\/title>\n<meta name=\"description\" content=\"Bundesfinanzminister Lars\u00a0Klingbeil\u00a0(SPD) reist an diesem Sonntag zum deutsch-chinesischen Finanzdialog nach Peking. Das Treffen diene dem Austausch auf Regierungsebene \u00fcber die makro\u00f6konomische Lage und die Zusammenarbeit in multilateralen Gremien, sagte eine Ministeriumssprecherin. Klingbeil wolle insbesondere \u00fcber regelbasierten Handel, Rohstoffe und die\u00a0Ukraine beraten. Der Minister werde von Vertretern der deutschen Finanzindustrie begleitet.\" \/>\n<meta name=\"robots\" content=\"noindex, follow, max-snippet:-1, max-image-preview:large, max-video-preview:-1\" \/>\n<meta property=\"og:locale\" content=\"de_DE\" \/>\n<meta property=\"og:type\" content=\"article\" \/>\n<meta property=\"og:title\" content=\"Klingbeil will in China \u00fcber Handel und die Ukraine sprechen - vof-news.eu\" \/>\n<meta property=\"og:description\" content=\"Bundesfinanzminister Lars\u00a0Klingbeil\u00a0(SPD) reist an diesem Sonntag zum deutsch-chinesischen Finanzdialog nach Peking. Das Treffen diene dem Austausch auf Regierungsebene \u00fcber die makro\u00f6konomische Lage und die Zusammenarbeit in multilateralen Gremien, sagte eine Ministeriumssprecherin. Klingbeil wolle insbesondere \u00fcber regelbasierten Handel, Rohstoffe und die\u00a0Ukraine beraten. Der Minister werde von Vertretern der deutschen Finanzindustrie begleitet.\" \/>\n<meta property=\"og:url\" content=\"https:\/\/vof-news.eu\/de\/klingbeil-will-in-china-uber-handel-und-die-ukraine-sprechen\/\" \/>\n<meta property=\"og:site_name\" content=\"vof-news.eu\" \/>\n<meta property=\"article:published_time\" content=\"2025-11-16T04:28:30+00:00\" \/>\n<meta property=\"article:modified_time\" content=\"2025-11-16T04:30:32+00:00\" \/>\n<meta property=\"og:image\" content=\"https:\/\/vof-news.eu\/wp-content\/uploads\/2025\/11\/wide__1000x562-47.jpg\" \/>\n\t<meta property=\"og:image:width\" content=\"1000\" \/>\n\t<meta property=\"og:image:height\" content=\"562\" \/>\n\t<meta property=\"og:image:type\" content=\"image\/jpeg\" \/>\n<meta name=\"author\" content=\"Author\" \/>\n<meta name=\"twitter:card\" content=\"summary_large_image\" \/>\n<meta name=\"twitter:label1\" content=\"Verfasst von\" \/>\n\t<meta name=\"twitter:data1\" content=\"Author\" \/>\n\t<meta name=\"twitter:label2\" content=\"Gesch\u00e4tzte Lesezeit\" \/>\n\t<meta name=\"twitter:data2\" content=\"2\u00a0Minuten\" \/>\n<script type=\"application\/ld+json\" class=\"yoast-schema-graph\">{\"@context\":\"https:\/\/schema.org\",\"@graph\":[{\"@type\":\"WebPage\",\"@id\":\"https:\/\/vof-news.eu\/de\/klingbeil-will-in-china-uber-handel-und-die-ukraine-sprechen\/\",\"url\":\"https:\/\/vof-news.eu\/de\/klingbeil-will-in-china-uber-handel-und-die-ukraine-sprechen\/\",\"name\":\"Klingbeil will in China \u00fcber Handel und die Ukraine sprechen - vof-news.eu\",\"isPartOf\":{\"@id\":\"https:\/\/vof-news.eu\/de\/#website\"},\"primaryImageOfPage\":{\"@id\":\"https:\/\/vof-news.eu\/de\/klingbeil-will-in-china-uber-handel-und-die-ukraine-sprechen\/#primaryimage\"},\"image\":{\"@id\":\"https:\/\/vof-news.eu\/de\/klingbeil-will-in-china-uber-handel-und-die-ukraine-sprechen\/#primaryimage\"},\"thumbnailUrl\":\"https:\/\/vof-news.eu\/wp-content\/uploads\/2025\/11\/wide__1000x562-47.jpg\",\"datePublished\":\"2025-11-16T04:28:30+00:00\",\"dateModified\":\"2025-11-16T04:30:32+00:00\",\"author\":{\"@id\":\"https:\/\/vof-news.eu\/de\/#\/schema\/person\/f6a2a4309f0561835797fd8c19b333ed\"},\"description\":\"Bundesfinanzminister Lars\u00a0Klingbeil\u00a0(SPD) reist an diesem Sonntag zum deutsch-chinesischen Finanzdialog nach Peking. Das Treffen diene dem Austausch auf Regierungsebene \u00fcber die makro\u00f6konomische Lage und die Zusammenarbeit in multilateralen Gremien, sagte eine Ministeriumssprecherin. Klingbeil wolle insbesondere \u00fcber regelbasierten Handel, Rohstoffe und die\u00a0Ukraine beraten. Der Minister werde von Vertretern der deutschen Finanzindustrie begleitet.\",\"breadcrumb\":{\"@id\":\"https:\/\/vof-news.eu\/de\/klingbeil-will-in-china-uber-handel-und-die-ukraine-sprechen\/#breadcrumb\"},\"inLanguage\":\"de\",\"potentialAction\":[{\"@type\":\"ReadAction\",\"target\":[\"https:\/\/vof-news.eu\/de\/klingbeil-will-in-china-uber-handel-und-die-ukraine-sprechen\/\"]}]},{\"@type\":\"ImageObject\",\"inLanguage\":\"de\",\"@id\":\"https:\/\/vof-news.eu\/de\/klingbeil-will-in-china-uber-handel-und-die-ukraine-sprechen\/#primaryimage\",\"url\":\"https:\/\/vof-news.eu\/wp-content\/uploads\/2025\/11\/wide__1000x562-47.jpg\",\"contentUrl\":\"https:\/\/vof-news.eu\/wp-content\/uploads\/2025\/11\/wide__1000x562-47.jpg\",\"width\":1000,\"height\":562},{\"@type\":\"BreadcrumbList\",\"@id\":\"https:\/\/vof-news.eu\/de\/klingbeil-will-in-china-uber-handel-und-die-ukraine-sprechen\/#breadcrumb\",\"itemListElement\":[{\"@type\":\"ListItem\",\"position\":1,\"name\":\"Home\",\"item\":\"https:\/\/vof-news.eu\/de\/\"},{\"@type\":\"ListItem\",\"position\":2,\"name\":\"Klingbeil will in China \u00fcber Handel und die Ukraine sprechen\"}]},{\"@type\":\"WebSite\",\"@id\":\"https:\/\/vof-news.eu\/de\/#website\",\"url\":\"https:\/\/vof-news.eu\/de\/\",\"name\":\"vof-news.eu\",\"description\":\"\",\"potentialAction\":[{\"@type\":\"SearchAction\",\"target\":{\"@type\":\"EntryPoint\",\"urlTemplate\":\"https:\/\/vof-news.eu\/de\/?s={search_term_string}\"},\"query-input\":\"required name=search_term_string\"}],\"inLanguage\":\"de\"},{\"@type\":\"Person\",\"@id\":\"https:\/\/vof-news.eu\/de\/#\/schema\/person\/f6a2a4309f0561835797fd8c19b333ed\",\"name\":\"Author\",\"image\":{\"@type\":\"ImageObject\",\"inLanguage\":\"de\",\"@id\":\"https:\/\/vof-news.eu\/de\/#\/schema\/person\/image\/\",\"url\":\"https:\/\/secure.gravatar.com\/avatar\/b67e614b1b25b3e9c0c239efdd2fde5ab015b5affd6f1c3c85911ca4b384e790?s=96&d=mm&r=g\",\"contentUrl\":\"https:\/\/secure.gravatar.com\/avatar\/b67e614b1b25b3e9c0c239efdd2fde5ab015b5affd6f1c3c85911ca4b384e790?s=96&d=mm&r=g\",\"caption\":\"Author\"},\"sameAs\":[\"http:\/\/vof-news.eu\"],\"url\":\"https:\/\/vof-news.eu\/de\/author\/zwt6qxnjulxbnyg\/\"}]}<\/script>\n<!-- \/ Yoast SEO plugin. -->","yoast_head_json":{"title":"Klingbeil will in China \u00fcber Handel und die Ukraine sprechen - vof-news.eu","description":"Bundesfinanzminister Lars\u00a0Klingbeil\u00a0(SPD) reist an diesem Sonntag zum deutsch-chinesischen Finanzdialog nach Peking. Das Treffen diene dem Austausch auf Regierungsebene \u00fcber die makro\u00f6konomische Lage und die Zusammenarbeit in multilateralen Gremien, sagte eine Ministeriumssprecherin. Klingbeil wolle insbesondere \u00fcber regelbasierten Handel, Rohstoffe und die\u00a0Ukraine beraten. Der Minister werde von Vertretern der deutschen Finanzindustrie begleitet.","robots":{"index":"noindex","follow":"follow","max-snippet":"max-snippet:-1","max-image-preview":"max-image-preview:large","max-video-preview":"max-video-preview:-1"},"og_locale":"de_DE","og_type":"article","og_title":"Klingbeil will in China \u00fcber Handel und die Ukraine sprechen - vof-news.eu","og_description":"Bundesfinanzminister Lars\u00a0Klingbeil\u00a0(SPD) reist an diesem Sonntag zum deutsch-chinesischen Finanzdialog nach Peking. Das Treffen diene dem Austausch auf Regierungsebene \u00fcber die makro\u00f6konomische Lage und die Zusammenarbeit in multilateralen Gremien, sagte eine Ministeriumssprecherin. Klingbeil wolle insbesondere \u00fcber regelbasierten Handel, Rohstoffe und die\u00a0Ukraine beraten. Der Minister werde von Vertretern der deutschen Finanzindustrie begleitet.","og_url":"https:\/\/vof-news.eu\/de\/klingbeil-will-in-china-uber-handel-und-die-ukraine-sprechen\/","og_site_name":"vof-news.eu","article_published_time":"2025-11-16T04:28:30+00:00","article_modified_time":"2025-11-16T04:30:32+00:00","og_image":[{"width":1000,"height":562,"url":"https:\/\/vof-news.eu\/wp-content\/uploads\/2025\/11\/wide__1000x562-47.jpg","type":"image\/jpeg"}],"author":"Author","twitter_card":"summary_large_image","twitter_misc":{"Verfasst von":"Author","Gesch\u00e4tzte Lesezeit":"2\u00a0Minuten"},"schema":{"@context":"https:\/\/schema.org","@graph":[{"@type":"WebPage","@id":"https:\/\/vof-news.eu\/de\/klingbeil-will-in-china-uber-handel-und-die-ukraine-sprechen\/","url":"https:\/\/vof-news.eu\/de\/klingbeil-will-in-china-uber-handel-und-die-ukraine-sprechen\/","name":"Klingbeil will in China \u00fcber Handel und die Ukraine sprechen - vof-news.eu","isPartOf":{"@id":"https:\/\/vof-news.eu\/de\/#website"},"primaryImageOfPage":{"@id":"https:\/\/vof-news.eu\/de\/klingbeil-will-in-china-uber-handel-und-die-ukraine-sprechen\/#primaryimage"},"image":{"@id":"https:\/\/vof-news.eu\/de\/klingbeil-will-in-china-uber-handel-und-die-ukraine-sprechen\/#primaryimage"},"thumbnailUrl":"https:\/\/vof-news.eu\/wp-content\/uploads\/2025\/11\/wide__1000x562-47.jpg","datePublished":"2025-11-16T04:28:30+00:00","dateModified":"2025-11-16T04:30:32+00:00","author":{"@id":"https:\/\/vof-news.eu\/de\/#\/schema\/person\/f6a2a4309f0561835797fd8c19b333ed"},"description":"Bundesfinanzminister Lars\u00a0Klingbeil\u00a0(SPD) reist an diesem Sonntag zum deutsch-chinesischen Finanzdialog nach Peking. Das Treffen diene dem Austausch auf Regierungsebene \u00fcber die makro\u00f6konomische Lage und die Zusammenarbeit in multilateralen Gremien, sagte eine Ministeriumssprecherin. Klingbeil wolle insbesondere \u00fcber regelbasierten Handel, Rohstoffe und die\u00a0Ukraine beraten. Der Minister werde von Vertretern der deutschen Finanzindustrie begleitet.","breadcrumb":{"@id":"https:\/\/vof-news.eu\/de\/klingbeil-will-in-china-uber-handel-und-die-ukraine-sprechen\/#breadcrumb"},"inLanguage":"de","potentialAction":[{"@type":"ReadAction","target":["https:\/\/vof-news.eu\/de\/klingbeil-will-in-china-uber-handel-und-die-ukraine-sprechen\/"]}]},{"@type":"ImageObject","inLanguage":"de","@id":"https:\/\/vof-news.eu\/de\/klingbeil-will-in-china-uber-handel-und-die-ukraine-sprechen\/#primaryimage","url":"https:\/\/vof-news.eu\/wp-content\/uploads\/2025\/11\/wide__1000x562-47.jpg","contentUrl":"https:\/\/vof-news.eu\/wp-content\/uploads\/2025\/11\/wide__1000x562-47.jpg","width":1000,"height":562},{"@type":"BreadcrumbList","@id":"https:\/\/vof-news.eu\/de\/klingbeil-will-in-china-uber-handel-und-die-ukraine-sprechen\/#breadcrumb","itemListElement":[{"@type":"ListItem","position":1,"name":"Home","item":"https:\/\/vof-news.eu\/de\/"},{"@type":"ListItem","position":2,"name":"Klingbeil will in China \u00fcber Handel und die Ukraine sprechen"}]},{"@type":"WebSite","@id":"https:\/\/vof-news.eu\/de\/#website","url":"https:\/\/vof-news.eu\/de\/","name":"vof-news.eu","description":"","potentialAction":[{"@type":"SearchAction","target":{"@type":"EntryPoint","urlTemplate":"https:\/\/vof-news.eu\/de\/?s={search_term_string}"},"query-input":"required name=search_term_string"}],"inLanguage":"de"},{"@type":"Person","@id":"https:\/\/vof-news.eu\/de\/#\/schema\/person\/f6a2a4309f0561835797fd8c19b333ed","name":"Author","image":{"@type":"ImageObject","inLanguage":"de","@id":"https:\/\/vof-news.eu\/de\/#\/schema\/person\/image\/","url":"https:\/\/secure.gravatar.com\/avatar\/b67e614b1b25b3e9c0c239efdd2fde5ab015b5affd6f1c3c85911ca4b384e790?s=96&d=mm&r=g","contentUrl":"https:\/\/secure.gravatar.com\/avatar\/b67e614b1b25b3e9c0c239efdd2fde5ab015b5affd6f1c3c85911ca4b384e790?s=96&d=mm&r=g","caption":"Author"},"sameAs":["http:\/\/vof-news.eu"],"url":"https:\/\/vof-news.eu\/de\/author\/zwt6qxnjulxbnyg\/"}]}},"yoast_meta":{"yoast_wpseo_title":"","yoast_wpseo_metadesc":"","yoast_wpseo_canonical":""},"_links":{"self":[{"href":"https:\/\/vof-news.eu\/de\/wp-json\/wp\/v2\/posts\/297402","targetHints":{"allow":["GET"]}}],"collection":[{"href":"https:\/\/vof-news.eu\/de\/wp-json\/wp\/v2\/posts"}],"about":[{"href":"https:\/\/vof-news.eu\/de\/wp-json\/wp\/v2\/types\/post"}],"author":[{"embeddable":true,"href":"https:\/\/vof-news.eu\/de\/wp-json\/wp\/v2\/users\/1"}],"replies":[{"embeddable":true,"href":"https:\/\/vof-news.eu\/de\/wp-json\/wp\/v2\/comments?post=297402"}],"version-history":[{"count":1,"href":"https:\/\/vof-news.eu\/de\/wp-json\/wp\/v2\/posts\/297402\/revisions"}],"predecessor-version":[{"id":297410,"href":"https:\/\/vof-news.eu\/de\/wp-json\/wp\/v2\/posts\/297402\/revisions\/297410"}],"wp:featuredmedia":[{"embeddable":true,"href":"https:\/\/vof-news.eu\/de\/wp-json\/wp\/v2\/media\/297403"}],"wp:attachment":[{"href":"https:\/\/vof-news.eu\/de\/wp-json\/wp\/v2\/media?parent=297402"}],"wp:term":[{"taxonomy":"category","embeddable":true,"href":"https:\/\/vof-news.eu\/de\/wp-json\/wp\/v2\/categories?post=297402"},{"taxonomy":"post_tag","embeddable":true,"href":"https:\/\/vof-news.eu\/de\/wp-json\/wp\/v2\/tags?post=297402"}],"curies":[{"name":"wp","href":"https:\/\/api.w.org\/{rel}","templated":true}]}}