{"id":297340,"date":"2025-11-15T21:28:04","date_gmt":"2025-11-15T18:28:04","guid":{"rendered":"https:\/\/vof-news.eu\/selenskyj-kundigt-umbau-bei-energieunternehmen-an\/"},"modified":"2025-11-15T21:29:13","modified_gmt":"2025-11-15T18:29:13","slug":"selenskyj-kundigt-umbau-bei-energieunternehmen-an","status":"publish","type":"post","link":"https:\/\/vof-news.eu\/de\/selenskyj-kundigt-umbau-bei-energieunternehmen-an\/","title":{"rendered":"Selenskyj k\u00fcndigt Umbau bei Energieunternehmen an"},"content":{"rendered":"<div>\n<p>Der ukrainische Pr\u00e4sident <span><a href=\"https:\/\/www.zeit.de\/thema\/wolodymyr-selenskyj\" rel=\"nofollow\">Wolodymyr Selenskyj<\/a><\/span> hat inmitten eines<a href=\"https:\/\/www.zeit.de\/politik\/ausland\/2025-11\/ukraine-korruption-wolodymyr-selenskyj-ruecktritte-minister\" rel=\"nofollow\">\u00a0weitreichenden Korruptionsskandals<\/a> einen Umbau an der F\u00fchrungsspitze zentraler Energieunternehmen angek\u00fcndigt. &#8222;Parallel zur vollst\u00e4ndigen \u00dcberpr\u00fcfung der finanziellen T\u00e4tigkeit muss eine Erneuerung der Verwaltung dieser Unternehmen losgehen&#8220;, teilte Selenskyj\u00a0<a href=\"https:\/\/t.me\/V_Zelenskiy_official\/16898\" rel=\"nofollow\">auf Telegram<\/a>\u00a0mit. Er habe sich mit Regierungschefin Julia Swyrydenko auf die n\u00e4chsten Schritte verst\u00e4ndigt.\n<\/p>\n<p>Innerhalb einer Woche sollen die Voraussetzungen f\u00fcr einen neuen Aufsichtsrat bei Energoatom geschaffen werden. Auch der Vorstand des staatlichen Atomkonzerns werde vollst\u00e4ndig neu besetzt. Zudem sind Ver\u00e4nderungen beim Wasserkraftbetreiber\u00a0Ukrhidroenerho, beim Gasnetzbetreiber sowie beim staatlichen Energieriesen Naftogaz geplant. Entsprechende Ausschreibungen seien bereits angesetzt.\n<\/p>\n<p>Die Ank\u00fcndigung folgt auf einen Schritt von Regierungschefin Julija Swyrydenko, die am Donnerstag eine <a href=\"https:\/\/www.zeit.de\/politik\/ausland\/2025-11\/ukraine-korruption-swyrydenko-selenskyj-energie-staatskonzerne\" rel=\"nofollow\">umfassende \u00dcberpr\u00fcfung aller gro\u00dfen Staatskonzerne veranlasst hatte<\/a>.<br \/>\n Besonders im Energie- und R\u00fcstungssektor solle gr\u00fcndlich kontrolliert<br \/>\n werden, hie\u00df es. Zudem soll die Ausschreibung f\u00fcr die Leitung des<br \/>\nGaspipelinebetreibers ausgesetzt werden, nachdem eine der Finalistinnen im Kontext der Ermittlungen genannt worden war.\n<\/p>\n<p>Im Zentrum des Skandals steht der staatliche Atomkonzern Energoatom. Bei Bauprojekten zum Schutz der Energieinfrastruktur sollen laut Ermittlern bis zu 100 Millionen Euro an Schmiergeldern geflossen sein. Zwei Minister sind zur\u00fcckgetreten, zwei Verd\u00e4chtige haben sich ins Ausland abgesetzt, darunter ein Vertrauter des Pr\u00e4sidenten.\n<\/p>\n<\/p>\n<\/div>\n","protected":false},"excerpt":{"rendered":"<p>Der ukrainische Pr\u00e4sident Wolodymyr Selenskyj hat inmitten eines\u00a0weitreichenden Korruptionsskandals einen Umbau an der F\u00fchrungsspitze zentraler Energieunternehmen angek\u00fcndigt. &#8222;Parallel zur vollst\u00e4ndigen \u00dcberpr\u00fcfung der finanziellen T\u00e4tigkeit muss eine Erneuerung der Verwaltung dieser Unternehmen losgehen&#8220;, teilte Selenskyj\u00a0auf Telegram\u00a0mit. Er habe sich mit Regierungschefin Julia Swyrydenko auf die n\u00e4chsten Schritte verst\u00e4ndigt. Innerhalb einer Woche sollen die Voraussetzungen f\u00fcr einen<\/p>\n","protected":false},"author":1,"featured_media":297341,"comment_status":"open","ping_status":"open","sticky":false,"template":"","format":"standard","meta":{"footnotes":""},"categories":[116],"tags":[],"class_list":["post-297340","post","type-post","status-publish","format-standard","has-post-thumbnail","hentry","category-war-chronicles-de"],"acf":[],"yoast_head":"<!-- This site is optimized with the Yoast SEO plugin v22.9 - https:\/\/yoast.com\/wordpress\/plugins\/seo\/ -->\n<title>Selenskyj k\u00fcndigt Umbau bei Energieunternehmen an - vof-news.eu<\/title>\n<meta name=\"description\" content=\"Der ukrainische Pr\u00e4sident Wolodymyr Selenskyj hat inmitten eines\u00a0weitreichenden Korruptionsskandals einen Umbau an der F\u00fchrungsspitze zentraler Energieunternehmen angek\u00fcndigt. &quot;Parallel zur vollst\u00e4ndigen \u00dcberpr\u00fcfung der finanziellen T\u00e4tigkeit muss eine Erneuerung der Verwaltung dieser Unternehmen losgehen&quot;, teilte Selenskyj\u00a0auf Telegram\u00a0mit. Er habe sich mit Regierungschefin Julia Swyrydenko auf die n\u00e4chsten Schritte verst\u00e4ndigt.\" \/>\n<meta name=\"robots\" content=\"noindex, follow, max-snippet:-1, max-image-preview:large, max-video-preview:-1\" \/>\n<meta property=\"og:locale\" content=\"de_DE\" \/>\n<meta property=\"og:type\" content=\"article\" \/>\n<meta property=\"og:title\" content=\"Selenskyj k\u00fcndigt Umbau bei Energieunternehmen an - vof-news.eu\" \/>\n<meta property=\"og:description\" content=\"Der ukrainische Pr\u00e4sident Wolodymyr Selenskyj hat inmitten eines\u00a0weitreichenden Korruptionsskandals einen Umbau an der F\u00fchrungsspitze zentraler Energieunternehmen angek\u00fcndigt. &quot;Parallel zur vollst\u00e4ndigen \u00dcberpr\u00fcfung der finanziellen T\u00e4tigkeit muss eine Erneuerung der Verwaltung dieser Unternehmen losgehen&quot;, teilte Selenskyj\u00a0auf Telegram\u00a0mit. Er habe sich mit Regierungschefin Julia Swyrydenko auf die n\u00e4chsten Schritte verst\u00e4ndigt.\" \/>\n<meta property=\"og:url\" content=\"https:\/\/vof-news.eu\/de\/selenskyj-kundigt-umbau-bei-energieunternehmen-an\/\" \/>\n<meta property=\"og:site_name\" content=\"vof-news.eu\" \/>\n<meta property=\"article:published_time\" content=\"2025-11-15T18:28:04+00:00\" \/>\n<meta property=\"article:modified_time\" content=\"2025-11-15T18:29:13+00:00\" \/>\n<meta property=\"og:image\" content=\"https:\/\/vof-news.eu\/wp-content\/uploads\/2025\/11\/wide__1000x562-45.jpg\" \/>\n\t<meta property=\"og:image:width\" content=\"1000\" \/>\n\t<meta property=\"og:image:height\" content=\"562\" \/>\n\t<meta property=\"og:image:type\" content=\"image\/jpeg\" \/>\n<meta name=\"author\" content=\"Author\" \/>\n<meta name=\"twitter:card\" content=\"summary_large_image\" \/>\n<meta name=\"twitter:label1\" content=\"Verfasst von\" \/>\n\t<meta name=\"twitter:data1\" content=\"Author\" \/>\n\t<meta name=\"twitter:label2\" content=\"Gesch\u00e4tzte Lesezeit\" \/>\n\t<meta name=\"twitter:data2\" content=\"1\u00a0Minute\" \/>\n<script type=\"application\/ld+json\" class=\"yoast-schema-graph\">{\"@context\":\"https:\/\/schema.org\",\"@graph\":[{\"@type\":\"WebPage\",\"@id\":\"https:\/\/vof-news.eu\/de\/selenskyj-kundigt-umbau-bei-energieunternehmen-an\/\",\"url\":\"https:\/\/vof-news.eu\/de\/selenskyj-kundigt-umbau-bei-energieunternehmen-an\/\",\"name\":\"Selenskyj k\u00fcndigt Umbau bei Energieunternehmen an - vof-news.eu\",\"isPartOf\":{\"@id\":\"https:\/\/vof-news.eu\/de\/#website\"},\"primaryImageOfPage\":{\"@id\":\"https:\/\/vof-news.eu\/de\/selenskyj-kundigt-umbau-bei-energieunternehmen-an\/#primaryimage\"},\"image\":{\"@id\":\"https:\/\/vof-news.eu\/de\/selenskyj-kundigt-umbau-bei-energieunternehmen-an\/#primaryimage\"},\"thumbnailUrl\":\"https:\/\/vof-news.eu\/wp-content\/uploads\/2025\/11\/wide__1000x562-45.jpg\",\"datePublished\":\"2025-11-15T18:28:04+00:00\",\"dateModified\":\"2025-11-15T18:29:13+00:00\",\"author\":{\"@id\":\"https:\/\/vof-news.eu\/de\/#\/schema\/person\/f6a2a4309f0561835797fd8c19b333ed\"},\"description\":\"Der ukrainische Pr\u00e4sident Wolodymyr Selenskyj hat inmitten eines\u00a0weitreichenden Korruptionsskandals einen Umbau an der F\u00fchrungsspitze zentraler Energieunternehmen angek\u00fcndigt. \\\"Parallel zur vollst\u00e4ndigen \u00dcberpr\u00fcfung der finanziellen T\u00e4tigkeit muss eine Erneuerung der Verwaltung dieser Unternehmen losgehen\\\", teilte Selenskyj\u00a0auf Telegram\u00a0mit. Er habe sich mit Regierungschefin Julia Swyrydenko auf die n\u00e4chsten Schritte verst\u00e4ndigt.\",\"breadcrumb\":{\"@id\":\"https:\/\/vof-news.eu\/de\/selenskyj-kundigt-umbau-bei-energieunternehmen-an\/#breadcrumb\"},\"inLanguage\":\"de\",\"potentialAction\":[{\"@type\":\"ReadAction\",\"target\":[\"https:\/\/vof-news.eu\/de\/selenskyj-kundigt-umbau-bei-energieunternehmen-an\/\"]}]},{\"@type\":\"ImageObject\",\"inLanguage\":\"de\",\"@id\":\"https:\/\/vof-news.eu\/de\/selenskyj-kundigt-umbau-bei-energieunternehmen-an\/#primaryimage\",\"url\":\"https:\/\/vof-news.eu\/wp-content\/uploads\/2025\/11\/wide__1000x562-45.jpg\",\"contentUrl\":\"https:\/\/vof-news.eu\/wp-content\/uploads\/2025\/11\/wide__1000x562-45.jpg\",\"width\":1000,\"height\":562},{\"@type\":\"BreadcrumbList\",\"@id\":\"https:\/\/vof-news.eu\/de\/selenskyj-kundigt-umbau-bei-energieunternehmen-an\/#breadcrumb\",\"itemListElement\":[{\"@type\":\"ListItem\",\"position\":1,\"name\":\"Home\",\"item\":\"https:\/\/vof-news.eu\/de\/\"},{\"@type\":\"ListItem\",\"position\":2,\"name\":\"Selenskyj k\u00fcndigt Umbau bei Energieunternehmen an\"}]},{\"@type\":\"WebSite\",\"@id\":\"https:\/\/vof-news.eu\/de\/#website\",\"url\":\"https:\/\/vof-news.eu\/de\/\",\"name\":\"vof-news.eu\",\"description\":\"\",\"potentialAction\":[{\"@type\":\"SearchAction\",\"target\":{\"@type\":\"EntryPoint\",\"urlTemplate\":\"https:\/\/vof-news.eu\/de\/?s={search_term_string}\"},\"query-input\":\"required name=search_term_string\"}],\"inLanguage\":\"de\"},{\"@type\":\"Person\",\"@id\":\"https:\/\/vof-news.eu\/de\/#\/schema\/person\/f6a2a4309f0561835797fd8c19b333ed\",\"name\":\"Author\",\"image\":{\"@type\":\"ImageObject\",\"inLanguage\":\"de\",\"@id\":\"https:\/\/vof-news.eu\/de\/#\/schema\/person\/image\/\",\"url\":\"https:\/\/secure.gravatar.com\/avatar\/b67e614b1b25b3e9c0c239efdd2fde5ab015b5affd6f1c3c85911ca4b384e790?s=96&d=mm&r=g\",\"contentUrl\":\"https:\/\/secure.gravatar.com\/avatar\/b67e614b1b25b3e9c0c239efdd2fde5ab015b5affd6f1c3c85911ca4b384e790?s=96&d=mm&r=g\",\"caption\":\"Author\"},\"sameAs\":[\"http:\/\/vof-news.eu\"],\"url\":\"https:\/\/vof-news.eu\/de\/author\/zwt6qxnjulxbnyg\/\"}]}<\/script>\n<!-- \/ Yoast SEO plugin. -->","yoast_head_json":{"title":"Selenskyj k\u00fcndigt Umbau bei Energieunternehmen an - vof-news.eu","description":"Der ukrainische Pr\u00e4sident Wolodymyr Selenskyj hat inmitten eines\u00a0weitreichenden Korruptionsskandals einen Umbau an der F\u00fchrungsspitze zentraler Energieunternehmen angek\u00fcndigt. \"Parallel zur vollst\u00e4ndigen \u00dcberpr\u00fcfung der finanziellen T\u00e4tigkeit muss eine Erneuerung der Verwaltung dieser Unternehmen losgehen\", teilte Selenskyj\u00a0auf Telegram\u00a0mit. Er habe sich mit Regierungschefin Julia Swyrydenko auf die n\u00e4chsten Schritte verst\u00e4ndigt.","robots":{"index":"noindex","follow":"follow","max-snippet":"max-snippet:-1","max-image-preview":"max-image-preview:large","max-video-preview":"max-video-preview:-1"},"og_locale":"de_DE","og_type":"article","og_title":"Selenskyj k\u00fcndigt Umbau bei Energieunternehmen an - vof-news.eu","og_description":"Der ukrainische Pr\u00e4sident Wolodymyr Selenskyj hat inmitten eines\u00a0weitreichenden Korruptionsskandals einen Umbau an der F\u00fchrungsspitze zentraler Energieunternehmen angek\u00fcndigt. \"Parallel zur vollst\u00e4ndigen \u00dcberpr\u00fcfung der finanziellen T\u00e4tigkeit muss eine Erneuerung der Verwaltung dieser Unternehmen losgehen\", teilte Selenskyj\u00a0auf Telegram\u00a0mit. Er habe sich mit Regierungschefin Julia Swyrydenko auf die n\u00e4chsten Schritte verst\u00e4ndigt.","og_url":"https:\/\/vof-news.eu\/de\/selenskyj-kundigt-umbau-bei-energieunternehmen-an\/","og_site_name":"vof-news.eu","article_published_time":"2025-11-15T18:28:04+00:00","article_modified_time":"2025-11-15T18:29:13+00:00","og_image":[{"width":1000,"height":562,"url":"https:\/\/vof-news.eu\/wp-content\/uploads\/2025\/11\/wide__1000x562-45.jpg","type":"image\/jpeg"}],"author":"Author","twitter_card":"summary_large_image","twitter_misc":{"Verfasst von":"Author","Gesch\u00e4tzte Lesezeit":"1\u00a0Minute"},"schema":{"@context":"https:\/\/schema.org","@graph":[{"@type":"WebPage","@id":"https:\/\/vof-news.eu\/de\/selenskyj-kundigt-umbau-bei-energieunternehmen-an\/","url":"https:\/\/vof-news.eu\/de\/selenskyj-kundigt-umbau-bei-energieunternehmen-an\/","name":"Selenskyj k\u00fcndigt Umbau bei Energieunternehmen an - vof-news.eu","isPartOf":{"@id":"https:\/\/vof-news.eu\/de\/#website"},"primaryImageOfPage":{"@id":"https:\/\/vof-news.eu\/de\/selenskyj-kundigt-umbau-bei-energieunternehmen-an\/#primaryimage"},"image":{"@id":"https:\/\/vof-news.eu\/de\/selenskyj-kundigt-umbau-bei-energieunternehmen-an\/#primaryimage"},"thumbnailUrl":"https:\/\/vof-news.eu\/wp-content\/uploads\/2025\/11\/wide__1000x562-45.jpg","datePublished":"2025-11-15T18:28:04+00:00","dateModified":"2025-11-15T18:29:13+00:00","author":{"@id":"https:\/\/vof-news.eu\/de\/#\/schema\/person\/f6a2a4309f0561835797fd8c19b333ed"},"description":"Der ukrainische Pr\u00e4sident Wolodymyr Selenskyj hat inmitten eines\u00a0weitreichenden Korruptionsskandals einen Umbau an der F\u00fchrungsspitze zentraler Energieunternehmen angek\u00fcndigt. \"Parallel zur vollst\u00e4ndigen \u00dcberpr\u00fcfung der finanziellen T\u00e4tigkeit muss eine Erneuerung der Verwaltung dieser Unternehmen losgehen\", teilte Selenskyj\u00a0auf Telegram\u00a0mit. Er habe sich mit Regierungschefin Julia Swyrydenko auf die n\u00e4chsten Schritte verst\u00e4ndigt.","breadcrumb":{"@id":"https:\/\/vof-news.eu\/de\/selenskyj-kundigt-umbau-bei-energieunternehmen-an\/#breadcrumb"},"inLanguage":"de","potentialAction":[{"@type":"ReadAction","target":["https:\/\/vof-news.eu\/de\/selenskyj-kundigt-umbau-bei-energieunternehmen-an\/"]}]},{"@type":"ImageObject","inLanguage":"de","@id":"https:\/\/vof-news.eu\/de\/selenskyj-kundigt-umbau-bei-energieunternehmen-an\/#primaryimage","url":"https:\/\/vof-news.eu\/wp-content\/uploads\/2025\/11\/wide__1000x562-45.jpg","contentUrl":"https:\/\/vof-news.eu\/wp-content\/uploads\/2025\/11\/wide__1000x562-45.jpg","width":1000,"height":562},{"@type":"BreadcrumbList","@id":"https:\/\/vof-news.eu\/de\/selenskyj-kundigt-umbau-bei-energieunternehmen-an\/#breadcrumb","itemListElement":[{"@type":"ListItem","position":1,"name":"Home","item":"https:\/\/vof-news.eu\/de\/"},{"@type":"ListItem","position":2,"name":"Selenskyj k\u00fcndigt Umbau bei Energieunternehmen an"}]},{"@type":"WebSite","@id":"https:\/\/vof-news.eu\/de\/#website","url":"https:\/\/vof-news.eu\/de\/","name":"vof-news.eu","description":"","potentialAction":[{"@type":"SearchAction","target":{"@type":"EntryPoint","urlTemplate":"https:\/\/vof-news.eu\/de\/?s={search_term_string}"},"query-input":"required name=search_term_string"}],"inLanguage":"de"},{"@type":"Person","@id":"https:\/\/vof-news.eu\/de\/#\/schema\/person\/f6a2a4309f0561835797fd8c19b333ed","name":"Author","image":{"@type":"ImageObject","inLanguage":"de","@id":"https:\/\/vof-news.eu\/de\/#\/schema\/person\/image\/","url":"https:\/\/secure.gravatar.com\/avatar\/b67e614b1b25b3e9c0c239efdd2fde5ab015b5affd6f1c3c85911ca4b384e790?s=96&d=mm&r=g","contentUrl":"https:\/\/secure.gravatar.com\/avatar\/b67e614b1b25b3e9c0c239efdd2fde5ab015b5affd6f1c3c85911ca4b384e790?s=96&d=mm&r=g","caption":"Author"},"sameAs":["http:\/\/vof-news.eu"],"url":"https:\/\/vof-news.eu\/de\/author\/zwt6qxnjulxbnyg\/"}]}},"yoast_meta":{"yoast_wpseo_title":"","yoast_wpseo_metadesc":"","yoast_wpseo_canonical":""},"_links":{"self":[{"href":"https:\/\/vof-news.eu\/de\/wp-json\/wp\/v2\/posts\/297340","targetHints":{"allow":["GET"]}}],"collection":[{"href":"https:\/\/vof-news.eu\/de\/wp-json\/wp\/v2\/posts"}],"about":[{"href":"https:\/\/vof-news.eu\/de\/wp-json\/wp\/v2\/types\/post"}],"author":[{"embeddable":true,"href":"https:\/\/vof-news.eu\/de\/wp-json\/wp\/v2\/users\/1"}],"replies":[{"embeddable":true,"href":"https:\/\/vof-news.eu\/de\/wp-json\/wp\/v2\/comments?post=297340"}],"version-history":[{"count":1,"href":"https:\/\/vof-news.eu\/de\/wp-json\/wp\/v2\/posts\/297340\/revisions"}],"predecessor-version":[{"id":297347,"href":"https:\/\/vof-news.eu\/de\/wp-json\/wp\/v2\/posts\/297340\/revisions\/297347"}],"wp:featuredmedia":[{"embeddable":true,"href":"https:\/\/vof-news.eu\/de\/wp-json\/wp\/v2\/media\/297341"}],"wp:attachment":[{"href":"https:\/\/vof-news.eu\/de\/wp-json\/wp\/v2\/media?parent=297340"}],"wp:term":[{"taxonomy":"category","embeddable":true,"href":"https:\/\/vof-news.eu\/de\/wp-json\/wp\/v2\/categories?post=297340"},{"taxonomy":"post_tag","embeddable":true,"href":"https:\/\/vof-news.eu\/de\/wp-json\/wp\/v2\/tags?post=297340"}],"curies":[{"name":"wp","href":"https:\/\/api.w.org\/{rel}","templated":true}]}}