{"id":297312,"date":"2025-11-15T17:28:09","date_gmt":"2025-11-15T14:28:09","guid":{"rendered":"https:\/\/vof-news.eu\/sachsens-ministerprasident-will-zuruck-zu-russischem-ol-und-erdgas\/"},"modified":"2025-11-15T17:28:36","modified_gmt":"2025-11-15T14:28:36","slug":"sachsens-ministerprasident-will-zuruck-zu-russischem-ol-und-erdgas","status":"publish","type":"post","link":"https:\/\/vof-news.eu\/de\/sachsens-ministerprasident-will-zuruck-zu-russischem-ol-und-erdgas\/","title":{"rendered":"Sachsens Ministerpr\u00e4sident will zur\u00fcck zu russischem \u00d6l und Erdgas"},"content":{"rendered":"<div>\n<p>Sachsens Ministerpr\u00e4sident <span><a href=\"https:\/\/www.zeit.de\/thema\/michael-kretschmer\" rel=\"nofollow\">Michael Kretschmer<\/a><\/span> (CDU) hat eine grunds\u00e4tzliche R\u00fcckkehr zu Energielieferungen aus Russland gefordert. &#8222;Wir m\u00fcssen die Sanktionen gegen Russland auch aus dem eigenen \u00f6konomischen Interesse betrachten&#8220;, sagte er den Zeitungen der Funke Mediengruppe.\u00a0\n<\/p>\n<p>Es liege laut Kretschmer im deutschen Interesse, nach einem Waffenstillstand wieder Energie aus <span><a href=\"https:\/\/www.zeit.de\/thema\/russland\" rel=\"nofollow\">Russland<\/a><\/span> geliefert zu bekommen. &#8222;Wirtschaftsbeziehungen erh\u00f6hen auch unsere Sicherheit&#8220;, sagte er.\n<\/p>\n<h2>Kretschmer: &#8222;Russland hat ein anderes Land angegriffen&#8220;<\/h2>\n<p>Kretschmer hatte diese Position bereits in der Vergangenheit mehrfach vertreten.\u00a0Kretschmer argumentiert, Europa brauche Energie zu g\u00fcnstigen Preisen.<br \/>\nRussland m\u00fcsse daher &#8222;perspektivisch wieder Handelspartner sein \u2013 ohne<br \/>\ndass wir in eine neue Abh\u00e4ngigkeit kommen&#8220;. Die Parole &#8222;nie wieder<br \/>\nRussland&#8220; sei falsch.\u00a0\n<\/p>\n<p>Auf die Nachfrage, ob er sich von Putin nicht<br \/>\nbedroht f\u00fchle, antwortete Kretschmer ausweichend: &#8222;Russland hat ein anderes<br \/>\nLand angegriffen.&#8220; Es sei richtig, dass Deutschland sich nun<br \/>\n&#8222;verteidigungsf\u00e4hig aufstellen&#8220; m\u00fcsse, aber das &#8222;gelingt nur, wenn wir<br \/>\nwirtschaftlich stark sind&#8220;.\n<\/p>\n<h2>Sanktionen seit Angriffskrieg<\/h2>\n<p>Russland hatte bereits vor dem Angriff auf die Ukraine im Februar 2022 seine Gaslieferungen nach Deutschland stark reduziert. Infolge des Angriffskrieges verh\u00e4ngte die EU weitreichende Sanktionen gegen Russland. Pipeline-Gas und -\u00d6l aus Russland werden daher inzwischen nicht mehr nach Deutschland geliefert. Im Oktober einigten sich die EU-L\u00e4nder darauf, die verbliebenen Erdgasimporte aus Russland bis Ende 2027 auslaufen zu lassen.\n<\/p>\n<\/div>\n","protected":false},"excerpt":{"rendered":"<p>Sachsens Ministerpr\u00e4sident Michael Kretschmer (CDU) hat eine grunds\u00e4tzliche R\u00fcckkehr zu Energielieferungen aus Russland gefordert. &#8222;Wir m\u00fcssen die Sanktionen gegen Russland auch aus dem eigenen \u00f6konomischen Interesse betrachten&#8220;, sagte er den Zeitungen der Funke Mediengruppe.\u00a0 Es liege laut Kretschmer im deutschen Interesse, nach einem Waffenstillstand wieder Energie aus Russland geliefert zu bekommen. &#8222;Wirtschaftsbeziehungen erh\u00f6hen auch unsere<\/p>\n","protected":false},"author":1,"featured_media":0,"comment_status":"open","ping_status":"open","sticky":false,"template":"","format":"standard","meta":{"footnotes":""},"categories":[116],"tags":[],"class_list":["post-297312","post","type-post","status-publish","format-standard","hentry","category-war-chronicles-de"],"acf":[],"yoast_head":"<!-- This site is optimized with the Yoast SEO plugin v22.9 - https:\/\/yoast.com\/wordpress\/plugins\/seo\/ -->\n<title>Sachsens Ministerpr\u00e4sident will zur\u00fcck zu russischem \u00d6l und Erdgas - vof-news.eu<\/title>\n<meta name=\"description\" content=\"Sachsens Ministerpr\u00e4sident Michael Kretschmer (CDU) hat eine grunds\u00e4tzliche R\u00fcckkehr zu Energielieferungen aus Russland gefordert. &quot;Wir m\u00fcssen die Sanktionen gegen Russland auch aus dem eigenen \u00f6konomischen Interesse betrachten&quot;, sagte er den Zeitungen der Funke Mediengruppe.\u00a0\" \/>\n<meta name=\"robots\" content=\"noindex, follow, max-snippet:-1, max-image-preview:large, max-video-preview:-1\" \/>\n<meta property=\"og:locale\" content=\"de_DE\" \/>\n<meta property=\"og:type\" content=\"article\" \/>\n<meta property=\"og:title\" content=\"Sachsens Ministerpr\u00e4sident will zur\u00fcck zu russischem \u00d6l und Erdgas - vof-news.eu\" \/>\n<meta property=\"og:description\" content=\"Sachsens Ministerpr\u00e4sident Michael Kretschmer (CDU) hat eine grunds\u00e4tzliche R\u00fcckkehr zu Energielieferungen aus Russland gefordert. &quot;Wir m\u00fcssen die Sanktionen gegen Russland auch aus dem eigenen \u00f6konomischen Interesse betrachten&quot;, sagte er den Zeitungen der Funke Mediengruppe.\u00a0\" \/>\n<meta property=\"og:url\" content=\"https:\/\/vof-news.eu\/de\/sachsens-ministerprasident-will-zuruck-zu-russischem-ol-und-erdgas\/\" \/>\n<meta property=\"og:site_name\" content=\"vof-news.eu\" \/>\n<meta property=\"article:published_time\" content=\"2025-11-15T14:28:09+00:00\" \/>\n<meta property=\"article:modified_time\" content=\"2025-11-15T14:28:36+00:00\" \/>\n<meta name=\"author\" content=\"Author\" \/>\n<meta name=\"twitter:card\" content=\"summary_large_image\" \/>\n<meta name=\"twitter:label1\" content=\"Verfasst von\" \/>\n\t<meta name=\"twitter:data1\" content=\"Author\" \/>\n\t<meta name=\"twitter:label2\" content=\"Gesch\u00e4tzte Lesezeit\" \/>\n\t<meta name=\"twitter:data2\" content=\"1\u00a0Minute\" \/>\n<script type=\"application\/ld+json\" class=\"yoast-schema-graph\">{\"@context\":\"https:\/\/schema.org\",\"@graph\":[{\"@type\":\"WebPage\",\"@id\":\"https:\/\/vof-news.eu\/de\/sachsens-ministerprasident-will-zuruck-zu-russischem-ol-und-erdgas\/\",\"url\":\"https:\/\/vof-news.eu\/de\/sachsens-ministerprasident-will-zuruck-zu-russischem-ol-und-erdgas\/\",\"name\":\"Sachsens Ministerpr\u00e4sident will zur\u00fcck zu russischem \u00d6l und Erdgas - vof-news.eu\",\"isPartOf\":{\"@id\":\"https:\/\/vof-news.eu\/de\/#website\"},\"datePublished\":\"2025-11-15T14:28:09+00:00\",\"dateModified\":\"2025-11-15T14:28:36+00:00\",\"author\":{\"@id\":\"https:\/\/vof-news.eu\/de\/#\/schema\/person\/f6a2a4309f0561835797fd8c19b333ed\"},\"description\":\"Sachsens Ministerpr\u00e4sident Michael Kretschmer (CDU) hat eine grunds\u00e4tzliche R\u00fcckkehr zu Energielieferungen aus Russland gefordert. \\\"Wir m\u00fcssen die Sanktionen gegen Russland auch aus dem eigenen \u00f6konomischen Interesse betrachten\\\", sagte er den Zeitungen der Funke Mediengruppe.\u00a0\",\"breadcrumb\":{\"@id\":\"https:\/\/vof-news.eu\/de\/sachsens-ministerprasident-will-zuruck-zu-russischem-ol-und-erdgas\/#breadcrumb\"},\"inLanguage\":\"de\",\"potentialAction\":[{\"@type\":\"ReadAction\",\"target\":[\"https:\/\/vof-news.eu\/de\/sachsens-ministerprasident-will-zuruck-zu-russischem-ol-und-erdgas\/\"]}]},{\"@type\":\"BreadcrumbList\",\"@id\":\"https:\/\/vof-news.eu\/de\/sachsens-ministerprasident-will-zuruck-zu-russischem-ol-und-erdgas\/#breadcrumb\",\"itemListElement\":[{\"@type\":\"ListItem\",\"position\":1,\"name\":\"Home\",\"item\":\"https:\/\/vof-news.eu\/de\/\"},{\"@type\":\"ListItem\",\"position\":2,\"name\":\"Sachsens Ministerpr\u00e4sident will zur\u00fcck zu russischem \u00d6l und Erdgas\"}]},{\"@type\":\"WebSite\",\"@id\":\"https:\/\/vof-news.eu\/de\/#website\",\"url\":\"https:\/\/vof-news.eu\/de\/\",\"name\":\"vof-news.eu\",\"description\":\"\",\"potentialAction\":[{\"@type\":\"SearchAction\",\"target\":{\"@type\":\"EntryPoint\",\"urlTemplate\":\"https:\/\/vof-news.eu\/de\/?s={search_term_string}\"},\"query-input\":\"required name=search_term_string\"}],\"inLanguage\":\"de\"},{\"@type\":\"Person\",\"@id\":\"https:\/\/vof-news.eu\/de\/#\/schema\/person\/f6a2a4309f0561835797fd8c19b333ed\",\"name\":\"Author\",\"image\":{\"@type\":\"ImageObject\",\"inLanguage\":\"de\",\"@id\":\"https:\/\/vof-news.eu\/de\/#\/schema\/person\/image\/\",\"url\":\"https:\/\/secure.gravatar.com\/avatar\/b67e614b1b25b3e9c0c239efdd2fde5ab015b5affd6f1c3c85911ca4b384e790?s=96&d=mm&r=g\",\"contentUrl\":\"https:\/\/secure.gravatar.com\/avatar\/b67e614b1b25b3e9c0c239efdd2fde5ab015b5affd6f1c3c85911ca4b384e790?s=96&d=mm&r=g\",\"caption\":\"Author\"},\"sameAs\":[\"http:\/\/vof-news.eu\"],\"url\":\"https:\/\/vof-news.eu\/de\/author\/zwt6qxnjulxbnyg\/\"}]}<\/script>\n<!-- \/ Yoast SEO plugin. -->","yoast_head_json":{"title":"Sachsens Ministerpr\u00e4sident will zur\u00fcck zu russischem \u00d6l und Erdgas - vof-news.eu","description":"Sachsens Ministerpr\u00e4sident Michael Kretschmer (CDU) hat eine grunds\u00e4tzliche R\u00fcckkehr zu Energielieferungen aus Russland gefordert. \"Wir m\u00fcssen die Sanktionen gegen Russland auch aus dem eigenen \u00f6konomischen Interesse betrachten\", sagte er den Zeitungen der Funke Mediengruppe.\u00a0","robots":{"index":"noindex","follow":"follow","max-snippet":"max-snippet:-1","max-image-preview":"max-image-preview:large","max-video-preview":"max-video-preview:-1"},"og_locale":"de_DE","og_type":"article","og_title":"Sachsens Ministerpr\u00e4sident will zur\u00fcck zu russischem \u00d6l und Erdgas - vof-news.eu","og_description":"Sachsens Ministerpr\u00e4sident Michael Kretschmer (CDU) hat eine grunds\u00e4tzliche R\u00fcckkehr zu Energielieferungen aus Russland gefordert. \"Wir m\u00fcssen die Sanktionen gegen Russland auch aus dem eigenen \u00f6konomischen Interesse betrachten\", sagte er den Zeitungen der Funke Mediengruppe.\u00a0","og_url":"https:\/\/vof-news.eu\/de\/sachsens-ministerprasident-will-zuruck-zu-russischem-ol-und-erdgas\/","og_site_name":"vof-news.eu","article_published_time":"2025-11-15T14:28:09+00:00","article_modified_time":"2025-11-15T14:28:36+00:00","author":"Author","twitter_card":"summary_large_image","twitter_misc":{"Verfasst von":"Author","Gesch\u00e4tzte Lesezeit":"1\u00a0Minute"},"schema":{"@context":"https:\/\/schema.org","@graph":[{"@type":"WebPage","@id":"https:\/\/vof-news.eu\/de\/sachsens-ministerprasident-will-zuruck-zu-russischem-ol-und-erdgas\/","url":"https:\/\/vof-news.eu\/de\/sachsens-ministerprasident-will-zuruck-zu-russischem-ol-und-erdgas\/","name":"Sachsens Ministerpr\u00e4sident will zur\u00fcck zu russischem \u00d6l und Erdgas - vof-news.eu","isPartOf":{"@id":"https:\/\/vof-news.eu\/de\/#website"},"datePublished":"2025-11-15T14:28:09+00:00","dateModified":"2025-11-15T14:28:36+00:00","author":{"@id":"https:\/\/vof-news.eu\/de\/#\/schema\/person\/f6a2a4309f0561835797fd8c19b333ed"},"description":"Sachsens Ministerpr\u00e4sident Michael Kretschmer (CDU) hat eine grunds\u00e4tzliche R\u00fcckkehr zu Energielieferungen aus Russland gefordert. \"Wir m\u00fcssen die Sanktionen gegen Russland auch aus dem eigenen \u00f6konomischen Interesse betrachten\", sagte er den Zeitungen der Funke Mediengruppe.\u00a0","breadcrumb":{"@id":"https:\/\/vof-news.eu\/de\/sachsens-ministerprasident-will-zuruck-zu-russischem-ol-und-erdgas\/#breadcrumb"},"inLanguage":"de","potentialAction":[{"@type":"ReadAction","target":["https:\/\/vof-news.eu\/de\/sachsens-ministerprasident-will-zuruck-zu-russischem-ol-und-erdgas\/"]}]},{"@type":"BreadcrumbList","@id":"https:\/\/vof-news.eu\/de\/sachsens-ministerprasident-will-zuruck-zu-russischem-ol-und-erdgas\/#breadcrumb","itemListElement":[{"@type":"ListItem","position":1,"name":"Home","item":"https:\/\/vof-news.eu\/de\/"},{"@type":"ListItem","position":2,"name":"Sachsens Ministerpr\u00e4sident will zur\u00fcck zu russischem \u00d6l und Erdgas"}]},{"@type":"WebSite","@id":"https:\/\/vof-news.eu\/de\/#website","url":"https:\/\/vof-news.eu\/de\/","name":"vof-news.eu","description":"","potentialAction":[{"@type":"SearchAction","target":{"@type":"EntryPoint","urlTemplate":"https:\/\/vof-news.eu\/de\/?s={search_term_string}"},"query-input":"required name=search_term_string"}],"inLanguage":"de"},{"@type":"Person","@id":"https:\/\/vof-news.eu\/de\/#\/schema\/person\/f6a2a4309f0561835797fd8c19b333ed","name":"Author","image":{"@type":"ImageObject","inLanguage":"de","@id":"https:\/\/vof-news.eu\/de\/#\/schema\/person\/image\/","url":"https:\/\/secure.gravatar.com\/avatar\/b67e614b1b25b3e9c0c239efdd2fde5ab015b5affd6f1c3c85911ca4b384e790?s=96&d=mm&r=g","contentUrl":"https:\/\/secure.gravatar.com\/avatar\/b67e614b1b25b3e9c0c239efdd2fde5ab015b5affd6f1c3c85911ca4b384e790?s=96&d=mm&r=g","caption":"Author"},"sameAs":["http:\/\/vof-news.eu"],"url":"https:\/\/vof-news.eu\/de\/author\/zwt6qxnjulxbnyg\/"}]}},"yoast_meta":{"yoast_wpseo_title":"","yoast_wpseo_metadesc":"","yoast_wpseo_canonical":""},"_links":{"self":[{"href":"https:\/\/vof-news.eu\/de\/wp-json\/wp\/v2\/posts\/297312","targetHints":{"allow":["GET"]}}],"collection":[{"href":"https:\/\/vof-news.eu\/de\/wp-json\/wp\/v2\/posts"}],"about":[{"href":"https:\/\/vof-news.eu\/de\/wp-json\/wp\/v2\/types\/post"}],"author":[{"embeddable":true,"href":"https:\/\/vof-news.eu\/de\/wp-json\/wp\/v2\/users\/1"}],"replies":[{"embeddable":true,"href":"https:\/\/vof-news.eu\/de\/wp-json\/wp\/v2\/comments?post=297312"}],"version-history":[{"count":1,"href":"https:\/\/vof-news.eu\/de\/wp-json\/wp\/v2\/posts\/297312\/revisions"}],"predecessor-version":[{"id":297313,"href":"https:\/\/vof-news.eu\/de\/wp-json\/wp\/v2\/posts\/297312\/revisions\/297313"}],"wp:attachment":[{"href":"https:\/\/vof-news.eu\/de\/wp-json\/wp\/v2\/media?parent=297312"}],"wp:term":[{"taxonomy":"category","embeddable":true,"href":"https:\/\/vof-news.eu\/de\/wp-json\/wp\/v2\/categories?post=297312"},{"taxonomy":"post_tag","embeddable":true,"href":"https:\/\/vof-news.eu\/de\/wp-json\/wp\/v2\/tags?post=297312"}],"curies":[{"name":"wp","href":"https:\/\/api.w.org\/{rel}","templated":true}]}}