{"id":296907,"date":"2025-11-14T11:28:09","date_gmt":"2025-11-14T08:28:09","guid":{"rendered":"https:\/\/vof-news.eu\/freiwilligkeit-hat-noch-nie-funktioniert\/"},"modified":"2025-11-14T11:29:44","modified_gmt":"2025-11-14T08:29:44","slug":"freiwilligkeit-hat-noch-nie-funktioniert","status":"publish","type":"post","link":"https:\/\/vof-news.eu\/de\/freiwilligkeit-hat-noch-nie-funktioniert\/","title":{"rendered":"&#8222;Freiwilligkeit hat noch nie funktioniert&#8220;"},"content":{"rendered":"<div>\n<p><strong>DIE ZEIT:<\/strong> Herr Thiele, am Mittwoch haben sich SPD und Union auf eine Wehrdienstreform geeinigt: Alle 18-j\u00e4hrigen M\u00e4nner sollen k\u00fcnftig verpflichtend gemustert werden, es soll einen Fragebogen geben, um ihre Bereitschaft zum Wehrdienst zu erfassen. Bei zu wenigen Freiwilligen droht ein Losverfahren. Wird das die Personalnot der <span><a href=\"https:\/\/www.zeit.de\/thema\/bundeswehr\" rel=\"nofollow\">Bundeswehr<\/a><\/span> l\u00f6sen?\n<\/p>\n<p><strong>Ralph Thiele:<\/strong> Nein, \u00fcberhaupt nicht. Aber lassen Sie mich mit dem Positiven beginnen: Nach fast vier Jahren russischer Vollinvasion in der <span><a href=\"https:\/\/www.zeit.de\/politik\/ausland\/ukraine-krieg-news-liveblog\" rel=\"nofollow\">Ukraine<\/a><\/span> ist es ein Fortschritt, dass wir k\u00fcnftig systematisch alle potenziell wehrdienstf\u00e4higen jungen M\u00e4nner erfassen wollen. Wir wissen dann endlich, wo sie wohnen, was sie k\u00f6nnen und wer \u00fcberhaupt infrage kommt. Diese Erfassung ist ein l\u00e4ngst \u00fcberf\u00e4lliger Schritt, aber einer, der viel zu sp\u00e4t kommt.\n<\/p>\n<p><strong>ZEIT:<\/strong> Hat die Bundeswehr also bald genug Soldaten, um Deutschland verteidigen zu k\u00f6nnen?\n<\/p>\n<p><strong>Thiele:<\/strong> Nein. Die Politik setzt wieder auf Freiwilligkeit, das hat noch nie wirklich funktioniert. Deutschland ist eine alternde Gesellschaft, der Pool an jungen Menschen ist klein. Um diese wenigen konkurrieren nicht nur die Streitkr\u00e4fte, sondern auch Polizei, Feuerwehr, Pflege und die Wirtschaft. Jeder will die Jungen f\u00fcr sich gewinnen. Als Folge ist es extrem schwer, \u00fcberhaupt genug Interessierte zu finden. Und selbst wenn wir sie gewinnen, gehen viele schon nach kurzer Zeit wieder.\n<\/p>\n<p><strong>ZEIT:<\/strong> Woran scheitert es, die Rekruten in der Bundeswehr zu halten?\n<\/p>\n<p><strong>Thiele:<\/strong> Die Realit\u00e4t in der Truppe ist ern\u00fcchternd. Viele junge Leute kommen in marode Kasernen, veraltete Strukturen und haben kaum Gestaltungsspielraum. Sie sollen ihr Leben und ihre Gesundheit riskieren, f\u00fcr eine Organisation, die ihnen oft weniger bietet als das Kinderzimmer zu Hause. Kein Wunder, dass die Motivation im Keller ist und viele schnell wieder abspringen. Dazu kommt: Werte wie Disziplin und P\u00fcnktlichkeit sind heute keine Selbstl\u00e4ufer mehr. In manchen Kasernen liegt der Krankenstand bei 50 Prozent, das spricht B\u00e4nde \u00fcber die Stimmung.\n<\/p>\n<p><strong>ZEIT:<\/strong> Wie steht es um die Ausr\u00fcstung?\n<\/p>\n<p><strong>Thiele:<\/strong> Auch hier sieht es d\u00fcster aus. Nehmen Sie die Panzerhaubitzen: Auf dem Papier haben wir \u00fcber 100. Tats\u00e4chlich stehen die meisten in der Werkstatt oder sind nicht einsatzbereit. Von den paar Dutzend, die funktionieren, geht die H\u00e4lfte in die Ukraine. Vor Ort bleibt kaum etwas \u00fcbrig. Die Soldaten erleben einen Mangel an allem, Munition, Waffensystemen, moderner Kommunikation. Das ist kein Arbeitsplatz, der stolz macht.\n<\/p>\n<p><strong>ZEIT:<\/strong> Was fehlt denn in der geplanten Wehrdienstreform, um diese Zust\u00e4nde zu verbessern?\n<\/p>\n<p><strong>Thiele:<\/strong> Die Reform setzt wieder auf die alten Rezepte: Gehaltserh\u00f6hung, bessere Unterk\u00fcnfte, ein bisschen Kosmetik. Die eigentliche Motivation entst\u00fcnde aber woanders, durch Sinn, Verantwortung, Entwicklungsm\u00f6glichkeiten. Davon bietet die Bundeswehr zu wenig.\n<\/p>\n<\/div>\n","protected":false},"excerpt":{"rendered":"<p>DIE ZEIT: Herr Thiele, am Mittwoch haben sich SPD und Union auf eine Wehrdienstreform geeinigt: Alle 18-j\u00e4hrigen M\u00e4nner sollen k\u00fcnftig verpflichtend gemustert werden, es soll einen Fragebogen geben, um ihre Bereitschaft zum Wehrdienst zu erfassen. Bei zu wenigen Freiwilligen droht ein Losverfahren. Wird das die Personalnot der Bundeswehr l\u00f6sen? Ralph Thiele: Nein, \u00fcberhaupt nicht. Aber<\/p>\n","protected":false},"author":1,"featured_media":296908,"comment_status":"open","ping_status":"open","sticky":false,"template":"","format":"standard","meta":{"footnotes":""},"categories":[116],"tags":[],"class_list":["post-296907","post","type-post","status-publish","format-standard","has-post-thumbnail","hentry","category-war-chronicles-de"],"acf":[],"yoast_head":"<!-- This site is optimized with the Yoast SEO plugin v22.9 - https:\/\/yoast.com\/wordpress\/plugins\/seo\/ -->\n<title>&quot;Freiwilligkeit hat noch nie funktioniert&quot; - vof-news.eu<\/title>\n<meta name=\"description\" content=\"DIE ZEIT: Herr Thiele, am Mittwoch haben sich SPD und Union auf eine Wehrdienstreform geeinigt: Alle 18-j\u00e4hrigen M\u00e4nner sollen k\u00fcnftig verpflichtend gemustert werden, es soll einen Fragebogen geben, um ihre Bereitschaft zum Wehrdienst zu erfassen. Bei zu wenigen Freiwilligen droht ein Losverfahren. Wird das die Personalnot der Bundeswehr l\u00f6sen?\" \/>\n<meta name=\"robots\" content=\"noindex, follow, max-snippet:-1, max-image-preview:large, max-video-preview:-1\" \/>\n<meta property=\"og:locale\" content=\"de_DE\" \/>\n<meta property=\"og:type\" content=\"article\" \/>\n<meta property=\"og:title\" content=\"&quot;Freiwilligkeit hat noch nie funktioniert&quot; - vof-news.eu\" \/>\n<meta property=\"og:description\" content=\"DIE ZEIT: Herr Thiele, am Mittwoch haben sich SPD und Union auf eine Wehrdienstreform geeinigt: Alle 18-j\u00e4hrigen M\u00e4nner sollen k\u00fcnftig verpflichtend gemustert werden, es soll einen Fragebogen geben, um ihre Bereitschaft zum Wehrdienst zu erfassen. Bei zu wenigen Freiwilligen droht ein Losverfahren. Wird das die Personalnot der Bundeswehr l\u00f6sen?\" \/>\n<meta property=\"og:url\" content=\"https:\/\/vof-news.eu\/de\/freiwilligkeit-hat-noch-nie-funktioniert\/\" \/>\n<meta property=\"og:site_name\" content=\"vof-news.eu\" \/>\n<meta property=\"article:published_time\" content=\"2025-11-14T08:28:09+00:00\" \/>\n<meta property=\"article:modified_time\" content=\"2025-11-14T08:29:44+00:00\" \/>\n<meta property=\"og:image\" content=\"https:\/\/vof-news.eu\/wp-content\/uploads\/2025\/11\/portrait__612x816-1.jpg\" \/>\n\t<meta property=\"og:image:width\" content=\"612\" \/>\n\t<meta property=\"og:image:height\" content=\"816\" \/>\n\t<meta property=\"og:image:type\" content=\"image\/jpeg\" \/>\n<meta name=\"author\" content=\"Author\" \/>\n<meta name=\"twitter:card\" content=\"summary_large_image\" \/>\n<meta name=\"twitter:label1\" content=\"Verfasst von\" \/>\n\t<meta name=\"twitter:data1\" content=\"Author\" \/>\n\t<meta name=\"twitter:label2\" content=\"Gesch\u00e4tzte Lesezeit\" \/>\n\t<meta name=\"twitter:data2\" content=\"2\u00a0Minuten\" \/>\n<script type=\"application\/ld+json\" class=\"yoast-schema-graph\">{\"@context\":\"https:\/\/schema.org\",\"@graph\":[{\"@type\":\"WebPage\",\"@id\":\"https:\/\/vof-news.eu\/de\/freiwilligkeit-hat-noch-nie-funktioniert\/\",\"url\":\"https:\/\/vof-news.eu\/de\/freiwilligkeit-hat-noch-nie-funktioniert\/\",\"name\":\"\\\"Freiwilligkeit hat noch nie funktioniert\\\" - vof-news.eu\",\"isPartOf\":{\"@id\":\"https:\/\/vof-news.eu\/de\/#website\"},\"primaryImageOfPage\":{\"@id\":\"https:\/\/vof-news.eu\/de\/freiwilligkeit-hat-noch-nie-funktioniert\/#primaryimage\"},\"image\":{\"@id\":\"https:\/\/vof-news.eu\/de\/freiwilligkeit-hat-noch-nie-funktioniert\/#primaryimage\"},\"thumbnailUrl\":\"https:\/\/vof-news.eu\/wp-content\/uploads\/2025\/11\/portrait__612x816-1.jpg\",\"datePublished\":\"2025-11-14T08:28:09+00:00\",\"dateModified\":\"2025-11-14T08:29:44+00:00\",\"author\":{\"@id\":\"https:\/\/vof-news.eu\/de\/#\/schema\/person\/f6a2a4309f0561835797fd8c19b333ed\"},\"description\":\"DIE ZEIT: Herr Thiele, am Mittwoch haben sich SPD und Union auf eine Wehrdienstreform geeinigt: Alle 18-j\u00e4hrigen M\u00e4nner sollen k\u00fcnftig verpflichtend gemustert werden, es soll einen Fragebogen geben, um ihre Bereitschaft zum Wehrdienst zu erfassen. Bei zu wenigen Freiwilligen droht ein Losverfahren. Wird das die Personalnot der Bundeswehr l\u00f6sen?\",\"breadcrumb\":{\"@id\":\"https:\/\/vof-news.eu\/de\/freiwilligkeit-hat-noch-nie-funktioniert\/#breadcrumb\"},\"inLanguage\":\"de\",\"potentialAction\":[{\"@type\":\"ReadAction\",\"target\":[\"https:\/\/vof-news.eu\/de\/freiwilligkeit-hat-noch-nie-funktioniert\/\"]}]},{\"@type\":\"ImageObject\",\"inLanguage\":\"de\",\"@id\":\"https:\/\/vof-news.eu\/de\/freiwilligkeit-hat-noch-nie-funktioniert\/#primaryimage\",\"url\":\"https:\/\/vof-news.eu\/wp-content\/uploads\/2025\/11\/portrait__612x816-1.jpg\",\"contentUrl\":\"https:\/\/vof-news.eu\/wp-content\/uploads\/2025\/11\/portrait__612x816-1.jpg\",\"width\":612,\"height\":816},{\"@type\":\"BreadcrumbList\",\"@id\":\"https:\/\/vof-news.eu\/de\/freiwilligkeit-hat-noch-nie-funktioniert\/#breadcrumb\",\"itemListElement\":[{\"@type\":\"ListItem\",\"position\":1,\"name\":\"Home\",\"item\":\"https:\/\/vof-news.eu\/de\/\"},{\"@type\":\"ListItem\",\"position\":2,\"name\":\"&#8220;Freiwilligkeit hat noch nie funktioniert&#8221;\"}]},{\"@type\":\"WebSite\",\"@id\":\"https:\/\/vof-news.eu\/de\/#website\",\"url\":\"https:\/\/vof-news.eu\/de\/\",\"name\":\"vof-news.eu\",\"description\":\"\",\"potentialAction\":[{\"@type\":\"SearchAction\",\"target\":{\"@type\":\"EntryPoint\",\"urlTemplate\":\"https:\/\/vof-news.eu\/de\/?s={search_term_string}\"},\"query-input\":\"required name=search_term_string\"}],\"inLanguage\":\"de\"},{\"@type\":\"Person\",\"@id\":\"https:\/\/vof-news.eu\/de\/#\/schema\/person\/f6a2a4309f0561835797fd8c19b333ed\",\"name\":\"Author\",\"image\":{\"@type\":\"ImageObject\",\"inLanguage\":\"de\",\"@id\":\"https:\/\/vof-news.eu\/de\/#\/schema\/person\/image\/\",\"url\":\"https:\/\/secure.gravatar.com\/avatar\/b67e614b1b25b3e9c0c239efdd2fde5ab015b5affd6f1c3c85911ca4b384e790?s=96&d=mm&r=g\",\"contentUrl\":\"https:\/\/secure.gravatar.com\/avatar\/b67e614b1b25b3e9c0c239efdd2fde5ab015b5affd6f1c3c85911ca4b384e790?s=96&d=mm&r=g\",\"caption\":\"Author\"},\"sameAs\":[\"http:\/\/vof-news.eu\"],\"url\":\"https:\/\/vof-news.eu\/de\/author\/zwt6qxnjulxbnyg\/\"}]}<\/script>\n<!-- \/ Yoast SEO plugin. -->","yoast_head_json":{"title":"\"Freiwilligkeit hat noch nie funktioniert\" - vof-news.eu","description":"DIE ZEIT: Herr Thiele, am Mittwoch haben sich SPD und Union auf eine Wehrdienstreform geeinigt: Alle 18-j\u00e4hrigen M\u00e4nner sollen k\u00fcnftig verpflichtend gemustert werden, es soll einen Fragebogen geben, um ihre Bereitschaft zum Wehrdienst zu erfassen. Bei zu wenigen Freiwilligen droht ein Losverfahren. Wird das die Personalnot der Bundeswehr l\u00f6sen?","robots":{"index":"noindex","follow":"follow","max-snippet":"max-snippet:-1","max-image-preview":"max-image-preview:large","max-video-preview":"max-video-preview:-1"},"og_locale":"de_DE","og_type":"article","og_title":"\"Freiwilligkeit hat noch nie funktioniert\" - vof-news.eu","og_description":"DIE ZEIT: Herr Thiele, am Mittwoch haben sich SPD und Union auf eine Wehrdienstreform geeinigt: Alle 18-j\u00e4hrigen M\u00e4nner sollen k\u00fcnftig verpflichtend gemustert werden, es soll einen Fragebogen geben, um ihre Bereitschaft zum Wehrdienst zu erfassen. Bei zu wenigen Freiwilligen droht ein Losverfahren. Wird das die Personalnot der Bundeswehr l\u00f6sen?","og_url":"https:\/\/vof-news.eu\/de\/freiwilligkeit-hat-noch-nie-funktioniert\/","og_site_name":"vof-news.eu","article_published_time":"2025-11-14T08:28:09+00:00","article_modified_time":"2025-11-14T08:29:44+00:00","og_image":[{"width":612,"height":816,"url":"https:\/\/vof-news.eu\/wp-content\/uploads\/2025\/11\/portrait__612x816-1.jpg","type":"image\/jpeg"}],"author":"Author","twitter_card":"summary_large_image","twitter_misc":{"Verfasst von":"Author","Gesch\u00e4tzte Lesezeit":"2\u00a0Minuten"},"schema":{"@context":"https:\/\/schema.org","@graph":[{"@type":"WebPage","@id":"https:\/\/vof-news.eu\/de\/freiwilligkeit-hat-noch-nie-funktioniert\/","url":"https:\/\/vof-news.eu\/de\/freiwilligkeit-hat-noch-nie-funktioniert\/","name":"\"Freiwilligkeit hat noch nie funktioniert\" - vof-news.eu","isPartOf":{"@id":"https:\/\/vof-news.eu\/de\/#website"},"primaryImageOfPage":{"@id":"https:\/\/vof-news.eu\/de\/freiwilligkeit-hat-noch-nie-funktioniert\/#primaryimage"},"image":{"@id":"https:\/\/vof-news.eu\/de\/freiwilligkeit-hat-noch-nie-funktioniert\/#primaryimage"},"thumbnailUrl":"https:\/\/vof-news.eu\/wp-content\/uploads\/2025\/11\/portrait__612x816-1.jpg","datePublished":"2025-11-14T08:28:09+00:00","dateModified":"2025-11-14T08:29:44+00:00","author":{"@id":"https:\/\/vof-news.eu\/de\/#\/schema\/person\/f6a2a4309f0561835797fd8c19b333ed"},"description":"DIE ZEIT: Herr Thiele, am Mittwoch haben sich SPD und Union auf eine Wehrdienstreform geeinigt: Alle 18-j\u00e4hrigen M\u00e4nner sollen k\u00fcnftig verpflichtend gemustert werden, es soll einen Fragebogen geben, um ihre Bereitschaft zum Wehrdienst zu erfassen. Bei zu wenigen Freiwilligen droht ein Losverfahren. Wird das die Personalnot der Bundeswehr l\u00f6sen?","breadcrumb":{"@id":"https:\/\/vof-news.eu\/de\/freiwilligkeit-hat-noch-nie-funktioniert\/#breadcrumb"},"inLanguage":"de","potentialAction":[{"@type":"ReadAction","target":["https:\/\/vof-news.eu\/de\/freiwilligkeit-hat-noch-nie-funktioniert\/"]}]},{"@type":"ImageObject","inLanguage":"de","@id":"https:\/\/vof-news.eu\/de\/freiwilligkeit-hat-noch-nie-funktioniert\/#primaryimage","url":"https:\/\/vof-news.eu\/wp-content\/uploads\/2025\/11\/portrait__612x816-1.jpg","contentUrl":"https:\/\/vof-news.eu\/wp-content\/uploads\/2025\/11\/portrait__612x816-1.jpg","width":612,"height":816},{"@type":"BreadcrumbList","@id":"https:\/\/vof-news.eu\/de\/freiwilligkeit-hat-noch-nie-funktioniert\/#breadcrumb","itemListElement":[{"@type":"ListItem","position":1,"name":"Home","item":"https:\/\/vof-news.eu\/de\/"},{"@type":"ListItem","position":2,"name":"&#8220;Freiwilligkeit hat noch nie funktioniert&#8221;"}]},{"@type":"WebSite","@id":"https:\/\/vof-news.eu\/de\/#website","url":"https:\/\/vof-news.eu\/de\/","name":"vof-news.eu","description":"","potentialAction":[{"@type":"SearchAction","target":{"@type":"EntryPoint","urlTemplate":"https:\/\/vof-news.eu\/de\/?s={search_term_string}"},"query-input":"required name=search_term_string"}],"inLanguage":"de"},{"@type":"Person","@id":"https:\/\/vof-news.eu\/de\/#\/schema\/person\/f6a2a4309f0561835797fd8c19b333ed","name":"Author","image":{"@type":"ImageObject","inLanguage":"de","@id":"https:\/\/vof-news.eu\/de\/#\/schema\/person\/image\/","url":"https:\/\/secure.gravatar.com\/avatar\/b67e614b1b25b3e9c0c239efdd2fde5ab015b5affd6f1c3c85911ca4b384e790?s=96&d=mm&r=g","contentUrl":"https:\/\/secure.gravatar.com\/avatar\/b67e614b1b25b3e9c0c239efdd2fde5ab015b5affd6f1c3c85911ca4b384e790?s=96&d=mm&r=g","caption":"Author"},"sameAs":["http:\/\/vof-news.eu"],"url":"https:\/\/vof-news.eu\/de\/author\/zwt6qxnjulxbnyg\/"}]}},"yoast_meta":{"yoast_wpseo_title":"","yoast_wpseo_metadesc":"","yoast_wpseo_canonical":""},"_links":{"self":[{"href":"https:\/\/vof-news.eu\/de\/wp-json\/wp\/v2\/posts\/296907","targetHints":{"allow":["GET"]}}],"collection":[{"href":"https:\/\/vof-news.eu\/de\/wp-json\/wp\/v2\/posts"}],"about":[{"href":"https:\/\/vof-news.eu\/de\/wp-json\/wp\/v2\/types\/post"}],"author":[{"embeddable":true,"href":"https:\/\/vof-news.eu\/de\/wp-json\/wp\/v2\/users\/1"}],"replies":[{"embeddable":true,"href":"https:\/\/vof-news.eu\/de\/wp-json\/wp\/v2\/comments?post=296907"}],"version-history":[{"count":1,"href":"https:\/\/vof-news.eu\/de\/wp-json\/wp\/v2\/posts\/296907\/revisions"}],"predecessor-version":[{"id":296914,"href":"https:\/\/vof-news.eu\/de\/wp-json\/wp\/v2\/posts\/296907\/revisions\/296914"}],"wp:featuredmedia":[{"embeddable":true,"href":"https:\/\/vof-news.eu\/de\/wp-json\/wp\/v2\/media\/296908"}],"wp:attachment":[{"href":"https:\/\/vof-news.eu\/de\/wp-json\/wp\/v2\/media?parent=296907"}],"wp:term":[{"taxonomy":"category","embeddable":true,"href":"https:\/\/vof-news.eu\/de\/wp-json\/wp\/v2\/categories?post=296907"},{"taxonomy":"post_tag","embeddable":true,"href":"https:\/\/vof-news.eu\/de\/wp-json\/wp\/v2\/tags?post=296907"}],"curies":[{"name":"wp","href":"https:\/\/api.w.org\/{rel}","templated":true}]}}