{"id":296717,"date":"2025-11-13T19:28:15","date_gmt":"2025-11-13T16:28:15","guid":{"rendered":"https:\/\/vof-news.eu\/koalition-will-seit-april-gefluchteten-ukrainern-burgergeld-streichen\/"},"modified":"2025-11-13T19:29:40","modified_gmt":"2025-11-13T16:29:40","slug":"koalition-will-seit-april-gefluchteten-ukrainern-burgergeld-streichen","status":"publish","type":"post","link":"https:\/\/vof-news.eu\/de\/koalition-will-seit-april-gefluchteten-ukrainern-burgergeld-streichen\/","title":{"rendered":"Koalition will seit April gefl\u00fcchteten Ukrainern B\u00fcrgergeld streichen"},"content":{"rendered":"<div>\n<p>Die <span><a href=\"https:\/\/www.zeit.de\/thema\/bundesregierung\" rel=\"nofollow\">Bundesregierung<\/a><\/span> plant, die Leistungen f\u00fcr <a href=\"https:\/\/www.zeit.de\/politik\/ausland\/ukraine-krieg-news-liveblog\" rel=\"nofollow\">Ukrainer<\/a> in Deutschland zu k\u00fcrzen. Gefl\u00fcchtete, die nach dem 1. April 2025 nach Deutschland gekommen sind, sollen demnach nur noch so viel Geld erhalten wie regul\u00e4re Asylsuchende. Das berichtet die Nachrichtenagentur dpa unter Berufung auf einen ihr vorliegenden Gesetzentwurf. Zuerst hatte <a href=\"https:\/\/www.bild.de\/politik\/inland\/bild-exklusiv-einigung-kein-buergergeld-mehr-fuer-bestimmte-ukrainer-6914d7b58da6d55e07c24923\" rel=\"nofollow\">die -Zeitung<\/a> berichtet.\n<\/p>\n<p>Das <a href=\"https:\/\/www.zeit.de\/thema\/buergergeld\" rel=\"nofollow\">B\u00fcrgergeld<\/a> bel\u00e4uft sich auf genau 563 Euro, Leistungen nach dem Asylbewerberleistungsgesetz f\u00fcr Alleinstehende liegen bei 441 Euro. Betroffenen st\u00fcnden demnach im Monat 122 Euro weniger zur Verf\u00fcgung.\n<\/p>\n<p>Bundeskanzler Friedrich Merz (CDU) sprach sich unterdessen daf\u00fcr aus,\u00a0dass insbesondere junge M\u00e4nner aus der <span><a href=\"https:\/\/www.zeit.de\/politik\/ausland\/ukraine-krieg-news-liveblog\" rel=\"nofollow\">Ukraine<\/a><\/span> &#8222;den Dienst in ihrem Land versehen&#8220; sollten, anstatt nach Deutschland auszureisen.\u00a0Er habe den ukrainischen Pr\u00e4sidenten Wolodymyr<br \/>\nSelenskyj &#8222;darum gebeten, daf\u00fcr zu sorgen&#8220;, sagte Merz in einer Rede auf<br \/>\n dem Handelskongress Deutschland in Berlin.\n<\/p>\n<h2>Vermutlich keine Einsparungen<\/h2>\n<p>Die K\u00fcrzungen beim <span><a href=\"https:\/\/www.zeit.de\/thema\/buergergeld\" rel=\"nofollow\">B\u00fcrgergeld<\/a><\/span> waren bereits im Koalitionsvertrag von Union und SPD\u00a0(<a href=\"https:\/\/www.cdu.de\/app\/uploads\/2025\/04\/KoaV-2025-Gesamt-final-0424.pdf\" rel=\"nofollow\">PDF<\/a>)\u00a0verabredet worden. Dem Vernehmen nach wird allerdings weiterhin dar\u00fcber verhandelt, ob man die betroffenen Ukrainer auch zur Arbeit verpflichten will, sofern sie noch keiner Erwerbst\u00e4tigkeit nachgehen. In dem Gesetzentwurf hei\u00dft es dazu bisher, man fordere &#8222;die Integration der Gefl\u00fcchteten aus der Ukraine in Arbeit und in die Aufnahmegesellschaft&#8220; ein.\n<\/p>\n<p>Aus der <span><a href=\"https:\/\/www.zeit.de\/thema\/spd\" rel=\"nofollow\">SPD<\/a><\/span> hatte es zuletzt Kritik an den Pl\u00e4nen gegeben. Bundesarbeitsministerin B\u00e4rbel Bas (SPD) kritisierte die geplanten K\u00fcrzungen bei einer Regierungsbefragung im Bundestag. &#8222;Mir gef\u00e4llt es nicht, das sage ich ganz offen, weil ich es nach wie vor f\u00fcr richtig halte, dass Integration stattfindet&#8220;, <a href=\"https:\/\/www.zeit.de\/politik\/deutschland\/2025-11\/bas-ukraine-gefluechtete-buergergeld-koalition\" rel=\"nofollow\">sagte Bas<\/a>. Sie sagte aber auch, dass die SPD die Novelle weiterhin mit der Union umsetzen werde.\n<\/p>\n<p>Eine finanzielle Ersparnis f\u00fcr den Gesamtstaat entsteht durch die<br \/>\n\u00c4nderungen den Prognosen zufolge nicht. Grund sind<br \/>\ninsbesondere h\u00f6here Verwaltungsausgaben beim<br \/>\nAsylbewerberleistungsgesetz.\u00a0Unter \u00d6konomen ist zudem fraglich, ob\u00a0sich als Folge des sogenannten Rechtskreiswechsels wom\u00f6glich weniger Menschen in Jobs vermitteln lie\u00dfen.\u00a0&#8222;Es k\u00f6nnte gut sein, dass es letztlich sogar Geld kostet&#8220;, sagte der Arbeitsmarktforscher Herbert Br\u00fccker\u00a0vom Institut f\u00fcr Arbeitsmarkt- und Berufsforschung der ZEIT <a href=\"https:\/\/www.zeit.de\/2025\/33\/sozialleistungen-ukrainer-gefluechtete-arbeitsmarkt-csu#wie-viel-geld-liesse-sich-einsparen-wenn-es-kein-buergergeld-mehr-fuer-ukrainer-gaebe\" rel=\"nofollow\">im August<\/a>.\n<\/p>\n<\/div>\n","protected":false},"excerpt":{"rendered":"<p>Die Bundesregierung plant, die Leistungen f\u00fcr Ukrainer in Deutschland zu k\u00fcrzen. Gefl\u00fcchtete, die nach dem 1. April 2025 nach Deutschland gekommen sind, sollen demnach nur noch so viel Geld erhalten wie regul\u00e4re Asylsuchende. Das berichtet die Nachrichtenagentur dpa unter Berufung auf einen ihr vorliegenden Gesetzentwurf. Zuerst hatte die -Zeitung berichtet. Das B\u00fcrgergeld bel\u00e4uft sich auf<\/p>\n","protected":false},"author":1,"featured_media":296718,"comment_status":"open","ping_status":"open","sticky":false,"template":"","format":"standard","meta":{"footnotes":""},"categories":[116],"tags":[],"class_list":["post-296717","post","type-post","status-publish","format-standard","has-post-thumbnail","hentry","category-war-chronicles-de"],"acf":[],"yoast_head":"<!-- This site is optimized with the Yoast SEO plugin v22.9 - https:\/\/yoast.com\/wordpress\/plugins\/seo\/ -->\n<title>Koalition will seit April gefl\u00fcchteten Ukrainern B\u00fcrgergeld streichen - vof-news.eu<\/title>\n<meta name=\"description\" content=\"Die Bundesregierung plant, die Leistungen f\u00fcr Ukrainer in Deutschland zu k\u00fcrzen. Gefl\u00fcchtete, die nach dem 1. April 2025 nach Deutschland gekommen sind, sollen demnach nur noch so viel Geld erhalten wie regul\u00e4re Asylsuchende. Das berichtet die Nachrichtenagentur dpa unter Berufung auf einen ihr vorliegenden Gesetzentwurf. Zuerst hatte die -Zeitung berichtet.\" \/>\n<meta name=\"robots\" content=\"noindex, follow, max-snippet:-1, max-image-preview:large, max-video-preview:-1\" \/>\n<meta property=\"og:locale\" content=\"de_DE\" \/>\n<meta property=\"og:type\" content=\"article\" \/>\n<meta property=\"og:title\" content=\"Koalition will seit April gefl\u00fcchteten Ukrainern B\u00fcrgergeld streichen - vof-news.eu\" \/>\n<meta property=\"og:description\" content=\"Die Bundesregierung plant, die Leistungen f\u00fcr Ukrainer in Deutschland zu k\u00fcrzen. Gefl\u00fcchtete, die nach dem 1. April 2025 nach Deutschland gekommen sind, sollen demnach nur noch so viel Geld erhalten wie regul\u00e4re Asylsuchende. Das berichtet die Nachrichtenagentur dpa unter Berufung auf einen ihr vorliegenden Gesetzentwurf. Zuerst hatte die -Zeitung berichtet.\" \/>\n<meta property=\"og:url\" content=\"https:\/\/vof-news.eu\/de\/koalition-will-seit-april-gefluchteten-ukrainern-burgergeld-streichen\/\" \/>\n<meta property=\"og:site_name\" content=\"vof-news.eu\" \/>\n<meta property=\"article:published_time\" content=\"2025-11-13T16:28:15+00:00\" \/>\n<meta property=\"article:modified_time\" content=\"2025-11-13T16:29:40+00:00\" \/>\n<meta property=\"og:image\" content=\"https:\/\/vof-news.eu\/wp-content\/uploads\/2025\/11\/wide__1000x562-40.jpg\" \/>\n\t<meta property=\"og:image:width\" content=\"1000\" \/>\n\t<meta property=\"og:image:height\" content=\"562\" \/>\n\t<meta property=\"og:image:type\" content=\"image\/jpeg\" \/>\n<meta name=\"author\" content=\"Author\" \/>\n<meta name=\"twitter:card\" content=\"summary_large_image\" \/>\n<meta name=\"twitter:label1\" content=\"Verfasst von\" \/>\n\t<meta name=\"twitter:data1\" content=\"Author\" \/>\n\t<meta name=\"twitter:label2\" content=\"Gesch\u00e4tzte Lesezeit\" \/>\n\t<meta name=\"twitter:data2\" content=\"2\u00a0Minuten\" \/>\n<script type=\"application\/ld+json\" class=\"yoast-schema-graph\">{\"@context\":\"https:\/\/schema.org\",\"@graph\":[{\"@type\":\"WebPage\",\"@id\":\"https:\/\/vof-news.eu\/de\/koalition-will-seit-april-gefluchteten-ukrainern-burgergeld-streichen\/\",\"url\":\"https:\/\/vof-news.eu\/de\/koalition-will-seit-april-gefluchteten-ukrainern-burgergeld-streichen\/\",\"name\":\"Koalition will seit April gefl\u00fcchteten Ukrainern B\u00fcrgergeld streichen - vof-news.eu\",\"isPartOf\":{\"@id\":\"https:\/\/vof-news.eu\/de\/#website\"},\"primaryImageOfPage\":{\"@id\":\"https:\/\/vof-news.eu\/de\/koalition-will-seit-april-gefluchteten-ukrainern-burgergeld-streichen\/#primaryimage\"},\"image\":{\"@id\":\"https:\/\/vof-news.eu\/de\/koalition-will-seit-april-gefluchteten-ukrainern-burgergeld-streichen\/#primaryimage\"},\"thumbnailUrl\":\"https:\/\/vof-news.eu\/wp-content\/uploads\/2025\/11\/wide__1000x562-40.jpg\",\"datePublished\":\"2025-11-13T16:28:15+00:00\",\"dateModified\":\"2025-11-13T16:29:40+00:00\",\"author\":{\"@id\":\"https:\/\/vof-news.eu\/de\/#\/schema\/person\/f6a2a4309f0561835797fd8c19b333ed\"},\"description\":\"Die Bundesregierung plant, die Leistungen f\u00fcr Ukrainer in Deutschland zu k\u00fcrzen. Gefl\u00fcchtete, die nach dem 1. April 2025 nach Deutschland gekommen sind, sollen demnach nur noch so viel Geld erhalten wie regul\u00e4re Asylsuchende. Das berichtet die Nachrichtenagentur dpa unter Berufung auf einen ihr vorliegenden Gesetzentwurf. Zuerst hatte die -Zeitung berichtet.\",\"breadcrumb\":{\"@id\":\"https:\/\/vof-news.eu\/de\/koalition-will-seit-april-gefluchteten-ukrainern-burgergeld-streichen\/#breadcrumb\"},\"inLanguage\":\"de\",\"potentialAction\":[{\"@type\":\"ReadAction\",\"target\":[\"https:\/\/vof-news.eu\/de\/koalition-will-seit-april-gefluchteten-ukrainern-burgergeld-streichen\/\"]}]},{\"@type\":\"ImageObject\",\"inLanguage\":\"de\",\"@id\":\"https:\/\/vof-news.eu\/de\/koalition-will-seit-april-gefluchteten-ukrainern-burgergeld-streichen\/#primaryimage\",\"url\":\"https:\/\/vof-news.eu\/wp-content\/uploads\/2025\/11\/wide__1000x562-40.jpg\",\"contentUrl\":\"https:\/\/vof-news.eu\/wp-content\/uploads\/2025\/11\/wide__1000x562-40.jpg\",\"width\":1000,\"height\":562},{\"@type\":\"BreadcrumbList\",\"@id\":\"https:\/\/vof-news.eu\/de\/koalition-will-seit-april-gefluchteten-ukrainern-burgergeld-streichen\/#breadcrumb\",\"itemListElement\":[{\"@type\":\"ListItem\",\"position\":1,\"name\":\"Home\",\"item\":\"https:\/\/vof-news.eu\/de\/\"},{\"@type\":\"ListItem\",\"position\":2,\"name\":\"Koalition will seit April gefl\u00fcchteten Ukrainern B\u00fcrgergeld streichen\"}]},{\"@type\":\"WebSite\",\"@id\":\"https:\/\/vof-news.eu\/de\/#website\",\"url\":\"https:\/\/vof-news.eu\/de\/\",\"name\":\"vof-news.eu\",\"description\":\"\",\"potentialAction\":[{\"@type\":\"SearchAction\",\"target\":{\"@type\":\"EntryPoint\",\"urlTemplate\":\"https:\/\/vof-news.eu\/de\/?s={search_term_string}\"},\"query-input\":\"required name=search_term_string\"}],\"inLanguage\":\"de\"},{\"@type\":\"Person\",\"@id\":\"https:\/\/vof-news.eu\/de\/#\/schema\/person\/f6a2a4309f0561835797fd8c19b333ed\",\"name\":\"Author\",\"image\":{\"@type\":\"ImageObject\",\"inLanguage\":\"de\",\"@id\":\"https:\/\/vof-news.eu\/de\/#\/schema\/person\/image\/\",\"url\":\"https:\/\/secure.gravatar.com\/avatar\/b67e614b1b25b3e9c0c239efdd2fde5ab015b5affd6f1c3c85911ca4b384e790?s=96&d=mm&r=g\",\"contentUrl\":\"https:\/\/secure.gravatar.com\/avatar\/b67e614b1b25b3e9c0c239efdd2fde5ab015b5affd6f1c3c85911ca4b384e790?s=96&d=mm&r=g\",\"caption\":\"Author\"},\"sameAs\":[\"http:\/\/vof-news.eu\"],\"url\":\"https:\/\/vof-news.eu\/de\/author\/zwt6qxnjulxbnyg\/\"}]}<\/script>\n<!-- \/ Yoast SEO plugin. -->","yoast_head_json":{"title":"Koalition will seit April gefl\u00fcchteten Ukrainern B\u00fcrgergeld streichen - vof-news.eu","description":"Die Bundesregierung plant, die Leistungen f\u00fcr Ukrainer in Deutschland zu k\u00fcrzen. Gefl\u00fcchtete, die nach dem 1. April 2025 nach Deutschland gekommen sind, sollen demnach nur noch so viel Geld erhalten wie regul\u00e4re Asylsuchende. Das berichtet die Nachrichtenagentur dpa unter Berufung auf einen ihr vorliegenden Gesetzentwurf. Zuerst hatte die -Zeitung berichtet.","robots":{"index":"noindex","follow":"follow","max-snippet":"max-snippet:-1","max-image-preview":"max-image-preview:large","max-video-preview":"max-video-preview:-1"},"og_locale":"de_DE","og_type":"article","og_title":"Koalition will seit April gefl\u00fcchteten Ukrainern B\u00fcrgergeld streichen - vof-news.eu","og_description":"Die Bundesregierung plant, die Leistungen f\u00fcr Ukrainer in Deutschland zu k\u00fcrzen. Gefl\u00fcchtete, die nach dem 1. April 2025 nach Deutschland gekommen sind, sollen demnach nur noch so viel Geld erhalten wie regul\u00e4re Asylsuchende. Das berichtet die Nachrichtenagentur dpa unter Berufung auf einen ihr vorliegenden Gesetzentwurf. Zuerst hatte die -Zeitung berichtet.","og_url":"https:\/\/vof-news.eu\/de\/koalition-will-seit-april-gefluchteten-ukrainern-burgergeld-streichen\/","og_site_name":"vof-news.eu","article_published_time":"2025-11-13T16:28:15+00:00","article_modified_time":"2025-11-13T16:29:40+00:00","og_image":[{"width":1000,"height":562,"url":"https:\/\/vof-news.eu\/wp-content\/uploads\/2025\/11\/wide__1000x562-40.jpg","type":"image\/jpeg"}],"author":"Author","twitter_card":"summary_large_image","twitter_misc":{"Verfasst von":"Author","Gesch\u00e4tzte Lesezeit":"2\u00a0Minuten"},"schema":{"@context":"https:\/\/schema.org","@graph":[{"@type":"WebPage","@id":"https:\/\/vof-news.eu\/de\/koalition-will-seit-april-gefluchteten-ukrainern-burgergeld-streichen\/","url":"https:\/\/vof-news.eu\/de\/koalition-will-seit-april-gefluchteten-ukrainern-burgergeld-streichen\/","name":"Koalition will seit April gefl\u00fcchteten Ukrainern B\u00fcrgergeld streichen - vof-news.eu","isPartOf":{"@id":"https:\/\/vof-news.eu\/de\/#website"},"primaryImageOfPage":{"@id":"https:\/\/vof-news.eu\/de\/koalition-will-seit-april-gefluchteten-ukrainern-burgergeld-streichen\/#primaryimage"},"image":{"@id":"https:\/\/vof-news.eu\/de\/koalition-will-seit-april-gefluchteten-ukrainern-burgergeld-streichen\/#primaryimage"},"thumbnailUrl":"https:\/\/vof-news.eu\/wp-content\/uploads\/2025\/11\/wide__1000x562-40.jpg","datePublished":"2025-11-13T16:28:15+00:00","dateModified":"2025-11-13T16:29:40+00:00","author":{"@id":"https:\/\/vof-news.eu\/de\/#\/schema\/person\/f6a2a4309f0561835797fd8c19b333ed"},"description":"Die Bundesregierung plant, die Leistungen f\u00fcr Ukrainer in Deutschland zu k\u00fcrzen. Gefl\u00fcchtete, die nach dem 1. April 2025 nach Deutschland gekommen sind, sollen demnach nur noch so viel Geld erhalten wie regul\u00e4re Asylsuchende. Das berichtet die Nachrichtenagentur dpa unter Berufung auf einen ihr vorliegenden Gesetzentwurf. Zuerst hatte die -Zeitung berichtet.","breadcrumb":{"@id":"https:\/\/vof-news.eu\/de\/koalition-will-seit-april-gefluchteten-ukrainern-burgergeld-streichen\/#breadcrumb"},"inLanguage":"de","potentialAction":[{"@type":"ReadAction","target":["https:\/\/vof-news.eu\/de\/koalition-will-seit-april-gefluchteten-ukrainern-burgergeld-streichen\/"]}]},{"@type":"ImageObject","inLanguage":"de","@id":"https:\/\/vof-news.eu\/de\/koalition-will-seit-april-gefluchteten-ukrainern-burgergeld-streichen\/#primaryimage","url":"https:\/\/vof-news.eu\/wp-content\/uploads\/2025\/11\/wide__1000x562-40.jpg","contentUrl":"https:\/\/vof-news.eu\/wp-content\/uploads\/2025\/11\/wide__1000x562-40.jpg","width":1000,"height":562},{"@type":"BreadcrumbList","@id":"https:\/\/vof-news.eu\/de\/koalition-will-seit-april-gefluchteten-ukrainern-burgergeld-streichen\/#breadcrumb","itemListElement":[{"@type":"ListItem","position":1,"name":"Home","item":"https:\/\/vof-news.eu\/de\/"},{"@type":"ListItem","position":2,"name":"Koalition will seit April gefl\u00fcchteten Ukrainern B\u00fcrgergeld streichen"}]},{"@type":"WebSite","@id":"https:\/\/vof-news.eu\/de\/#website","url":"https:\/\/vof-news.eu\/de\/","name":"vof-news.eu","description":"","potentialAction":[{"@type":"SearchAction","target":{"@type":"EntryPoint","urlTemplate":"https:\/\/vof-news.eu\/de\/?s={search_term_string}"},"query-input":"required name=search_term_string"}],"inLanguage":"de"},{"@type":"Person","@id":"https:\/\/vof-news.eu\/de\/#\/schema\/person\/f6a2a4309f0561835797fd8c19b333ed","name":"Author","image":{"@type":"ImageObject","inLanguage":"de","@id":"https:\/\/vof-news.eu\/de\/#\/schema\/person\/image\/","url":"https:\/\/secure.gravatar.com\/avatar\/b67e614b1b25b3e9c0c239efdd2fde5ab015b5affd6f1c3c85911ca4b384e790?s=96&d=mm&r=g","contentUrl":"https:\/\/secure.gravatar.com\/avatar\/b67e614b1b25b3e9c0c239efdd2fde5ab015b5affd6f1c3c85911ca4b384e790?s=96&d=mm&r=g","caption":"Author"},"sameAs":["http:\/\/vof-news.eu"],"url":"https:\/\/vof-news.eu\/de\/author\/zwt6qxnjulxbnyg\/"}]}},"yoast_meta":{"yoast_wpseo_title":"","yoast_wpseo_metadesc":"","yoast_wpseo_canonical":""},"_links":{"self":[{"href":"https:\/\/vof-news.eu\/de\/wp-json\/wp\/v2\/posts\/296717","targetHints":{"allow":["GET"]}}],"collection":[{"href":"https:\/\/vof-news.eu\/de\/wp-json\/wp\/v2\/posts"}],"about":[{"href":"https:\/\/vof-news.eu\/de\/wp-json\/wp\/v2\/types\/post"}],"author":[{"embeddable":true,"href":"https:\/\/vof-news.eu\/de\/wp-json\/wp\/v2\/users\/1"}],"replies":[{"embeddable":true,"href":"https:\/\/vof-news.eu\/de\/wp-json\/wp\/v2\/comments?post=296717"}],"version-history":[{"count":1,"href":"https:\/\/vof-news.eu\/de\/wp-json\/wp\/v2\/posts\/296717\/revisions"}],"predecessor-version":[{"id":296724,"href":"https:\/\/vof-news.eu\/de\/wp-json\/wp\/v2\/posts\/296717\/revisions\/296724"}],"wp:featuredmedia":[{"embeddable":true,"href":"https:\/\/vof-news.eu\/de\/wp-json\/wp\/v2\/media\/296718"}],"wp:attachment":[{"href":"https:\/\/vof-news.eu\/de\/wp-json\/wp\/v2\/media?parent=296717"}],"wp:term":[{"taxonomy":"category","embeddable":true,"href":"https:\/\/vof-news.eu\/de\/wp-json\/wp\/v2\/categories?post=296717"},{"taxonomy":"post_tag","embeddable":true,"href":"https:\/\/vof-news.eu\/de\/wp-json\/wp\/v2\/tags?post=296717"}],"curies":[{"name":"wp","href":"https:\/\/api.w.org\/{rel}","templated":true}]}}