{"id":296553,"date":"2025-11-13T13:28:09","date_gmt":"2025-11-13T10:28:09","guid":{"rendered":"https:\/\/vof-news.eu\/ein-skandal-der-selbst-selenskyj-in-bedrangnis-bringt\/"},"modified":"2025-11-13T13:28:48","modified_gmt":"2025-11-13T10:28:48","slug":"ein-skandal-der-selbst-selenskyj-in-bedrangnis-bringt","status":"publish","type":"post","link":"https:\/\/vof-news.eu\/de\/ein-skandal-der-selbst-selenskyj-in-bedrangnis-bringt\/","title":{"rendered":"Ein Skandal, der selbst Selenskyj in Bedr\u00e4ngnis bringt"},"content":{"rendered":"<div>\n<p>Dass <span><a href=\"https:\/\/www.zeit.de\/thema\/wolodymyr-selenskyj\" rel=\"nofollow\">Wolodymyr Selenskyj<\/a><\/span> gro\u00dfe Krisen meistern kann, hat er<br \/>\nbereits \u00f6fter bewiesen. Mit einer solchen innenpolitischen Krise wie diese Woche wurde<br \/>\nder ukrainische Pr\u00e4sident jedoch noch nie konfrontiert.\n<\/p>\n<p>Das Nationale Antikorruptionsb\u00fcro (Nabu) deckte ein gro\u00df angelegtes Korruptionsschema im<br \/>\nukrainischen Energiesektor auf. An dessen Spitze: Tymur Minditsch, ein enger<br \/>\nVertrauter Selenskyjs und Miteigent\u00fcmer seiner ehemaligen<br \/>\nFernsehproduktionsfirma Kwartal 95.\n<\/p>\n<p>\nSo soll der Gesch\u00e4ftsmann Minditsch zusammen<br \/>\n<a href=\"https:\/\/www.zeit.de\/politik\/ausland\/2025-11\/korruption-ermittlungen-ukraine-raeumlichkeiten-durchsucht-justitminister-herman-haluschtschenko\" rel=\"nofollow\">mit dem heutigen Justiz- und fr\u00fcheren Energieminister Herman Haluschtschenko<\/a>\u00a0einen enormen Einfluss auf das Unternehmen Energoatom ausge\u00fcbt haben, das f\u00fcr<br \/>\nukrainische Kernkraftwerke zust\u00e4ndig ist. Den Vorw\u00fcrfen nach h\u00e4tten die Lieferanten von<br \/>\nEnergoatom zehn bis 15 Prozent des Vertragswerts als Schmiergeld zahlen m\u00fcssen,<br \/>\num ihre Auftr\u00e4ge nicht zu verlieren.\u00a0Besonders sensibel: Dabei soll es auch um Auftr\u00e4ge f\u00fcr den Bau von Schutzr\u00e4umen der Kraftwerksinfrastruktur gegangen sein. Insgesamt soll die Gruppe so <a href=\"https:\/\/www.zeit.de\/news\/2025-11\/12\/ukrainischer-justizminister-nach-durchsuchungen-entlassen\" rel=\"nofollow\">100 Millionen Euro an Schmiergeld gewaschen haben<\/a>.\n<\/p>\n<h2>Ausgerechnet vor dem Winter<\/h2>\n<p>Die Vorw\u00fcrfe kommen zu einem brisanten Zeitpunkt: Der <span><a href=\"https:\/\/www.zeit.de\/politik\/ausland\/ukraine-krieg-news-liveblog\" rel=\"nofollow\">Ukraine<\/a><\/span> steht ein besonders schwerer Winter bevor,<br \/>\nwom\u00f6glich der schwerste bisher <a href=\"https:\/\/www.zeit.de\/thema\/russland\" rel=\"nofollow\">in diesem Krieg<\/a>. Seit Anfang Oktober <a href=\"https:\/\/www.zeit.de\/politik\/ausland\/karte-ukraine-krieg-russland-frontverlauf-truppenbewegungen\" rel=\"nofollow\">beschie\u00dft<br \/>\nRussland wieder systematisch ukrainische Energieanlagen<\/a>. In den meisten Regionen des Landes wird deshalb regelm\u00e4\u00dfig der<br \/>\nStrom abgeschaltet, in der Hauptstadt Kyjiw m\u00fcssen die Menschen rund die H\u00e4lfte<br \/>\ndes Tages ohne Strom auskommen. Dass Machenschaften im Energiebereich ausgerechnet jetzt bekannt werden, hat gesellschaftliche Sprengkraft.\u00a0\n<\/p>\n<p>\nDer Fall von Tymur Minditsch scheint bestens dokumentiert zu sein. 15 Monate lang hat das Nabu ermittelt, rund 1.000 Stunden Gespr\u00e4che wurden abgeh\u00f6rt \u2013 Ger\u00fcchten<br \/>\nzufolge teilweise aus der N\u00e4he seiner Wohnung. Minditsch befindet sich nicht mehr in der Ukraine, sondern hat das Land kurz<br \/>\nvor der Bekanntgabe der Vorw\u00fcrfe verlassen und soll sich nun in Israel<br \/>\naufhalten. Er durfte als Mann im wehrf\u00e4higen Alter ausreisen,<br \/>\nweil er drei Kinder hat. Der Zeitpunkt seiner Ausreise deutet jedoch darauf<br \/>\nhin, dass er m\u00f6glicherweise vorgewarnt wurde.\n<\/p>\n<h2>Das Machtwort lie\u00df zwei Tage auf sich warten<\/h2>\n<p>\nF\u00fcr Selenskyj war der Fall Minditsch von Anfang an ein schwerer Schlag.<br \/>\nKaum jemand jenseits des einflussreichen Stabschefs Andrij Jermak hatte in<br \/>\nseinem System so viel Macht. In der aktuellen ukrainischen Regierung gelten<br \/>\ngleich vier Minister als eine Art &#8222;Quote Minditschs&#8220;. Auf den vom Nabu ver\u00f6ffentlichten Mitschnitten geht es teilweise um die Verteilung der Posten<br \/>\nbei der letzten Regierungsumbildung im Sommer. Au\u00dferdem k\u00f6nnte Minditsch auch<br \/>\nein einflussreicher Hintermann in der ukrainischen R\u00fcstungsbranche sein. Das<br \/>\nmit ihm in Verbindung gebrachte Unternehmen Fire Point produziert<br \/>\nLangstreckendrohnen und <a href=\"https:\/\/www.zeit.de\/politik\/ausland\/2025-10\/ukraine-laga-tomahawk-flamingo-marschflugkoerper-raketen-woche\" rel=\"nofollow\">den Flamingo-Marschflugk\u00f6rper<\/a>.<\/p>\n<p>Im Sommer hatte Selenskyj versucht, die <a href=\"https:\/\/www.zeit.de\/politik\/ausland\/2025-07\/korruption-ukraine-wolodymyr-selenskyj-bekaempfung-proteste\/komplettansicht\" rel=\"nofollow\">Befugnisse der Antikorruptionsorgane<br \/>\neinzuschr\u00e4nken<\/a>. Damit hat er sich in die Defensive gebracht.<br \/>\nH\u00e4tte er Minditsch und beschuldigte Minister in Schutz genommen, h\u00e4tte das in<br \/>\nder Ukraine wahrlich keiner verstanden \u2013 auch seine treuen Unterst\u00fctzer nicht.<br \/>\nSo hat der ukrainische Pr\u00e4sident noch in seiner Abendansprache am Montag die<br \/>\nKorruptionsermittlungen grunds\u00e4tzlich begr\u00fc\u00dft. Danach reiste er nach Cherson und lie\u00df sich Zeit bis Mittwochabend, um ein Machtwort auszusprechen.<\/p>\n<p>&#8222;Die Lage in der Ukraine ist derzeit f\u00fcr alle schwierig&#8220;, hie\u00df es<br \/>\ndann vom ukrainischen Pr\u00e4sidenten. Alle w\u00fcrden unter Stromausf\u00e4llen, russischem<br \/>\nBeschuss und schmerzhaften Verlusten leiden. &#8222;Es ist v\u00f6llig<br \/>\nabnormal, dass es bei all dem noch Machenschaften im Energiesektor gibt&#8220;, sagte Selenskyj. Justizminister<br \/>\nHaluschtschenko sowie seine Nachfolgerin im Energieministerium, Switlana Hryntschuk,\u00a0<a href=\"https:\/\/www.zeit.de\/politik\/ausland\/2025-11\/selenskyj-wolodymyr-ukraine-ruecktritt-minister-korruption\" rel=\"nofollow\">reichten daraufhin noch am Mittwoch ihre R\u00fccktrittsschreiben ein<\/a>. N\u00e4chste Woche soll das ukrainische Parlament \u00fcber deren<br \/>\nEntlassung formell entscheiden. Zudem werden gegen Tymur Minditsch und einen<br \/>\nweiteren Beschuldigten durch den Nationalen Sicherheitsrat pers\u00f6nliche<br \/>\nSanktionen verh\u00e4ngt.\n<\/p>\n<h2>Die Kritik an Selenskyj w\u00e4chst<\/h2>\n<p>\nIm ersten Schritt gelingt es Selenskyj damit, die Krise einzud\u00e4mmen und das<br \/>\nVertrauen vor dem herausfordernden Winter nicht zu verspielen. In Umfragen lagen seine Vertrauenswerte zuletzt stabil bei rund 60 Prozent \u2013 ein guter Wert f\u00fcr jeden ukrainischen Pr\u00e4sidenten, auch im Krieg. Gr\u00f6\u00dfere politische<br \/>\nUmbr\u00fcche oder gar wieder Stra\u00dfenproteste sind zumindest zun\u00e4chst nicht zu<br \/>\nbef\u00fcrchten.\u00a0\n<\/p>\n<p>Der bittere Beigeschmack wird allerdings bleiben. Zum einen, weil der kommende Winter der Bev\u00f6lkerung ohnehin alles abverlangen wird \u2013 und deshalb 100 Millionen Euro an veruntreuten Geldern im Energiesektor kaum in Vergessenheit geraten werden.\u00a0\n<\/p>\n<p>Und zum anderen, weil seine Innenpolitik sowie seine personellen<br \/>\nEntscheidungen immer wieder Fragen aufwerfen \u2013 im Kontrast zu seinem Auftreten auf internationaler B\u00fchne. Bleibt seine innenpolitische Linie unver\u00e4ndert,<br \/>\ndrohen weitere Krisen und Skandale.\u00a0\n<\/p>\n<p>Da hilft es auch nicht, dass die Antikorruptionsorgane es in der Ukraine offenbar selbst in Kriegszeiten und unter enormem Druck schaffen, ihre Arbeit zu leisten. Und einen Skandal aufzudecken, der selbst den Pr\u00e4sidenten unter Rechtfertigungsdruck stellt.\u00a0\u00a0\n<\/p>\n<\/div>\n","protected":false},"excerpt":{"rendered":"<p>Dass Wolodymyr Selenskyj gro\u00dfe Krisen meistern kann, hat er bereits \u00f6fter bewiesen. Mit einer solchen innenpolitischen Krise wie diese Woche wurde der ukrainische Pr\u00e4sident jedoch noch nie konfrontiert. Das Nationale Antikorruptionsb\u00fcro (Nabu) deckte ein gro\u00df angelegtes Korruptionsschema im ukrainischen Energiesektor auf. An dessen Spitze: Tymur Minditsch, ein enger Vertrauter Selenskyjs und Miteigent\u00fcmer seiner ehemaligen Fernsehproduktionsfirma<\/p>\n","protected":false},"author":1,"featured_media":0,"comment_status":"open","ping_status":"open","sticky":false,"template":"","format":"standard","meta":{"footnotes":""},"categories":[116],"tags":[],"class_list":["post-296553","post","type-post","status-publish","format-standard","hentry","category-war-chronicles-de"],"acf":[],"yoast_head":"<!-- This site is optimized with the Yoast SEO plugin v22.9 - https:\/\/yoast.com\/wordpress\/plugins\/seo\/ -->\n<title>Ein Skandal, der selbst Selenskyj in Bedr\u00e4ngnis bringt - vof-news.eu<\/title>\n<meta name=\"description\" content=\"Dass Wolodymyr Selenskyj gro\u00dfe Krisen meistern kann, hat er\" \/>\n<meta name=\"robots\" content=\"noindex, follow, max-snippet:-1, max-image-preview:large, max-video-preview:-1\" \/>\n<meta property=\"og:locale\" content=\"de_DE\" \/>\n<meta property=\"og:type\" content=\"article\" \/>\n<meta property=\"og:title\" content=\"Ein Skandal, der selbst Selenskyj in Bedr\u00e4ngnis bringt - vof-news.eu\" \/>\n<meta property=\"og:description\" content=\"Dass Wolodymyr Selenskyj gro\u00dfe Krisen meistern kann, hat er\" \/>\n<meta property=\"og:url\" content=\"https:\/\/vof-news.eu\/de\/ein-skandal-der-selbst-selenskyj-in-bedrangnis-bringt\/\" \/>\n<meta property=\"og:site_name\" content=\"vof-news.eu\" \/>\n<meta property=\"article:published_time\" content=\"2025-11-13T10:28:09+00:00\" \/>\n<meta property=\"article:modified_time\" content=\"2025-11-13T10:28:48+00:00\" \/>\n<meta name=\"author\" content=\"Author\" \/>\n<meta name=\"twitter:card\" content=\"summary_large_image\" \/>\n<meta name=\"twitter:label1\" content=\"Verfasst von\" \/>\n\t<meta name=\"twitter:data1\" content=\"Author\" \/>\n\t<meta name=\"twitter:label2\" content=\"Gesch\u00e4tzte Lesezeit\" \/>\n\t<meta name=\"twitter:data2\" content=\"4\u00a0Minuten\" \/>\n<script type=\"application\/ld+json\" class=\"yoast-schema-graph\">{\"@context\":\"https:\/\/schema.org\",\"@graph\":[{\"@type\":\"WebPage\",\"@id\":\"https:\/\/vof-news.eu\/de\/ein-skandal-der-selbst-selenskyj-in-bedrangnis-bringt\/\",\"url\":\"https:\/\/vof-news.eu\/de\/ein-skandal-der-selbst-selenskyj-in-bedrangnis-bringt\/\",\"name\":\"Ein Skandal, der selbst Selenskyj in Bedr\u00e4ngnis bringt - vof-news.eu\",\"isPartOf\":{\"@id\":\"https:\/\/vof-news.eu\/de\/#website\"},\"datePublished\":\"2025-11-13T10:28:09+00:00\",\"dateModified\":\"2025-11-13T10:28:48+00:00\",\"author\":{\"@id\":\"https:\/\/vof-news.eu\/de\/#\/schema\/person\/f6a2a4309f0561835797fd8c19b333ed\"},\"description\":\"Dass Wolodymyr Selenskyj gro\u00dfe Krisen meistern kann, hat er\",\"breadcrumb\":{\"@id\":\"https:\/\/vof-news.eu\/de\/ein-skandal-der-selbst-selenskyj-in-bedrangnis-bringt\/#breadcrumb\"},\"inLanguage\":\"de\",\"potentialAction\":[{\"@type\":\"ReadAction\",\"target\":[\"https:\/\/vof-news.eu\/de\/ein-skandal-der-selbst-selenskyj-in-bedrangnis-bringt\/\"]}]},{\"@type\":\"BreadcrumbList\",\"@id\":\"https:\/\/vof-news.eu\/de\/ein-skandal-der-selbst-selenskyj-in-bedrangnis-bringt\/#breadcrumb\",\"itemListElement\":[{\"@type\":\"ListItem\",\"position\":1,\"name\":\"Home\",\"item\":\"https:\/\/vof-news.eu\/de\/\"},{\"@type\":\"ListItem\",\"position\":2,\"name\":\"Ein Skandal, der selbst Selenskyj in Bedr\u00e4ngnis bringt\"}]},{\"@type\":\"WebSite\",\"@id\":\"https:\/\/vof-news.eu\/de\/#website\",\"url\":\"https:\/\/vof-news.eu\/de\/\",\"name\":\"vof-news.eu\",\"description\":\"\",\"potentialAction\":[{\"@type\":\"SearchAction\",\"target\":{\"@type\":\"EntryPoint\",\"urlTemplate\":\"https:\/\/vof-news.eu\/de\/?s={search_term_string}\"},\"query-input\":\"required name=search_term_string\"}],\"inLanguage\":\"de\"},{\"@type\":\"Person\",\"@id\":\"https:\/\/vof-news.eu\/de\/#\/schema\/person\/f6a2a4309f0561835797fd8c19b333ed\",\"name\":\"Author\",\"image\":{\"@type\":\"ImageObject\",\"inLanguage\":\"de\",\"@id\":\"https:\/\/vof-news.eu\/de\/#\/schema\/person\/image\/\",\"url\":\"https:\/\/secure.gravatar.com\/avatar\/b67e614b1b25b3e9c0c239efdd2fde5ab015b5affd6f1c3c85911ca4b384e790?s=96&d=mm&r=g\",\"contentUrl\":\"https:\/\/secure.gravatar.com\/avatar\/b67e614b1b25b3e9c0c239efdd2fde5ab015b5affd6f1c3c85911ca4b384e790?s=96&d=mm&r=g\",\"caption\":\"Author\"},\"sameAs\":[\"http:\/\/vof-news.eu\"],\"url\":\"https:\/\/vof-news.eu\/de\/author\/zwt6qxnjulxbnyg\/\"}]}<\/script>\n<!-- \/ Yoast SEO plugin. -->","yoast_head_json":{"title":"Ein Skandal, der selbst Selenskyj in Bedr\u00e4ngnis bringt - vof-news.eu","description":"Dass Wolodymyr Selenskyj gro\u00dfe Krisen meistern kann, hat er","robots":{"index":"noindex","follow":"follow","max-snippet":"max-snippet:-1","max-image-preview":"max-image-preview:large","max-video-preview":"max-video-preview:-1"},"og_locale":"de_DE","og_type":"article","og_title":"Ein Skandal, der selbst Selenskyj in Bedr\u00e4ngnis bringt - vof-news.eu","og_description":"Dass Wolodymyr Selenskyj gro\u00dfe Krisen meistern kann, hat er","og_url":"https:\/\/vof-news.eu\/de\/ein-skandal-der-selbst-selenskyj-in-bedrangnis-bringt\/","og_site_name":"vof-news.eu","article_published_time":"2025-11-13T10:28:09+00:00","article_modified_time":"2025-11-13T10:28:48+00:00","author":"Author","twitter_card":"summary_large_image","twitter_misc":{"Verfasst von":"Author","Gesch\u00e4tzte Lesezeit":"4\u00a0Minuten"},"schema":{"@context":"https:\/\/schema.org","@graph":[{"@type":"WebPage","@id":"https:\/\/vof-news.eu\/de\/ein-skandal-der-selbst-selenskyj-in-bedrangnis-bringt\/","url":"https:\/\/vof-news.eu\/de\/ein-skandal-der-selbst-selenskyj-in-bedrangnis-bringt\/","name":"Ein Skandal, der selbst Selenskyj in Bedr\u00e4ngnis bringt - vof-news.eu","isPartOf":{"@id":"https:\/\/vof-news.eu\/de\/#website"},"datePublished":"2025-11-13T10:28:09+00:00","dateModified":"2025-11-13T10:28:48+00:00","author":{"@id":"https:\/\/vof-news.eu\/de\/#\/schema\/person\/f6a2a4309f0561835797fd8c19b333ed"},"description":"Dass Wolodymyr Selenskyj gro\u00dfe Krisen meistern kann, hat er","breadcrumb":{"@id":"https:\/\/vof-news.eu\/de\/ein-skandal-der-selbst-selenskyj-in-bedrangnis-bringt\/#breadcrumb"},"inLanguage":"de","potentialAction":[{"@type":"ReadAction","target":["https:\/\/vof-news.eu\/de\/ein-skandal-der-selbst-selenskyj-in-bedrangnis-bringt\/"]}]},{"@type":"BreadcrumbList","@id":"https:\/\/vof-news.eu\/de\/ein-skandal-der-selbst-selenskyj-in-bedrangnis-bringt\/#breadcrumb","itemListElement":[{"@type":"ListItem","position":1,"name":"Home","item":"https:\/\/vof-news.eu\/de\/"},{"@type":"ListItem","position":2,"name":"Ein Skandal, der selbst Selenskyj in Bedr\u00e4ngnis bringt"}]},{"@type":"WebSite","@id":"https:\/\/vof-news.eu\/de\/#website","url":"https:\/\/vof-news.eu\/de\/","name":"vof-news.eu","description":"","potentialAction":[{"@type":"SearchAction","target":{"@type":"EntryPoint","urlTemplate":"https:\/\/vof-news.eu\/de\/?s={search_term_string}"},"query-input":"required name=search_term_string"}],"inLanguage":"de"},{"@type":"Person","@id":"https:\/\/vof-news.eu\/de\/#\/schema\/person\/f6a2a4309f0561835797fd8c19b333ed","name":"Author","image":{"@type":"ImageObject","inLanguage":"de","@id":"https:\/\/vof-news.eu\/de\/#\/schema\/person\/image\/","url":"https:\/\/secure.gravatar.com\/avatar\/b67e614b1b25b3e9c0c239efdd2fde5ab015b5affd6f1c3c85911ca4b384e790?s=96&d=mm&r=g","contentUrl":"https:\/\/secure.gravatar.com\/avatar\/b67e614b1b25b3e9c0c239efdd2fde5ab015b5affd6f1c3c85911ca4b384e790?s=96&d=mm&r=g","caption":"Author"},"sameAs":["http:\/\/vof-news.eu"],"url":"https:\/\/vof-news.eu\/de\/author\/zwt6qxnjulxbnyg\/"}]}},"yoast_meta":{"yoast_wpseo_title":"","yoast_wpseo_metadesc":"","yoast_wpseo_canonical":""},"_links":{"self":[{"href":"https:\/\/vof-news.eu\/de\/wp-json\/wp\/v2\/posts\/296553","targetHints":{"allow":["GET"]}}],"collection":[{"href":"https:\/\/vof-news.eu\/de\/wp-json\/wp\/v2\/posts"}],"about":[{"href":"https:\/\/vof-news.eu\/de\/wp-json\/wp\/v2\/types\/post"}],"author":[{"embeddable":true,"href":"https:\/\/vof-news.eu\/de\/wp-json\/wp\/v2\/users\/1"}],"replies":[{"embeddable":true,"href":"https:\/\/vof-news.eu\/de\/wp-json\/wp\/v2\/comments?post=296553"}],"version-history":[{"count":1,"href":"https:\/\/vof-news.eu\/de\/wp-json\/wp\/v2\/posts\/296553\/revisions"}],"predecessor-version":[{"id":296554,"href":"https:\/\/vof-news.eu\/de\/wp-json\/wp\/v2\/posts\/296553\/revisions\/296554"}],"wp:attachment":[{"href":"https:\/\/vof-news.eu\/de\/wp-json\/wp\/v2\/media?parent=296553"}],"wp:term":[{"taxonomy":"category","embeddable":true,"href":"https:\/\/vof-news.eu\/de\/wp-json\/wp\/v2\/categories?post=296553"},{"taxonomy":"post_tag","embeddable":true,"href":"https:\/\/vof-news.eu\/de\/wp-json\/wp\/v2\/tags?post=296553"}],"curies":[{"name":"wp","href":"https:\/\/api.w.org\/{rel}","templated":true}]}}