{"id":296341,"date":"2025-11-12T21:28:11","date_gmt":"2025-11-12T18:28:11","guid":{"rendered":"https:\/\/vof-news.eu\/barbel-bas-kritisiert-neue-regeln-bei-leistungen-fur-ukrainer\/"},"modified":"2025-11-12T21:29:43","modified_gmt":"2025-11-12T18:29:43","slug":"barbel-bas-kritisiert-neue-regeln-bei-leistungen-fur-ukrainer","status":"publish","type":"post","link":"https:\/\/vof-news.eu\/de\/barbel-bas-kritisiert-neue-regeln-bei-leistungen-fur-ukrainer\/","title":{"rendered":"B\u00e4rbel Bas kritisiert neue Regeln bei Leistungen f\u00fcr Ukrainer"},"content":{"rendered":"<div>\n<p>Bundessozialministerin <span><a href=\"https:\/\/www.zeit.de\/thema\/baerbel-bas\" rel=\"nofollow\">B\u00e4rbel Bas<\/a><\/span><br \/>\n (SPD) hat die geplante Neuregelung der<a href=\"https:\/\/www.zeit.de\/arbeit\/2024-02\/sozialleistungen-buergergeld-wohngeld-arbeit-rechner\" rel=\"nofollow\"> staatlichen Leistungen <\/a>f\u00fcr<br \/>\nGefl\u00fcchtete aus der Ukraine kritisiert. &#8222;Mir gef\u00e4llt es nicht, das sage ich ganz offen,<br \/>\nweil ich es nach wie vor f\u00fcr richtig halte, dass Integration<br \/>\nstattfindet&#8220;, sagte Bas bei einer Regierungsbefragung im Bundestag. &#8222;Aber wir setzen das jetzt um&#8220;, sagte sie weiter.\n<\/p>\n<p>Bislang bekommen alle Gefl\u00fcchteten aus der <span><a href=\"https:\/\/www.zeit.de\/politik\/ausland\/ukraine-krieg-news-liveblog\" rel=\"nofollow\">Ukraine<\/a><\/span>\u00a0bei nachgewiesener<br \/>\nBed\u00fcrftigkeit <a href=\"https:\/\/www.zeit.de\/kultur\/2025-10\/grundsicherung-buergergeld-sozialstaat-bundesregierung-sozialleistung\" rel=\"nofollow\">B\u00fcrgergeld<\/a>.<br \/>\nDie schwarz-rote Koalition will dies \u00e4ndern: K\u00fcnftig sollen alle, die<br \/>\nnach dem 1. April dieses Jahres gekommen sind oder noch kommen, nur die niedrigeren Leistungen f\u00fcr Asylbewerber erhalten.<br \/>\nDarauf hatten sich Union und SPD in den Koalitionsverhandlungen<br \/>\ngeeinigt.\u00a0\n<\/p>\n<p>Bas hatte im August einen Gesetzentwurf f\u00fcr den sogenannten<br \/>\nRechtskreiswechsel vorgelegt, auf dem die Union in den<br \/>\nKoalitionsverhandlungen bestanden hatte. Das Kabinett soll den<br \/>\nEntwurf in der kommenden Woche beschlie\u00dfen.\u00a0\n<\/p>\n<p>Die <a href=\"https:\/\/www.zeit.de\/politik\/deutschland\/2025-09\/frank-walter-steinmeier-bundespraesident-erfurt-rede-sozialstaat-reform-gxe\" rel=\"nofollow\">neue Regelung<\/a> bedeute &#8222;nicht, dass die<br \/>\nUkrainerinnen und Ukrainer nicht<br \/>\nsofort einen Zugang zum Arbeitsmarkt haben. Der bleibt bestehen&#8220;, sagte Bas. Die<br \/>\nBetroffenen w\u00fcrden weiterhin von der Arbeitsagentur betreut und beraten,<br \/>\n sagte die Sozialministerin.\u00a0Auch<br \/>\nBeratungsleistungen und Stellenangebote k\u00f6nnten weiter in<br \/>\nAnspruch genommen werden. Einen Rechtsanspruch auf bestimmte<br \/>\nF\u00f6rderungen gebe es jedoch nicht mehr. &#8222;Das bedauere ich&#8220;, sagte<br \/>\nBas.\n<\/p>\n<p>Das Vorhaben war vor allem von der Union ausgegangen, die sich davon<br \/>\nunter anderem Einsparungen f\u00fcr den Staat erhofft. Kritiker sagen, dass durch die Neuregelung<br \/>\nunter anderem der Zugang zu Sprach- und Integrationskursen erschwert<br \/>\nwerde. Das erh\u00f6he ebenso die H\u00fcrden f\u00fcr einen Erfolg im Arbeitsmarkt.\n<\/p>\n<\/div>\n","protected":false},"excerpt":{"rendered":"<p>Bundessozialministerin B\u00e4rbel Bas (SPD) hat die geplante Neuregelung der staatlichen Leistungen f\u00fcr Gefl\u00fcchtete aus der Ukraine kritisiert. &#8222;Mir gef\u00e4llt es nicht, das sage ich ganz offen, weil ich es nach wie vor f\u00fcr richtig halte, dass Integration stattfindet&#8220;, sagte Bas bei einer Regierungsbefragung im Bundestag. &#8222;Aber wir setzen das jetzt um&#8220;, sagte sie weiter. Bislang<\/p>\n","protected":false},"author":1,"featured_media":296342,"comment_status":"open","ping_status":"open","sticky":false,"template":"","format":"standard","meta":{"footnotes":""},"categories":[116],"tags":[],"class_list":["post-296341","post","type-post","status-publish","format-standard","has-post-thumbnail","hentry","category-war-chronicles-de"],"acf":[],"yoast_head":"<!-- This site is optimized with the Yoast SEO plugin v22.9 - https:\/\/yoast.com\/wordpress\/plugins\/seo\/ -->\n<title>B\u00e4rbel Bas kritisiert neue Regeln bei Leistungen f\u00fcr Ukrainer - vof-news.eu<\/title>\n<meta name=\"description\" content=\"Bundessozialministerin B\u00e4rbel Bas\" \/>\n<meta name=\"robots\" content=\"noindex, follow, max-snippet:-1, max-image-preview:large, max-video-preview:-1\" \/>\n<meta property=\"og:locale\" content=\"de_DE\" \/>\n<meta property=\"og:type\" content=\"article\" \/>\n<meta property=\"og:title\" content=\"B\u00e4rbel Bas kritisiert neue Regeln bei Leistungen f\u00fcr Ukrainer - vof-news.eu\" \/>\n<meta property=\"og:description\" content=\"Bundessozialministerin B\u00e4rbel Bas\" \/>\n<meta property=\"og:url\" content=\"https:\/\/vof-news.eu\/de\/barbel-bas-kritisiert-neue-regeln-bei-leistungen-fur-ukrainer\/\" \/>\n<meta property=\"og:site_name\" content=\"vof-news.eu\" \/>\n<meta property=\"article:published_time\" content=\"2025-11-12T18:28:11+00:00\" \/>\n<meta property=\"article:modified_time\" content=\"2025-11-12T18:29:43+00:00\" \/>\n<meta property=\"og:image\" content=\"https:\/\/vof-news.eu\/wp-content\/uploads\/2025\/11\/wide__1000x562-36.jpg\" \/>\n\t<meta property=\"og:image:width\" content=\"1000\" \/>\n\t<meta property=\"og:image:height\" content=\"562\" \/>\n\t<meta property=\"og:image:type\" content=\"image\/jpeg\" \/>\n<meta name=\"author\" content=\"Author\" \/>\n<meta name=\"twitter:card\" content=\"summary_large_image\" \/>\n<meta name=\"twitter:label1\" content=\"Verfasst von\" \/>\n\t<meta name=\"twitter:data1\" content=\"Author\" \/>\n\t<meta name=\"twitter:label2\" content=\"Gesch\u00e4tzte Lesezeit\" \/>\n\t<meta name=\"twitter:data2\" content=\"1\u00a0Minute\" \/>\n<script type=\"application\/ld+json\" class=\"yoast-schema-graph\">{\"@context\":\"https:\/\/schema.org\",\"@graph\":[{\"@type\":\"WebPage\",\"@id\":\"https:\/\/vof-news.eu\/de\/barbel-bas-kritisiert-neue-regeln-bei-leistungen-fur-ukrainer\/\",\"url\":\"https:\/\/vof-news.eu\/de\/barbel-bas-kritisiert-neue-regeln-bei-leistungen-fur-ukrainer\/\",\"name\":\"B\u00e4rbel Bas kritisiert neue Regeln bei Leistungen f\u00fcr Ukrainer - vof-news.eu\",\"isPartOf\":{\"@id\":\"https:\/\/vof-news.eu\/de\/#website\"},\"primaryImageOfPage\":{\"@id\":\"https:\/\/vof-news.eu\/de\/barbel-bas-kritisiert-neue-regeln-bei-leistungen-fur-ukrainer\/#primaryimage\"},\"image\":{\"@id\":\"https:\/\/vof-news.eu\/de\/barbel-bas-kritisiert-neue-regeln-bei-leistungen-fur-ukrainer\/#primaryimage\"},\"thumbnailUrl\":\"https:\/\/vof-news.eu\/wp-content\/uploads\/2025\/11\/wide__1000x562-36.jpg\",\"datePublished\":\"2025-11-12T18:28:11+00:00\",\"dateModified\":\"2025-11-12T18:29:43+00:00\",\"author\":{\"@id\":\"https:\/\/vof-news.eu\/de\/#\/schema\/person\/f6a2a4309f0561835797fd8c19b333ed\"},\"description\":\"Bundessozialministerin B\u00e4rbel Bas\",\"breadcrumb\":{\"@id\":\"https:\/\/vof-news.eu\/de\/barbel-bas-kritisiert-neue-regeln-bei-leistungen-fur-ukrainer\/#breadcrumb\"},\"inLanguage\":\"de\",\"potentialAction\":[{\"@type\":\"ReadAction\",\"target\":[\"https:\/\/vof-news.eu\/de\/barbel-bas-kritisiert-neue-regeln-bei-leistungen-fur-ukrainer\/\"]}]},{\"@type\":\"ImageObject\",\"inLanguage\":\"de\",\"@id\":\"https:\/\/vof-news.eu\/de\/barbel-bas-kritisiert-neue-regeln-bei-leistungen-fur-ukrainer\/#primaryimage\",\"url\":\"https:\/\/vof-news.eu\/wp-content\/uploads\/2025\/11\/wide__1000x562-36.jpg\",\"contentUrl\":\"https:\/\/vof-news.eu\/wp-content\/uploads\/2025\/11\/wide__1000x562-36.jpg\",\"width\":1000,\"height\":562},{\"@type\":\"BreadcrumbList\",\"@id\":\"https:\/\/vof-news.eu\/de\/barbel-bas-kritisiert-neue-regeln-bei-leistungen-fur-ukrainer\/#breadcrumb\",\"itemListElement\":[{\"@type\":\"ListItem\",\"position\":1,\"name\":\"Home\",\"item\":\"https:\/\/vof-news.eu\/de\/\"},{\"@type\":\"ListItem\",\"position\":2,\"name\":\"B\u00e4rbel Bas kritisiert neue Regeln bei Leistungen f\u00fcr Ukrainer\"}]},{\"@type\":\"WebSite\",\"@id\":\"https:\/\/vof-news.eu\/de\/#website\",\"url\":\"https:\/\/vof-news.eu\/de\/\",\"name\":\"vof-news.eu\",\"description\":\"\",\"potentialAction\":[{\"@type\":\"SearchAction\",\"target\":{\"@type\":\"EntryPoint\",\"urlTemplate\":\"https:\/\/vof-news.eu\/de\/?s={search_term_string}\"},\"query-input\":\"required name=search_term_string\"}],\"inLanguage\":\"de\"},{\"@type\":\"Person\",\"@id\":\"https:\/\/vof-news.eu\/de\/#\/schema\/person\/f6a2a4309f0561835797fd8c19b333ed\",\"name\":\"Author\",\"image\":{\"@type\":\"ImageObject\",\"inLanguage\":\"de\",\"@id\":\"https:\/\/vof-news.eu\/de\/#\/schema\/person\/image\/\",\"url\":\"https:\/\/secure.gravatar.com\/avatar\/b67e614b1b25b3e9c0c239efdd2fde5ab015b5affd6f1c3c85911ca4b384e790?s=96&d=mm&r=g\",\"contentUrl\":\"https:\/\/secure.gravatar.com\/avatar\/b67e614b1b25b3e9c0c239efdd2fde5ab015b5affd6f1c3c85911ca4b384e790?s=96&d=mm&r=g\",\"caption\":\"Author\"},\"sameAs\":[\"http:\/\/vof-news.eu\"],\"url\":\"https:\/\/vof-news.eu\/de\/author\/zwt6qxnjulxbnyg\/\"}]}<\/script>\n<!-- \/ Yoast SEO plugin. -->","yoast_head_json":{"title":"B\u00e4rbel Bas kritisiert neue Regeln bei Leistungen f\u00fcr Ukrainer - vof-news.eu","description":"Bundessozialministerin B\u00e4rbel Bas","robots":{"index":"noindex","follow":"follow","max-snippet":"max-snippet:-1","max-image-preview":"max-image-preview:large","max-video-preview":"max-video-preview:-1"},"og_locale":"de_DE","og_type":"article","og_title":"B\u00e4rbel Bas kritisiert neue Regeln bei Leistungen f\u00fcr Ukrainer - vof-news.eu","og_description":"Bundessozialministerin B\u00e4rbel Bas","og_url":"https:\/\/vof-news.eu\/de\/barbel-bas-kritisiert-neue-regeln-bei-leistungen-fur-ukrainer\/","og_site_name":"vof-news.eu","article_published_time":"2025-11-12T18:28:11+00:00","article_modified_time":"2025-11-12T18:29:43+00:00","og_image":[{"width":1000,"height":562,"url":"https:\/\/vof-news.eu\/wp-content\/uploads\/2025\/11\/wide__1000x562-36.jpg","type":"image\/jpeg"}],"author":"Author","twitter_card":"summary_large_image","twitter_misc":{"Verfasst von":"Author","Gesch\u00e4tzte Lesezeit":"1\u00a0Minute"},"schema":{"@context":"https:\/\/schema.org","@graph":[{"@type":"WebPage","@id":"https:\/\/vof-news.eu\/de\/barbel-bas-kritisiert-neue-regeln-bei-leistungen-fur-ukrainer\/","url":"https:\/\/vof-news.eu\/de\/barbel-bas-kritisiert-neue-regeln-bei-leistungen-fur-ukrainer\/","name":"B\u00e4rbel Bas kritisiert neue Regeln bei Leistungen f\u00fcr Ukrainer - vof-news.eu","isPartOf":{"@id":"https:\/\/vof-news.eu\/de\/#website"},"primaryImageOfPage":{"@id":"https:\/\/vof-news.eu\/de\/barbel-bas-kritisiert-neue-regeln-bei-leistungen-fur-ukrainer\/#primaryimage"},"image":{"@id":"https:\/\/vof-news.eu\/de\/barbel-bas-kritisiert-neue-regeln-bei-leistungen-fur-ukrainer\/#primaryimage"},"thumbnailUrl":"https:\/\/vof-news.eu\/wp-content\/uploads\/2025\/11\/wide__1000x562-36.jpg","datePublished":"2025-11-12T18:28:11+00:00","dateModified":"2025-11-12T18:29:43+00:00","author":{"@id":"https:\/\/vof-news.eu\/de\/#\/schema\/person\/f6a2a4309f0561835797fd8c19b333ed"},"description":"Bundessozialministerin B\u00e4rbel Bas","breadcrumb":{"@id":"https:\/\/vof-news.eu\/de\/barbel-bas-kritisiert-neue-regeln-bei-leistungen-fur-ukrainer\/#breadcrumb"},"inLanguage":"de","potentialAction":[{"@type":"ReadAction","target":["https:\/\/vof-news.eu\/de\/barbel-bas-kritisiert-neue-regeln-bei-leistungen-fur-ukrainer\/"]}]},{"@type":"ImageObject","inLanguage":"de","@id":"https:\/\/vof-news.eu\/de\/barbel-bas-kritisiert-neue-regeln-bei-leistungen-fur-ukrainer\/#primaryimage","url":"https:\/\/vof-news.eu\/wp-content\/uploads\/2025\/11\/wide__1000x562-36.jpg","contentUrl":"https:\/\/vof-news.eu\/wp-content\/uploads\/2025\/11\/wide__1000x562-36.jpg","width":1000,"height":562},{"@type":"BreadcrumbList","@id":"https:\/\/vof-news.eu\/de\/barbel-bas-kritisiert-neue-regeln-bei-leistungen-fur-ukrainer\/#breadcrumb","itemListElement":[{"@type":"ListItem","position":1,"name":"Home","item":"https:\/\/vof-news.eu\/de\/"},{"@type":"ListItem","position":2,"name":"B\u00e4rbel Bas kritisiert neue Regeln bei Leistungen f\u00fcr Ukrainer"}]},{"@type":"WebSite","@id":"https:\/\/vof-news.eu\/de\/#website","url":"https:\/\/vof-news.eu\/de\/","name":"vof-news.eu","description":"","potentialAction":[{"@type":"SearchAction","target":{"@type":"EntryPoint","urlTemplate":"https:\/\/vof-news.eu\/de\/?s={search_term_string}"},"query-input":"required name=search_term_string"}],"inLanguage":"de"},{"@type":"Person","@id":"https:\/\/vof-news.eu\/de\/#\/schema\/person\/f6a2a4309f0561835797fd8c19b333ed","name":"Author","image":{"@type":"ImageObject","inLanguage":"de","@id":"https:\/\/vof-news.eu\/de\/#\/schema\/person\/image\/","url":"https:\/\/secure.gravatar.com\/avatar\/b67e614b1b25b3e9c0c239efdd2fde5ab015b5affd6f1c3c85911ca4b384e790?s=96&d=mm&r=g","contentUrl":"https:\/\/secure.gravatar.com\/avatar\/b67e614b1b25b3e9c0c239efdd2fde5ab015b5affd6f1c3c85911ca4b384e790?s=96&d=mm&r=g","caption":"Author"},"sameAs":["http:\/\/vof-news.eu"],"url":"https:\/\/vof-news.eu\/de\/author\/zwt6qxnjulxbnyg\/"}]}},"yoast_meta":{"yoast_wpseo_title":"","yoast_wpseo_metadesc":"","yoast_wpseo_canonical":""},"_links":{"self":[{"href":"https:\/\/vof-news.eu\/de\/wp-json\/wp\/v2\/posts\/296341","targetHints":{"allow":["GET"]}}],"collection":[{"href":"https:\/\/vof-news.eu\/de\/wp-json\/wp\/v2\/posts"}],"about":[{"href":"https:\/\/vof-news.eu\/de\/wp-json\/wp\/v2\/types\/post"}],"author":[{"embeddable":true,"href":"https:\/\/vof-news.eu\/de\/wp-json\/wp\/v2\/users\/1"}],"replies":[{"embeddable":true,"href":"https:\/\/vof-news.eu\/de\/wp-json\/wp\/v2\/comments?post=296341"}],"version-history":[{"count":1,"href":"https:\/\/vof-news.eu\/de\/wp-json\/wp\/v2\/posts\/296341\/revisions"}],"predecessor-version":[{"id":296348,"href":"https:\/\/vof-news.eu\/de\/wp-json\/wp\/v2\/posts\/296341\/revisions\/296348"}],"wp:featuredmedia":[{"embeddable":true,"href":"https:\/\/vof-news.eu\/de\/wp-json\/wp\/v2\/media\/296342"}],"wp:attachment":[{"href":"https:\/\/vof-news.eu\/de\/wp-json\/wp\/v2\/media?parent=296341"}],"wp:term":[{"taxonomy":"category","embeddable":true,"href":"https:\/\/vof-news.eu\/de\/wp-json\/wp\/v2\/categories?post=296341"},{"taxonomy":"post_tag","embeddable":true,"href":"https:\/\/vof-news.eu\/de\/wp-json\/wp\/v2\/tags?post=296341"}],"curies":[{"name":"wp","href":"https:\/\/api.w.org\/{rel}","templated":true}]}}