{"id":296144,"date":"2025-11-12T13:28:16","date_gmt":"2025-11-12T10:28:16","guid":{"rendered":"https:\/\/vof-news.eu\/ukrainischer-justizminister-nach-durchsuchungen-suspendiert\/"},"modified":"2025-11-12T13:29:55","modified_gmt":"2025-11-12T10:29:55","slug":"ukrainischer-justizminister-nach-durchsuchungen-suspendiert","status":"publish","type":"post","link":"https:\/\/vof-news.eu\/de\/ukrainischer-justizminister-nach-durchsuchungen-suspendiert\/","title":{"rendered":"Ukrainischer Justizminister nach Durchsuchungen suspendiert"},"content":{"rendered":"<div>\n<p>Der ukrainische Justizminister Herman Haluschtschenko ist von seinen<br \/>\nAufgaben in der ukrainischen Regierung suspendiert worden. Das beschloss die Regierung in einer<br \/>\nau\u00dferordentlichen Sitzung, wie die Regierungschefin<br \/>\nJulia\u00a0Swyrydenko bei Telegram mitteilte. Vor der Entscheidung hatte es Durchsuchungen bei\u00a0Haluschtschenko gegeben.\n<\/p>\n<p>Die <a href=\"https:\/\/www.zeit.de\/politik\/ausland\/2025-11\/korruption-ermittlungen-ukraine-raeumlichkeiten-durchsucht-justitminister-herman-haluschtschenko\" rel=\"nofollow\">Durchsuchungen in den R\u00e4umlichkeiten\u00a0Haluschtschenkos hatten im Rahmen der Korruptionsermittlungen beim staatlichen ukrainischen<br \/>\nAtomkonzern Energoatom stattgefunden<\/a>.\u00a0Haluschtschenko war bis Juli Energieminister der <span><a href=\"https:\/\/www.zeit.de\/politik\/ausland\/ukraine-krieg-news-liveblog\" rel=\"nofollow\">Ukraine<\/a><\/span> gewesen. Nun ist er einer von mehreren Verd\u00e4chtigen in einem gro\u00dfen Korruptionsskandal in der Ukraine.\u00a0\n<\/p>\n<p>Haluschtschenko schrieb bei Telegram, er halte seine Entfernung f\u00fcr die Dauer von<br \/>\nErmittlungen f\u00fcr eine zivilisierte und richtige Vorgehensweise. Er wolle sich rechtlich verteidigen und\u00a0die<br \/>\nStrafverfolgungsbeh\u00f6rden in vollem Umfang unterst\u00fctzen.\n<\/p>\n<h2>Korruptionsermittlungen gegen Energoatom<\/h2>\n<p>Das Nationale Antikorruptionsb\u00fcro und die Antikorruptionsstaatsanwaltschaft (SAP) der Ukraine<br \/>\n hatten zuvor Ermittlungen bei dem Konzern Energoatom bekannt gemacht. Es<br \/>\n geht um Bestechungsgeld, das beim Bau von Schutzvorrichtungen um<br \/>\nEnergieanlagen gegen russische Luftangriffe geflossen sein soll. <a href=\"https:\/\/www.zeit.de\/politik\/ausland\/2025-11\/korruption-ukraine-energiesektor-antikorruptionsbehoerden\" rel=\"nofollow\">Am<br \/>\nDienstag sprach das Antikorruptionsb\u00fcro von f\u00fcnf Festnahmen und sieben<br \/>\nVerdachtsf\u00e4llen<\/a>. Die Gruppe soll etwa 100 Millionen US-Dollar (86,4<br \/>\nMillionen Euro) an Schmiergeld gewaschen haben.\n<\/p>\n<p><a href=\"https:\/\/www.zeit.de\/politik\/ausland\/2025-11\/ukraine-korruption-ermittlung-minditsch-selenskyj\" rel=\"nofollow\">Im Zentrum der Ermittlungen steht\u00a0bisher Pr\u00e4sident Wolodymyr Selenskyjs langj\u00e4hriger Wegbegleiter und ehemaliger Gesch\u00e4ftspartner Timur Minditsch<\/a>. Die Staatsanwaltschaft warf ihm vor, er habe nicht nur Einfluss<br \/>\nauf Haluschtschenko ausge\u00fcbt, sondern auch auf Ex-Verteidigungsminister<br \/>\nRustem Umjerow. Dieser r\u00e4umte zwar Kontakte zu Minditsch<br \/>\n ein, wies aber Korruptionsvorw\u00fcrfe zur\u00fcck. Laut Staatsanwaltschaft soll\u00a0Minditsch\u00a0Einfluss auf staatliche<br \/>\nEntscheidungen im Energie- und im R\u00fcstungsbereich genommen haben.\n<\/p>\n<p>Laut Energoatom sollen die Ermittlungen keinen Einfluss auf die finanzielle Stabilit\u00e4t des Unternehmens, <a href=\"https:\/\/www.zeit.de\/2025\/47\/stromversorgung-ukraine-kyjiw-winter-angst\" rel=\"nofollow\">die<br \/>\nStromproduktion und die Sicherheit der ukrainischen Kernkraftwerke haben<\/a>. Es d\u00fcrfte sich jedoch um den gr\u00f6\u00dften Bestechungsskandal der Ukraine\u00a0w\u00e4hrend des Krieges handeln. Das Land gilt als korruptionsanf\u00e4llig.\n<\/p>\n<p><a href=\"https:\/\/www.zeit.de\/politik\/ausland\/2025-11\/energieversorgung-ukraine-russland-krieg-drohnen-stromnetz-gxe\" rel=\"nofollow\">Vor dem Winter f\u00fcrchten viele in der Ukraine wieder gro\u00dffl\u00e4chige Stromausf\u00e4lle<\/a>. Russland attackiert zunehmend ukrainische Infrastruktur. <a href=\"https:\/\/www.zeit.de\/2025\/47\/stromversorgung-ukraine-kyjiw-winter-angst\" rel=\"nofollow\">Die K\u00e4lte k\u00f6nnte viele Menschen in Gefahr bringen<\/a>.\n<\/p>\n<\/p>\n<\/div>\n","protected":false},"excerpt":{"rendered":"<p>Der ukrainische Justizminister Herman Haluschtschenko ist von seinen Aufgaben in der ukrainischen Regierung suspendiert worden. Das beschloss die Regierung in einer au\u00dferordentlichen Sitzung, wie die Regierungschefin Julia\u00a0Swyrydenko bei Telegram mitteilte. Vor der Entscheidung hatte es Durchsuchungen bei\u00a0Haluschtschenko gegeben. Die Durchsuchungen in den R\u00e4umlichkeiten\u00a0Haluschtschenkos hatten im Rahmen der Korruptionsermittlungen beim staatlichen ukrainischen Atomkonzern Energoatom stattgefunden.\u00a0Haluschtschenko war<\/p>\n","protected":false},"author":1,"featured_media":296145,"comment_status":"open","ping_status":"open","sticky":false,"template":"","format":"standard","meta":{"footnotes":""},"categories":[116],"tags":[],"class_list":["post-296144","post","type-post","status-publish","format-standard","has-post-thumbnail","hentry","category-war-chronicles-de"],"acf":[],"yoast_head":"<!-- This site is optimized with the Yoast SEO plugin v22.9 - https:\/\/yoast.com\/wordpress\/plugins\/seo\/ -->\n<title>Ukrainischer Justizminister nach Durchsuchungen suspendiert - vof-news.eu<\/title>\n<meta name=\"description\" content=\"Der ukrainische Justizminister Herman Haluschtschenko ist von seinen\" \/>\n<meta name=\"robots\" content=\"noindex, follow, max-snippet:-1, max-image-preview:large, max-video-preview:-1\" \/>\n<meta property=\"og:locale\" content=\"de_DE\" \/>\n<meta property=\"og:type\" content=\"article\" \/>\n<meta property=\"og:title\" content=\"Ukrainischer Justizminister nach Durchsuchungen suspendiert - vof-news.eu\" \/>\n<meta property=\"og:description\" content=\"Der ukrainische Justizminister Herman Haluschtschenko ist von seinen\" \/>\n<meta property=\"og:url\" content=\"https:\/\/vof-news.eu\/de\/ukrainischer-justizminister-nach-durchsuchungen-suspendiert\/\" \/>\n<meta property=\"og:site_name\" content=\"vof-news.eu\" \/>\n<meta property=\"article:published_time\" content=\"2025-11-12T10:28:16+00:00\" \/>\n<meta property=\"article:modified_time\" content=\"2025-11-12T10:29:55+00:00\" \/>\n<meta property=\"og:image\" content=\"https:\/\/vof-news.eu\/wp-content\/uploads\/2025\/11\/wide__1000x562-32.jpg\" \/>\n\t<meta property=\"og:image:width\" content=\"1000\" \/>\n\t<meta property=\"og:image:height\" content=\"562\" \/>\n\t<meta property=\"og:image:type\" content=\"image\/jpeg\" \/>\n<meta name=\"author\" content=\"Author\" \/>\n<meta name=\"twitter:card\" content=\"summary_large_image\" \/>\n<meta name=\"twitter:label1\" content=\"Verfasst von\" \/>\n\t<meta name=\"twitter:data1\" content=\"Author\" \/>\n\t<meta name=\"twitter:label2\" content=\"Gesch\u00e4tzte Lesezeit\" \/>\n\t<meta name=\"twitter:data2\" content=\"2\u00a0Minuten\" \/>\n<script type=\"application\/ld+json\" class=\"yoast-schema-graph\">{\"@context\":\"https:\/\/schema.org\",\"@graph\":[{\"@type\":\"WebPage\",\"@id\":\"https:\/\/vof-news.eu\/de\/ukrainischer-justizminister-nach-durchsuchungen-suspendiert\/\",\"url\":\"https:\/\/vof-news.eu\/de\/ukrainischer-justizminister-nach-durchsuchungen-suspendiert\/\",\"name\":\"Ukrainischer Justizminister nach Durchsuchungen suspendiert - vof-news.eu\",\"isPartOf\":{\"@id\":\"https:\/\/vof-news.eu\/de\/#website\"},\"primaryImageOfPage\":{\"@id\":\"https:\/\/vof-news.eu\/de\/ukrainischer-justizminister-nach-durchsuchungen-suspendiert\/#primaryimage\"},\"image\":{\"@id\":\"https:\/\/vof-news.eu\/de\/ukrainischer-justizminister-nach-durchsuchungen-suspendiert\/#primaryimage\"},\"thumbnailUrl\":\"https:\/\/vof-news.eu\/wp-content\/uploads\/2025\/11\/wide__1000x562-32.jpg\",\"datePublished\":\"2025-11-12T10:28:16+00:00\",\"dateModified\":\"2025-11-12T10:29:55+00:00\",\"author\":{\"@id\":\"https:\/\/vof-news.eu\/de\/#\/schema\/person\/f6a2a4309f0561835797fd8c19b333ed\"},\"description\":\"Der ukrainische Justizminister Herman Haluschtschenko ist von seinen\",\"breadcrumb\":{\"@id\":\"https:\/\/vof-news.eu\/de\/ukrainischer-justizminister-nach-durchsuchungen-suspendiert\/#breadcrumb\"},\"inLanguage\":\"de\",\"potentialAction\":[{\"@type\":\"ReadAction\",\"target\":[\"https:\/\/vof-news.eu\/de\/ukrainischer-justizminister-nach-durchsuchungen-suspendiert\/\"]}]},{\"@type\":\"ImageObject\",\"inLanguage\":\"de\",\"@id\":\"https:\/\/vof-news.eu\/de\/ukrainischer-justizminister-nach-durchsuchungen-suspendiert\/#primaryimage\",\"url\":\"https:\/\/vof-news.eu\/wp-content\/uploads\/2025\/11\/wide__1000x562-32.jpg\",\"contentUrl\":\"https:\/\/vof-news.eu\/wp-content\/uploads\/2025\/11\/wide__1000x562-32.jpg\",\"width\":1000,\"height\":562},{\"@type\":\"BreadcrumbList\",\"@id\":\"https:\/\/vof-news.eu\/de\/ukrainischer-justizminister-nach-durchsuchungen-suspendiert\/#breadcrumb\",\"itemListElement\":[{\"@type\":\"ListItem\",\"position\":1,\"name\":\"Home\",\"item\":\"https:\/\/vof-news.eu\/de\/\"},{\"@type\":\"ListItem\",\"position\":2,\"name\":\"Ukrainischer Justizminister nach Durchsuchungen suspendiert\"}]},{\"@type\":\"WebSite\",\"@id\":\"https:\/\/vof-news.eu\/de\/#website\",\"url\":\"https:\/\/vof-news.eu\/de\/\",\"name\":\"vof-news.eu\",\"description\":\"\",\"potentialAction\":[{\"@type\":\"SearchAction\",\"target\":{\"@type\":\"EntryPoint\",\"urlTemplate\":\"https:\/\/vof-news.eu\/de\/?s={search_term_string}\"},\"query-input\":\"required name=search_term_string\"}],\"inLanguage\":\"de\"},{\"@type\":\"Person\",\"@id\":\"https:\/\/vof-news.eu\/de\/#\/schema\/person\/f6a2a4309f0561835797fd8c19b333ed\",\"name\":\"Author\",\"image\":{\"@type\":\"ImageObject\",\"inLanguage\":\"de\",\"@id\":\"https:\/\/vof-news.eu\/de\/#\/schema\/person\/image\/\",\"url\":\"https:\/\/secure.gravatar.com\/avatar\/b67e614b1b25b3e9c0c239efdd2fde5ab015b5affd6f1c3c85911ca4b384e790?s=96&d=mm&r=g\",\"contentUrl\":\"https:\/\/secure.gravatar.com\/avatar\/b67e614b1b25b3e9c0c239efdd2fde5ab015b5affd6f1c3c85911ca4b384e790?s=96&d=mm&r=g\",\"caption\":\"Author\"},\"sameAs\":[\"http:\/\/vof-news.eu\"],\"url\":\"https:\/\/vof-news.eu\/de\/author\/zwt6qxnjulxbnyg\/\"}]}<\/script>\n<!-- \/ Yoast SEO plugin. -->","yoast_head_json":{"title":"Ukrainischer Justizminister nach Durchsuchungen suspendiert - vof-news.eu","description":"Der ukrainische Justizminister Herman Haluschtschenko ist von seinen","robots":{"index":"noindex","follow":"follow","max-snippet":"max-snippet:-1","max-image-preview":"max-image-preview:large","max-video-preview":"max-video-preview:-1"},"og_locale":"de_DE","og_type":"article","og_title":"Ukrainischer Justizminister nach Durchsuchungen suspendiert - vof-news.eu","og_description":"Der ukrainische Justizminister Herman Haluschtschenko ist von seinen","og_url":"https:\/\/vof-news.eu\/de\/ukrainischer-justizminister-nach-durchsuchungen-suspendiert\/","og_site_name":"vof-news.eu","article_published_time":"2025-11-12T10:28:16+00:00","article_modified_time":"2025-11-12T10:29:55+00:00","og_image":[{"width":1000,"height":562,"url":"https:\/\/vof-news.eu\/wp-content\/uploads\/2025\/11\/wide__1000x562-32.jpg","type":"image\/jpeg"}],"author":"Author","twitter_card":"summary_large_image","twitter_misc":{"Verfasst von":"Author","Gesch\u00e4tzte Lesezeit":"2\u00a0Minuten"},"schema":{"@context":"https:\/\/schema.org","@graph":[{"@type":"WebPage","@id":"https:\/\/vof-news.eu\/de\/ukrainischer-justizminister-nach-durchsuchungen-suspendiert\/","url":"https:\/\/vof-news.eu\/de\/ukrainischer-justizminister-nach-durchsuchungen-suspendiert\/","name":"Ukrainischer Justizminister nach Durchsuchungen suspendiert - vof-news.eu","isPartOf":{"@id":"https:\/\/vof-news.eu\/de\/#website"},"primaryImageOfPage":{"@id":"https:\/\/vof-news.eu\/de\/ukrainischer-justizminister-nach-durchsuchungen-suspendiert\/#primaryimage"},"image":{"@id":"https:\/\/vof-news.eu\/de\/ukrainischer-justizminister-nach-durchsuchungen-suspendiert\/#primaryimage"},"thumbnailUrl":"https:\/\/vof-news.eu\/wp-content\/uploads\/2025\/11\/wide__1000x562-32.jpg","datePublished":"2025-11-12T10:28:16+00:00","dateModified":"2025-11-12T10:29:55+00:00","author":{"@id":"https:\/\/vof-news.eu\/de\/#\/schema\/person\/f6a2a4309f0561835797fd8c19b333ed"},"description":"Der ukrainische Justizminister Herman Haluschtschenko ist von seinen","breadcrumb":{"@id":"https:\/\/vof-news.eu\/de\/ukrainischer-justizminister-nach-durchsuchungen-suspendiert\/#breadcrumb"},"inLanguage":"de","potentialAction":[{"@type":"ReadAction","target":["https:\/\/vof-news.eu\/de\/ukrainischer-justizminister-nach-durchsuchungen-suspendiert\/"]}]},{"@type":"ImageObject","inLanguage":"de","@id":"https:\/\/vof-news.eu\/de\/ukrainischer-justizminister-nach-durchsuchungen-suspendiert\/#primaryimage","url":"https:\/\/vof-news.eu\/wp-content\/uploads\/2025\/11\/wide__1000x562-32.jpg","contentUrl":"https:\/\/vof-news.eu\/wp-content\/uploads\/2025\/11\/wide__1000x562-32.jpg","width":1000,"height":562},{"@type":"BreadcrumbList","@id":"https:\/\/vof-news.eu\/de\/ukrainischer-justizminister-nach-durchsuchungen-suspendiert\/#breadcrumb","itemListElement":[{"@type":"ListItem","position":1,"name":"Home","item":"https:\/\/vof-news.eu\/de\/"},{"@type":"ListItem","position":2,"name":"Ukrainischer Justizminister nach Durchsuchungen suspendiert"}]},{"@type":"WebSite","@id":"https:\/\/vof-news.eu\/de\/#website","url":"https:\/\/vof-news.eu\/de\/","name":"vof-news.eu","description":"","potentialAction":[{"@type":"SearchAction","target":{"@type":"EntryPoint","urlTemplate":"https:\/\/vof-news.eu\/de\/?s={search_term_string}"},"query-input":"required name=search_term_string"}],"inLanguage":"de"},{"@type":"Person","@id":"https:\/\/vof-news.eu\/de\/#\/schema\/person\/f6a2a4309f0561835797fd8c19b333ed","name":"Author","image":{"@type":"ImageObject","inLanguage":"de","@id":"https:\/\/vof-news.eu\/de\/#\/schema\/person\/image\/","url":"https:\/\/secure.gravatar.com\/avatar\/b67e614b1b25b3e9c0c239efdd2fde5ab015b5affd6f1c3c85911ca4b384e790?s=96&d=mm&r=g","contentUrl":"https:\/\/secure.gravatar.com\/avatar\/b67e614b1b25b3e9c0c239efdd2fde5ab015b5affd6f1c3c85911ca4b384e790?s=96&d=mm&r=g","caption":"Author"},"sameAs":["http:\/\/vof-news.eu"],"url":"https:\/\/vof-news.eu\/de\/author\/zwt6qxnjulxbnyg\/"}]}},"yoast_meta":{"yoast_wpseo_title":"","yoast_wpseo_metadesc":"","yoast_wpseo_canonical":""},"_links":{"self":[{"href":"https:\/\/vof-news.eu\/de\/wp-json\/wp\/v2\/posts\/296144","targetHints":{"allow":["GET"]}}],"collection":[{"href":"https:\/\/vof-news.eu\/de\/wp-json\/wp\/v2\/posts"}],"about":[{"href":"https:\/\/vof-news.eu\/de\/wp-json\/wp\/v2\/types\/post"}],"author":[{"embeddable":true,"href":"https:\/\/vof-news.eu\/de\/wp-json\/wp\/v2\/users\/1"}],"replies":[{"embeddable":true,"href":"https:\/\/vof-news.eu\/de\/wp-json\/wp\/v2\/comments?post=296144"}],"version-history":[{"count":1,"href":"https:\/\/vof-news.eu\/de\/wp-json\/wp\/v2\/posts\/296144\/revisions"}],"predecessor-version":[{"id":296152,"href":"https:\/\/vof-news.eu\/de\/wp-json\/wp\/v2\/posts\/296144\/revisions\/296152"}],"wp:featuredmedia":[{"embeddable":true,"href":"https:\/\/vof-news.eu\/de\/wp-json\/wp\/v2\/media\/296145"}],"wp:attachment":[{"href":"https:\/\/vof-news.eu\/de\/wp-json\/wp\/v2\/media?parent=296144"}],"wp:term":[{"taxonomy":"category","embeddable":true,"href":"https:\/\/vof-news.eu\/de\/wp-json\/wp\/v2\/categories?post=296144"},{"taxonomy":"post_tag","embeddable":true,"href":"https:\/\/vof-news.eu\/de\/wp-json\/wp\/v2\/tags?post=296144"}],"curies":[{"name":"wp","href":"https:\/\/api.w.org\/{rel}","templated":true}]}}