{"id":295512,"date":"2025-11-10T15:28:09","date_gmt":"2025-11-10T12:28:09","guid":{"rendered":"https:\/\/vof-news.eu\/eu-lander-gewahren-zunehmend-jungen-ukrainischen-mannern-schutz\/"},"modified":"2025-11-10T15:29:31","modified_gmt":"2025-11-10T12:29:31","slug":"eu-lander-gewahren-zunehmend-jungen-ukrainischen-mannern-schutz","status":"publish","type":"post","link":"https:\/\/vof-news.eu\/de\/eu-lander-gewahren-zunehmend-jungen-ukrainischen-mannern-schutz\/","title":{"rendered":"EU-L\u00e4nder gew\u00e4hren zunehmend jungen ukrainischen M\u00e4nnern Schutz"},"content":{"rendered":"<div>\n<p>Im September haben so viele Menschen aus der <span><a href=\"https:\/\/www.zeit.de\/thema\/krieg-in-ukraine\" rel=\"nofollow\">Ukraine<\/a><\/span> Schutz in der Europ\u00e4ischen Union erhalten wie seit zwei Jahren nicht mehr. Wie das europ\u00e4ische Statistikamt Eurostat mitteilte, wurden 79.205 Antr\u00e4ge auf vor\u00fcbergehenden Schutz genehmigt. Das sind 49 Prozent mehr als im Vormonat und ist die h\u00f6chste Zahl seit August 2023.\n<\/p>\n<p>Den Anstieg begr\u00fcndete die europ\u00e4ische Beh\u00f6rde unter anderem mit der Entscheidung der ukrainischen Regierung, jungen M\u00e4nnern im Alter von 18 bis 22 Jahren seit Ende August <a href=\"https:\/\/www.zeit.de\/politik\/ausland\/2025-08\/ukrainekrieg-ausreiseverbot-junge-maenner-aufgehoben\" rel=\"nofollow\">ungehindert die Ausreise aus dem angegriffenen Land zu erlauben<\/a>. Der Anteil vollj\u00e4hriger M\u00e4nner unter den ukrainischen Gefl\u00fcchteten stieg im September auf 47 Prozent. Insgesamt waren es erstmals mehr M\u00e4nner als Frauen, die 31 Prozent ausmachten. Der Anteil der Minderj\u00e4hrigen betrug 22 Prozent.\n<\/p>\n<h2>Ukrainer k\u00f6nnen gesonderten Status erhalten<\/h2>\n<p>Insgesamt hielten sich Ende September 4,3 Millionen Ukrainer mit tempor\u00e4rem Schutzstatus in der <span><a href=\"https:\/\/www.zeit.de\/thema\/europaeische-union\" rel=\"nofollow\">EU<\/a><\/span> auf. Dieser Status wird gem\u00e4\u00df EU-Recht unter besonderen Umst\u00e4nden Menschen gew\u00e4hrt, die nicht unmittelbar in ihr Ursprungsland zur\u00fcckkehren k\u00f6nnen. So soll das regul\u00e4re Asylsystem entlastet werden. Die sogenannte EU-Richtlinie zum vor\u00fcbergehenden Schutz gibt es seit 2001. Im Zuge des <a href=\"https:\/\/www.zeit.de\/politik\/ausland\/ukraine-krieg-news-liveblog\" rel=\"nofollow\">russischen Angriffskriegs<\/a> gegen die Ukraine wurde sie zum ersten Mal angewandt.\n<\/p>\n<p>Von den in der EU schutzsuchenden Ukrainern halten sich <a href=\"https:\/\/www.zeit.de\/politik\/2025-11\/ukraine-gefluechtete-arbeit-krieg-russland\" rel=\"nofollow\">1,2 Millionen Menschen in Deutschland<\/a> auf, also gut 28 Prozent. Eine weitere Million lebt im ukrainischen Nachbarland Polen (23,5 Prozent). Im Verh\u00e4ltnis zur nationalen Bev\u00f6lkerung beherbergt Tschechien mit\u00a035,7 Menschen pro 1.000 Einwohnern die meisten Schutzsuchenden. In Deutschland betr\u00e4gt das Verh\u00e4ltnis 14,6 auf 1.000 Einwohner, EU-weit sind es 9,6.\n<\/p>\n<p>Der Rat der EU hat den gesonderten Schutzstatus f\u00fcr <a href=\"https:\/\/www.zeit.de\/politik\/ausland\/2025-11\/ukraine-kriegsveteranen-verletzung-amputation-depressionen-fussball\" rel=\"nofollow\">Menschen aus der Ukraine<\/a> Mitte Juni bis zum 4. M\u00e4rz 2027 verl\u00e4ngert. Der <a href=\"https:\/\/www.zeit.de\/politik\/ausland\/ukraine-krieg-news-liveblog\" rel=\"nofollow\">russische Angriffskrieg gegen die Ukraine<\/a> dauert mittlerweile mehr als dreieinhalb Jahre. Zuletzt hat Russland erneut verst\u00e4rkt zivile Infrastruktur angegriffen und so <a href=\"https:\/\/www.zeit.de\/2025\/47\/stromversorgung-ukraine-kyjiw-winter-angst\" rel=\"nofollow\">unter anderem die Strom- und W\u00e4rmeversorgung des Landes<\/a> gest\u00f6rt.\n<\/p>\n<\/div>\n","protected":false},"excerpt":{"rendered":"<p>Im September haben so viele Menschen aus der Ukraine Schutz in der Europ\u00e4ischen Union erhalten wie seit zwei Jahren nicht mehr. Wie das europ\u00e4ische Statistikamt Eurostat mitteilte, wurden 79.205 Antr\u00e4ge auf vor\u00fcbergehenden Schutz genehmigt. Das sind 49 Prozent mehr als im Vormonat und ist die h\u00f6chste Zahl seit August 2023. Den Anstieg begr\u00fcndete die europ\u00e4ische<\/p>\n","protected":false},"author":1,"featured_media":295513,"comment_status":"open","ping_status":"open","sticky":false,"template":"","format":"standard","meta":{"footnotes":""},"categories":[116],"tags":[],"class_list":["post-295512","post","type-post","status-publish","format-standard","has-post-thumbnail","hentry","category-war-chronicles-de"],"acf":[],"yoast_head":"<!-- This site is optimized with the Yoast SEO plugin v22.9 - https:\/\/yoast.com\/wordpress\/plugins\/seo\/ -->\n<title>EU-L\u00e4nder gew\u00e4hren zunehmend jungen ukrainischen M\u00e4nnern Schutz - vof-news.eu<\/title>\n<meta name=\"description\" content=\"Im September haben so viele Menschen aus der Ukraine Schutz in der Europ\u00e4ischen Union erhalten wie seit zwei Jahren nicht mehr. Wie das europ\u00e4ische Statistikamt Eurostat mitteilte, wurden 79.205 Antr\u00e4ge auf vor\u00fcbergehenden Schutz genehmigt. Das sind 49 Prozent mehr als im Vormonat und ist die h\u00f6chste Zahl seit August 2023.\" \/>\n<meta name=\"robots\" content=\"noindex, follow, max-snippet:-1, max-image-preview:large, max-video-preview:-1\" \/>\n<meta property=\"og:locale\" content=\"de_DE\" \/>\n<meta property=\"og:type\" content=\"article\" \/>\n<meta property=\"og:title\" content=\"EU-L\u00e4nder gew\u00e4hren zunehmend jungen ukrainischen M\u00e4nnern Schutz - vof-news.eu\" \/>\n<meta property=\"og:description\" content=\"Im September haben so viele Menschen aus der Ukraine Schutz in der Europ\u00e4ischen Union erhalten wie seit zwei Jahren nicht mehr. Wie das europ\u00e4ische Statistikamt Eurostat mitteilte, wurden 79.205 Antr\u00e4ge auf vor\u00fcbergehenden Schutz genehmigt. Das sind 49 Prozent mehr als im Vormonat und ist die h\u00f6chste Zahl seit August 2023.\" \/>\n<meta property=\"og:url\" content=\"https:\/\/vof-news.eu\/de\/eu-lander-gewahren-zunehmend-jungen-ukrainischen-mannern-schutz\/\" \/>\n<meta property=\"og:site_name\" content=\"vof-news.eu\" \/>\n<meta property=\"article:published_time\" content=\"2025-11-10T12:28:09+00:00\" \/>\n<meta property=\"article:modified_time\" content=\"2025-11-10T12:29:31+00:00\" \/>\n<meta property=\"og:image\" content=\"https:\/\/vof-news.eu\/wp-content\/uploads\/2025\/11\/wide__1000x562-26.jpg\" \/>\n\t<meta property=\"og:image:width\" content=\"1000\" \/>\n\t<meta property=\"og:image:height\" content=\"562\" \/>\n\t<meta property=\"og:image:type\" content=\"image\/jpeg\" \/>\n<meta name=\"author\" content=\"Author\" \/>\n<meta name=\"twitter:card\" content=\"summary_large_image\" \/>\n<meta name=\"twitter:label1\" content=\"Verfasst von\" \/>\n\t<meta name=\"twitter:data1\" content=\"Author\" \/>\n\t<meta name=\"twitter:label2\" content=\"Gesch\u00e4tzte Lesezeit\" \/>\n\t<meta name=\"twitter:data2\" content=\"2\u00a0Minuten\" \/>\n<script type=\"application\/ld+json\" class=\"yoast-schema-graph\">{\"@context\":\"https:\/\/schema.org\",\"@graph\":[{\"@type\":\"WebPage\",\"@id\":\"https:\/\/vof-news.eu\/de\/eu-lander-gewahren-zunehmend-jungen-ukrainischen-mannern-schutz\/\",\"url\":\"https:\/\/vof-news.eu\/de\/eu-lander-gewahren-zunehmend-jungen-ukrainischen-mannern-schutz\/\",\"name\":\"EU-L\u00e4nder gew\u00e4hren zunehmend jungen ukrainischen M\u00e4nnern Schutz - vof-news.eu\",\"isPartOf\":{\"@id\":\"https:\/\/vof-news.eu\/de\/#website\"},\"primaryImageOfPage\":{\"@id\":\"https:\/\/vof-news.eu\/de\/eu-lander-gewahren-zunehmend-jungen-ukrainischen-mannern-schutz\/#primaryimage\"},\"image\":{\"@id\":\"https:\/\/vof-news.eu\/de\/eu-lander-gewahren-zunehmend-jungen-ukrainischen-mannern-schutz\/#primaryimage\"},\"thumbnailUrl\":\"https:\/\/vof-news.eu\/wp-content\/uploads\/2025\/11\/wide__1000x562-26.jpg\",\"datePublished\":\"2025-11-10T12:28:09+00:00\",\"dateModified\":\"2025-11-10T12:29:31+00:00\",\"author\":{\"@id\":\"https:\/\/vof-news.eu\/de\/#\/schema\/person\/f6a2a4309f0561835797fd8c19b333ed\"},\"description\":\"Im September haben so viele Menschen aus der Ukraine Schutz in der Europ\u00e4ischen Union erhalten wie seit zwei Jahren nicht mehr. Wie das europ\u00e4ische Statistikamt Eurostat mitteilte, wurden 79.205 Antr\u00e4ge auf vor\u00fcbergehenden Schutz genehmigt. Das sind 49 Prozent mehr als im Vormonat und ist die h\u00f6chste Zahl seit August 2023.\",\"breadcrumb\":{\"@id\":\"https:\/\/vof-news.eu\/de\/eu-lander-gewahren-zunehmend-jungen-ukrainischen-mannern-schutz\/#breadcrumb\"},\"inLanguage\":\"de\",\"potentialAction\":[{\"@type\":\"ReadAction\",\"target\":[\"https:\/\/vof-news.eu\/de\/eu-lander-gewahren-zunehmend-jungen-ukrainischen-mannern-schutz\/\"]}]},{\"@type\":\"ImageObject\",\"inLanguage\":\"de\",\"@id\":\"https:\/\/vof-news.eu\/de\/eu-lander-gewahren-zunehmend-jungen-ukrainischen-mannern-schutz\/#primaryimage\",\"url\":\"https:\/\/vof-news.eu\/wp-content\/uploads\/2025\/11\/wide__1000x562-26.jpg\",\"contentUrl\":\"https:\/\/vof-news.eu\/wp-content\/uploads\/2025\/11\/wide__1000x562-26.jpg\",\"width\":1000,\"height\":562},{\"@type\":\"BreadcrumbList\",\"@id\":\"https:\/\/vof-news.eu\/de\/eu-lander-gewahren-zunehmend-jungen-ukrainischen-mannern-schutz\/#breadcrumb\",\"itemListElement\":[{\"@type\":\"ListItem\",\"position\":1,\"name\":\"Home\",\"item\":\"https:\/\/vof-news.eu\/de\/\"},{\"@type\":\"ListItem\",\"position\":2,\"name\":\"EU-L\u00e4nder gew\u00e4hren zunehmend jungen ukrainischen M\u00e4nnern Schutz\"}]},{\"@type\":\"WebSite\",\"@id\":\"https:\/\/vof-news.eu\/de\/#website\",\"url\":\"https:\/\/vof-news.eu\/de\/\",\"name\":\"vof-news.eu\",\"description\":\"\",\"potentialAction\":[{\"@type\":\"SearchAction\",\"target\":{\"@type\":\"EntryPoint\",\"urlTemplate\":\"https:\/\/vof-news.eu\/de\/?s={search_term_string}\"},\"query-input\":\"required name=search_term_string\"}],\"inLanguage\":\"de\"},{\"@type\":\"Person\",\"@id\":\"https:\/\/vof-news.eu\/de\/#\/schema\/person\/f6a2a4309f0561835797fd8c19b333ed\",\"name\":\"Author\",\"image\":{\"@type\":\"ImageObject\",\"inLanguage\":\"de\",\"@id\":\"https:\/\/vof-news.eu\/de\/#\/schema\/person\/image\/\",\"url\":\"https:\/\/secure.gravatar.com\/avatar\/b67e614b1b25b3e9c0c239efdd2fde5ab015b5affd6f1c3c85911ca4b384e790?s=96&d=mm&r=g\",\"contentUrl\":\"https:\/\/secure.gravatar.com\/avatar\/b67e614b1b25b3e9c0c239efdd2fde5ab015b5affd6f1c3c85911ca4b384e790?s=96&d=mm&r=g\",\"caption\":\"Author\"},\"sameAs\":[\"http:\/\/vof-news.eu\"],\"url\":\"https:\/\/vof-news.eu\/de\/author\/zwt6qxnjulxbnyg\/\"}]}<\/script>\n<!-- \/ Yoast SEO plugin. -->","yoast_head_json":{"title":"EU-L\u00e4nder gew\u00e4hren zunehmend jungen ukrainischen M\u00e4nnern Schutz - vof-news.eu","description":"Im September haben so viele Menschen aus der Ukraine Schutz in der Europ\u00e4ischen Union erhalten wie seit zwei Jahren nicht mehr. Wie das europ\u00e4ische Statistikamt Eurostat mitteilte, wurden 79.205 Antr\u00e4ge auf vor\u00fcbergehenden Schutz genehmigt. Das sind 49 Prozent mehr als im Vormonat und ist die h\u00f6chste Zahl seit August 2023.","robots":{"index":"noindex","follow":"follow","max-snippet":"max-snippet:-1","max-image-preview":"max-image-preview:large","max-video-preview":"max-video-preview:-1"},"og_locale":"de_DE","og_type":"article","og_title":"EU-L\u00e4nder gew\u00e4hren zunehmend jungen ukrainischen M\u00e4nnern Schutz - vof-news.eu","og_description":"Im September haben so viele Menschen aus der Ukraine Schutz in der Europ\u00e4ischen Union erhalten wie seit zwei Jahren nicht mehr. Wie das europ\u00e4ische Statistikamt Eurostat mitteilte, wurden 79.205 Antr\u00e4ge auf vor\u00fcbergehenden Schutz genehmigt. Das sind 49 Prozent mehr als im Vormonat und ist die h\u00f6chste Zahl seit August 2023.","og_url":"https:\/\/vof-news.eu\/de\/eu-lander-gewahren-zunehmend-jungen-ukrainischen-mannern-schutz\/","og_site_name":"vof-news.eu","article_published_time":"2025-11-10T12:28:09+00:00","article_modified_time":"2025-11-10T12:29:31+00:00","og_image":[{"width":1000,"height":562,"url":"https:\/\/vof-news.eu\/wp-content\/uploads\/2025\/11\/wide__1000x562-26.jpg","type":"image\/jpeg"}],"author":"Author","twitter_card":"summary_large_image","twitter_misc":{"Verfasst von":"Author","Gesch\u00e4tzte Lesezeit":"2\u00a0Minuten"},"schema":{"@context":"https:\/\/schema.org","@graph":[{"@type":"WebPage","@id":"https:\/\/vof-news.eu\/de\/eu-lander-gewahren-zunehmend-jungen-ukrainischen-mannern-schutz\/","url":"https:\/\/vof-news.eu\/de\/eu-lander-gewahren-zunehmend-jungen-ukrainischen-mannern-schutz\/","name":"EU-L\u00e4nder gew\u00e4hren zunehmend jungen ukrainischen M\u00e4nnern Schutz - vof-news.eu","isPartOf":{"@id":"https:\/\/vof-news.eu\/de\/#website"},"primaryImageOfPage":{"@id":"https:\/\/vof-news.eu\/de\/eu-lander-gewahren-zunehmend-jungen-ukrainischen-mannern-schutz\/#primaryimage"},"image":{"@id":"https:\/\/vof-news.eu\/de\/eu-lander-gewahren-zunehmend-jungen-ukrainischen-mannern-schutz\/#primaryimage"},"thumbnailUrl":"https:\/\/vof-news.eu\/wp-content\/uploads\/2025\/11\/wide__1000x562-26.jpg","datePublished":"2025-11-10T12:28:09+00:00","dateModified":"2025-11-10T12:29:31+00:00","author":{"@id":"https:\/\/vof-news.eu\/de\/#\/schema\/person\/f6a2a4309f0561835797fd8c19b333ed"},"description":"Im September haben so viele Menschen aus der Ukraine Schutz in der Europ\u00e4ischen Union erhalten wie seit zwei Jahren nicht mehr. Wie das europ\u00e4ische Statistikamt Eurostat mitteilte, wurden 79.205 Antr\u00e4ge auf vor\u00fcbergehenden Schutz genehmigt. Das sind 49 Prozent mehr als im Vormonat und ist die h\u00f6chste Zahl seit August 2023.","breadcrumb":{"@id":"https:\/\/vof-news.eu\/de\/eu-lander-gewahren-zunehmend-jungen-ukrainischen-mannern-schutz\/#breadcrumb"},"inLanguage":"de","potentialAction":[{"@type":"ReadAction","target":["https:\/\/vof-news.eu\/de\/eu-lander-gewahren-zunehmend-jungen-ukrainischen-mannern-schutz\/"]}]},{"@type":"ImageObject","inLanguage":"de","@id":"https:\/\/vof-news.eu\/de\/eu-lander-gewahren-zunehmend-jungen-ukrainischen-mannern-schutz\/#primaryimage","url":"https:\/\/vof-news.eu\/wp-content\/uploads\/2025\/11\/wide__1000x562-26.jpg","contentUrl":"https:\/\/vof-news.eu\/wp-content\/uploads\/2025\/11\/wide__1000x562-26.jpg","width":1000,"height":562},{"@type":"BreadcrumbList","@id":"https:\/\/vof-news.eu\/de\/eu-lander-gewahren-zunehmend-jungen-ukrainischen-mannern-schutz\/#breadcrumb","itemListElement":[{"@type":"ListItem","position":1,"name":"Home","item":"https:\/\/vof-news.eu\/de\/"},{"@type":"ListItem","position":2,"name":"EU-L\u00e4nder gew\u00e4hren zunehmend jungen ukrainischen M\u00e4nnern Schutz"}]},{"@type":"WebSite","@id":"https:\/\/vof-news.eu\/de\/#website","url":"https:\/\/vof-news.eu\/de\/","name":"vof-news.eu","description":"","potentialAction":[{"@type":"SearchAction","target":{"@type":"EntryPoint","urlTemplate":"https:\/\/vof-news.eu\/de\/?s={search_term_string}"},"query-input":"required name=search_term_string"}],"inLanguage":"de"},{"@type":"Person","@id":"https:\/\/vof-news.eu\/de\/#\/schema\/person\/f6a2a4309f0561835797fd8c19b333ed","name":"Author","image":{"@type":"ImageObject","inLanguage":"de","@id":"https:\/\/vof-news.eu\/de\/#\/schema\/person\/image\/","url":"https:\/\/secure.gravatar.com\/avatar\/b67e614b1b25b3e9c0c239efdd2fde5ab015b5affd6f1c3c85911ca4b384e790?s=96&d=mm&r=g","contentUrl":"https:\/\/secure.gravatar.com\/avatar\/b67e614b1b25b3e9c0c239efdd2fde5ab015b5affd6f1c3c85911ca4b384e790?s=96&d=mm&r=g","caption":"Author"},"sameAs":["http:\/\/vof-news.eu"],"url":"https:\/\/vof-news.eu\/de\/author\/zwt6qxnjulxbnyg\/"}]}},"yoast_meta":{"yoast_wpseo_title":"","yoast_wpseo_metadesc":"","yoast_wpseo_canonical":""},"_links":{"self":[{"href":"https:\/\/vof-news.eu\/de\/wp-json\/wp\/v2\/posts\/295512","targetHints":{"allow":["GET"]}}],"collection":[{"href":"https:\/\/vof-news.eu\/de\/wp-json\/wp\/v2\/posts"}],"about":[{"href":"https:\/\/vof-news.eu\/de\/wp-json\/wp\/v2\/types\/post"}],"author":[{"embeddable":true,"href":"https:\/\/vof-news.eu\/de\/wp-json\/wp\/v2\/users\/1"}],"replies":[{"embeddable":true,"href":"https:\/\/vof-news.eu\/de\/wp-json\/wp\/v2\/comments?post=295512"}],"version-history":[{"count":1,"href":"https:\/\/vof-news.eu\/de\/wp-json\/wp\/v2\/posts\/295512\/revisions"}],"predecessor-version":[{"id":295519,"href":"https:\/\/vof-news.eu\/de\/wp-json\/wp\/v2\/posts\/295512\/revisions\/295519"}],"wp:featuredmedia":[{"embeddable":true,"href":"https:\/\/vof-news.eu\/de\/wp-json\/wp\/v2\/media\/295513"}],"wp:attachment":[{"href":"https:\/\/vof-news.eu\/de\/wp-json\/wp\/v2\/media?parent=295512"}],"wp:term":[{"taxonomy":"category","embeddable":true,"href":"https:\/\/vof-news.eu\/de\/wp-json\/wp\/v2\/categories?post=295512"},{"taxonomy":"post_tag","embeddable":true,"href":"https:\/\/vof-news.eu\/de\/wp-json\/wp\/v2\/tags?post=295512"}],"curies":[{"name":"wp","href":"https:\/\/api.w.org\/{rel}","templated":true}]}}