{"id":295221,"date":"2025-11-09T09:28:08","date_gmt":"2025-11-09T06:28:08","guid":{"rendered":"https:\/\/vof-news.eu\/wir-furchten-den-winter\/"},"modified":"2025-11-09T09:28:53","modified_gmt":"2025-11-09T06:28:53","slug":"wir-furchten-den-winter","status":"publish","type":"post","link":"https:\/\/vof-news.eu\/de\/wir-furchten-den-winter\/","title":{"rendered":"Wir f\u00fcrchten den Winter"},"content":{"rendered":"<div>\n<p>Wieder stellen wir uns auf den schlimmsten aller <span><a href=\"https:\/\/www.zeit.de\/thema\/winter\" rel=\"nofollow\">Winter<\/a><\/span> ein. Dieses Mal, f\u00fcrchten wir, k\u00f6nnte er wirklich kommen.\n<\/p>\n<p>Es ist erst Anfang November, aber die Gewohnheiten vergangener Winter kehren zur\u00fcck. Wir laden die Lampen auf und die Powerbanks. Wir gie\u00dfen hei\u00dfes Wasser in Thermoskannen, wir kochen vor.\n<\/p>\n<p>Wir essen ukrainischen Borschtsch unter dem Lichtkegel einer Schreibtischlampe. Wir, das sind an diesem Nachmittag meine Freundin Lena, ihre Gro\u00dfmutter und ich. In der Wohnung der 92-J\u00e4hrigen ist der Strom ausgefallen. Es ist erst 16.30 Uhr, aber ohne die aufladbare Schreibtischlampe w\u00e4re der Raum fast dunkel. Die D\u00e4mmerung setzt ein.\n<\/p>\n<p>&#8222;Oma, was machst du normalerweise, wenn der Strom weg ist?&#8220;, fragt Lena.\n<\/p>\n<p>&#8222;Dann lege ich mich ins Bett und warte, bis das Licht wieder angeht.&#8220;\n<\/p>\n<p>Am Vortag hatte ihre Gro\u00dfmutter von 16 bis 19.30 Uhr keinen Strom. An diesem Tag ebenso.\n<\/p>\n<p>Die Gro\u00dfmutter ist fit. Sie hat die Suppe gekocht. Sie tr\u00e4gt spontan ein langes Gedicht des polnischen Dichters Adam Mickiewicz vor. An Nachmittagen guckt sie am liebsten politische Talkshows.\n<\/p>\n<p>&#8222;Wie blicken Sie auf den nahenden Winter?&#8220;, frage ich sie. &#8222;F\u00fcrchten Sie, dass der Strom noch \u00f6fter ausfallen wird?&#8220;\n<\/p>\n<p>&#8222;Ich w\u00fcrde mich daf\u00fcr sch\u00e4men, mich zu beschweren&#8220;, antwortet sie. &#8222;Wir alle m\u00fcssen leiden.&#8220; Was, fragt sie, sollen denn die alten Frauen sagen, die nahe der Front ihr Zuhause verlieren und ihr Leben in eine kleine Tasche verstauen, mit der sie fliehen?\n<\/p>\n<p>Niemand will sich beschweren im Krieg, weil es immer jemanden gibt, dem es schlechter geht: die Familienangeh\u00f6rigen im n\u00f6rdlichen Tschernihiw, wo der Strom noch l\u00e4nger ausf\u00e4llt. Die Freunde mit kleinen Kindern, die kein Geld haben f\u00fcr neue aufladbare Lampen. Rentner, die nicht aus ihrer Wohnung im Hochhaus kommen, weil der Fahrstuhl nicht f\u00e4hrt.\n<\/p>\n<p>Bevor wir gehen, richtet Lena auf dem Handy ihrer Gro\u00dfmutter eine App ein, die ihr anzeigt, wann sie am n\u00e4chsten Tag Strom haben wird. Damit die Dunkelheit f\u00fcr sie nicht aus dem Nichts kommt.\n<\/p>\n<p>Noch laufen die Stromausf\u00e4lle meistens nach Plan. Die <a href=\"https:\/\/www.zeit.de\/politik\/ausland\/2025-11\/ukraine-kriegsveteranen-verletzung-amputation-depressionen-fussball\" rel=\"nofollow\">russischen Angriffe <\/a>mit Drohnen und Raketen haben die Energieinfrastruktur so weit zerst\u00f6rt, dass nicht alle Haushalte in <span><a href=\"https:\/\/www.zeit.de\/thema\/kiew\" rel=\"nofollow\">Kyjiw<\/a><\/span> gleichzeitig mit Strom versorgt werden k\u00f6nnen. Nur kritische Infrastruktur, Krankenh\u00e4user und Ministerien etwa, erhalten pausenlos welchen. Alle anderen wechseln sich ab. Die Stadt informiert am Vorabend, welche Stra\u00dfen zu welcher Uhrzeit ohne Strom auskommen m\u00fcssen.\n<\/p>\n<h2>Unverl\u00e4sslicher Stromplan<\/h2>\n<p>Aber der Zeitplan ist oft nicht verl\u00e4sslich. Der 89-j\u00e4hrige Gro\u00dfvater einer Bekannten, der im 15. Stock lebt, harrte manches Mal im Erdgeschoss aus, weil der Fahrstuhl nicht kam, obwohl er seinen Tag nach dem Stromplan ausgerichtet hatte.\n<\/p>\n<p>Wir Journalisten fragen bei den Beh\u00f6rden und Energieunternehmen immer wieder nach, wie viel von der Infrastruktur besch\u00e4digt worden ist. Sie weichen aus: Das lie\u00dfe sich nicht sagen, denn was zerst\u00f6rt ist, wird wieder repariert. Sie wollen nicht, dass Russland wei\u00df, wie erfolgreich es mit seinen Angriffen war.\n<\/p>\n<p>Das ukrainische Energiesystem galt immer als resilient. Die <span><a href=\"https:\/\/www.zeit.de\/politik\/ausland\/ukraine-krieg-news-liveblog\" rel=\"nofollow\">Ukraine<\/a><\/span> exportierte Energie, dadurch ist ihr Stromnetz gut ausgebaut. F\u00e4llt ein Objekt aus, springt ein anderes ein. Aber wie lange noch?\n<\/p>\n<p>Auf unseren Handys verfolgen wir in Echtzeit, wohin die Raketen und Drohnen fliegen. Oft surren sie \u00fcber unseren D\u00e4chern, manchmal h\u00f6ren wir ihre Einschl\u00e4ge. Sp\u00e4ter lesen wir, wen sie get\u00f6tet und was sie zerst\u00f6rt haben. Leschas Hinterhof. Marias Hausblock. Beide erz\u00e4hlen mir Tage sp\u00e4ter, dass sie kaum fassen k\u00f6nnen, wie knapp es war.\n<\/p>\n<p>Im vierten Jahr des Krieges hat <a href=\"https:\/\/www.zeit.de\/wirtschaft\/2025-10\/russische-wirtschaft-sanktionen-usa-dmitri-nekrasow\" rel=\"nofollow\">Russland seine Strategie <\/a>ge\u00e4ndert: Es greift gezielt Gasanlagen an, damit die Heizungen kalt bleiben. Und es l\u00e4sst seine Drohnen \u00f6fter als fr\u00fcher auf immer dieselben Objekte niedersausen. Arbeiter, die nach einem Einschlag mit den Reparaturen beginnen, werden \u00f6fter durch die n\u00e4chste Drohne get\u00f6tet.\n<\/p>\n<p>In den Nachrichten lesen wir:\n<\/p>\n<p>&#8222;Die Armee des Aggressorlandes Russland griff in der Nacht die Region Mykolajiw mit Schahed-Kampfdrohnen an, was zu Sch\u00e4den an der Energieinfrastruktur f\u00fchrte.&#8220;\n<\/p>\n<p> &#8222;Die gesamte Region Donezk ist ohne Strom. Das Energieministerium berichtet, dass nach Angriffen auf Energieanlagen auch Verbraucher in den Regionen Saporischschja, Charkiw und Tschernihiw teilweise ohne Strom seien.&#8220;\n<\/p>\n<p> &#8222;In der Nacht und am Morgen griff Russland mit Raketen und Drohnen massiv Energieanlagen in vier Regionen der Ukraine an.&#8220;\n<\/p>\n<\/div>\n","protected":false},"excerpt":{"rendered":"<p>Wieder stellen wir uns auf den schlimmsten aller Winter ein. Dieses Mal, f\u00fcrchten wir, k\u00f6nnte er wirklich kommen. Es ist erst Anfang November, aber die Gewohnheiten vergangener Winter kehren zur\u00fcck. Wir laden die Lampen auf und die Powerbanks. Wir gie\u00dfen hei\u00dfes Wasser in Thermoskannen, wir kochen vor. Wir essen ukrainischen Borschtsch unter dem Lichtkegel einer<\/p>\n","protected":false},"author":1,"featured_media":0,"comment_status":"open","ping_status":"open","sticky":false,"template":"","format":"standard","meta":{"footnotes":""},"categories":[116],"tags":[],"class_list":["post-295221","post","type-post","status-publish","format-standard","hentry","category-war-chronicles-de"],"acf":[],"yoast_head":"<!-- This site is optimized with the Yoast SEO plugin v22.9 - https:\/\/yoast.com\/wordpress\/plugins\/seo\/ -->\n<title>Wir f\u00fcrchten den Winter - vof-news.eu<\/title>\n<meta name=\"description\" content=\"Wieder stellen wir uns auf den schlimmsten aller Winter ein. Dieses Mal, f\u00fcrchten wir, k\u00f6nnte er wirklich kommen.\" \/>\n<meta name=\"robots\" content=\"noindex, follow, max-snippet:-1, max-image-preview:large, max-video-preview:-1\" \/>\n<meta property=\"og:locale\" content=\"de_DE\" \/>\n<meta property=\"og:type\" content=\"article\" \/>\n<meta property=\"og:title\" content=\"Wir f\u00fcrchten den Winter - vof-news.eu\" \/>\n<meta property=\"og:description\" content=\"Wieder stellen wir uns auf den schlimmsten aller Winter ein. Dieses Mal, f\u00fcrchten wir, k\u00f6nnte er wirklich kommen.\" \/>\n<meta property=\"og:url\" content=\"https:\/\/vof-news.eu\/de\/wir-furchten-den-winter\/\" \/>\n<meta property=\"og:site_name\" content=\"vof-news.eu\" \/>\n<meta property=\"article:published_time\" content=\"2025-11-09T06:28:08+00:00\" \/>\n<meta property=\"article:modified_time\" content=\"2025-11-09T06:28:53+00:00\" \/>\n<meta name=\"author\" content=\"Author\" \/>\n<meta name=\"twitter:card\" content=\"summary_large_image\" \/>\n<meta name=\"twitter:label1\" content=\"Verfasst von\" \/>\n\t<meta name=\"twitter:data1\" content=\"Author\" \/>\n\t<meta name=\"twitter:label2\" content=\"Gesch\u00e4tzte Lesezeit\" \/>\n\t<meta name=\"twitter:data2\" content=\"4\u00a0Minuten\" \/>\n<script type=\"application\/ld+json\" class=\"yoast-schema-graph\">{\"@context\":\"https:\/\/schema.org\",\"@graph\":[{\"@type\":\"WebPage\",\"@id\":\"https:\/\/vof-news.eu\/de\/wir-furchten-den-winter\/\",\"url\":\"https:\/\/vof-news.eu\/de\/wir-furchten-den-winter\/\",\"name\":\"Wir f\u00fcrchten den Winter - vof-news.eu\",\"isPartOf\":{\"@id\":\"https:\/\/vof-news.eu\/de\/#website\"},\"datePublished\":\"2025-11-09T06:28:08+00:00\",\"dateModified\":\"2025-11-09T06:28:53+00:00\",\"author\":{\"@id\":\"https:\/\/vof-news.eu\/de\/#\/schema\/person\/f6a2a4309f0561835797fd8c19b333ed\"},\"description\":\"Wieder stellen wir uns auf den schlimmsten aller Winter ein. Dieses Mal, f\u00fcrchten wir, k\u00f6nnte er wirklich kommen.\",\"breadcrumb\":{\"@id\":\"https:\/\/vof-news.eu\/de\/wir-furchten-den-winter\/#breadcrumb\"},\"inLanguage\":\"de\",\"potentialAction\":[{\"@type\":\"ReadAction\",\"target\":[\"https:\/\/vof-news.eu\/de\/wir-furchten-den-winter\/\"]}]},{\"@type\":\"BreadcrumbList\",\"@id\":\"https:\/\/vof-news.eu\/de\/wir-furchten-den-winter\/#breadcrumb\",\"itemListElement\":[{\"@type\":\"ListItem\",\"position\":1,\"name\":\"Home\",\"item\":\"https:\/\/vof-news.eu\/de\/\"},{\"@type\":\"ListItem\",\"position\":2,\"name\":\"Wir f\u00fcrchten den Winter\"}]},{\"@type\":\"WebSite\",\"@id\":\"https:\/\/vof-news.eu\/de\/#website\",\"url\":\"https:\/\/vof-news.eu\/de\/\",\"name\":\"vof-news.eu\",\"description\":\"\",\"potentialAction\":[{\"@type\":\"SearchAction\",\"target\":{\"@type\":\"EntryPoint\",\"urlTemplate\":\"https:\/\/vof-news.eu\/de\/?s={search_term_string}\"},\"query-input\":\"required name=search_term_string\"}],\"inLanguage\":\"de\"},{\"@type\":\"Person\",\"@id\":\"https:\/\/vof-news.eu\/de\/#\/schema\/person\/f6a2a4309f0561835797fd8c19b333ed\",\"name\":\"Author\",\"image\":{\"@type\":\"ImageObject\",\"inLanguage\":\"de\",\"@id\":\"https:\/\/vof-news.eu\/de\/#\/schema\/person\/image\/\",\"url\":\"https:\/\/secure.gravatar.com\/avatar\/b67e614b1b25b3e9c0c239efdd2fde5ab015b5affd6f1c3c85911ca4b384e790?s=96&d=mm&r=g\",\"contentUrl\":\"https:\/\/secure.gravatar.com\/avatar\/b67e614b1b25b3e9c0c239efdd2fde5ab015b5affd6f1c3c85911ca4b384e790?s=96&d=mm&r=g\",\"caption\":\"Author\"},\"sameAs\":[\"http:\/\/vof-news.eu\"],\"url\":\"https:\/\/vof-news.eu\/de\/author\/zwt6qxnjulxbnyg\/\"}]}<\/script>\n<!-- \/ Yoast SEO plugin. -->","yoast_head_json":{"title":"Wir f\u00fcrchten den Winter - vof-news.eu","description":"Wieder stellen wir uns auf den schlimmsten aller Winter ein. Dieses Mal, f\u00fcrchten wir, k\u00f6nnte er wirklich kommen.","robots":{"index":"noindex","follow":"follow","max-snippet":"max-snippet:-1","max-image-preview":"max-image-preview:large","max-video-preview":"max-video-preview:-1"},"og_locale":"de_DE","og_type":"article","og_title":"Wir f\u00fcrchten den Winter - vof-news.eu","og_description":"Wieder stellen wir uns auf den schlimmsten aller Winter ein. Dieses Mal, f\u00fcrchten wir, k\u00f6nnte er wirklich kommen.","og_url":"https:\/\/vof-news.eu\/de\/wir-furchten-den-winter\/","og_site_name":"vof-news.eu","article_published_time":"2025-11-09T06:28:08+00:00","article_modified_time":"2025-11-09T06:28:53+00:00","author":"Author","twitter_card":"summary_large_image","twitter_misc":{"Verfasst von":"Author","Gesch\u00e4tzte Lesezeit":"4\u00a0Minuten"},"schema":{"@context":"https:\/\/schema.org","@graph":[{"@type":"WebPage","@id":"https:\/\/vof-news.eu\/de\/wir-furchten-den-winter\/","url":"https:\/\/vof-news.eu\/de\/wir-furchten-den-winter\/","name":"Wir f\u00fcrchten den Winter - vof-news.eu","isPartOf":{"@id":"https:\/\/vof-news.eu\/de\/#website"},"datePublished":"2025-11-09T06:28:08+00:00","dateModified":"2025-11-09T06:28:53+00:00","author":{"@id":"https:\/\/vof-news.eu\/de\/#\/schema\/person\/f6a2a4309f0561835797fd8c19b333ed"},"description":"Wieder stellen wir uns auf den schlimmsten aller Winter ein. Dieses Mal, f\u00fcrchten wir, k\u00f6nnte er wirklich kommen.","breadcrumb":{"@id":"https:\/\/vof-news.eu\/de\/wir-furchten-den-winter\/#breadcrumb"},"inLanguage":"de","potentialAction":[{"@type":"ReadAction","target":["https:\/\/vof-news.eu\/de\/wir-furchten-den-winter\/"]}]},{"@type":"BreadcrumbList","@id":"https:\/\/vof-news.eu\/de\/wir-furchten-den-winter\/#breadcrumb","itemListElement":[{"@type":"ListItem","position":1,"name":"Home","item":"https:\/\/vof-news.eu\/de\/"},{"@type":"ListItem","position":2,"name":"Wir f\u00fcrchten den Winter"}]},{"@type":"WebSite","@id":"https:\/\/vof-news.eu\/de\/#website","url":"https:\/\/vof-news.eu\/de\/","name":"vof-news.eu","description":"","potentialAction":[{"@type":"SearchAction","target":{"@type":"EntryPoint","urlTemplate":"https:\/\/vof-news.eu\/de\/?s={search_term_string}"},"query-input":"required name=search_term_string"}],"inLanguage":"de"},{"@type":"Person","@id":"https:\/\/vof-news.eu\/de\/#\/schema\/person\/f6a2a4309f0561835797fd8c19b333ed","name":"Author","image":{"@type":"ImageObject","inLanguage":"de","@id":"https:\/\/vof-news.eu\/de\/#\/schema\/person\/image\/","url":"https:\/\/secure.gravatar.com\/avatar\/b67e614b1b25b3e9c0c239efdd2fde5ab015b5affd6f1c3c85911ca4b384e790?s=96&d=mm&r=g","contentUrl":"https:\/\/secure.gravatar.com\/avatar\/b67e614b1b25b3e9c0c239efdd2fde5ab015b5affd6f1c3c85911ca4b384e790?s=96&d=mm&r=g","caption":"Author"},"sameAs":["http:\/\/vof-news.eu"],"url":"https:\/\/vof-news.eu\/de\/author\/zwt6qxnjulxbnyg\/"}]}},"yoast_meta":{"yoast_wpseo_title":"","yoast_wpseo_metadesc":"","yoast_wpseo_canonical":""},"_links":{"self":[{"href":"https:\/\/vof-news.eu\/de\/wp-json\/wp\/v2\/posts\/295221","targetHints":{"allow":["GET"]}}],"collection":[{"href":"https:\/\/vof-news.eu\/de\/wp-json\/wp\/v2\/posts"}],"about":[{"href":"https:\/\/vof-news.eu\/de\/wp-json\/wp\/v2\/types\/post"}],"author":[{"embeddable":true,"href":"https:\/\/vof-news.eu\/de\/wp-json\/wp\/v2\/users\/1"}],"replies":[{"embeddable":true,"href":"https:\/\/vof-news.eu\/de\/wp-json\/wp\/v2\/comments?post=295221"}],"version-history":[{"count":1,"href":"https:\/\/vof-news.eu\/de\/wp-json\/wp\/v2\/posts\/295221\/revisions"}],"predecessor-version":[{"id":295222,"href":"https:\/\/vof-news.eu\/de\/wp-json\/wp\/v2\/posts\/295221\/revisions\/295222"}],"wp:attachment":[{"href":"https:\/\/vof-news.eu\/de\/wp-json\/wp\/v2\/media?parent=295221"}],"wp:term":[{"taxonomy":"category","embeddable":true,"href":"https:\/\/vof-news.eu\/de\/wp-json\/wp\/v2\/categories?post=295221"},{"taxonomy":"post_tag","embeddable":true,"href":"https:\/\/vof-news.eu\/de\/wp-json\/wp\/v2\/tags?post=295221"}],"curies":[{"name":"wp","href":"https:\/\/api.w.org\/{rel}","templated":true}]}}