{"id":295006,"date":"2025-11-08T05:28:11","date_gmt":"2025-11-08T02:28:11","guid":{"rendered":"https:\/\/vof-news.eu\/ungarn-laut-orban-von-us-olsanktionen-gegen-russland-ausgenommen-2\/"},"modified":"2025-11-08T05:29:18","modified_gmt":"2025-11-08T02:29:18","slug":"ungarn-laut-orban-von-us-olsanktionen-gegen-russland-ausgenommen-2","status":"publish","type":"post","link":"https:\/\/vof-news.eu\/de\/ungarn-laut-orban-von-us-olsanktionen-gegen-russland-ausgenommen-2\/","title":{"rendered":"Ungarn laut Orb\u00e1n von US-\u00d6lsanktionen gegen Russland ausgenommen"},"content":{"rendered":"<div>\n<p>Ungarn ist laut dessen Regierungschef <span><a href=\"https:\/\/www.zeit.de\/thema\/viktor-orban\" rel=\"nofollow\">Viktor Orb\u00e1n<\/a><\/span> von den US-\u00d6lsanktionen gegen Russland ausgenommen. Das sagte Orb\u00e1n im Anschluss an ein Treffen mit US-Pr\u00e4sident Donald Trump am Freitag im Wei\u00dfen Haus bei einer Pressekonferenz mit ungarischen Medienvertretern. Ungarn unterliege nicht mehr den Sanktionen f\u00fcr den Kauf von russischem Gas aus der\u00a0TurkStream-Pipeline und \u00d6l aus der Druschba-Pipeline, sagte Orb\u00e1n. &#8222;Wir haben den Pr\u00e4sidenten gebeten, die\u00a0Sanktionen\u00a0aufzuheben&#8220;, teilte der Ministerpr\u00e4sident mit. &#8222;Der Pr\u00e4sident hat entschieden, dass die\u00a0Sanktionen\u00a0f\u00fcr diese beiden Pipelines nicht gelten.&#8220; Laut der Nachrichtenagentur Reuters best\u00e4tigte ein Regierungsmitarbeiter die Erteilung der Ausnahmegenehmigung f\u00fcr Ungarn. Sie gelte f\u00fcr ein Jahr, hie\u00df es.\n<\/p>\n<p>Zuvor hatte Trump bereits gesagt, er erw\u00e4ge mit Blick auf die Sanktionen eine derartige Ausnahmeregelung. Die USA pr\u00fcften den Fall, sagte Trump im Rahmen des Treffens mit Orb\u00e1n. Mangels Zugang zu Seeh\u00e4fen sei es f\u00fcr\u00a0<span><a href=\"https:\/\/www.zeit.de\/thema\/ungarn\" rel=\"nofollow\">Ungarn<\/a><\/span> &#8222;sehr schwierig, \u00d6l und Gas aus anderen<br \/>\nRegionen zu beziehen&#8220;, sagte der US-Pr\u00e4sident.\n<\/p>\n<p>Allerdings verl\u00e4uft die Druschba-Pipeline durch die <span><a href=\"https:\/\/www.zeit.de\/politik\/ausland\/ukraine-krieg-news-liveblog\" rel=\"nofollow\">Ukraine<\/a><\/span>. Der ukrainische Pr\u00e4sident Wolodymyr Selenskyj k\u00fcndigte am Freitag an, die Ukraine werde die Russen kein \u00d6l nach Europa verkaufen lassen. Man werde einen Ausweg finden,\u00a0&#8222;sodass es kein russisches \u00d6l in Europa gibt&#8220;, schrieb Selenskyj auf\u00a0der Plattform Telegram.\u00a0\n<\/p>\n<p>Die Ukraine hat schon mehrfach die Druschba-Pipeline auf russischem Gebiet angegriffen. Im August etwa war der Durchfluss von Erd\u00f6l nach Ungarn nach einem ukrainischen Drohnenangriff unterbrochen. Der ungarische Au\u00dfenminister P\u00e9ter Szijj\u00e1rt\u00f3 sprach damals von einem weiteren Angriff auf die Energiesicherheit seines Landes.\u00a0\n<\/p>\n<p>Die USA hatten Ende Oktober <a href=\"https:\/\/www.zeit.de\/politik\/ausland\/2025-10\/usa-sanktionen-russland-oelkonzerne-ukraine-krieg\" rel=\"nofollow\">Sanktionen gegen die beiden russischen \u00d6lkonzerne Rosneft und Lukoil verh\u00e4ngt<\/a>. Die US-Regierung begr\u00fcndete<br \/>\ndies mit der Weigerung des russischen Pr\u00e4sidenten Wladimir Putin, den Krieg<br \/>\ngegen die Ukraine zu beenden.\n<\/p>\n<h2>Ungarn und Slowakei beziehen weiter \u00d6l aus Russland<\/h2>\n<p>Zuvor hatte Trump<br \/>\nanderen EU-L\u00e4ndern mit Meereszugang vorgeworfen, weiter Energie aus <span><a href=\"https:\/\/www.zeit.de\/thema\/russland\" rel=\"nofollow\">Russland<\/a><\/span> zu<br \/>\nbeziehen. &#8222;Das st\u00f6rt mich sehr, weil wir ihnen helfen, und sie gehen hin<br \/>\nund kaufen \u00d6l und Gas aus Russland&#8220;, sagte er.\n<\/p>\n<p>Dabei hatten die EU-Staaten nach der russischen Invasion in die Ukraine <a href=\"https:\/\/www.zeit.de\/politik\/ausland\/2022-12\/preisdeckel-russisches-oel-eu-g7\" rel=\"nofollow\">ein weitgehendes<br \/>\nEinfuhrverbot f\u00fcr russisches \u00d6l erlassen<\/a>. Der EU-Kommission zufolge sank der<br \/>\nAnteil der EU-Erd\u00f6limporte aus Russland dadurch von 29 Prozent im ersten<br \/>\nQuartal 2021 auf zwei Prozent im zweiten Quartal 2025.\n<\/p>\n<p>Von den EU-Staaten beziehen Ungarn und die Slowakei weiter<br \/>\ngro\u00dfe Mengen russischen \u00d6ls \u00fcber die Druschba-Pipeline. Au\u00dferdem kauft Ungarn<br \/>\nweiter im gro\u00dfen Stil Erdgas aus Russland. In Ungarn werde zu 90 Prozent mit Gas geheizt, sagte Orb\u00e1n zur Begr\u00fcndung.\n<\/p>\n<h2>Trump lobt Orb\u00e1n f\u00fcr Migrationspolitik<\/h2>\n<p><span><a href=\"https:\/\/www.zeit.de\/thema\/donald-trump\" rel=\"nofollow\">Trump<\/a><\/span> bezeichnete den rechtsnationalistischen Regierungschef bei dem Treffen als einen &#8222;gro\u00dfartigen<br \/>\nAnf\u00fchrer&#8220;. Die anderen europ\u00e4ischen L\u00e4nder sollten Ungarn mehr<br \/>\nrespektieren, sagte der US-Pr\u00e4sident. Orb\u00e1n\u00a0habe<br \/>\n&#8222;Recht bei der Einwanderung&#8220; gehabt. Die Migration in seinem Land liege bei &#8222;null&#8220;, sagte der ungarische Regierungschef.\n<\/p>\n<p>Orb\u00e1n\u00a0sieht sich als engsten<br \/>\nVerb\u00fcndeten des US-Pr\u00e4sidenten in der EU. Zudem steht er dem russischen<br \/>\nPr\u00e4sidenten Putin nahe. Aus diesem Grund werde er mit\u00a0Orb\u00e1n\u00a0auch \u00fcber seine Bem\u00fchungen um eine Waffenruhe im Ukrainekrieg sprechen, sagte Trump. &#8222;Er versteht Putin und kennt ihn sehr<br \/>\ngut.&#8220;\n<\/p>\n<p>Zuvor hatte der US-Pr\u00e4sident ein Treffen mit Putin in der<br \/>\nungarischen Hauptstadt Budapest angek\u00fcndigt, dieses aufgrund geringer<br \/>\nErfolgsaussichten dann aber kurzfristig wieder abgesagt.\n<\/p>\n<\/div>\n","protected":false},"excerpt":{"rendered":"<p>Ungarn ist laut dessen Regierungschef Viktor Orb\u00e1n von den US-\u00d6lsanktionen gegen Russland ausgenommen. Das sagte Orb\u00e1n im Anschluss an ein Treffen mit US-Pr\u00e4sident Donald Trump am Freitag im Wei\u00dfen Haus bei einer Pressekonferenz mit ungarischen Medienvertretern. Ungarn unterliege nicht mehr den Sanktionen f\u00fcr den Kauf von russischem Gas aus der\u00a0TurkStream-Pipeline und \u00d6l aus der Druschba-Pipeline,<\/p>\n","protected":false},"author":1,"featured_media":295007,"comment_status":"open","ping_status":"open","sticky":false,"template":"","format":"standard","meta":{"footnotes":""},"categories":[116],"tags":[],"class_list":["post-295006","post","type-post","status-publish","format-standard","has-post-thumbnail","hentry","category-war-chronicles-de"],"acf":[],"yoast_head":"<!-- This site is optimized with the Yoast SEO plugin v22.9 - https:\/\/yoast.com\/wordpress\/plugins\/seo\/ -->\n<title>Ungarn laut Orb\u00e1n von US-\u00d6lsanktionen gegen Russland ausgenommen - vof-news.eu<\/title>\n<meta name=\"description\" content=\"Ungarn ist laut dessen Regierungschef Viktor Orb\u00e1n von den US-\u00d6lsanktionen gegen Russland ausgenommen. Das sagte Orb\u00e1n im Anschluss an ein Treffen mit US-Pr\u00e4sident Donald Trump am Freitag im Wei\u00dfen Haus bei einer Pressekonferenz mit ungarischen Medienvertretern. Ungarn unterliege nicht mehr den Sanktionen f\u00fcr den Kauf von russischem Gas aus der\u00a0TurkStream-Pipeline und \u00d6l aus der Druschba-Pipeline, sagte Orb\u00e1n. &quot;Wir haben den Pr\u00e4sidenten gebeten, die\u00a0Sanktionen\u00a0aufzuheben&quot;, teilte der Ministerpr\u00e4sident mit. &quot;Der Pr\u00e4sident hat entschieden, dass die\u00a0Sanktionen\u00a0f\u00fcr diese beiden Pipelines nicht gelten.&quot; Laut der Nachrichtenagentur Reuters best\u00e4tigte ein Regierungsmitarbeiter die Erteilung der Ausnahmegenehmigung f\u00fcr Ungarn. Sie gelte f\u00fcr ein Jahr, hie\u00df es.\" \/>\n<meta name=\"robots\" content=\"noindex, follow, max-snippet:-1, max-image-preview:large, max-video-preview:-1\" \/>\n<meta property=\"og:locale\" content=\"de_DE\" \/>\n<meta property=\"og:type\" content=\"article\" \/>\n<meta property=\"og:title\" content=\"Ungarn laut Orb\u00e1n von US-\u00d6lsanktionen gegen Russland ausgenommen - vof-news.eu\" \/>\n<meta property=\"og:description\" content=\"Ungarn ist laut dessen Regierungschef Viktor Orb\u00e1n von den US-\u00d6lsanktionen gegen Russland ausgenommen. Das sagte Orb\u00e1n im Anschluss an ein Treffen mit US-Pr\u00e4sident Donald Trump am Freitag im Wei\u00dfen Haus bei einer Pressekonferenz mit ungarischen Medienvertretern. Ungarn unterliege nicht mehr den Sanktionen f\u00fcr den Kauf von russischem Gas aus der\u00a0TurkStream-Pipeline und \u00d6l aus der Druschba-Pipeline, sagte Orb\u00e1n. &quot;Wir haben den Pr\u00e4sidenten gebeten, die\u00a0Sanktionen\u00a0aufzuheben&quot;, teilte der Ministerpr\u00e4sident mit. &quot;Der Pr\u00e4sident hat entschieden, dass die\u00a0Sanktionen\u00a0f\u00fcr diese beiden Pipelines nicht gelten.&quot; Laut der Nachrichtenagentur Reuters best\u00e4tigte ein Regierungsmitarbeiter die Erteilung der Ausnahmegenehmigung f\u00fcr Ungarn. Sie gelte f\u00fcr ein Jahr, hie\u00df es.\" \/>\n<meta property=\"og:url\" content=\"https:\/\/vof-news.eu\/de\/ungarn-laut-orban-von-us-olsanktionen-gegen-russland-ausgenommen-2\/\" \/>\n<meta property=\"og:site_name\" content=\"vof-news.eu\" \/>\n<meta property=\"article:published_time\" content=\"2025-11-08T02:28:11+00:00\" \/>\n<meta property=\"article:modified_time\" content=\"2025-11-08T02:29:18+00:00\" \/>\n<meta property=\"og:image\" content=\"https:\/\/vof-news.eu\/wp-content\/uploads\/2025\/11\/wide__1000x562-21.jpg\" \/>\n\t<meta property=\"og:image:width\" content=\"1000\" \/>\n\t<meta property=\"og:image:height\" content=\"562\" \/>\n\t<meta property=\"og:image:type\" content=\"image\/jpeg\" \/>\n<meta name=\"author\" content=\"Author\" \/>\n<meta name=\"twitter:card\" content=\"summary_large_image\" \/>\n<meta name=\"twitter:label1\" content=\"Verfasst von\" \/>\n\t<meta name=\"twitter:data1\" content=\"Author\" \/>\n\t<meta name=\"twitter:label2\" content=\"Gesch\u00e4tzte Lesezeit\" \/>\n\t<meta name=\"twitter:data2\" content=\"3\u00a0Minuten\" \/>\n<script type=\"application\/ld+json\" class=\"yoast-schema-graph\">{\"@context\":\"https:\/\/schema.org\",\"@graph\":[{\"@type\":\"WebPage\",\"@id\":\"https:\/\/vof-news.eu\/de\/ungarn-laut-orban-von-us-olsanktionen-gegen-russland-ausgenommen-2\/\",\"url\":\"https:\/\/vof-news.eu\/de\/ungarn-laut-orban-von-us-olsanktionen-gegen-russland-ausgenommen-2\/\",\"name\":\"Ungarn laut Orb\u00e1n von US-\u00d6lsanktionen gegen Russland ausgenommen - vof-news.eu\",\"isPartOf\":{\"@id\":\"https:\/\/vof-news.eu\/de\/#website\"},\"primaryImageOfPage\":{\"@id\":\"https:\/\/vof-news.eu\/de\/ungarn-laut-orban-von-us-olsanktionen-gegen-russland-ausgenommen-2\/#primaryimage\"},\"image\":{\"@id\":\"https:\/\/vof-news.eu\/de\/ungarn-laut-orban-von-us-olsanktionen-gegen-russland-ausgenommen-2\/#primaryimage\"},\"thumbnailUrl\":\"https:\/\/vof-news.eu\/wp-content\/uploads\/2025\/11\/wide__1000x562-21.jpg\",\"datePublished\":\"2025-11-08T02:28:11+00:00\",\"dateModified\":\"2025-11-08T02:29:18+00:00\",\"author\":{\"@id\":\"https:\/\/vof-news.eu\/de\/#\/schema\/person\/f6a2a4309f0561835797fd8c19b333ed\"},\"description\":\"Ungarn ist laut dessen Regierungschef Viktor Orb\u00e1n von den US-\u00d6lsanktionen gegen Russland ausgenommen. Das sagte Orb\u00e1n im Anschluss an ein Treffen mit US-Pr\u00e4sident Donald Trump am Freitag im Wei\u00dfen Haus bei einer Pressekonferenz mit ungarischen Medienvertretern. Ungarn unterliege nicht mehr den Sanktionen f\u00fcr den Kauf von russischem Gas aus der\u00a0TurkStream-Pipeline und \u00d6l aus der Druschba-Pipeline, sagte Orb\u00e1n. \\\"Wir haben den Pr\u00e4sidenten gebeten, die\u00a0Sanktionen\u00a0aufzuheben\\\", teilte der Ministerpr\u00e4sident mit. \\\"Der Pr\u00e4sident hat entschieden, dass die\u00a0Sanktionen\u00a0f\u00fcr diese beiden Pipelines nicht gelten.\\\" Laut der Nachrichtenagentur Reuters best\u00e4tigte ein Regierungsmitarbeiter die Erteilung der Ausnahmegenehmigung f\u00fcr Ungarn. Sie gelte f\u00fcr ein Jahr, hie\u00df es.\",\"breadcrumb\":{\"@id\":\"https:\/\/vof-news.eu\/de\/ungarn-laut-orban-von-us-olsanktionen-gegen-russland-ausgenommen-2\/#breadcrumb\"},\"inLanguage\":\"de\",\"potentialAction\":[{\"@type\":\"ReadAction\",\"target\":[\"https:\/\/vof-news.eu\/de\/ungarn-laut-orban-von-us-olsanktionen-gegen-russland-ausgenommen-2\/\"]}]},{\"@type\":\"ImageObject\",\"inLanguage\":\"de\",\"@id\":\"https:\/\/vof-news.eu\/de\/ungarn-laut-orban-von-us-olsanktionen-gegen-russland-ausgenommen-2\/#primaryimage\",\"url\":\"https:\/\/vof-news.eu\/wp-content\/uploads\/2025\/11\/wide__1000x562-21.jpg\",\"contentUrl\":\"https:\/\/vof-news.eu\/wp-content\/uploads\/2025\/11\/wide__1000x562-21.jpg\",\"width\":1000,\"height\":562},{\"@type\":\"BreadcrumbList\",\"@id\":\"https:\/\/vof-news.eu\/de\/ungarn-laut-orban-von-us-olsanktionen-gegen-russland-ausgenommen-2\/#breadcrumb\",\"itemListElement\":[{\"@type\":\"ListItem\",\"position\":1,\"name\":\"Home\",\"item\":\"https:\/\/vof-news.eu\/de\/\"},{\"@type\":\"ListItem\",\"position\":2,\"name\":\"Ungarn laut Orb\u00e1n von US-\u00d6lsanktionen gegen Russland ausgenommen\"}]},{\"@type\":\"WebSite\",\"@id\":\"https:\/\/vof-news.eu\/de\/#website\",\"url\":\"https:\/\/vof-news.eu\/de\/\",\"name\":\"vof-news.eu\",\"description\":\"\",\"potentialAction\":[{\"@type\":\"SearchAction\",\"target\":{\"@type\":\"EntryPoint\",\"urlTemplate\":\"https:\/\/vof-news.eu\/de\/?s={search_term_string}\"},\"query-input\":\"required name=search_term_string\"}],\"inLanguage\":\"de\"},{\"@type\":\"Person\",\"@id\":\"https:\/\/vof-news.eu\/de\/#\/schema\/person\/f6a2a4309f0561835797fd8c19b333ed\",\"name\":\"Author\",\"image\":{\"@type\":\"ImageObject\",\"inLanguage\":\"de\",\"@id\":\"https:\/\/vof-news.eu\/de\/#\/schema\/person\/image\/\",\"url\":\"https:\/\/secure.gravatar.com\/avatar\/b67e614b1b25b3e9c0c239efdd2fde5ab015b5affd6f1c3c85911ca4b384e790?s=96&d=mm&r=g\",\"contentUrl\":\"https:\/\/secure.gravatar.com\/avatar\/b67e614b1b25b3e9c0c239efdd2fde5ab015b5affd6f1c3c85911ca4b384e790?s=96&d=mm&r=g\",\"caption\":\"Author\"},\"sameAs\":[\"http:\/\/vof-news.eu\"],\"url\":\"https:\/\/vof-news.eu\/de\/author\/zwt6qxnjulxbnyg\/\"}]}<\/script>\n<!-- \/ Yoast SEO plugin. -->","yoast_head_json":{"title":"Ungarn laut Orb\u00e1n von US-\u00d6lsanktionen gegen Russland ausgenommen - vof-news.eu","description":"Ungarn ist laut dessen Regierungschef Viktor Orb\u00e1n von den US-\u00d6lsanktionen gegen Russland ausgenommen. Das sagte Orb\u00e1n im Anschluss an ein Treffen mit US-Pr\u00e4sident Donald Trump am Freitag im Wei\u00dfen Haus bei einer Pressekonferenz mit ungarischen Medienvertretern. Ungarn unterliege nicht mehr den Sanktionen f\u00fcr den Kauf von russischem Gas aus der\u00a0TurkStream-Pipeline und \u00d6l aus der Druschba-Pipeline, sagte Orb\u00e1n. \"Wir haben den Pr\u00e4sidenten gebeten, die\u00a0Sanktionen\u00a0aufzuheben\", teilte der Ministerpr\u00e4sident mit. \"Der Pr\u00e4sident hat entschieden, dass die\u00a0Sanktionen\u00a0f\u00fcr diese beiden Pipelines nicht gelten.\" Laut der Nachrichtenagentur Reuters best\u00e4tigte ein Regierungsmitarbeiter die Erteilung der Ausnahmegenehmigung f\u00fcr Ungarn. Sie gelte f\u00fcr ein Jahr, hie\u00df es.","robots":{"index":"noindex","follow":"follow","max-snippet":"max-snippet:-1","max-image-preview":"max-image-preview:large","max-video-preview":"max-video-preview:-1"},"og_locale":"de_DE","og_type":"article","og_title":"Ungarn laut Orb\u00e1n von US-\u00d6lsanktionen gegen Russland ausgenommen - vof-news.eu","og_description":"Ungarn ist laut dessen Regierungschef Viktor Orb\u00e1n von den US-\u00d6lsanktionen gegen Russland ausgenommen. Das sagte Orb\u00e1n im Anschluss an ein Treffen mit US-Pr\u00e4sident Donald Trump am Freitag im Wei\u00dfen Haus bei einer Pressekonferenz mit ungarischen Medienvertretern. Ungarn unterliege nicht mehr den Sanktionen f\u00fcr den Kauf von russischem Gas aus der\u00a0TurkStream-Pipeline und \u00d6l aus der Druschba-Pipeline, sagte Orb\u00e1n. \"Wir haben den Pr\u00e4sidenten gebeten, die\u00a0Sanktionen\u00a0aufzuheben\", teilte der Ministerpr\u00e4sident mit. \"Der Pr\u00e4sident hat entschieden, dass die\u00a0Sanktionen\u00a0f\u00fcr diese beiden Pipelines nicht gelten.\" Laut der Nachrichtenagentur Reuters best\u00e4tigte ein Regierungsmitarbeiter die Erteilung der Ausnahmegenehmigung f\u00fcr Ungarn. Sie gelte f\u00fcr ein Jahr, hie\u00df es.","og_url":"https:\/\/vof-news.eu\/de\/ungarn-laut-orban-von-us-olsanktionen-gegen-russland-ausgenommen-2\/","og_site_name":"vof-news.eu","article_published_time":"2025-11-08T02:28:11+00:00","article_modified_time":"2025-11-08T02:29:18+00:00","og_image":[{"width":1000,"height":562,"url":"https:\/\/vof-news.eu\/wp-content\/uploads\/2025\/11\/wide__1000x562-21.jpg","type":"image\/jpeg"}],"author":"Author","twitter_card":"summary_large_image","twitter_misc":{"Verfasst von":"Author","Gesch\u00e4tzte Lesezeit":"3\u00a0Minuten"},"schema":{"@context":"https:\/\/schema.org","@graph":[{"@type":"WebPage","@id":"https:\/\/vof-news.eu\/de\/ungarn-laut-orban-von-us-olsanktionen-gegen-russland-ausgenommen-2\/","url":"https:\/\/vof-news.eu\/de\/ungarn-laut-orban-von-us-olsanktionen-gegen-russland-ausgenommen-2\/","name":"Ungarn laut Orb\u00e1n von US-\u00d6lsanktionen gegen Russland ausgenommen - vof-news.eu","isPartOf":{"@id":"https:\/\/vof-news.eu\/de\/#website"},"primaryImageOfPage":{"@id":"https:\/\/vof-news.eu\/de\/ungarn-laut-orban-von-us-olsanktionen-gegen-russland-ausgenommen-2\/#primaryimage"},"image":{"@id":"https:\/\/vof-news.eu\/de\/ungarn-laut-orban-von-us-olsanktionen-gegen-russland-ausgenommen-2\/#primaryimage"},"thumbnailUrl":"https:\/\/vof-news.eu\/wp-content\/uploads\/2025\/11\/wide__1000x562-21.jpg","datePublished":"2025-11-08T02:28:11+00:00","dateModified":"2025-11-08T02:29:18+00:00","author":{"@id":"https:\/\/vof-news.eu\/de\/#\/schema\/person\/f6a2a4309f0561835797fd8c19b333ed"},"description":"Ungarn ist laut dessen Regierungschef Viktor Orb\u00e1n von den US-\u00d6lsanktionen gegen Russland ausgenommen. Das sagte Orb\u00e1n im Anschluss an ein Treffen mit US-Pr\u00e4sident Donald Trump am Freitag im Wei\u00dfen Haus bei einer Pressekonferenz mit ungarischen Medienvertretern. Ungarn unterliege nicht mehr den Sanktionen f\u00fcr den Kauf von russischem Gas aus der\u00a0TurkStream-Pipeline und \u00d6l aus der Druschba-Pipeline, sagte Orb\u00e1n. \"Wir haben den Pr\u00e4sidenten gebeten, die\u00a0Sanktionen\u00a0aufzuheben\", teilte der Ministerpr\u00e4sident mit. \"Der Pr\u00e4sident hat entschieden, dass die\u00a0Sanktionen\u00a0f\u00fcr diese beiden Pipelines nicht gelten.\" Laut der Nachrichtenagentur Reuters best\u00e4tigte ein Regierungsmitarbeiter die Erteilung der Ausnahmegenehmigung f\u00fcr Ungarn. Sie gelte f\u00fcr ein Jahr, hie\u00df es.","breadcrumb":{"@id":"https:\/\/vof-news.eu\/de\/ungarn-laut-orban-von-us-olsanktionen-gegen-russland-ausgenommen-2\/#breadcrumb"},"inLanguage":"de","potentialAction":[{"@type":"ReadAction","target":["https:\/\/vof-news.eu\/de\/ungarn-laut-orban-von-us-olsanktionen-gegen-russland-ausgenommen-2\/"]}]},{"@type":"ImageObject","inLanguage":"de","@id":"https:\/\/vof-news.eu\/de\/ungarn-laut-orban-von-us-olsanktionen-gegen-russland-ausgenommen-2\/#primaryimage","url":"https:\/\/vof-news.eu\/wp-content\/uploads\/2025\/11\/wide__1000x562-21.jpg","contentUrl":"https:\/\/vof-news.eu\/wp-content\/uploads\/2025\/11\/wide__1000x562-21.jpg","width":1000,"height":562},{"@type":"BreadcrumbList","@id":"https:\/\/vof-news.eu\/de\/ungarn-laut-orban-von-us-olsanktionen-gegen-russland-ausgenommen-2\/#breadcrumb","itemListElement":[{"@type":"ListItem","position":1,"name":"Home","item":"https:\/\/vof-news.eu\/de\/"},{"@type":"ListItem","position":2,"name":"Ungarn laut Orb\u00e1n von US-\u00d6lsanktionen gegen Russland ausgenommen"}]},{"@type":"WebSite","@id":"https:\/\/vof-news.eu\/de\/#website","url":"https:\/\/vof-news.eu\/de\/","name":"vof-news.eu","description":"","potentialAction":[{"@type":"SearchAction","target":{"@type":"EntryPoint","urlTemplate":"https:\/\/vof-news.eu\/de\/?s={search_term_string}"},"query-input":"required name=search_term_string"}],"inLanguage":"de"},{"@type":"Person","@id":"https:\/\/vof-news.eu\/de\/#\/schema\/person\/f6a2a4309f0561835797fd8c19b333ed","name":"Author","image":{"@type":"ImageObject","inLanguage":"de","@id":"https:\/\/vof-news.eu\/de\/#\/schema\/person\/image\/","url":"https:\/\/secure.gravatar.com\/avatar\/b67e614b1b25b3e9c0c239efdd2fde5ab015b5affd6f1c3c85911ca4b384e790?s=96&d=mm&r=g","contentUrl":"https:\/\/secure.gravatar.com\/avatar\/b67e614b1b25b3e9c0c239efdd2fde5ab015b5affd6f1c3c85911ca4b384e790?s=96&d=mm&r=g","caption":"Author"},"sameAs":["http:\/\/vof-news.eu"],"url":"https:\/\/vof-news.eu\/de\/author\/zwt6qxnjulxbnyg\/"}]}},"yoast_meta":{"yoast_wpseo_title":"","yoast_wpseo_metadesc":"","yoast_wpseo_canonical":""},"_links":{"self":[{"href":"https:\/\/vof-news.eu\/de\/wp-json\/wp\/v2\/posts\/295006","targetHints":{"allow":["GET"]}}],"collection":[{"href":"https:\/\/vof-news.eu\/de\/wp-json\/wp\/v2\/posts"}],"about":[{"href":"https:\/\/vof-news.eu\/de\/wp-json\/wp\/v2\/types\/post"}],"author":[{"embeddable":true,"href":"https:\/\/vof-news.eu\/de\/wp-json\/wp\/v2\/users\/1"}],"replies":[{"embeddable":true,"href":"https:\/\/vof-news.eu\/de\/wp-json\/wp\/v2\/comments?post=295006"}],"version-history":[{"count":1,"href":"https:\/\/vof-news.eu\/de\/wp-json\/wp\/v2\/posts\/295006\/revisions"}],"predecessor-version":[{"id":295013,"href":"https:\/\/vof-news.eu\/de\/wp-json\/wp\/v2\/posts\/295006\/revisions\/295013"}],"wp:featuredmedia":[{"embeddable":true,"href":"https:\/\/vof-news.eu\/de\/wp-json\/wp\/v2\/media\/295007"}],"wp:attachment":[{"href":"https:\/\/vof-news.eu\/de\/wp-json\/wp\/v2\/media?parent=295006"}],"wp:term":[{"taxonomy":"category","embeddable":true,"href":"https:\/\/vof-news.eu\/de\/wp-json\/wp\/v2\/categories?post=295006"},{"taxonomy":"post_tag","embeddable":true,"href":"https:\/\/vof-news.eu\/de\/wp-json\/wp\/v2\/tags?post=295006"}],"curies":[{"name":"wp","href":"https:\/\/api.w.org\/{rel}","templated":true}]}}