{"id":294929,"date":"2025-11-07T19:30:59","date_gmt":"2025-11-07T16:30:59","guid":{"rendered":"https:\/\/vof-news.eu\/die-angst-vor-dem-blackout-ist-zuruck\/"},"modified":"2025-11-07T19:31:33","modified_gmt":"2025-11-07T16:31:33","slug":"die-angst-vor-dem-blackout-ist-zuruck","status":"publish","type":"post","link":"https:\/\/vof-news.eu\/de\/die-angst-vor-dem-blackout-ist-zuruck\/","title":{"rendered":"Die Angst vor dem Blackout ist zur\u00fcck"},"content":{"rendered":"<div>\n<p>Wenn Olexander K. aus dem ukrainischen Tschernihiw \u00fcber die Lage in seiner Stadt redet, dann w\u00e4hlt er seine Worte mit Bedacht. Das Leben sei dort\u00a0gerade sehr aufreibend, sagt der 50-j\u00e4hrige Ukrainer nach einer kurzen Denkpause im Telefongespr\u00e4ch mit der ZEIT. Schlimmer sei es nur in den ersten Wochen des Krieges gewesen.\u00a0\n<\/p>\n<p>Damals hatten russische Truppen die 300.000-Einwohner-Stadt fast zwei Monate lang belagert, bis sie sich schlie\u00dflich geschlagen zur\u00fcckziehen mussten. Seit Kurzem aber attackiert <span><a href=\"https:\/\/www.zeit.de\/thema\/russland\" rel=\"nofollow\">Russland<\/a><\/span> Tschernihiw wieder beinahe t\u00e4glich, diesmal aus der Luft. &#8222;Nachdem russische Raketen ein Kraftwerk und einige Umspannwerke in unserer Region getroffen haben, f\u00e4llt der Strom nun oft in der gesamten Stadt stundenlang aus. Das hei\u00dft auch, dass dann kein Wasser mehr aus der Leitung flie\u00dft und die Stra\u00dfen abends dunkel bleiben&#8220;, berichtet K. &#8222;Wir schlafen wieder regelm\u00e4\u00dfig im Hausflur, weil die Zwischenw\u00e4nde Schutz bieten, falls eine Drohne das Haus trifft.&#8220;\u00a0\n<\/p>\n<p>Seinen vollen Namen will K. nicht in der Zeitung sehen. Denn vor einigen Tagen hat die Stadtverwaltung in Tschernihiw <a href=\"https:\/\/chernigiv-rada.gov.ua\/news\/id-167629\/\" rel=\"nofollow\">die Bewohner und auch die Medien angewiesen<\/a>, keine Informationen \u00fcber den Zustand der Strom- und Wasserversorgung zu verbreiten. Russlands Milit\u00e4rs sollen nicht erfahren, was ihre Raketen und <span><a href=\"https:\/\/www.zeit.de\/thema\/drohne\" rel=\"nofollow\">Drohnen<\/a><\/span> zerst\u00f6rt und besch\u00e4digt haben.\u00a0\n<\/p>\n<p>Die j\u00fcngsten Angriffe auf Tschernihiw sind Teil des nunmehr dritten und<br \/>\nwohl gef\u00e4hrlichsten Versuchs Russlands, das Energiesystem der <span><a href=\"https:\/\/www.zeit.de\/politik\/ausland\/ukraine-krieg-news-liveblog\" rel=\"nofollow\">Ukraine<\/a><\/span><br \/>\nauszuschalten. Seit dem \u00dcberfall auf die Ukraine im Jahr 2022 hat Russland bereits zwei gro\u00dfe Angriffswellen gestartet: im Herbst 2022 und im Fr\u00fchjahr 2024. Damit wollte der russische Diktator Wladimir Putin die Wirtschaft des Landes l\u00e4hmen und den Widerstand der Menschen brechen. Die Angreifer haben dabei gro\u00dfe Sch\u00e4den angerichtet, aber ihr Ziel bisher nicht erreicht. Von dem Vorhaben abger\u00fcckt sind sie allerdings nicht.\n<\/p>\n<p>Allein im Oktober hatte der Kraftwerksbetreiber DTEK mindestens drei gro\u00dfe Angriffswellen gemeldet. Neben St\u00e4dten wie Tschernihiw, Sumy und Charkiw ist vor allem die Hauptstadt <span><a href=\"https:\/\/www.zeit.de\/thema\/kiew\" rel=\"nofollow\">Kyjiw<\/a><\/span> im Fokus. Im September zerst\u00f6rten insgesamt 19 russische Geran-Drohnen das Trypolska-Kraftwerk im Kyjiwer Umland. Die Anlage wurde bereits 2024 besch\u00e4digt und gerade erst instand gesetzt worden. Am 17. Oktober trafen Drohnen dann ein Kraftwerk direkt in der Hauptstadt Kyjiw. Die schwerste Attacke liegt erst eine Woche zur\u00fcck. Am 30. Oktober wurden gleich drei Kohlekraftwerke besch\u00e4digt. Besonders besorgniserregend jedoch: Am selben Tag trafen russische Drohnen die Umspannwerke der Kernkraftwerke Chmelnyzkyj und Piwdennoukrainsk. Mindestens zwei wichtige Stromleitungen wurden dabei zerst\u00f6rt. Die Internationale Atomenergiebeh\u00f6rde IAEA reagierte alarmiert: &#8222;Die Gefahr f\u00fcr die nukleare Sicherheit bleibt sehr real&#8220;, hei\u00dft <a href=\"https:\/\/www.iaea.org\/newscenter\/pressreleases\/update-324-iaea-director-general-statement-on-situation-in-ukraine\" rel=\"nofollow\">es in einer offiziellen Mitteilung<\/a>.\u00a0\n<\/p>\n<p>Die Angst, dass die ukrainische Energieinfrastruktur irgendwann unter der Last der Angriffe kollabieren k\u00f6nnte, kam seit dem ersten Kriegswinter immer wieder auf. Best\u00e4tigt haben sich die d\u00fcsteren Prognosen bisher nicht. Jurij Koroltschuk, Leiter des Kyjiwer Instituts f\u00fcr Energiestrategien, erkl\u00e4rt die Resilienz so: Die vergangenen Winter waren sehr mild. Au\u00dferdem hat Russland die drei Atomkraftwerke nicht angegriffen, die etwa 50 bis 60 Prozent des ukrainischen Stroms produzieren. Auf der anderen Seite ist auch der Verbrauch gesunken, weil viele Menschen das Land verlassen haben und die Industrie ihre Produktion zur\u00fcckgefahren hat. &#8222;Das hei\u00dft aber nicht, dass all diese Faktoren die Stabilit\u00e4t des Systems auch weiterhin garantieren werden&#8220;, erkl\u00e4rt der Experte. Ein kalter Winter und neue russische Angriffe k\u00f6nnen das Netz irgendwann tats\u00e4chlich an seine Grenzen bringen.\u00a0\n<\/p>\n<p>Koroltschuk sch\u00e4tzt, dass die Produktionskapazit\u00e4ten f\u00fcr Strom und W\u00e4rme nach allen Angriffen und Reparaturen etwa 60 Prozent des Vorkriegsniveaus erreichen. Auf \u00e4hnliche Sch\u00e4tzungen kommt die Internationale Energieagentur IEA in ihrem j\u00fcngsten <a href=\"https:\/\/www.iea.org\/reports\/ukraines-energy-security\/a-pre-winter-assessment\" rel=\"nofollow\">Lagebericht zur Ukraine<\/a>. Vor der russischen Invasion verf\u00fcgte die Ukraine demnach \u00fcber eine Erzeugungskapazit\u00e4t von insgesamt 37 Gigawatt Strom pro Jahr. Nach den beiden gro\u00dfen Angriffswellen Ende 2022 und Anfang 2024 sowie den zwischendurch ausgef\u00fchrten Reparaturen standen Anfang Oktober noch etwa 16,7 GW bereit. Weitere 2,1 GW Strom k\u00f6nnten aus der EU importiert werden. Das reicht nur knapp, um den Bedarf von 16 bis 17 GW zu decken, wie er im vergangenen Winter gemessen wurde. &#8222;In einem \u00fcberdurchschnittlich kalten Winter k\u00f6nnte die Nachfrage auch mehr als 18 GW betragen&#8220;, hei\u00dft es in der IEA-Analyse.\u00a0\n<\/p>\n<\/div>\n","protected":false},"excerpt":{"rendered":"<p>Wenn Olexander K. aus dem ukrainischen Tschernihiw \u00fcber die Lage in seiner Stadt redet, dann w\u00e4hlt er seine Worte mit Bedacht. Das Leben sei dort\u00a0gerade sehr aufreibend, sagt der 50-j\u00e4hrige Ukrainer nach einer kurzen Denkpause im Telefongespr\u00e4ch mit der ZEIT. Schlimmer sei es nur in den ersten Wochen des Krieges gewesen.\u00a0 Damals hatten russische Truppen<\/p>\n","protected":false},"author":1,"featured_media":0,"comment_status":"open","ping_status":"open","sticky":false,"template":"","format":"standard","meta":{"footnotes":""},"categories":[116],"tags":[],"class_list":["post-294929","post","type-post","status-publish","format-standard","hentry","category-war-chronicles-de"],"acf":[],"yoast_head":"<!-- This site is optimized with the Yoast SEO plugin v22.9 - https:\/\/yoast.com\/wordpress\/plugins\/seo\/ -->\n<title>Die Angst vor dem Blackout ist zur\u00fcck - vof-news.eu<\/title>\n<meta name=\"description\" content=\"Wenn Olexander K. aus dem ukrainischen Tschernihiw \u00fcber die Lage in seiner Stadt redet, dann w\u00e4hlt er seine Worte mit Bedacht. Das Leben sei dort\u00a0gerade sehr aufreibend, sagt der 50-j\u00e4hrige Ukrainer nach einer kurzen Denkpause im Telefongespr\u00e4ch mit der ZEIT. Schlimmer sei es nur in den ersten Wochen des Krieges gewesen.\u00a0\" \/>\n<meta name=\"robots\" content=\"noindex, follow, max-snippet:-1, max-image-preview:large, max-video-preview:-1\" \/>\n<meta property=\"og:locale\" content=\"de_DE\" \/>\n<meta property=\"og:type\" content=\"article\" \/>\n<meta property=\"og:title\" content=\"Die Angst vor dem Blackout ist zur\u00fcck - vof-news.eu\" \/>\n<meta property=\"og:description\" content=\"Wenn Olexander K. aus dem ukrainischen Tschernihiw \u00fcber die Lage in seiner Stadt redet, dann w\u00e4hlt er seine Worte mit Bedacht. Das Leben sei dort\u00a0gerade sehr aufreibend, sagt der 50-j\u00e4hrige Ukrainer nach einer kurzen Denkpause im Telefongespr\u00e4ch mit der ZEIT. Schlimmer sei es nur in den ersten Wochen des Krieges gewesen.\u00a0\" \/>\n<meta property=\"og:url\" content=\"https:\/\/vof-news.eu\/de\/die-angst-vor-dem-blackout-ist-zuruck\/\" \/>\n<meta property=\"og:site_name\" content=\"vof-news.eu\" \/>\n<meta property=\"article:published_time\" content=\"2025-11-07T16:30:59+00:00\" \/>\n<meta property=\"article:modified_time\" content=\"2025-11-07T16:31:33+00:00\" \/>\n<meta name=\"author\" content=\"Author\" \/>\n<meta name=\"twitter:card\" content=\"summary_large_image\" \/>\n<meta name=\"twitter:label1\" content=\"Verfasst von\" \/>\n\t<meta name=\"twitter:data1\" content=\"Author\" \/>\n\t<meta name=\"twitter:label2\" content=\"Gesch\u00e4tzte Lesezeit\" \/>\n\t<meta name=\"twitter:data2\" content=\"3\u00a0Minuten\" \/>\n<script type=\"application\/ld+json\" class=\"yoast-schema-graph\">{\"@context\":\"https:\/\/schema.org\",\"@graph\":[{\"@type\":\"WebPage\",\"@id\":\"https:\/\/vof-news.eu\/de\/die-angst-vor-dem-blackout-ist-zuruck\/\",\"url\":\"https:\/\/vof-news.eu\/de\/die-angst-vor-dem-blackout-ist-zuruck\/\",\"name\":\"Die Angst vor dem Blackout ist zur\u00fcck - vof-news.eu\",\"isPartOf\":{\"@id\":\"https:\/\/vof-news.eu\/de\/#website\"},\"datePublished\":\"2025-11-07T16:30:59+00:00\",\"dateModified\":\"2025-11-07T16:31:33+00:00\",\"author\":{\"@id\":\"https:\/\/vof-news.eu\/de\/#\/schema\/person\/f6a2a4309f0561835797fd8c19b333ed\"},\"description\":\"Wenn Olexander K. aus dem ukrainischen Tschernihiw \u00fcber die Lage in seiner Stadt redet, dann w\u00e4hlt er seine Worte mit Bedacht. Das Leben sei dort\u00a0gerade sehr aufreibend, sagt der 50-j\u00e4hrige Ukrainer nach einer kurzen Denkpause im Telefongespr\u00e4ch mit der ZEIT. Schlimmer sei es nur in den ersten Wochen des Krieges gewesen.\u00a0\",\"breadcrumb\":{\"@id\":\"https:\/\/vof-news.eu\/de\/die-angst-vor-dem-blackout-ist-zuruck\/#breadcrumb\"},\"inLanguage\":\"de\",\"potentialAction\":[{\"@type\":\"ReadAction\",\"target\":[\"https:\/\/vof-news.eu\/de\/die-angst-vor-dem-blackout-ist-zuruck\/\"]}]},{\"@type\":\"BreadcrumbList\",\"@id\":\"https:\/\/vof-news.eu\/de\/die-angst-vor-dem-blackout-ist-zuruck\/#breadcrumb\",\"itemListElement\":[{\"@type\":\"ListItem\",\"position\":1,\"name\":\"Home\",\"item\":\"https:\/\/vof-news.eu\/de\/\"},{\"@type\":\"ListItem\",\"position\":2,\"name\":\"Die Angst vor dem Blackout ist zur\u00fcck\"}]},{\"@type\":\"WebSite\",\"@id\":\"https:\/\/vof-news.eu\/de\/#website\",\"url\":\"https:\/\/vof-news.eu\/de\/\",\"name\":\"vof-news.eu\",\"description\":\"\",\"potentialAction\":[{\"@type\":\"SearchAction\",\"target\":{\"@type\":\"EntryPoint\",\"urlTemplate\":\"https:\/\/vof-news.eu\/de\/?s={search_term_string}\"},\"query-input\":\"required name=search_term_string\"}],\"inLanguage\":\"de\"},{\"@type\":\"Person\",\"@id\":\"https:\/\/vof-news.eu\/de\/#\/schema\/person\/f6a2a4309f0561835797fd8c19b333ed\",\"name\":\"Author\",\"image\":{\"@type\":\"ImageObject\",\"inLanguage\":\"de\",\"@id\":\"https:\/\/vof-news.eu\/de\/#\/schema\/person\/image\/\",\"url\":\"https:\/\/secure.gravatar.com\/avatar\/b67e614b1b25b3e9c0c239efdd2fde5ab015b5affd6f1c3c85911ca4b384e790?s=96&d=mm&r=g\",\"contentUrl\":\"https:\/\/secure.gravatar.com\/avatar\/b67e614b1b25b3e9c0c239efdd2fde5ab015b5affd6f1c3c85911ca4b384e790?s=96&d=mm&r=g\",\"caption\":\"Author\"},\"sameAs\":[\"http:\/\/vof-news.eu\"],\"url\":\"https:\/\/vof-news.eu\/de\/author\/zwt6qxnjulxbnyg\/\"}]}<\/script>\n<!-- \/ Yoast SEO plugin. -->","yoast_head_json":{"title":"Die Angst vor dem Blackout ist zur\u00fcck - vof-news.eu","description":"Wenn Olexander K. aus dem ukrainischen Tschernihiw \u00fcber die Lage in seiner Stadt redet, dann w\u00e4hlt er seine Worte mit Bedacht. Das Leben sei dort\u00a0gerade sehr aufreibend, sagt der 50-j\u00e4hrige Ukrainer nach einer kurzen Denkpause im Telefongespr\u00e4ch mit der ZEIT. Schlimmer sei es nur in den ersten Wochen des Krieges gewesen.\u00a0","robots":{"index":"noindex","follow":"follow","max-snippet":"max-snippet:-1","max-image-preview":"max-image-preview:large","max-video-preview":"max-video-preview:-1"},"og_locale":"de_DE","og_type":"article","og_title":"Die Angst vor dem Blackout ist zur\u00fcck - vof-news.eu","og_description":"Wenn Olexander K. aus dem ukrainischen Tschernihiw \u00fcber die Lage in seiner Stadt redet, dann w\u00e4hlt er seine Worte mit Bedacht. Das Leben sei dort\u00a0gerade sehr aufreibend, sagt der 50-j\u00e4hrige Ukrainer nach einer kurzen Denkpause im Telefongespr\u00e4ch mit der ZEIT. Schlimmer sei es nur in den ersten Wochen des Krieges gewesen.\u00a0","og_url":"https:\/\/vof-news.eu\/de\/die-angst-vor-dem-blackout-ist-zuruck\/","og_site_name":"vof-news.eu","article_published_time":"2025-11-07T16:30:59+00:00","article_modified_time":"2025-11-07T16:31:33+00:00","author":"Author","twitter_card":"summary_large_image","twitter_misc":{"Verfasst von":"Author","Gesch\u00e4tzte Lesezeit":"3\u00a0Minuten"},"schema":{"@context":"https:\/\/schema.org","@graph":[{"@type":"WebPage","@id":"https:\/\/vof-news.eu\/de\/die-angst-vor-dem-blackout-ist-zuruck\/","url":"https:\/\/vof-news.eu\/de\/die-angst-vor-dem-blackout-ist-zuruck\/","name":"Die Angst vor dem Blackout ist zur\u00fcck - vof-news.eu","isPartOf":{"@id":"https:\/\/vof-news.eu\/de\/#website"},"datePublished":"2025-11-07T16:30:59+00:00","dateModified":"2025-11-07T16:31:33+00:00","author":{"@id":"https:\/\/vof-news.eu\/de\/#\/schema\/person\/f6a2a4309f0561835797fd8c19b333ed"},"description":"Wenn Olexander K. aus dem ukrainischen Tschernihiw \u00fcber die Lage in seiner Stadt redet, dann w\u00e4hlt er seine Worte mit Bedacht. Das Leben sei dort\u00a0gerade sehr aufreibend, sagt der 50-j\u00e4hrige Ukrainer nach einer kurzen Denkpause im Telefongespr\u00e4ch mit der ZEIT. Schlimmer sei es nur in den ersten Wochen des Krieges gewesen.\u00a0","breadcrumb":{"@id":"https:\/\/vof-news.eu\/de\/die-angst-vor-dem-blackout-ist-zuruck\/#breadcrumb"},"inLanguage":"de","potentialAction":[{"@type":"ReadAction","target":["https:\/\/vof-news.eu\/de\/die-angst-vor-dem-blackout-ist-zuruck\/"]}]},{"@type":"BreadcrumbList","@id":"https:\/\/vof-news.eu\/de\/die-angst-vor-dem-blackout-ist-zuruck\/#breadcrumb","itemListElement":[{"@type":"ListItem","position":1,"name":"Home","item":"https:\/\/vof-news.eu\/de\/"},{"@type":"ListItem","position":2,"name":"Die Angst vor dem Blackout ist zur\u00fcck"}]},{"@type":"WebSite","@id":"https:\/\/vof-news.eu\/de\/#website","url":"https:\/\/vof-news.eu\/de\/","name":"vof-news.eu","description":"","potentialAction":[{"@type":"SearchAction","target":{"@type":"EntryPoint","urlTemplate":"https:\/\/vof-news.eu\/de\/?s={search_term_string}"},"query-input":"required name=search_term_string"}],"inLanguage":"de"},{"@type":"Person","@id":"https:\/\/vof-news.eu\/de\/#\/schema\/person\/f6a2a4309f0561835797fd8c19b333ed","name":"Author","image":{"@type":"ImageObject","inLanguage":"de","@id":"https:\/\/vof-news.eu\/de\/#\/schema\/person\/image\/","url":"https:\/\/secure.gravatar.com\/avatar\/b67e614b1b25b3e9c0c239efdd2fde5ab015b5affd6f1c3c85911ca4b384e790?s=96&d=mm&r=g","contentUrl":"https:\/\/secure.gravatar.com\/avatar\/b67e614b1b25b3e9c0c239efdd2fde5ab015b5affd6f1c3c85911ca4b384e790?s=96&d=mm&r=g","caption":"Author"},"sameAs":["http:\/\/vof-news.eu"],"url":"https:\/\/vof-news.eu\/de\/author\/zwt6qxnjulxbnyg\/"}]}},"yoast_meta":{"yoast_wpseo_title":"","yoast_wpseo_metadesc":"","yoast_wpseo_canonical":""},"_links":{"self":[{"href":"https:\/\/vof-news.eu\/de\/wp-json\/wp\/v2\/posts\/294929","targetHints":{"allow":["GET"]}}],"collection":[{"href":"https:\/\/vof-news.eu\/de\/wp-json\/wp\/v2\/posts"}],"about":[{"href":"https:\/\/vof-news.eu\/de\/wp-json\/wp\/v2\/types\/post"}],"author":[{"embeddable":true,"href":"https:\/\/vof-news.eu\/de\/wp-json\/wp\/v2\/users\/1"}],"replies":[{"embeddable":true,"href":"https:\/\/vof-news.eu\/de\/wp-json\/wp\/v2\/comments?post=294929"}],"version-history":[{"count":1,"href":"https:\/\/vof-news.eu\/de\/wp-json\/wp\/v2\/posts\/294929\/revisions"}],"predecessor-version":[{"id":294930,"href":"https:\/\/vof-news.eu\/de\/wp-json\/wp\/v2\/posts\/294929\/revisions\/294930"}],"wp:attachment":[{"href":"https:\/\/vof-news.eu\/de\/wp-json\/wp\/v2\/media?parent=294929"}],"wp:term":[{"taxonomy":"category","embeddable":true,"href":"https:\/\/vof-news.eu\/de\/wp-json\/wp\/v2\/categories?post=294929"},{"taxonomy":"post_tag","embeddable":true,"href":"https:\/\/vof-news.eu\/de\/wp-json\/wp\/v2\/tags?post=294929"}],"curies":[{"name":"wp","href":"https:\/\/api.w.org\/{rel}","templated":true}]}}