{"id":294921,"date":"2025-11-07T19:28:10","date_gmt":"2025-11-07T16:28:10","guid":{"rendered":"https:\/\/vof-news.eu\/boris-pistorius-warnt-auf-bundeswehrtagung-vor-gefahr-aus-russland\/"},"modified":"2025-11-07T19:29:59","modified_gmt":"2025-11-07T16:29:59","slug":"boris-pistorius-warnt-auf-bundeswehrtagung-vor-gefahr-aus-russland","status":"publish","type":"post","link":"https:\/\/vof-news.eu\/de\/boris-pistorius-warnt-auf-bundeswehrtagung-vor-gefahr-aus-russland\/","title":{"rendered":"Boris Pistorius warnt auf Bundeswehrtagung vor Gefahr aus Russland"},"content":{"rendered":"<div>\n<p>Bundeskanzler Friedrich Merz (CDU),<br \/>\nVerteidigungsminister <span><a href=\"https:\/\/www.zeit.de\/thema\/boris-pistorius\" rel=\"nofollow\">Boris Pistorius<\/a><\/span> (SPD) und f\u00fchrende Gener\u00e4le der<br \/>\nBundeswehr haben bei der diesj\u00e4hrigen Bundeswehrtagung in Berlin erneut<br \/>\nvor einer Bedrohung durch Russland gewarnt und dabei die Wichtigkeit von<br \/>\n Verteidigungsbereitschaft und Abschreckung betont.\n<\/p>\n<p>Merz richtete in einem Gru\u00dfwort per Video aus,<br \/>\ndie Tagung finde in einer Zeit statt, &#8222;in der unsere Freiheit, unser<br \/>\nFrieden und unsere Sicherheit ernsthaft gef\u00e4hrdet sind&#8220;. Pistorius sagte<br \/>\n in seiner Rede mit Blick auf den russischen Angriffskrieg gegen die<br \/>\n<span><a href=\"https:\/\/www.zeit.de\/politik\/ausland\/ukraine-krieg-news-liveblog\" rel=\"nofollow\">Ukraine<\/a><\/span>, die Aggression gehe weit \u00fcber die Ukraine hinaus. &#8222;Es ist kein<br \/>\nAlarmismus, um es deutlich zu sagen, wenn ich sage, unsere Art zu leben<br \/>\nist in Gefahr.&#8220;\n<\/p>\n<h2>&#8222;Wir m\u00fcssen wieder \u00fcber Krieg nachdenken&#8220;<\/h2>\n<p>Generalinspekteur der <span><a href=\"https:\/\/www.zeit.de\/thema\/bundeswehr\" rel=\"nofollow\">Bundeswehr<\/a><\/span>, Carsten Breuer, sagte: &#8222;Wir m\u00fcssen wieder \u00fcber Krieg nachdenken. Das haben wir zu<br \/>\nlange nicht gemacht. Wir konnten es. Wir haben es h\u00e4ufig anderen<br \/>\n\u00fcberlassen.&#8220; Er spricht von einer &#8222;d\u00e4mmrigen \u00dcbergangszeit, in der es<br \/>\nnoch nicht Krieg, aber auch nicht mehr ganz Frieden ist&#8220;.\n<\/p>\n<p><span><a href=\"https:\/\/www.zeit.de\/thema\/russland\" rel=\"nofollow\">Russland<\/a><\/span> nehme Deutschland wegen seiner geografischen Lage<br \/>\nmitten in Europa besonders ins Visier, sagte etwa der Chef des Operativen F\u00fchrungskommandos der<br \/>\nBundeswehr, Alexander Sollfrank. &#8222;Wir sind f\u00fcr Russland eine<br \/>\nkritische Gr\u00f6\u00dfe.&#8220;\u00a0\n<\/p>\n<p>Im Konfliktfall w\u00e4re Deutschland der zentrale Aufmarschort der Nato. Mit sehr kurzer Vorlaufzeit m\u00fcssten gegebenenfalls bis zu 800.000<br \/>\nSoldaten mit ihrem Material aus verschiedenen Nato-Staaten \u00fcber<br \/>\nDeutschland an die Ost-Flanke verlegt werden. &#8222;Kommt der Aufmarsch ins<br \/>\nStocken, kommen die Kr\u00e4fte zu sp\u00e4t oder unkoordiniert an, scheitert<br \/>\nAbschreckung.&#8220;\n<\/p>\n<\/div>\n","protected":false},"excerpt":{"rendered":"<p>Bundeskanzler Friedrich Merz (CDU), Verteidigungsminister Boris Pistorius (SPD) und f\u00fchrende Gener\u00e4le der Bundeswehr haben bei der diesj\u00e4hrigen Bundeswehrtagung in Berlin erneut vor einer Bedrohung durch Russland gewarnt und dabei die Wichtigkeit von Verteidigungsbereitschaft und Abschreckung betont. Merz richtete in einem Gru\u00dfwort per Video aus, die Tagung finde in einer Zeit statt, &#8222;in der unsere Freiheit,<\/p>\n","protected":false},"author":1,"featured_media":294922,"comment_status":"open","ping_status":"open","sticky":false,"template":"","format":"standard","meta":{"footnotes":""},"categories":[116],"tags":[],"class_list":["post-294921","post","type-post","status-publish","format-standard","has-post-thumbnail","hentry","category-war-chronicles-de"],"acf":[],"yoast_head":"<!-- This site is optimized with the Yoast SEO plugin v22.9 - https:\/\/yoast.com\/wordpress\/plugins\/seo\/ -->\n<title>Boris Pistorius warnt auf Bundeswehrtagung vor Gefahr aus Russland - vof-news.eu<\/title>\n<meta name=\"description\" content=\"Bundeskanzler Friedrich Merz (CDU),\" \/>\n<meta name=\"robots\" content=\"noindex, follow, max-snippet:-1, max-image-preview:large, max-video-preview:-1\" \/>\n<meta property=\"og:locale\" content=\"de_DE\" \/>\n<meta property=\"og:type\" content=\"article\" \/>\n<meta property=\"og:title\" content=\"Boris Pistorius warnt auf Bundeswehrtagung vor Gefahr aus Russland - vof-news.eu\" \/>\n<meta property=\"og:description\" content=\"Bundeskanzler Friedrich Merz (CDU),\" \/>\n<meta property=\"og:url\" content=\"https:\/\/vof-news.eu\/de\/boris-pistorius-warnt-auf-bundeswehrtagung-vor-gefahr-aus-russland\/\" \/>\n<meta property=\"og:site_name\" content=\"vof-news.eu\" \/>\n<meta property=\"article:published_time\" content=\"2025-11-07T16:28:10+00:00\" \/>\n<meta property=\"article:modified_time\" content=\"2025-11-07T16:29:59+00:00\" \/>\n<meta property=\"og:image\" content=\"https:\/\/vof-news.eu\/wp-content\/uploads\/2025\/11\/wide__1000x562-17.jpg\" \/>\n\t<meta property=\"og:image:width\" content=\"1000\" \/>\n\t<meta property=\"og:image:height\" content=\"562\" \/>\n\t<meta property=\"og:image:type\" content=\"image\/jpeg\" \/>\n<meta name=\"author\" content=\"Author\" \/>\n<meta name=\"twitter:card\" content=\"summary_large_image\" \/>\n<meta name=\"twitter:label1\" content=\"Verfasst von\" \/>\n\t<meta name=\"twitter:data1\" content=\"Author\" \/>\n\t<meta name=\"twitter:label2\" content=\"Gesch\u00e4tzte Lesezeit\" \/>\n\t<meta name=\"twitter:data2\" content=\"1\u00a0Minute\" \/>\n<script type=\"application\/ld+json\" class=\"yoast-schema-graph\">{\"@context\":\"https:\/\/schema.org\",\"@graph\":[{\"@type\":\"WebPage\",\"@id\":\"https:\/\/vof-news.eu\/de\/boris-pistorius-warnt-auf-bundeswehrtagung-vor-gefahr-aus-russland\/\",\"url\":\"https:\/\/vof-news.eu\/de\/boris-pistorius-warnt-auf-bundeswehrtagung-vor-gefahr-aus-russland\/\",\"name\":\"Boris Pistorius warnt auf Bundeswehrtagung vor Gefahr aus Russland - vof-news.eu\",\"isPartOf\":{\"@id\":\"https:\/\/vof-news.eu\/de\/#website\"},\"primaryImageOfPage\":{\"@id\":\"https:\/\/vof-news.eu\/de\/boris-pistorius-warnt-auf-bundeswehrtagung-vor-gefahr-aus-russland\/#primaryimage\"},\"image\":{\"@id\":\"https:\/\/vof-news.eu\/de\/boris-pistorius-warnt-auf-bundeswehrtagung-vor-gefahr-aus-russland\/#primaryimage\"},\"thumbnailUrl\":\"https:\/\/vof-news.eu\/wp-content\/uploads\/2025\/11\/wide__1000x562-17.jpg\",\"datePublished\":\"2025-11-07T16:28:10+00:00\",\"dateModified\":\"2025-11-07T16:29:59+00:00\",\"author\":{\"@id\":\"https:\/\/vof-news.eu\/de\/#\/schema\/person\/f6a2a4309f0561835797fd8c19b333ed\"},\"description\":\"Bundeskanzler Friedrich Merz (CDU),\",\"breadcrumb\":{\"@id\":\"https:\/\/vof-news.eu\/de\/boris-pistorius-warnt-auf-bundeswehrtagung-vor-gefahr-aus-russland\/#breadcrumb\"},\"inLanguage\":\"de\",\"potentialAction\":[{\"@type\":\"ReadAction\",\"target\":[\"https:\/\/vof-news.eu\/de\/boris-pistorius-warnt-auf-bundeswehrtagung-vor-gefahr-aus-russland\/\"]}]},{\"@type\":\"ImageObject\",\"inLanguage\":\"de\",\"@id\":\"https:\/\/vof-news.eu\/de\/boris-pistorius-warnt-auf-bundeswehrtagung-vor-gefahr-aus-russland\/#primaryimage\",\"url\":\"https:\/\/vof-news.eu\/wp-content\/uploads\/2025\/11\/wide__1000x562-17.jpg\",\"contentUrl\":\"https:\/\/vof-news.eu\/wp-content\/uploads\/2025\/11\/wide__1000x562-17.jpg\",\"width\":1000,\"height\":562},{\"@type\":\"BreadcrumbList\",\"@id\":\"https:\/\/vof-news.eu\/de\/boris-pistorius-warnt-auf-bundeswehrtagung-vor-gefahr-aus-russland\/#breadcrumb\",\"itemListElement\":[{\"@type\":\"ListItem\",\"position\":1,\"name\":\"Home\",\"item\":\"https:\/\/vof-news.eu\/de\/\"},{\"@type\":\"ListItem\",\"position\":2,\"name\":\"Boris Pistorius warnt auf Bundeswehrtagung vor Gefahr aus Russland\"}]},{\"@type\":\"WebSite\",\"@id\":\"https:\/\/vof-news.eu\/de\/#website\",\"url\":\"https:\/\/vof-news.eu\/de\/\",\"name\":\"vof-news.eu\",\"description\":\"\",\"potentialAction\":[{\"@type\":\"SearchAction\",\"target\":{\"@type\":\"EntryPoint\",\"urlTemplate\":\"https:\/\/vof-news.eu\/de\/?s={search_term_string}\"},\"query-input\":\"required name=search_term_string\"}],\"inLanguage\":\"de\"},{\"@type\":\"Person\",\"@id\":\"https:\/\/vof-news.eu\/de\/#\/schema\/person\/f6a2a4309f0561835797fd8c19b333ed\",\"name\":\"Author\",\"image\":{\"@type\":\"ImageObject\",\"inLanguage\":\"de\",\"@id\":\"https:\/\/vof-news.eu\/de\/#\/schema\/person\/image\/\",\"url\":\"https:\/\/secure.gravatar.com\/avatar\/b67e614b1b25b3e9c0c239efdd2fde5ab015b5affd6f1c3c85911ca4b384e790?s=96&d=mm&r=g\",\"contentUrl\":\"https:\/\/secure.gravatar.com\/avatar\/b67e614b1b25b3e9c0c239efdd2fde5ab015b5affd6f1c3c85911ca4b384e790?s=96&d=mm&r=g\",\"caption\":\"Author\"},\"sameAs\":[\"http:\/\/vof-news.eu\"],\"url\":\"https:\/\/vof-news.eu\/de\/author\/zwt6qxnjulxbnyg\/\"}]}<\/script>\n<!-- \/ Yoast SEO plugin. -->","yoast_head_json":{"title":"Boris Pistorius warnt auf Bundeswehrtagung vor Gefahr aus Russland - vof-news.eu","description":"Bundeskanzler Friedrich Merz (CDU),","robots":{"index":"noindex","follow":"follow","max-snippet":"max-snippet:-1","max-image-preview":"max-image-preview:large","max-video-preview":"max-video-preview:-1"},"og_locale":"de_DE","og_type":"article","og_title":"Boris Pistorius warnt auf Bundeswehrtagung vor Gefahr aus Russland - vof-news.eu","og_description":"Bundeskanzler Friedrich Merz (CDU),","og_url":"https:\/\/vof-news.eu\/de\/boris-pistorius-warnt-auf-bundeswehrtagung-vor-gefahr-aus-russland\/","og_site_name":"vof-news.eu","article_published_time":"2025-11-07T16:28:10+00:00","article_modified_time":"2025-11-07T16:29:59+00:00","og_image":[{"width":1000,"height":562,"url":"https:\/\/vof-news.eu\/wp-content\/uploads\/2025\/11\/wide__1000x562-17.jpg","type":"image\/jpeg"}],"author":"Author","twitter_card":"summary_large_image","twitter_misc":{"Verfasst von":"Author","Gesch\u00e4tzte Lesezeit":"1\u00a0Minute"},"schema":{"@context":"https:\/\/schema.org","@graph":[{"@type":"WebPage","@id":"https:\/\/vof-news.eu\/de\/boris-pistorius-warnt-auf-bundeswehrtagung-vor-gefahr-aus-russland\/","url":"https:\/\/vof-news.eu\/de\/boris-pistorius-warnt-auf-bundeswehrtagung-vor-gefahr-aus-russland\/","name":"Boris Pistorius warnt auf Bundeswehrtagung vor Gefahr aus Russland - vof-news.eu","isPartOf":{"@id":"https:\/\/vof-news.eu\/de\/#website"},"primaryImageOfPage":{"@id":"https:\/\/vof-news.eu\/de\/boris-pistorius-warnt-auf-bundeswehrtagung-vor-gefahr-aus-russland\/#primaryimage"},"image":{"@id":"https:\/\/vof-news.eu\/de\/boris-pistorius-warnt-auf-bundeswehrtagung-vor-gefahr-aus-russland\/#primaryimage"},"thumbnailUrl":"https:\/\/vof-news.eu\/wp-content\/uploads\/2025\/11\/wide__1000x562-17.jpg","datePublished":"2025-11-07T16:28:10+00:00","dateModified":"2025-11-07T16:29:59+00:00","author":{"@id":"https:\/\/vof-news.eu\/de\/#\/schema\/person\/f6a2a4309f0561835797fd8c19b333ed"},"description":"Bundeskanzler Friedrich Merz (CDU),","breadcrumb":{"@id":"https:\/\/vof-news.eu\/de\/boris-pistorius-warnt-auf-bundeswehrtagung-vor-gefahr-aus-russland\/#breadcrumb"},"inLanguage":"de","potentialAction":[{"@type":"ReadAction","target":["https:\/\/vof-news.eu\/de\/boris-pistorius-warnt-auf-bundeswehrtagung-vor-gefahr-aus-russland\/"]}]},{"@type":"ImageObject","inLanguage":"de","@id":"https:\/\/vof-news.eu\/de\/boris-pistorius-warnt-auf-bundeswehrtagung-vor-gefahr-aus-russland\/#primaryimage","url":"https:\/\/vof-news.eu\/wp-content\/uploads\/2025\/11\/wide__1000x562-17.jpg","contentUrl":"https:\/\/vof-news.eu\/wp-content\/uploads\/2025\/11\/wide__1000x562-17.jpg","width":1000,"height":562},{"@type":"BreadcrumbList","@id":"https:\/\/vof-news.eu\/de\/boris-pistorius-warnt-auf-bundeswehrtagung-vor-gefahr-aus-russland\/#breadcrumb","itemListElement":[{"@type":"ListItem","position":1,"name":"Home","item":"https:\/\/vof-news.eu\/de\/"},{"@type":"ListItem","position":2,"name":"Boris Pistorius warnt auf Bundeswehrtagung vor Gefahr aus Russland"}]},{"@type":"WebSite","@id":"https:\/\/vof-news.eu\/de\/#website","url":"https:\/\/vof-news.eu\/de\/","name":"vof-news.eu","description":"","potentialAction":[{"@type":"SearchAction","target":{"@type":"EntryPoint","urlTemplate":"https:\/\/vof-news.eu\/de\/?s={search_term_string}"},"query-input":"required name=search_term_string"}],"inLanguage":"de"},{"@type":"Person","@id":"https:\/\/vof-news.eu\/de\/#\/schema\/person\/f6a2a4309f0561835797fd8c19b333ed","name":"Author","image":{"@type":"ImageObject","inLanguage":"de","@id":"https:\/\/vof-news.eu\/de\/#\/schema\/person\/image\/","url":"https:\/\/secure.gravatar.com\/avatar\/b67e614b1b25b3e9c0c239efdd2fde5ab015b5affd6f1c3c85911ca4b384e790?s=96&d=mm&r=g","contentUrl":"https:\/\/secure.gravatar.com\/avatar\/b67e614b1b25b3e9c0c239efdd2fde5ab015b5affd6f1c3c85911ca4b384e790?s=96&d=mm&r=g","caption":"Author"},"sameAs":["http:\/\/vof-news.eu"],"url":"https:\/\/vof-news.eu\/de\/author\/zwt6qxnjulxbnyg\/"}]}},"yoast_meta":{"yoast_wpseo_title":"","yoast_wpseo_metadesc":"","yoast_wpseo_canonical":""},"_links":{"self":[{"href":"https:\/\/vof-news.eu\/de\/wp-json\/wp\/v2\/posts\/294921","targetHints":{"allow":["GET"]}}],"collection":[{"href":"https:\/\/vof-news.eu\/de\/wp-json\/wp\/v2\/posts"}],"about":[{"href":"https:\/\/vof-news.eu\/de\/wp-json\/wp\/v2\/types\/post"}],"author":[{"embeddable":true,"href":"https:\/\/vof-news.eu\/de\/wp-json\/wp\/v2\/users\/1"}],"replies":[{"embeddable":true,"href":"https:\/\/vof-news.eu\/de\/wp-json\/wp\/v2\/comments?post=294921"}],"version-history":[{"count":1,"href":"https:\/\/vof-news.eu\/de\/wp-json\/wp\/v2\/posts\/294921\/revisions"}],"predecessor-version":[{"id":294928,"href":"https:\/\/vof-news.eu\/de\/wp-json\/wp\/v2\/posts\/294921\/revisions\/294928"}],"wp:featuredmedia":[{"embeddable":true,"href":"https:\/\/vof-news.eu\/de\/wp-json\/wp\/v2\/media\/294922"}],"wp:attachment":[{"href":"https:\/\/vof-news.eu\/de\/wp-json\/wp\/v2\/media?parent=294921"}],"wp:term":[{"taxonomy":"category","embeddable":true,"href":"https:\/\/vof-news.eu\/de\/wp-json\/wp\/v2\/categories?post=294921"},{"taxonomy":"post_tag","embeddable":true,"href":"https:\/\/vof-news.eu\/de\/wp-json\/wp\/v2\/tags?post=294921"}],"curies":[{"name":"wp","href":"https:\/\/api.w.org\/{rel}","templated":true}]}}