{"id":294855,"date":"2025-11-07T17:28:16","date_gmt":"2025-11-07T14:28:16","guid":{"rendered":"https:\/\/vof-news.eu\/russischer-skiverband-klagt-gegen-ausschluss-bei-olympia-qualifikation\/"},"modified":"2025-11-07T17:29:12","modified_gmt":"2025-11-07T14:29:12","slug":"russischer-skiverband-klagt-gegen-ausschluss-bei-olympia-qualifikation","status":"publish","type":"post","link":"https:\/\/vof-news.eu\/de\/russischer-skiverband-klagt-gegen-ausschluss-bei-olympia-qualifikation\/","title":{"rendered":"Russischer Skiverband klagt gegen Ausschluss bei Olympia-Qualifikation"},"content":{"rendered":"<div>\n<p>Der russische Skiverband\u00a0will juristisch gegen den Ausschluss seiner Athletinnen und Athleten von den Qualifikationswettbewerben zu den <span><a href=\"https:\/\/www.zeit.de\/thema\/olympische-winterspiele\" rel=\"nofollow\">Olympischen Winterspielen<\/a><\/span> 2026 in Mailand und Cortina d&#8217;Ampezzo vorgehen. Der Internationale Sportgerichtshof (CAS) <a href=\"https:\/\/www.tas-cas.org\/en\/general-information\/news-detail\/article\/cas-confirms-appeal-by-russian-ski-association-12-russian-athletes-and-the-russian-paralympic-commi\/\" rel=\"nofollow\">best\u00e4tigte<\/a> den Eingang einer entsprechenden Klage des nationalen Verbandes gegen eine Entscheidung des Ski- und Snowboard-Weltverbandes FIS.\u00a0\n<\/p>\n<p>Dieser hatte vor einer Woche angek\u00fcndigt, russische Sportlerinnen und Sportler im alpinen Skilauf, Snowboard, Langlauf, in der Nordischen Kombination sowie im Skispringen\u00a0nicht starten zu lassen \u2013 auch nicht, wenn diese als neutrale Einzelathleten antreten.\u00a0Der Klage schlossen sich zw\u00f6lf Athleten aus <span><a href=\"https:\/\/www.zeit.de\/thema\/russland\" rel=\"nofollow\">Russland<\/a><\/span> sowie das russische paralympische Komitee an.\u00a0\n<\/p>\n<p>Aufgrund des <a href=\"https:\/\/www.zeit.de\/thema\/krieg-in-ukraine\" rel=\"nofollow\">russischen Angriffskrieges in der Ukraine<\/a> hat das IOC Russland und Belarus als Sportnationen von seinen Wettk\u00e4mpfen ausgeschlossen und Russland aus dem Olympischen Komitee suspendiert. Sportlerinnen und Sportler aus den beiden L\u00e4ndern k\u00f6nnen seitdem nur als neutrale Einzelathletinnen und -athleten bei <a href=\"https:\/\/www.zeit.de\/thema\/olympische-spiele\" rel=\"nofollow\">Olympia<\/a> antreten.\u00a0Jedoch liegt die Entscheidung, sie auch bei Qualifikationswettk\u00e4mpfen<br \/>\nantreten zu lassen, bei den internationalen Verb\u00e4nden. Als zust\u00e4ndiger<br \/>\nVerband f\u00fcr viele Wintersportarten hatte sich die FIS dagegen<br \/>\nentschieden.\n<\/p>\n<p>Ende Oktober war bereits der russische Rodelverband mit einer \u00e4hnlichen Klage teilweise erfolgreich gewesen. Der Internationale Sportgerichtshof CAS hatte den kompletten Ausschluss russischer Rennrodler durch den Weltverband FIL aufgehoben und damit zumindest die Voraussetzungen f\u00fcr eine Wettkampf-R\u00fcckkehr unter neutraler Flagge geschaffen. Die Forderung von sechs Athletinnen und Athleten nach einer sofortigen Zulassung f\u00fcr die Wettk\u00e4mpfe wies der CAS allerdings ab.\n<\/p>\n<\/p>\n<\/div>\n","protected":false},"excerpt":{"rendered":"<p>Der russische Skiverband\u00a0will juristisch gegen den Ausschluss seiner Athletinnen und Athleten von den Qualifikationswettbewerben zu den Olympischen Winterspielen 2026 in Mailand und Cortina d&#8217;Ampezzo vorgehen. Der Internationale Sportgerichtshof (CAS) best\u00e4tigte den Eingang einer entsprechenden Klage des nationalen Verbandes gegen eine Entscheidung des Ski- und Snowboard-Weltverbandes FIS.\u00a0 Dieser hatte vor einer Woche angek\u00fcndigt, russische Sportlerinnen und<\/p>\n","protected":false},"author":1,"featured_media":294856,"comment_status":"open","ping_status":"open","sticky":false,"template":"","format":"standard","meta":{"footnotes":""},"categories":[116],"tags":[],"class_list":["post-294855","post","type-post","status-publish","format-standard","has-post-thumbnail","hentry","category-war-chronicles-de"],"acf":[],"yoast_head":"<!-- This site is optimized with the Yoast SEO plugin v22.9 - https:\/\/yoast.com\/wordpress\/plugins\/seo\/ -->\n<title>Russischer Skiverband klagt gegen Ausschluss bei Olympia-Qualifikation - vof-news.eu<\/title>\n<meta name=\"description\" content=\"Der russische Skiverband\u00a0will juristisch gegen den Ausschluss seiner Athletinnen und Athleten von den Qualifikationswettbewerben zu den Olympischen Winterspielen 2026 in Mailand und Cortina d&#039;Ampezzo vorgehen. Der Internationale Sportgerichtshof (CAS) best\u00e4tigte den Eingang einer entsprechenden Klage des nationalen Verbandes gegen eine Entscheidung des Ski- und Snowboard-Weltverbandes FIS.\u00a0\" \/>\n<meta name=\"robots\" content=\"noindex, follow, max-snippet:-1, max-image-preview:large, max-video-preview:-1\" \/>\n<meta property=\"og:locale\" content=\"de_DE\" \/>\n<meta property=\"og:type\" content=\"article\" \/>\n<meta property=\"og:title\" content=\"Russischer Skiverband klagt gegen Ausschluss bei Olympia-Qualifikation - vof-news.eu\" \/>\n<meta property=\"og:description\" content=\"Der russische Skiverband\u00a0will juristisch gegen den Ausschluss seiner Athletinnen und Athleten von den Qualifikationswettbewerben zu den Olympischen Winterspielen 2026 in Mailand und Cortina d&#039;Ampezzo vorgehen. Der Internationale Sportgerichtshof (CAS) best\u00e4tigte den Eingang einer entsprechenden Klage des nationalen Verbandes gegen eine Entscheidung des Ski- und Snowboard-Weltverbandes FIS.\u00a0\" \/>\n<meta property=\"og:url\" content=\"https:\/\/vof-news.eu\/de\/russischer-skiverband-klagt-gegen-ausschluss-bei-olympia-qualifikation\/\" \/>\n<meta property=\"og:site_name\" content=\"vof-news.eu\" \/>\n<meta property=\"article:published_time\" content=\"2025-11-07T14:28:16+00:00\" \/>\n<meta property=\"article:modified_time\" content=\"2025-11-07T14:29:12+00:00\" \/>\n<meta property=\"og:image\" content=\"https:\/\/vof-news.eu\/wp-content\/uploads\/2025\/11\/wide__1000x562-16.jpg\" \/>\n\t<meta property=\"og:image:width\" content=\"1000\" \/>\n\t<meta property=\"og:image:height\" content=\"562\" \/>\n\t<meta property=\"og:image:type\" content=\"image\/jpeg\" \/>\n<meta name=\"author\" content=\"Author\" \/>\n<meta name=\"twitter:card\" content=\"summary_large_image\" \/>\n<meta name=\"twitter:label1\" content=\"Verfasst von\" \/>\n\t<meta name=\"twitter:data1\" content=\"Author\" \/>\n\t<meta name=\"twitter:label2\" content=\"Gesch\u00e4tzte Lesezeit\" \/>\n\t<meta name=\"twitter:data2\" content=\"1\u00a0Minute\" \/>\n<script type=\"application\/ld+json\" class=\"yoast-schema-graph\">{\"@context\":\"https:\/\/schema.org\",\"@graph\":[{\"@type\":\"WebPage\",\"@id\":\"https:\/\/vof-news.eu\/de\/russischer-skiverband-klagt-gegen-ausschluss-bei-olympia-qualifikation\/\",\"url\":\"https:\/\/vof-news.eu\/de\/russischer-skiverband-klagt-gegen-ausschluss-bei-olympia-qualifikation\/\",\"name\":\"Russischer Skiverband klagt gegen Ausschluss bei Olympia-Qualifikation - vof-news.eu\",\"isPartOf\":{\"@id\":\"https:\/\/vof-news.eu\/de\/#website\"},\"primaryImageOfPage\":{\"@id\":\"https:\/\/vof-news.eu\/de\/russischer-skiverband-klagt-gegen-ausschluss-bei-olympia-qualifikation\/#primaryimage\"},\"image\":{\"@id\":\"https:\/\/vof-news.eu\/de\/russischer-skiverband-klagt-gegen-ausschluss-bei-olympia-qualifikation\/#primaryimage\"},\"thumbnailUrl\":\"https:\/\/vof-news.eu\/wp-content\/uploads\/2025\/11\/wide__1000x562-16.jpg\",\"datePublished\":\"2025-11-07T14:28:16+00:00\",\"dateModified\":\"2025-11-07T14:29:12+00:00\",\"author\":{\"@id\":\"https:\/\/vof-news.eu\/de\/#\/schema\/person\/f6a2a4309f0561835797fd8c19b333ed\"},\"description\":\"Der russische Skiverband\u00a0will juristisch gegen den Ausschluss seiner Athletinnen und Athleten von den Qualifikationswettbewerben zu den Olympischen Winterspielen 2026 in Mailand und Cortina d'Ampezzo vorgehen. Der Internationale Sportgerichtshof (CAS) best\u00e4tigte den Eingang einer entsprechenden Klage des nationalen Verbandes gegen eine Entscheidung des Ski- und Snowboard-Weltverbandes FIS.\u00a0\",\"breadcrumb\":{\"@id\":\"https:\/\/vof-news.eu\/de\/russischer-skiverband-klagt-gegen-ausschluss-bei-olympia-qualifikation\/#breadcrumb\"},\"inLanguage\":\"de\",\"potentialAction\":[{\"@type\":\"ReadAction\",\"target\":[\"https:\/\/vof-news.eu\/de\/russischer-skiverband-klagt-gegen-ausschluss-bei-olympia-qualifikation\/\"]}]},{\"@type\":\"ImageObject\",\"inLanguage\":\"de\",\"@id\":\"https:\/\/vof-news.eu\/de\/russischer-skiverband-klagt-gegen-ausschluss-bei-olympia-qualifikation\/#primaryimage\",\"url\":\"https:\/\/vof-news.eu\/wp-content\/uploads\/2025\/11\/wide__1000x562-16.jpg\",\"contentUrl\":\"https:\/\/vof-news.eu\/wp-content\/uploads\/2025\/11\/wide__1000x562-16.jpg\",\"width\":1000,\"height\":562},{\"@type\":\"BreadcrumbList\",\"@id\":\"https:\/\/vof-news.eu\/de\/russischer-skiverband-klagt-gegen-ausschluss-bei-olympia-qualifikation\/#breadcrumb\",\"itemListElement\":[{\"@type\":\"ListItem\",\"position\":1,\"name\":\"Home\",\"item\":\"https:\/\/vof-news.eu\/de\/\"},{\"@type\":\"ListItem\",\"position\":2,\"name\":\"Russischer Skiverband klagt gegen Ausschluss bei Olympia-Qualifikation\"}]},{\"@type\":\"WebSite\",\"@id\":\"https:\/\/vof-news.eu\/de\/#website\",\"url\":\"https:\/\/vof-news.eu\/de\/\",\"name\":\"vof-news.eu\",\"description\":\"\",\"potentialAction\":[{\"@type\":\"SearchAction\",\"target\":{\"@type\":\"EntryPoint\",\"urlTemplate\":\"https:\/\/vof-news.eu\/de\/?s={search_term_string}\"},\"query-input\":\"required name=search_term_string\"}],\"inLanguage\":\"de\"},{\"@type\":\"Person\",\"@id\":\"https:\/\/vof-news.eu\/de\/#\/schema\/person\/f6a2a4309f0561835797fd8c19b333ed\",\"name\":\"Author\",\"image\":{\"@type\":\"ImageObject\",\"inLanguage\":\"de\",\"@id\":\"https:\/\/vof-news.eu\/de\/#\/schema\/person\/image\/\",\"url\":\"https:\/\/secure.gravatar.com\/avatar\/b67e614b1b25b3e9c0c239efdd2fde5ab015b5affd6f1c3c85911ca4b384e790?s=96&d=mm&r=g\",\"contentUrl\":\"https:\/\/secure.gravatar.com\/avatar\/b67e614b1b25b3e9c0c239efdd2fde5ab015b5affd6f1c3c85911ca4b384e790?s=96&d=mm&r=g\",\"caption\":\"Author\"},\"sameAs\":[\"http:\/\/vof-news.eu\"],\"url\":\"https:\/\/vof-news.eu\/de\/author\/zwt6qxnjulxbnyg\/\"}]}<\/script>\n<!-- \/ Yoast SEO plugin. -->","yoast_head_json":{"title":"Russischer Skiverband klagt gegen Ausschluss bei Olympia-Qualifikation - vof-news.eu","description":"Der russische Skiverband\u00a0will juristisch gegen den Ausschluss seiner Athletinnen und Athleten von den Qualifikationswettbewerben zu den Olympischen Winterspielen 2026 in Mailand und Cortina d'Ampezzo vorgehen. Der Internationale Sportgerichtshof (CAS) best\u00e4tigte den Eingang einer entsprechenden Klage des nationalen Verbandes gegen eine Entscheidung des Ski- und Snowboard-Weltverbandes FIS.\u00a0","robots":{"index":"noindex","follow":"follow","max-snippet":"max-snippet:-1","max-image-preview":"max-image-preview:large","max-video-preview":"max-video-preview:-1"},"og_locale":"de_DE","og_type":"article","og_title":"Russischer Skiverband klagt gegen Ausschluss bei Olympia-Qualifikation - vof-news.eu","og_description":"Der russische Skiverband\u00a0will juristisch gegen den Ausschluss seiner Athletinnen und Athleten von den Qualifikationswettbewerben zu den Olympischen Winterspielen 2026 in Mailand und Cortina d'Ampezzo vorgehen. Der Internationale Sportgerichtshof (CAS) best\u00e4tigte den Eingang einer entsprechenden Klage des nationalen Verbandes gegen eine Entscheidung des Ski- und Snowboard-Weltverbandes FIS.\u00a0","og_url":"https:\/\/vof-news.eu\/de\/russischer-skiverband-klagt-gegen-ausschluss-bei-olympia-qualifikation\/","og_site_name":"vof-news.eu","article_published_time":"2025-11-07T14:28:16+00:00","article_modified_time":"2025-11-07T14:29:12+00:00","og_image":[{"width":1000,"height":562,"url":"https:\/\/vof-news.eu\/wp-content\/uploads\/2025\/11\/wide__1000x562-16.jpg","type":"image\/jpeg"}],"author":"Author","twitter_card":"summary_large_image","twitter_misc":{"Verfasst von":"Author","Gesch\u00e4tzte Lesezeit":"1\u00a0Minute"},"schema":{"@context":"https:\/\/schema.org","@graph":[{"@type":"WebPage","@id":"https:\/\/vof-news.eu\/de\/russischer-skiverband-klagt-gegen-ausschluss-bei-olympia-qualifikation\/","url":"https:\/\/vof-news.eu\/de\/russischer-skiverband-klagt-gegen-ausschluss-bei-olympia-qualifikation\/","name":"Russischer Skiverband klagt gegen Ausschluss bei Olympia-Qualifikation - vof-news.eu","isPartOf":{"@id":"https:\/\/vof-news.eu\/de\/#website"},"primaryImageOfPage":{"@id":"https:\/\/vof-news.eu\/de\/russischer-skiverband-klagt-gegen-ausschluss-bei-olympia-qualifikation\/#primaryimage"},"image":{"@id":"https:\/\/vof-news.eu\/de\/russischer-skiverband-klagt-gegen-ausschluss-bei-olympia-qualifikation\/#primaryimage"},"thumbnailUrl":"https:\/\/vof-news.eu\/wp-content\/uploads\/2025\/11\/wide__1000x562-16.jpg","datePublished":"2025-11-07T14:28:16+00:00","dateModified":"2025-11-07T14:29:12+00:00","author":{"@id":"https:\/\/vof-news.eu\/de\/#\/schema\/person\/f6a2a4309f0561835797fd8c19b333ed"},"description":"Der russische Skiverband\u00a0will juristisch gegen den Ausschluss seiner Athletinnen und Athleten von den Qualifikationswettbewerben zu den Olympischen Winterspielen 2026 in Mailand und Cortina d'Ampezzo vorgehen. Der Internationale Sportgerichtshof (CAS) best\u00e4tigte den Eingang einer entsprechenden Klage des nationalen Verbandes gegen eine Entscheidung des Ski- und Snowboard-Weltverbandes FIS.\u00a0","breadcrumb":{"@id":"https:\/\/vof-news.eu\/de\/russischer-skiverband-klagt-gegen-ausschluss-bei-olympia-qualifikation\/#breadcrumb"},"inLanguage":"de","potentialAction":[{"@type":"ReadAction","target":["https:\/\/vof-news.eu\/de\/russischer-skiverband-klagt-gegen-ausschluss-bei-olympia-qualifikation\/"]}]},{"@type":"ImageObject","inLanguage":"de","@id":"https:\/\/vof-news.eu\/de\/russischer-skiverband-klagt-gegen-ausschluss-bei-olympia-qualifikation\/#primaryimage","url":"https:\/\/vof-news.eu\/wp-content\/uploads\/2025\/11\/wide__1000x562-16.jpg","contentUrl":"https:\/\/vof-news.eu\/wp-content\/uploads\/2025\/11\/wide__1000x562-16.jpg","width":1000,"height":562},{"@type":"BreadcrumbList","@id":"https:\/\/vof-news.eu\/de\/russischer-skiverband-klagt-gegen-ausschluss-bei-olympia-qualifikation\/#breadcrumb","itemListElement":[{"@type":"ListItem","position":1,"name":"Home","item":"https:\/\/vof-news.eu\/de\/"},{"@type":"ListItem","position":2,"name":"Russischer Skiverband klagt gegen Ausschluss bei Olympia-Qualifikation"}]},{"@type":"WebSite","@id":"https:\/\/vof-news.eu\/de\/#website","url":"https:\/\/vof-news.eu\/de\/","name":"vof-news.eu","description":"","potentialAction":[{"@type":"SearchAction","target":{"@type":"EntryPoint","urlTemplate":"https:\/\/vof-news.eu\/de\/?s={search_term_string}"},"query-input":"required name=search_term_string"}],"inLanguage":"de"},{"@type":"Person","@id":"https:\/\/vof-news.eu\/de\/#\/schema\/person\/f6a2a4309f0561835797fd8c19b333ed","name":"Author","image":{"@type":"ImageObject","inLanguage":"de","@id":"https:\/\/vof-news.eu\/de\/#\/schema\/person\/image\/","url":"https:\/\/secure.gravatar.com\/avatar\/b67e614b1b25b3e9c0c239efdd2fde5ab015b5affd6f1c3c85911ca4b384e790?s=96&d=mm&r=g","contentUrl":"https:\/\/secure.gravatar.com\/avatar\/b67e614b1b25b3e9c0c239efdd2fde5ab015b5affd6f1c3c85911ca4b384e790?s=96&d=mm&r=g","caption":"Author"},"sameAs":["http:\/\/vof-news.eu"],"url":"https:\/\/vof-news.eu\/de\/author\/zwt6qxnjulxbnyg\/"}]}},"yoast_meta":{"yoast_wpseo_title":"","yoast_wpseo_metadesc":"","yoast_wpseo_canonical":""},"_links":{"self":[{"href":"https:\/\/vof-news.eu\/de\/wp-json\/wp\/v2\/posts\/294855","targetHints":{"allow":["GET"]}}],"collection":[{"href":"https:\/\/vof-news.eu\/de\/wp-json\/wp\/v2\/posts"}],"about":[{"href":"https:\/\/vof-news.eu\/de\/wp-json\/wp\/v2\/types\/post"}],"author":[{"embeddable":true,"href":"https:\/\/vof-news.eu\/de\/wp-json\/wp\/v2\/users\/1"}],"replies":[{"embeddable":true,"href":"https:\/\/vof-news.eu\/de\/wp-json\/wp\/v2\/comments?post=294855"}],"version-history":[{"count":1,"href":"https:\/\/vof-news.eu\/de\/wp-json\/wp\/v2\/posts\/294855\/revisions"}],"predecessor-version":[{"id":294862,"href":"https:\/\/vof-news.eu\/de\/wp-json\/wp\/v2\/posts\/294855\/revisions\/294862"}],"wp:featuredmedia":[{"embeddable":true,"href":"https:\/\/vof-news.eu\/de\/wp-json\/wp\/v2\/media\/294856"}],"wp:attachment":[{"href":"https:\/\/vof-news.eu\/de\/wp-json\/wp\/v2\/media?parent=294855"}],"wp:term":[{"taxonomy":"category","embeddable":true,"href":"https:\/\/vof-news.eu\/de\/wp-json\/wp\/v2\/categories?post=294855"},{"taxonomy":"post_tag","embeddable":true,"href":"https:\/\/vof-news.eu\/de\/wp-json\/wp\/v2\/tags?post=294855"}],"curies":[{"name":"wp","href":"https:\/\/api.w.org\/{rel}","templated":true}]}}