{"id":294793,"date":"2025-11-07T15:28:13","date_gmt":"2025-11-07T12:28:13","guid":{"rendered":"https:\/\/vof-news.eu\/jens-spahn-lobt-donald-trumps-ausenpolitik\/"},"modified":"2025-11-07T15:29:38","modified_gmt":"2025-11-07T12:29:38","slug":"jens-spahn-lobt-donald-trumps-ausenpolitik","status":"publish","type":"post","link":"https:\/\/vof-news.eu\/de\/jens-spahn-lobt-donald-trumps-ausenpolitik\/","title":{"rendered":"Jens Spahn lobt Donald Trumps Au\u00dfenpolitik"},"content":{"rendered":"<div>\n<p>Der Vorsitzende der Unionsfraktion im Bundestag, Jens Sphan, hat die neue Au\u00dfenpolitik der US-Regierung <a href=\"https:\/\/www.zeit.de\/politik\/deutschland\/2024-07\/jens-spahn-union-donald-trump-gemeinsamkeiten\" rel=\"nofollow\">unter Pr\u00e4sident Donald Trump gelobt.<\/a> &#8222;Sie hat Israel Frieden gebracht. Das ist auf jeden Fall ein Erfolg der<br \/>\n Au\u00dfenpolitik von Donald Trump (&#8230;)&#8220;, sagte er im\u00a0\u00a0der ARD. Er f\u00fcgte hinzu, dass es jedoch noch zu fr\u00fch sei, um zu erkennen, ob dieser Frieden Monate oder Jahre anhalten werde.\u00a0\n<\/p>\n<p>Ein Vorbild will Spahn sich an Trumps Stil nicht nehmen, man m\u00fcsse jedoch anerkennen, dass kein anderer Staat es vermocht habe, &#8222;so Druck auszu\u00fcben auf beide Seiten&#8220;. Das Gleiche gelte auch im Blick auf die Bem\u00fchungen zu einem Frieden in der <span><a href=\"https:\/\/www.zeit.de\/politik\/ausland\/ukraine-krieg-news-liveblog\" rel=\"nofollow\">Ukraine<\/a><\/span>. &#8222;Diese Herangehensweise in Deals, dieses manchmal befremdlich Pers\u00f6nliche, das irritiert&#8220;, sagte Spahn, &#8222;aber der Prozess ist begonnen.&#8220;\n<\/p>\n<p>Trump war an der Verhandlung einer am 10. Oktober in Kraft getretenen Waffenruhe zwischen Israel und der islamistischen Terrororganisation\u00a0Hamas ma\u00dfgeblich beteiligt gewesen. Er stellte einen<a href=\"https:\/\/www.zeit.de\/politik\/ausland\/2025-10\/nahost-israel-gaza-hamas-20-punkte-plan-usa\" rel=\"nofollow\"> 20-Punkte-Friedensplan<\/a> vor und stellte der Hamas ein <a href=\"https:\/\/www.zeit.de\/politik\/ausland\/2025-02\/usa-donald-trump-hamas-israel-geiselabkommen-jordanien-aegypten\" rel=\"nofollow\">Ultimatum<\/a>. Im Ukrainekrieg<br \/>\n versucht Trump, zwischen Russland und der Ukraine zu vermitteln. <a href=\"https:\/\/www.zeit.de\/politik\/ausland\/2025-10\/donald-trump-wolodymyr-selenskyj-treffen-streit-putin\" rel=\"nofollow\">Seine<br \/>\nPosition in Bezug auf die milit\u00e4rische Unterst\u00fctzung der Ukraine hat er<br \/>\nmehrmals ver\u00e4ndert.<\/a>\n<\/p>\n<\/div>\n","protected":false},"excerpt":{"rendered":"<p>Der Vorsitzende der Unionsfraktion im Bundestag, Jens Sphan, hat die neue Au\u00dfenpolitik der US-Regierung unter Pr\u00e4sident Donald Trump gelobt. &#8222;Sie hat Israel Frieden gebracht. Das ist auf jeden Fall ein Erfolg der Au\u00dfenpolitik von Donald Trump (&#8230;)&#8220;, sagte er im\u00a0\u00a0der ARD. Er f\u00fcgte hinzu, dass es jedoch noch zu fr\u00fch sei, um zu erkennen, ob<\/p>\n","protected":false},"author":1,"featured_media":294794,"comment_status":"open","ping_status":"open","sticky":false,"template":"","format":"standard","meta":{"footnotes":""},"categories":[116],"tags":[],"class_list":["post-294793","post","type-post","status-publish","format-standard","has-post-thumbnail","hentry","category-war-chronicles-de"],"acf":[],"yoast_head":"<!-- This site is optimized with the Yoast SEO plugin v22.9 - https:\/\/yoast.com\/wordpress\/plugins\/seo\/ -->\n<title>Jens Spahn lobt Donald Trumps Au\u00dfenpolitik - vof-news.eu<\/title>\n<meta name=\"description\" content=\"Der Vorsitzende der Unionsfraktion im Bundestag, Jens Sphan, hat die neue Au\u00dfenpolitik der US-Regierung unter Pr\u00e4sident Donald Trump gelobt. &quot;Sie hat Israel Frieden gebracht. Das ist auf jeden Fall ein Erfolg der\" \/>\n<meta name=\"robots\" content=\"noindex, follow, max-snippet:-1, max-image-preview:large, max-video-preview:-1\" \/>\n<meta property=\"og:locale\" content=\"de_DE\" \/>\n<meta property=\"og:type\" content=\"article\" \/>\n<meta property=\"og:title\" content=\"Jens Spahn lobt Donald Trumps Au\u00dfenpolitik - vof-news.eu\" \/>\n<meta property=\"og:description\" content=\"Der Vorsitzende der Unionsfraktion im Bundestag, Jens Sphan, hat die neue Au\u00dfenpolitik der US-Regierung unter Pr\u00e4sident Donald Trump gelobt. &quot;Sie hat Israel Frieden gebracht. Das ist auf jeden Fall ein Erfolg der\" \/>\n<meta property=\"og:url\" content=\"https:\/\/vof-news.eu\/de\/jens-spahn-lobt-donald-trumps-ausenpolitik\/\" \/>\n<meta property=\"og:site_name\" content=\"vof-news.eu\" \/>\n<meta property=\"article:published_time\" content=\"2025-11-07T12:28:13+00:00\" \/>\n<meta property=\"article:modified_time\" content=\"2025-11-07T12:29:38+00:00\" \/>\n<meta property=\"og:image\" content=\"https:\/\/vof-news.eu\/wp-content\/uploads\/2025\/11\/wide__1000x562-15.jpg\" \/>\n\t<meta property=\"og:image:width\" content=\"1000\" \/>\n\t<meta property=\"og:image:height\" content=\"562\" \/>\n\t<meta property=\"og:image:type\" content=\"image\/jpeg\" \/>\n<meta name=\"author\" content=\"Author\" \/>\n<meta name=\"twitter:card\" content=\"summary_large_image\" \/>\n<meta name=\"twitter:label1\" content=\"Verfasst von\" \/>\n\t<meta name=\"twitter:data1\" content=\"Author\" \/>\n\t<meta name=\"twitter:label2\" content=\"Gesch\u00e4tzte Lesezeit\" \/>\n\t<meta name=\"twitter:data2\" content=\"1\u00a0Minute\" \/>\n<script type=\"application\/ld+json\" class=\"yoast-schema-graph\">{\"@context\":\"https:\/\/schema.org\",\"@graph\":[{\"@type\":\"WebPage\",\"@id\":\"https:\/\/vof-news.eu\/de\/jens-spahn-lobt-donald-trumps-ausenpolitik\/\",\"url\":\"https:\/\/vof-news.eu\/de\/jens-spahn-lobt-donald-trumps-ausenpolitik\/\",\"name\":\"Jens Spahn lobt Donald Trumps Au\u00dfenpolitik - vof-news.eu\",\"isPartOf\":{\"@id\":\"https:\/\/vof-news.eu\/de\/#website\"},\"primaryImageOfPage\":{\"@id\":\"https:\/\/vof-news.eu\/de\/jens-spahn-lobt-donald-trumps-ausenpolitik\/#primaryimage\"},\"image\":{\"@id\":\"https:\/\/vof-news.eu\/de\/jens-spahn-lobt-donald-trumps-ausenpolitik\/#primaryimage\"},\"thumbnailUrl\":\"https:\/\/vof-news.eu\/wp-content\/uploads\/2025\/11\/wide__1000x562-15.jpg\",\"datePublished\":\"2025-11-07T12:28:13+00:00\",\"dateModified\":\"2025-11-07T12:29:38+00:00\",\"author\":{\"@id\":\"https:\/\/vof-news.eu\/de\/#\/schema\/person\/f6a2a4309f0561835797fd8c19b333ed\"},\"description\":\"Der Vorsitzende der Unionsfraktion im Bundestag, Jens Sphan, hat die neue Au\u00dfenpolitik der US-Regierung unter Pr\u00e4sident Donald Trump gelobt. \\\"Sie hat Israel Frieden gebracht. Das ist auf jeden Fall ein Erfolg der\",\"breadcrumb\":{\"@id\":\"https:\/\/vof-news.eu\/de\/jens-spahn-lobt-donald-trumps-ausenpolitik\/#breadcrumb\"},\"inLanguage\":\"de\",\"potentialAction\":[{\"@type\":\"ReadAction\",\"target\":[\"https:\/\/vof-news.eu\/de\/jens-spahn-lobt-donald-trumps-ausenpolitik\/\"]}]},{\"@type\":\"ImageObject\",\"inLanguage\":\"de\",\"@id\":\"https:\/\/vof-news.eu\/de\/jens-spahn-lobt-donald-trumps-ausenpolitik\/#primaryimage\",\"url\":\"https:\/\/vof-news.eu\/wp-content\/uploads\/2025\/11\/wide__1000x562-15.jpg\",\"contentUrl\":\"https:\/\/vof-news.eu\/wp-content\/uploads\/2025\/11\/wide__1000x562-15.jpg\",\"width\":1000,\"height\":562},{\"@type\":\"BreadcrumbList\",\"@id\":\"https:\/\/vof-news.eu\/de\/jens-spahn-lobt-donald-trumps-ausenpolitik\/#breadcrumb\",\"itemListElement\":[{\"@type\":\"ListItem\",\"position\":1,\"name\":\"Home\",\"item\":\"https:\/\/vof-news.eu\/de\/\"},{\"@type\":\"ListItem\",\"position\":2,\"name\":\"Jens Spahn lobt Donald Trumps Au\u00dfenpolitik\"}]},{\"@type\":\"WebSite\",\"@id\":\"https:\/\/vof-news.eu\/de\/#website\",\"url\":\"https:\/\/vof-news.eu\/de\/\",\"name\":\"vof-news.eu\",\"description\":\"\",\"potentialAction\":[{\"@type\":\"SearchAction\",\"target\":{\"@type\":\"EntryPoint\",\"urlTemplate\":\"https:\/\/vof-news.eu\/de\/?s={search_term_string}\"},\"query-input\":\"required name=search_term_string\"}],\"inLanguage\":\"de\"},{\"@type\":\"Person\",\"@id\":\"https:\/\/vof-news.eu\/de\/#\/schema\/person\/f6a2a4309f0561835797fd8c19b333ed\",\"name\":\"Author\",\"image\":{\"@type\":\"ImageObject\",\"inLanguage\":\"de\",\"@id\":\"https:\/\/vof-news.eu\/de\/#\/schema\/person\/image\/\",\"url\":\"https:\/\/secure.gravatar.com\/avatar\/b67e614b1b25b3e9c0c239efdd2fde5ab015b5affd6f1c3c85911ca4b384e790?s=96&d=mm&r=g\",\"contentUrl\":\"https:\/\/secure.gravatar.com\/avatar\/b67e614b1b25b3e9c0c239efdd2fde5ab015b5affd6f1c3c85911ca4b384e790?s=96&d=mm&r=g\",\"caption\":\"Author\"},\"sameAs\":[\"http:\/\/vof-news.eu\"],\"url\":\"https:\/\/vof-news.eu\/de\/author\/zwt6qxnjulxbnyg\/\"}]}<\/script>\n<!-- \/ Yoast SEO plugin. -->","yoast_head_json":{"title":"Jens Spahn lobt Donald Trumps Au\u00dfenpolitik - vof-news.eu","description":"Der Vorsitzende der Unionsfraktion im Bundestag, Jens Sphan, hat die neue Au\u00dfenpolitik der US-Regierung unter Pr\u00e4sident Donald Trump gelobt. \"Sie hat Israel Frieden gebracht. Das ist auf jeden Fall ein Erfolg der","robots":{"index":"noindex","follow":"follow","max-snippet":"max-snippet:-1","max-image-preview":"max-image-preview:large","max-video-preview":"max-video-preview:-1"},"og_locale":"de_DE","og_type":"article","og_title":"Jens Spahn lobt Donald Trumps Au\u00dfenpolitik - vof-news.eu","og_description":"Der Vorsitzende der Unionsfraktion im Bundestag, Jens Sphan, hat die neue Au\u00dfenpolitik der US-Regierung unter Pr\u00e4sident Donald Trump gelobt. \"Sie hat Israel Frieden gebracht. Das ist auf jeden Fall ein Erfolg der","og_url":"https:\/\/vof-news.eu\/de\/jens-spahn-lobt-donald-trumps-ausenpolitik\/","og_site_name":"vof-news.eu","article_published_time":"2025-11-07T12:28:13+00:00","article_modified_time":"2025-11-07T12:29:38+00:00","og_image":[{"width":1000,"height":562,"url":"https:\/\/vof-news.eu\/wp-content\/uploads\/2025\/11\/wide__1000x562-15.jpg","type":"image\/jpeg"}],"author":"Author","twitter_card":"summary_large_image","twitter_misc":{"Verfasst von":"Author","Gesch\u00e4tzte Lesezeit":"1\u00a0Minute"},"schema":{"@context":"https:\/\/schema.org","@graph":[{"@type":"WebPage","@id":"https:\/\/vof-news.eu\/de\/jens-spahn-lobt-donald-trumps-ausenpolitik\/","url":"https:\/\/vof-news.eu\/de\/jens-spahn-lobt-donald-trumps-ausenpolitik\/","name":"Jens Spahn lobt Donald Trumps Au\u00dfenpolitik - vof-news.eu","isPartOf":{"@id":"https:\/\/vof-news.eu\/de\/#website"},"primaryImageOfPage":{"@id":"https:\/\/vof-news.eu\/de\/jens-spahn-lobt-donald-trumps-ausenpolitik\/#primaryimage"},"image":{"@id":"https:\/\/vof-news.eu\/de\/jens-spahn-lobt-donald-trumps-ausenpolitik\/#primaryimage"},"thumbnailUrl":"https:\/\/vof-news.eu\/wp-content\/uploads\/2025\/11\/wide__1000x562-15.jpg","datePublished":"2025-11-07T12:28:13+00:00","dateModified":"2025-11-07T12:29:38+00:00","author":{"@id":"https:\/\/vof-news.eu\/de\/#\/schema\/person\/f6a2a4309f0561835797fd8c19b333ed"},"description":"Der Vorsitzende der Unionsfraktion im Bundestag, Jens Sphan, hat die neue Au\u00dfenpolitik der US-Regierung unter Pr\u00e4sident Donald Trump gelobt. \"Sie hat Israel Frieden gebracht. Das ist auf jeden Fall ein Erfolg der","breadcrumb":{"@id":"https:\/\/vof-news.eu\/de\/jens-spahn-lobt-donald-trumps-ausenpolitik\/#breadcrumb"},"inLanguage":"de","potentialAction":[{"@type":"ReadAction","target":["https:\/\/vof-news.eu\/de\/jens-spahn-lobt-donald-trumps-ausenpolitik\/"]}]},{"@type":"ImageObject","inLanguage":"de","@id":"https:\/\/vof-news.eu\/de\/jens-spahn-lobt-donald-trumps-ausenpolitik\/#primaryimage","url":"https:\/\/vof-news.eu\/wp-content\/uploads\/2025\/11\/wide__1000x562-15.jpg","contentUrl":"https:\/\/vof-news.eu\/wp-content\/uploads\/2025\/11\/wide__1000x562-15.jpg","width":1000,"height":562},{"@type":"BreadcrumbList","@id":"https:\/\/vof-news.eu\/de\/jens-spahn-lobt-donald-trumps-ausenpolitik\/#breadcrumb","itemListElement":[{"@type":"ListItem","position":1,"name":"Home","item":"https:\/\/vof-news.eu\/de\/"},{"@type":"ListItem","position":2,"name":"Jens Spahn lobt Donald Trumps Au\u00dfenpolitik"}]},{"@type":"WebSite","@id":"https:\/\/vof-news.eu\/de\/#website","url":"https:\/\/vof-news.eu\/de\/","name":"vof-news.eu","description":"","potentialAction":[{"@type":"SearchAction","target":{"@type":"EntryPoint","urlTemplate":"https:\/\/vof-news.eu\/de\/?s={search_term_string}"},"query-input":"required name=search_term_string"}],"inLanguage":"de"},{"@type":"Person","@id":"https:\/\/vof-news.eu\/de\/#\/schema\/person\/f6a2a4309f0561835797fd8c19b333ed","name":"Author","image":{"@type":"ImageObject","inLanguage":"de","@id":"https:\/\/vof-news.eu\/de\/#\/schema\/person\/image\/","url":"https:\/\/secure.gravatar.com\/avatar\/b67e614b1b25b3e9c0c239efdd2fde5ab015b5affd6f1c3c85911ca4b384e790?s=96&d=mm&r=g","contentUrl":"https:\/\/secure.gravatar.com\/avatar\/b67e614b1b25b3e9c0c239efdd2fde5ab015b5affd6f1c3c85911ca4b384e790?s=96&d=mm&r=g","caption":"Author"},"sameAs":["http:\/\/vof-news.eu"],"url":"https:\/\/vof-news.eu\/de\/author\/zwt6qxnjulxbnyg\/"}]}},"yoast_meta":{"yoast_wpseo_title":"","yoast_wpseo_metadesc":"","yoast_wpseo_canonical":""},"_links":{"self":[{"href":"https:\/\/vof-news.eu\/de\/wp-json\/wp\/v2\/posts\/294793","targetHints":{"allow":["GET"]}}],"collection":[{"href":"https:\/\/vof-news.eu\/de\/wp-json\/wp\/v2\/posts"}],"about":[{"href":"https:\/\/vof-news.eu\/de\/wp-json\/wp\/v2\/types\/post"}],"author":[{"embeddable":true,"href":"https:\/\/vof-news.eu\/de\/wp-json\/wp\/v2\/users\/1"}],"replies":[{"embeddable":true,"href":"https:\/\/vof-news.eu\/de\/wp-json\/wp\/v2\/comments?post=294793"}],"version-history":[{"count":1,"href":"https:\/\/vof-news.eu\/de\/wp-json\/wp\/v2\/posts\/294793\/revisions"}],"predecessor-version":[{"id":294800,"href":"https:\/\/vof-news.eu\/de\/wp-json\/wp\/v2\/posts\/294793\/revisions\/294800"}],"wp:featuredmedia":[{"embeddable":true,"href":"https:\/\/vof-news.eu\/de\/wp-json\/wp\/v2\/media\/294794"}],"wp:attachment":[{"href":"https:\/\/vof-news.eu\/de\/wp-json\/wp\/v2\/media?parent=294793"}],"wp:term":[{"taxonomy":"category","embeddable":true,"href":"https:\/\/vof-news.eu\/de\/wp-json\/wp\/v2\/categories?post=294793"},{"taxonomy":"post_tag","embeddable":true,"href":"https:\/\/vof-news.eu\/de\/wp-json\/wp\/v2\/tags?post=294793"}],"curies":[{"name":"wp","href":"https:\/\/api.w.org\/{rel}","templated":true}]}}