{"id":293641,"date":"2025-11-04T19:28:36","date_gmt":"2025-11-04T16:28:36","guid":{"rendered":"https:\/\/vof-news.eu\/rund-die-halfte-der-ukrainischen-gefluchteten-in-deutschland-arbeitet\/"},"modified":"2025-11-04T19:30:38","modified_gmt":"2025-11-04T16:30:38","slug":"rund-die-halfte-der-ukrainischen-gefluchteten-in-deutschland-arbeitet","status":"publish","type":"post","link":"https:\/\/vof-news.eu\/de\/rund-die-halfte-der-ukrainischen-gefluchteten-in-deutschland-arbeitet\/","title":{"rendered":"Rund die H\u00e4lfte der ukrainischen Gefl\u00fcchteten in Deutschland arbeitet"},"content":{"rendered":"<div>\n<p>Ein gro\u00dfer Teil der ukrainischen <a href=\"https:\/\/www.zeit.de\/thema\/gefluechtete\" rel=\"nofollow\">Gefl\u00fcchteten<\/a> in Deutschland geht einer Studie zufolge einer Arbeit nach. Entsprechende Zahlen hat das Bundesinstitut f\u00fcr Bev\u00f6lkerungsforschung (BiB) ver\u00f6ffentlicht. Demnach hat sich die Erwerbst\u00e4tigkeitsquote bei den Ukrainerinnen und Ukrainern in Deutschland innerhalb von drei Jahren mehr als verdreifacht.\n<\/p>\n<p>Rund die H\u00e4lfte der schon kurz nach <a href=\"https:\/\/www.zeit.de\/politik\/ausland\/ukraine-krieg-news-liveblog\" rel=\"nofollow\">Russlands \u00dcberfall auf die Ukraine<\/a> nach Deutschland Geflohenen im erwerbsf\u00e4higen Alter ist hier bereits berufst\u00e4tig. &#8222;Bei den zwischen Februar und Mai 2022 angekommenen Ukrainerinnen und Ukrainern im Alter zwischen 20 und 64 Jahren lag die Erwerbst\u00e4tigenquote im Fr\u00fchsommer 2025 bei 51 Prozent \u2013 von 50 Prozent bei Frauen bis 57 Prozent bei M\u00e4nnern&#8220;, teilte das BiB mit.\u00a0\n<\/p>\n<h2>Quote mehr als verdreifacht<\/h2>\n<p>&#8222;Die Erwerbst\u00e4tigenquote der Schutzsuchenden aus der Ukraine hat sich<br \/>\nvon 16 Prozent im Sp\u00e4tsommer 2022 bis zum Fr\u00fchsommer 2025 mehr als<br \/>\nverdreifacht&#8220;, sagte BiB-Studienleiter\u00a0Andreas Ette.\u00a0Vielen sei &#8222;der \u00dcbergang in eine Besch\u00e4ftigung nach ihrem Abschluss von<br \/>\nIntegrations- und Sprachkursen gelungen&#8220;. Gute Deutschkenntnisse und<br \/>\nsoziale Kontakte nennt das BiB &#8222;Schl\u00fcssel zur Integration&#8220;.\n<\/p>\n<p>Verglichen mit dem Durchschnitt der Bev\u00f6lkerung in ihrer Heimat verf\u00fcgen die 1,2 Millionen ukrainischen Kriegsfl\u00fcchtlinge, die mittlerweile in Deutschland leben, demnach \u00fcber ein hohes Qualifikationsniveau. Das BiB schreibt, das k\u00f6nne &#8222;angesichts des demografischen Wandels und des Fachkr\u00e4ftebedarfs in Deutschland eine wichtige Ressource f\u00fcr den Arbeitsmarkt in Deutschland darstellen&#8220;. Im Gegensatz zu <a href=\"https:\/\/www.zeit.de\/thema\/asyl\" rel=\"nofollow\">Asylsuchenden<\/a> d\u00fcrfen ukrainische Fl\u00fcchtlinge sofort in Deutschland arbeiten.\n<\/p>\n<p>Ziel der Studie war, mehr \u00fcber die Lebenssituation von geflohenen Ukrainerinnen und Ukrainern in Deutschland herauszufinden. Seit Sommer 2022 wurden bundesweit immer wieder dieselben Ukrainerinnen und Ukrainer in halbj\u00e4hrlichen Abst\u00e4nden befragt, insgesamt sechsmal.\u00a0Beim vorerst letzten Mal beteiligten sich zwischen Mai und August 2025 mehr als 6.000 Schutzsuchende. Damit liegen dem BiB insgesamt gut 40.000 Interviews vor. Die Beh\u00f6rde spricht von einer &#8222;einzigartigen Datenlage&#8220;.\u00a0\n<\/p>\n<\/div>\n","protected":false},"excerpt":{"rendered":"<p>Ein gro\u00dfer Teil der ukrainischen Gefl\u00fcchteten in Deutschland geht einer Studie zufolge einer Arbeit nach. Entsprechende Zahlen hat das Bundesinstitut f\u00fcr Bev\u00f6lkerungsforschung (BiB) ver\u00f6ffentlicht. Demnach hat sich die Erwerbst\u00e4tigkeitsquote bei den Ukrainerinnen und Ukrainern in Deutschland innerhalb von drei Jahren mehr als verdreifacht. Rund die H\u00e4lfte der schon kurz nach Russlands \u00dcberfall auf die Ukraine<\/p>\n","protected":false},"author":1,"featured_media":293642,"comment_status":"open","ping_status":"open","sticky":false,"template":"","format":"standard","meta":{"footnotes":""},"categories":[116],"tags":[],"class_list":["post-293641","post","type-post","status-publish","format-standard","has-post-thumbnail","hentry","category-war-chronicles-de"],"acf":[],"yoast_head":"<!-- This site is optimized with the Yoast SEO plugin v22.9 - https:\/\/yoast.com\/wordpress\/plugins\/seo\/ -->\n<title>Rund die H\u00e4lfte der ukrainischen Gefl\u00fcchteten in Deutschland arbeitet - vof-news.eu<\/title>\n<meta name=\"description\" content=\"Ein gro\u00dfer Teil der ukrainischen Gefl\u00fcchteten in Deutschland geht einer Studie zufolge einer Arbeit nach. Entsprechende Zahlen hat das Bundesinstitut f\u00fcr Bev\u00f6lkerungsforschung (BiB) ver\u00f6ffentlicht. Demnach hat sich die Erwerbst\u00e4tigkeitsquote bei den Ukrainerinnen und Ukrainern in Deutschland innerhalb von drei Jahren mehr als verdreifacht.\" \/>\n<meta name=\"robots\" content=\"noindex, follow, max-snippet:-1, max-image-preview:large, max-video-preview:-1\" \/>\n<meta property=\"og:locale\" content=\"de_DE\" \/>\n<meta property=\"og:type\" content=\"article\" \/>\n<meta property=\"og:title\" content=\"Rund die H\u00e4lfte der ukrainischen Gefl\u00fcchteten in Deutschland arbeitet - vof-news.eu\" \/>\n<meta property=\"og:description\" content=\"Ein gro\u00dfer Teil der ukrainischen Gefl\u00fcchteten in Deutschland geht einer Studie zufolge einer Arbeit nach. Entsprechende Zahlen hat das Bundesinstitut f\u00fcr Bev\u00f6lkerungsforschung (BiB) ver\u00f6ffentlicht. Demnach hat sich die Erwerbst\u00e4tigkeitsquote bei den Ukrainerinnen und Ukrainern in Deutschland innerhalb von drei Jahren mehr als verdreifacht.\" \/>\n<meta property=\"og:url\" content=\"https:\/\/vof-news.eu\/de\/rund-die-halfte-der-ukrainischen-gefluchteten-in-deutschland-arbeitet\/\" \/>\n<meta property=\"og:site_name\" content=\"vof-news.eu\" \/>\n<meta property=\"article:published_time\" content=\"2025-11-04T16:28:36+00:00\" \/>\n<meta property=\"article:modified_time\" content=\"2025-11-04T16:30:38+00:00\" \/>\n<meta property=\"og:image\" content=\"https:\/\/vof-news.eu\/wp-content\/uploads\/2025\/11\/wide__1000x562-7.jpg\" \/>\n\t<meta property=\"og:image:width\" content=\"1000\" \/>\n\t<meta property=\"og:image:height\" content=\"562\" \/>\n\t<meta property=\"og:image:type\" content=\"image\/jpeg\" \/>\n<meta name=\"author\" content=\"Author\" \/>\n<meta name=\"twitter:card\" content=\"summary_large_image\" \/>\n<meta name=\"twitter:label1\" content=\"Verfasst von\" \/>\n\t<meta name=\"twitter:data1\" content=\"Author\" \/>\n\t<meta name=\"twitter:label2\" content=\"Gesch\u00e4tzte Lesezeit\" \/>\n\t<meta name=\"twitter:data2\" content=\"1\u00a0Minute\" \/>\n<script type=\"application\/ld+json\" class=\"yoast-schema-graph\">{\"@context\":\"https:\/\/schema.org\",\"@graph\":[{\"@type\":\"WebPage\",\"@id\":\"https:\/\/vof-news.eu\/de\/rund-die-halfte-der-ukrainischen-gefluchteten-in-deutschland-arbeitet\/\",\"url\":\"https:\/\/vof-news.eu\/de\/rund-die-halfte-der-ukrainischen-gefluchteten-in-deutschland-arbeitet\/\",\"name\":\"Rund die H\u00e4lfte der ukrainischen Gefl\u00fcchteten in Deutschland arbeitet - vof-news.eu\",\"isPartOf\":{\"@id\":\"https:\/\/vof-news.eu\/de\/#website\"},\"primaryImageOfPage\":{\"@id\":\"https:\/\/vof-news.eu\/de\/rund-die-halfte-der-ukrainischen-gefluchteten-in-deutschland-arbeitet\/#primaryimage\"},\"image\":{\"@id\":\"https:\/\/vof-news.eu\/de\/rund-die-halfte-der-ukrainischen-gefluchteten-in-deutschland-arbeitet\/#primaryimage\"},\"thumbnailUrl\":\"https:\/\/vof-news.eu\/wp-content\/uploads\/2025\/11\/wide__1000x562-7.jpg\",\"datePublished\":\"2025-11-04T16:28:36+00:00\",\"dateModified\":\"2025-11-04T16:30:38+00:00\",\"author\":{\"@id\":\"https:\/\/vof-news.eu\/de\/#\/schema\/person\/f6a2a4309f0561835797fd8c19b333ed\"},\"description\":\"Ein gro\u00dfer Teil der ukrainischen Gefl\u00fcchteten in Deutschland geht einer Studie zufolge einer Arbeit nach. Entsprechende Zahlen hat das Bundesinstitut f\u00fcr Bev\u00f6lkerungsforschung (BiB) ver\u00f6ffentlicht. Demnach hat sich die Erwerbst\u00e4tigkeitsquote bei den Ukrainerinnen und Ukrainern in Deutschland innerhalb von drei Jahren mehr als verdreifacht.\",\"breadcrumb\":{\"@id\":\"https:\/\/vof-news.eu\/de\/rund-die-halfte-der-ukrainischen-gefluchteten-in-deutschland-arbeitet\/#breadcrumb\"},\"inLanguage\":\"de\",\"potentialAction\":[{\"@type\":\"ReadAction\",\"target\":[\"https:\/\/vof-news.eu\/de\/rund-die-halfte-der-ukrainischen-gefluchteten-in-deutschland-arbeitet\/\"]}]},{\"@type\":\"ImageObject\",\"inLanguage\":\"de\",\"@id\":\"https:\/\/vof-news.eu\/de\/rund-die-halfte-der-ukrainischen-gefluchteten-in-deutschland-arbeitet\/#primaryimage\",\"url\":\"https:\/\/vof-news.eu\/wp-content\/uploads\/2025\/11\/wide__1000x562-7.jpg\",\"contentUrl\":\"https:\/\/vof-news.eu\/wp-content\/uploads\/2025\/11\/wide__1000x562-7.jpg\",\"width\":1000,\"height\":562},{\"@type\":\"BreadcrumbList\",\"@id\":\"https:\/\/vof-news.eu\/de\/rund-die-halfte-der-ukrainischen-gefluchteten-in-deutschland-arbeitet\/#breadcrumb\",\"itemListElement\":[{\"@type\":\"ListItem\",\"position\":1,\"name\":\"Home\",\"item\":\"https:\/\/vof-news.eu\/de\/\"},{\"@type\":\"ListItem\",\"position\":2,\"name\":\"Rund die H\u00e4lfte der ukrainischen Gefl\u00fcchteten in Deutschland arbeitet\"}]},{\"@type\":\"WebSite\",\"@id\":\"https:\/\/vof-news.eu\/de\/#website\",\"url\":\"https:\/\/vof-news.eu\/de\/\",\"name\":\"vof-news.eu\",\"description\":\"\",\"potentialAction\":[{\"@type\":\"SearchAction\",\"target\":{\"@type\":\"EntryPoint\",\"urlTemplate\":\"https:\/\/vof-news.eu\/de\/?s={search_term_string}\"},\"query-input\":\"required name=search_term_string\"}],\"inLanguage\":\"de\"},{\"@type\":\"Person\",\"@id\":\"https:\/\/vof-news.eu\/de\/#\/schema\/person\/f6a2a4309f0561835797fd8c19b333ed\",\"name\":\"Author\",\"image\":{\"@type\":\"ImageObject\",\"inLanguage\":\"de\",\"@id\":\"https:\/\/vof-news.eu\/de\/#\/schema\/person\/image\/\",\"url\":\"https:\/\/secure.gravatar.com\/avatar\/b67e614b1b25b3e9c0c239efdd2fde5ab015b5affd6f1c3c85911ca4b384e790?s=96&d=mm&r=g\",\"contentUrl\":\"https:\/\/secure.gravatar.com\/avatar\/b67e614b1b25b3e9c0c239efdd2fde5ab015b5affd6f1c3c85911ca4b384e790?s=96&d=mm&r=g\",\"caption\":\"Author\"},\"sameAs\":[\"http:\/\/vof-news.eu\"],\"url\":\"https:\/\/vof-news.eu\/de\/author\/zwt6qxnjulxbnyg\/\"}]}<\/script>\n<!-- \/ Yoast SEO plugin. -->","yoast_head_json":{"title":"Rund die H\u00e4lfte der ukrainischen Gefl\u00fcchteten in Deutschland arbeitet - vof-news.eu","description":"Ein gro\u00dfer Teil der ukrainischen Gefl\u00fcchteten in Deutschland geht einer Studie zufolge einer Arbeit nach. Entsprechende Zahlen hat das Bundesinstitut f\u00fcr Bev\u00f6lkerungsforschung (BiB) ver\u00f6ffentlicht. Demnach hat sich die Erwerbst\u00e4tigkeitsquote bei den Ukrainerinnen und Ukrainern in Deutschland innerhalb von drei Jahren mehr als verdreifacht.","robots":{"index":"noindex","follow":"follow","max-snippet":"max-snippet:-1","max-image-preview":"max-image-preview:large","max-video-preview":"max-video-preview:-1"},"og_locale":"de_DE","og_type":"article","og_title":"Rund die H\u00e4lfte der ukrainischen Gefl\u00fcchteten in Deutschland arbeitet - vof-news.eu","og_description":"Ein gro\u00dfer Teil der ukrainischen Gefl\u00fcchteten in Deutschland geht einer Studie zufolge einer Arbeit nach. Entsprechende Zahlen hat das Bundesinstitut f\u00fcr Bev\u00f6lkerungsforschung (BiB) ver\u00f6ffentlicht. Demnach hat sich die Erwerbst\u00e4tigkeitsquote bei den Ukrainerinnen und Ukrainern in Deutschland innerhalb von drei Jahren mehr als verdreifacht.","og_url":"https:\/\/vof-news.eu\/de\/rund-die-halfte-der-ukrainischen-gefluchteten-in-deutschland-arbeitet\/","og_site_name":"vof-news.eu","article_published_time":"2025-11-04T16:28:36+00:00","article_modified_time":"2025-11-04T16:30:38+00:00","og_image":[{"width":1000,"height":562,"url":"https:\/\/vof-news.eu\/wp-content\/uploads\/2025\/11\/wide__1000x562-7.jpg","type":"image\/jpeg"}],"author":"Author","twitter_card":"summary_large_image","twitter_misc":{"Verfasst von":"Author","Gesch\u00e4tzte Lesezeit":"1\u00a0Minute"},"schema":{"@context":"https:\/\/schema.org","@graph":[{"@type":"WebPage","@id":"https:\/\/vof-news.eu\/de\/rund-die-halfte-der-ukrainischen-gefluchteten-in-deutschland-arbeitet\/","url":"https:\/\/vof-news.eu\/de\/rund-die-halfte-der-ukrainischen-gefluchteten-in-deutschland-arbeitet\/","name":"Rund die H\u00e4lfte der ukrainischen Gefl\u00fcchteten in Deutschland arbeitet - vof-news.eu","isPartOf":{"@id":"https:\/\/vof-news.eu\/de\/#website"},"primaryImageOfPage":{"@id":"https:\/\/vof-news.eu\/de\/rund-die-halfte-der-ukrainischen-gefluchteten-in-deutschland-arbeitet\/#primaryimage"},"image":{"@id":"https:\/\/vof-news.eu\/de\/rund-die-halfte-der-ukrainischen-gefluchteten-in-deutschland-arbeitet\/#primaryimage"},"thumbnailUrl":"https:\/\/vof-news.eu\/wp-content\/uploads\/2025\/11\/wide__1000x562-7.jpg","datePublished":"2025-11-04T16:28:36+00:00","dateModified":"2025-11-04T16:30:38+00:00","author":{"@id":"https:\/\/vof-news.eu\/de\/#\/schema\/person\/f6a2a4309f0561835797fd8c19b333ed"},"description":"Ein gro\u00dfer Teil der ukrainischen Gefl\u00fcchteten in Deutschland geht einer Studie zufolge einer Arbeit nach. Entsprechende Zahlen hat das Bundesinstitut f\u00fcr Bev\u00f6lkerungsforschung (BiB) ver\u00f6ffentlicht. Demnach hat sich die Erwerbst\u00e4tigkeitsquote bei den Ukrainerinnen und Ukrainern in Deutschland innerhalb von drei Jahren mehr als verdreifacht.","breadcrumb":{"@id":"https:\/\/vof-news.eu\/de\/rund-die-halfte-der-ukrainischen-gefluchteten-in-deutschland-arbeitet\/#breadcrumb"},"inLanguage":"de","potentialAction":[{"@type":"ReadAction","target":["https:\/\/vof-news.eu\/de\/rund-die-halfte-der-ukrainischen-gefluchteten-in-deutschland-arbeitet\/"]}]},{"@type":"ImageObject","inLanguage":"de","@id":"https:\/\/vof-news.eu\/de\/rund-die-halfte-der-ukrainischen-gefluchteten-in-deutschland-arbeitet\/#primaryimage","url":"https:\/\/vof-news.eu\/wp-content\/uploads\/2025\/11\/wide__1000x562-7.jpg","contentUrl":"https:\/\/vof-news.eu\/wp-content\/uploads\/2025\/11\/wide__1000x562-7.jpg","width":1000,"height":562},{"@type":"BreadcrumbList","@id":"https:\/\/vof-news.eu\/de\/rund-die-halfte-der-ukrainischen-gefluchteten-in-deutschland-arbeitet\/#breadcrumb","itemListElement":[{"@type":"ListItem","position":1,"name":"Home","item":"https:\/\/vof-news.eu\/de\/"},{"@type":"ListItem","position":2,"name":"Rund die H\u00e4lfte der ukrainischen Gefl\u00fcchteten in Deutschland arbeitet"}]},{"@type":"WebSite","@id":"https:\/\/vof-news.eu\/de\/#website","url":"https:\/\/vof-news.eu\/de\/","name":"vof-news.eu","description":"","potentialAction":[{"@type":"SearchAction","target":{"@type":"EntryPoint","urlTemplate":"https:\/\/vof-news.eu\/de\/?s={search_term_string}"},"query-input":"required name=search_term_string"}],"inLanguage":"de"},{"@type":"Person","@id":"https:\/\/vof-news.eu\/de\/#\/schema\/person\/f6a2a4309f0561835797fd8c19b333ed","name":"Author","image":{"@type":"ImageObject","inLanguage":"de","@id":"https:\/\/vof-news.eu\/de\/#\/schema\/person\/image\/","url":"https:\/\/secure.gravatar.com\/avatar\/b67e614b1b25b3e9c0c239efdd2fde5ab015b5affd6f1c3c85911ca4b384e790?s=96&d=mm&r=g","contentUrl":"https:\/\/secure.gravatar.com\/avatar\/b67e614b1b25b3e9c0c239efdd2fde5ab015b5affd6f1c3c85911ca4b384e790?s=96&d=mm&r=g","caption":"Author"},"sameAs":["http:\/\/vof-news.eu"],"url":"https:\/\/vof-news.eu\/de\/author\/zwt6qxnjulxbnyg\/"}]}},"yoast_meta":{"yoast_wpseo_title":"","yoast_wpseo_metadesc":"","yoast_wpseo_canonical":""},"_links":{"self":[{"href":"https:\/\/vof-news.eu\/de\/wp-json\/wp\/v2\/posts\/293641","targetHints":{"allow":["GET"]}}],"collection":[{"href":"https:\/\/vof-news.eu\/de\/wp-json\/wp\/v2\/posts"}],"about":[{"href":"https:\/\/vof-news.eu\/de\/wp-json\/wp\/v2\/types\/post"}],"author":[{"embeddable":true,"href":"https:\/\/vof-news.eu\/de\/wp-json\/wp\/v2\/users\/1"}],"replies":[{"embeddable":true,"href":"https:\/\/vof-news.eu\/de\/wp-json\/wp\/v2\/comments?post=293641"}],"version-history":[{"count":1,"href":"https:\/\/vof-news.eu\/de\/wp-json\/wp\/v2\/posts\/293641\/revisions"}],"predecessor-version":[{"id":293649,"href":"https:\/\/vof-news.eu\/de\/wp-json\/wp\/v2\/posts\/293641\/revisions\/293649"}],"wp:featuredmedia":[{"embeddable":true,"href":"https:\/\/vof-news.eu\/de\/wp-json\/wp\/v2\/media\/293642"}],"wp:attachment":[{"href":"https:\/\/vof-news.eu\/de\/wp-json\/wp\/v2\/media?parent=293641"}],"wp:term":[{"taxonomy":"category","embeddable":true,"href":"https:\/\/vof-news.eu\/de\/wp-json\/wp\/v2\/categories?post=293641"},{"taxonomy":"post_tag","embeddable":true,"href":"https:\/\/vof-news.eu\/de\/wp-json\/wp\/v2\/tags?post=293641"}],"curies":[{"name":"wp","href":"https:\/\/api.w.org\/{rel}","templated":true}]}}