{"id":293421,"date":"2025-11-04T09:29:11","date_gmt":"2025-11-04T06:29:11","guid":{"rendered":"https:\/\/vof-news.eu\/arbeiter-stirbt-nach-einsturz-des-historischen-torre-dei-conti-in-rom\/"},"modified":"2025-11-04T09:31:26","modified_gmt":"2025-11-04T06:31:26","slug":"arbeiter-stirbt-nach-einsturz-des-historischen-torre-dei-conti-in-rom","status":"publish","type":"post","link":"https:\/\/vof-news.eu\/de\/arbeiter-stirbt-nach-einsturz-des-historischen-torre-dei-conti-in-rom\/","title":{"rendered":"Arbeiter stirbt nach Einsturz des historischen Torre dei Conti in Rom"},"content":{"rendered":"<div>\n<p>In der italienischen Hauptstadt <a href=\"https:\/\/www.zeit.de\/thema\/rom\" rel=\"nofollow\">Rom<\/a> ist ein Turm aus dem 13.<br \/>\nJahrhundert eingest\u00fcrzt. Ein Arbeiter aus<br \/>\nRum\u00e4nien wurde zeitweise unter den Tr\u00fcmmern begraben. Er konnte zwar zun\u00e4chst geborgen werden \u2013 im Krankenhaus starb der 66-J\u00e4hrige jedoch, wie italienische Medien unter Berufung auf Krankenhauskreise<br \/>\nberichteten. Zuvor hatte der Pr\u00e4fekt von <span><a href=\"https:\/\/www.zeit.de\/thema\/rom\" rel=\"nofollow\">Rom<\/a><\/span>, Lamberto Giannini, mitgeteilt, dass der Mann sich in Lebensgefahr befinde und<br \/>\n&#8222;nach einer langen Rettungsaktion&#8220; per Krankenwagen abtransportiert<br \/>\nworden sei.\n<\/p>\n<p>Zum Zeitpunkt des Einsturzes fanden Bauarbeiten an dem historischen Geb\u00e4ude statt. Neben<br \/>\ndem rum\u00e4nischen Arbeiter waren nach Angaben der Einsatzkr\u00e4fte drei weitere Arbeiter<br \/>\nin dem Turm. Sie wurden unverletzt gerettet. Ein Helfer habe schwere Verletzungen<br \/>\nerlitten. \u00a0\n<\/p>\n<p>Die Versuche, den eingeschlossenen Arbeiter zu retten, hatten sich als besonders schwierig gestaltet. Einsatzkr\u00e4fte versuchten zun\u00e4chst, \u00fcber ein Fenster im ersten Stock<br \/>\nzu dem Mann zu gelangen, doch ein weiterer Teil des Geb\u00e4udes brach zusammen. Nachdem<br \/>\nein weiterer Versuch mit zwei Leitern abgebrochen worden war, setzten die<br \/>\nHelfer eine Drohne ein.\n<\/p>\n<h2>Russland provoziert mit Kommentar zu Einsturz<\/h2>\n<p>Die russische Au\u00dfenamtssprecherin Marija Sacharowa stellte<br \/>\neine Verbindung zwischen dem Einsturz und <span><a href=\"https:\/\/www.zeit.de\/thema\/italien\" rel=\"nofollow\">Italiens<\/a><\/span> Unterst\u00fctzung f\u00fcr die<br \/>\nUkraine her: &#8222;Solange die italienische Regierung weiterhin Steuergelder<br \/>\nverschwendet, wird ganz Italien zusammenbrechen, von der Wirtschaft bis zu den<br \/>\nT\u00fcrmen.&#8220; Die italienische Regierung bestellte daraufhin den russischen<br \/>\nBotschafter ein. Italiens Au\u00dfenminister Antonio Tajani bezeichnete Sacharowas<br \/>\n\u00c4u\u00dferungen als &#8222;besch\u00e4mend und inakzeptabel&#8220;.\n<\/p>\n<p>Der Turm mit dem Namen Torre dei Conti befindet sich in der N\u00e4he des ber\u00fchmten Forum Romanum und des Kolosseums. Papst Innozenz III. lie\u00df<br \/>\nihn als Residenz f\u00fcr seine Familie errichten. Der Turm wird seit Juni mit<br \/>\nEU-Geldern renoviert, unter anderem soll Asbest aus dem Geb\u00e4ude entfernt werden.\n<\/p>\n<\/div>\n","protected":false},"excerpt":{"rendered":"<p>In der italienischen Hauptstadt Rom ist ein Turm aus dem 13. Jahrhundert eingest\u00fcrzt. Ein Arbeiter aus Rum\u00e4nien wurde zeitweise unter den Tr\u00fcmmern begraben. Er konnte zwar zun\u00e4chst geborgen werden \u2013 im Krankenhaus starb der 66-J\u00e4hrige jedoch, wie italienische Medien unter Berufung auf Krankenhauskreise berichteten. Zuvor hatte der Pr\u00e4fekt von Rom, Lamberto Giannini, mitgeteilt, dass der<\/p>\n","protected":false},"author":1,"featured_media":293422,"comment_status":"open","ping_status":"open","sticky":false,"template":"","format":"standard","meta":{"footnotes":""},"categories":[116],"tags":[],"class_list":["post-293421","post","type-post","status-publish","format-standard","has-post-thumbnail","hentry","category-war-chronicles-de"],"acf":[],"yoast_head":"<!-- This site is optimized with the Yoast SEO plugin v22.9 - https:\/\/yoast.com\/wordpress\/plugins\/seo\/ -->\n<title>Arbeiter stirbt nach Einsturz des historischen Torre dei Conti in Rom - vof-news.eu<\/title>\n<meta name=\"description\" content=\"In der italienischen Hauptstadt Rom ist ein Turm aus dem 13.\" \/>\n<meta name=\"robots\" content=\"noindex, follow, max-snippet:-1, max-image-preview:large, max-video-preview:-1\" \/>\n<meta property=\"og:locale\" content=\"de_DE\" \/>\n<meta property=\"og:type\" content=\"article\" \/>\n<meta property=\"og:title\" content=\"Arbeiter stirbt nach Einsturz des historischen Torre dei Conti in Rom - vof-news.eu\" \/>\n<meta property=\"og:description\" content=\"In der italienischen Hauptstadt Rom ist ein Turm aus dem 13.\" \/>\n<meta property=\"og:url\" content=\"https:\/\/vof-news.eu\/de\/arbeiter-stirbt-nach-einsturz-des-historischen-torre-dei-conti-in-rom\/\" \/>\n<meta property=\"og:site_name\" content=\"vof-news.eu\" \/>\n<meta property=\"article:published_time\" content=\"2025-11-04T06:29:11+00:00\" \/>\n<meta property=\"article:modified_time\" content=\"2025-11-04T06:31:26+00:00\" \/>\n<meta property=\"og:image\" content=\"https:\/\/vof-news.eu\/wp-content\/uploads\/2025\/11\/wide__1000x562-6.jpg\" \/>\n\t<meta property=\"og:image:width\" content=\"1000\" \/>\n\t<meta property=\"og:image:height\" content=\"562\" \/>\n\t<meta property=\"og:image:type\" content=\"image\/jpeg\" \/>\n<meta name=\"author\" content=\"Author\" \/>\n<meta name=\"twitter:card\" content=\"summary_large_image\" \/>\n<meta name=\"twitter:label1\" content=\"Verfasst von\" \/>\n\t<meta name=\"twitter:data1\" content=\"Author\" \/>\n\t<meta name=\"twitter:label2\" content=\"Gesch\u00e4tzte Lesezeit\" \/>\n\t<meta name=\"twitter:data2\" content=\"1\u00a0Minute\" \/>\n<script type=\"application\/ld+json\" class=\"yoast-schema-graph\">{\"@context\":\"https:\/\/schema.org\",\"@graph\":[{\"@type\":\"WebPage\",\"@id\":\"https:\/\/vof-news.eu\/de\/arbeiter-stirbt-nach-einsturz-des-historischen-torre-dei-conti-in-rom\/\",\"url\":\"https:\/\/vof-news.eu\/de\/arbeiter-stirbt-nach-einsturz-des-historischen-torre-dei-conti-in-rom\/\",\"name\":\"Arbeiter stirbt nach Einsturz des historischen Torre dei Conti in Rom - vof-news.eu\",\"isPartOf\":{\"@id\":\"https:\/\/vof-news.eu\/de\/#website\"},\"primaryImageOfPage\":{\"@id\":\"https:\/\/vof-news.eu\/de\/arbeiter-stirbt-nach-einsturz-des-historischen-torre-dei-conti-in-rom\/#primaryimage\"},\"image\":{\"@id\":\"https:\/\/vof-news.eu\/de\/arbeiter-stirbt-nach-einsturz-des-historischen-torre-dei-conti-in-rom\/#primaryimage\"},\"thumbnailUrl\":\"https:\/\/vof-news.eu\/wp-content\/uploads\/2025\/11\/wide__1000x562-6.jpg\",\"datePublished\":\"2025-11-04T06:29:11+00:00\",\"dateModified\":\"2025-11-04T06:31:26+00:00\",\"author\":{\"@id\":\"https:\/\/vof-news.eu\/de\/#\/schema\/person\/f6a2a4309f0561835797fd8c19b333ed\"},\"description\":\"In der italienischen Hauptstadt Rom ist ein Turm aus dem 13.\",\"breadcrumb\":{\"@id\":\"https:\/\/vof-news.eu\/de\/arbeiter-stirbt-nach-einsturz-des-historischen-torre-dei-conti-in-rom\/#breadcrumb\"},\"inLanguage\":\"de\",\"potentialAction\":[{\"@type\":\"ReadAction\",\"target\":[\"https:\/\/vof-news.eu\/de\/arbeiter-stirbt-nach-einsturz-des-historischen-torre-dei-conti-in-rom\/\"]}]},{\"@type\":\"ImageObject\",\"inLanguage\":\"de\",\"@id\":\"https:\/\/vof-news.eu\/de\/arbeiter-stirbt-nach-einsturz-des-historischen-torre-dei-conti-in-rom\/#primaryimage\",\"url\":\"https:\/\/vof-news.eu\/wp-content\/uploads\/2025\/11\/wide__1000x562-6.jpg\",\"contentUrl\":\"https:\/\/vof-news.eu\/wp-content\/uploads\/2025\/11\/wide__1000x562-6.jpg\",\"width\":1000,\"height\":562},{\"@type\":\"BreadcrumbList\",\"@id\":\"https:\/\/vof-news.eu\/de\/arbeiter-stirbt-nach-einsturz-des-historischen-torre-dei-conti-in-rom\/#breadcrumb\",\"itemListElement\":[{\"@type\":\"ListItem\",\"position\":1,\"name\":\"Home\",\"item\":\"https:\/\/vof-news.eu\/de\/\"},{\"@type\":\"ListItem\",\"position\":2,\"name\":\"Arbeiter stirbt nach Einsturz des historischen Torre dei Conti in Rom\"}]},{\"@type\":\"WebSite\",\"@id\":\"https:\/\/vof-news.eu\/de\/#website\",\"url\":\"https:\/\/vof-news.eu\/de\/\",\"name\":\"vof-news.eu\",\"description\":\"\",\"potentialAction\":[{\"@type\":\"SearchAction\",\"target\":{\"@type\":\"EntryPoint\",\"urlTemplate\":\"https:\/\/vof-news.eu\/de\/?s={search_term_string}\"},\"query-input\":\"required name=search_term_string\"}],\"inLanguage\":\"de\"},{\"@type\":\"Person\",\"@id\":\"https:\/\/vof-news.eu\/de\/#\/schema\/person\/f6a2a4309f0561835797fd8c19b333ed\",\"name\":\"Author\",\"image\":{\"@type\":\"ImageObject\",\"inLanguage\":\"de\",\"@id\":\"https:\/\/vof-news.eu\/de\/#\/schema\/person\/image\/\",\"url\":\"https:\/\/secure.gravatar.com\/avatar\/b67e614b1b25b3e9c0c239efdd2fde5ab015b5affd6f1c3c85911ca4b384e790?s=96&d=mm&r=g\",\"contentUrl\":\"https:\/\/secure.gravatar.com\/avatar\/b67e614b1b25b3e9c0c239efdd2fde5ab015b5affd6f1c3c85911ca4b384e790?s=96&d=mm&r=g\",\"caption\":\"Author\"},\"sameAs\":[\"http:\/\/vof-news.eu\"],\"url\":\"https:\/\/vof-news.eu\/de\/author\/zwt6qxnjulxbnyg\/\"}]}<\/script>\n<!-- \/ Yoast SEO plugin. -->","yoast_head_json":{"title":"Arbeiter stirbt nach Einsturz des historischen Torre dei Conti in Rom - vof-news.eu","description":"In der italienischen Hauptstadt Rom ist ein Turm aus dem 13.","robots":{"index":"noindex","follow":"follow","max-snippet":"max-snippet:-1","max-image-preview":"max-image-preview:large","max-video-preview":"max-video-preview:-1"},"og_locale":"de_DE","og_type":"article","og_title":"Arbeiter stirbt nach Einsturz des historischen Torre dei Conti in Rom - vof-news.eu","og_description":"In der italienischen Hauptstadt Rom ist ein Turm aus dem 13.","og_url":"https:\/\/vof-news.eu\/de\/arbeiter-stirbt-nach-einsturz-des-historischen-torre-dei-conti-in-rom\/","og_site_name":"vof-news.eu","article_published_time":"2025-11-04T06:29:11+00:00","article_modified_time":"2025-11-04T06:31:26+00:00","og_image":[{"width":1000,"height":562,"url":"https:\/\/vof-news.eu\/wp-content\/uploads\/2025\/11\/wide__1000x562-6.jpg","type":"image\/jpeg"}],"author":"Author","twitter_card":"summary_large_image","twitter_misc":{"Verfasst von":"Author","Gesch\u00e4tzte Lesezeit":"1\u00a0Minute"},"schema":{"@context":"https:\/\/schema.org","@graph":[{"@type":"WebPage","@id":"https:\/\/vof-news.eu\/de\/arbeiter-stirbt-nach-einsturz-des-historischen-torre-dei-conti-in-rom\/","url":"https:\/\/vof-news.eu\/de\/arbeiter-stirbt-nach-einsturz-des-historischen-torre-dei-conti-in-rom\/","name":"Arbeiter stirbt nach Einsturz des historischen Torre dei Conti in Rom - vof-news.eu","isPartOf":{"@id":"https:\/\/vof-news.eu\/de\/#website"},"primaryImageOfPage":{"@id":"https:\/\/vof-news.eu\/de\/arbeiter-stirbt-nach-einsturz-des-historischen-torre-dei-conti-in-rom\/#primaryimage"},"image":{"@id":"https:\/\/vof-news.eu\/de\/arbeiter-stirbt-nach-einsturz-des-historischen-torre-dei-conti-in-rom\/#primaryimage"},"thumbnailUrl":"https:\/\/vof-news.eu\/wp-content\/uploads\/2025\/11\/wide__1000x562-6.jpg","datePublished":"2025-11-04T06:29:11+00:00","dateModified":"2025-11-04T06:31:26+00:00","author":{"@id":"https:\/\/vof-news.eu\/de\/#\/schema\/person\/f6a2a4309f0561835797fd8c19b333ed"},"description":"In der italienischen Hauptstadt Rom ist ein Turm aus dem 13.","breadcrumb":{"@id":"https:\/\/vof-news.eu\/de\/arbeiter-stirbt-nach-einsturz-des-historischen-torre-dei-conti-in-rom\/#breadcrumb"},"inLanguage":"de","potentialAction":[{"@type":"ReadAction","target":["https:\/\/vof-news.eu\/de\/arbeiter-stirbt-nach-einsturz-des-historischen-torre-dei-conti-in-rom\/"]}]},{"@type":"ImageObject","inLanguage":"de","@id":"https:\/\/vof-news.eu\/de\/arbeiter-stirbt-nach-einsturz-des-historischen-torre-dei-conti-in-rom\/#primaryimage","url":"https:\/\/vof-news.eu\/wp-content\/uploads\/2025\/11\/wide__1000x562-6.jpg","contentUrl":"https:\/\/vof-news.eu\/wp-content\/uploads\/2025\/11\/wide__1000x562-6.jpg","width":1000,"height":562},{"@type":"BreadcrumbList","@id":"https:\/\/vof-news.eu\/de\/arbeiter-stirbt-nach-einsturz-des-historischen-torre-dei-conti-in-rom\/#breadcrumb","itemListElement":[{"@type":"ListItem","position":1,"name":"Home","item":"https:\/\/vof-news.eu\/de\/"},{"@type":"ListItem","position":2,"name":"Arbeiter stirbt nach Einsturz des historischen Torre dei Conti in Rom"}]},{"@type":"WebSite","@id":"https:\/\/vof-news.eu\/de\/#website","url":"https:\/\/vof-news.eu\/de\/","name":"vof-news.eu","description":"","potentialAction":[{"@type":"SearchAction","target":{"@type":"EntryPoint","urlTemplate":"https:\/\/vof-news.eu\/de\/?s={search_term_string}"},"query-input":"required name=search_term_string"}],"inLanguage":"de"},{"@type":"Person","@id":"https:\/\/vof-news.eu\/de\/#\/schema\/person\/f6a2a4309f0561835797fd8c19b333ed","name":"Author","image":{"@type":"ImageObject","inLanguage":"de","@id":"https:\/\/vof-news.eu\/de\/#\/schema\/person\/image\/","url":"https:\/\/secure.gravatar.com\/avatar\/b67e614b1b25b3e9c0c239efdd2fde5ab015b5affd6f1c3c85911ca4b384e790?s=96&d=mm&r=g","contentUrl":"https:\/\/secure.gravatar.com\/avatar\/b67e614b1b25b3e9c0c239efdd2fde5ab015b5affd6f1c3c85911ca4b384e790?s=96&d=mm&r=g","caption":"Author"},"sameAs":["http:\/\/vof-news.eu"],"url":"https:\/\/vof-news.eu\/de\/author\/zwt6qxnjulxbnyg\/"}]}},"yoast_meta":{"yoast_wpseo_title":"","yoast_wpseo_metadesc":"","yoast_wpseo_canonical":""},"_links":{"self":[{"href":"https:\/\/vof-news.eu\/de\/wp-json\/wp\/v2\/posts\/293421","targetHints":{"allow":["GET"]}}],"collection":[{"href":"https:\/\/vof-news.eu\/de\/wp-json\/wp\/v2\/posts"}],"about":[{"href":"https:\/\/vof-news.eu\/de\/wp-json\/wp\/v2\/types\/post"}],"author":[{"embeddable":true,"href":"https:\/\/vof-news.eu\/de\/wp-json\/wp\/v2\/users\/1"}],"replies":[{"embeddable":true,"href":"https:\/\/vof-news.eu\/de\/wp-json\/wp\/v2\/comments?post=293421"}],"version-history":[{"count":1,"href":"https:\/\/vof-news.eu\/de\/wp-json\/wp\/v2\/posts\/293421\/revisions"}],"predecessor-version":[{"id":293429,"href":"https:\/\/vof-news.eu\/de\/wp-json\/wp\/v2\/posts\/293421\/revisions\/293429"}],"wp:featuredmedia":[{"embeddable":true,"href":"https:\/\/vof-news.eu\/de\/wp-json\/wp\/v2\/media\/293422"}],"wp:attachment":[{"href":"https:\/\/vof-news.eu\/de\/wp-json\/wp\/v2\/media?parent=293421"}],"wp:term":[{"taxonomy":"category","embeddable":true,"href":"https:\/\/vof-news.eu\/de\/wp-json\/wp\/v2\/categories?post=293421"},{"taxonomy":"post_tag","embeddable":true,"href":"https:\/\/vof-news.eu\/de\/wp-json\/wp\/v2\/tags?post=293421"}],"curies":[{"name":"wp","href":"https:\/\/api.w.org\/{rel}","templated":true}]}}