{"id":293370,"date":"2025-11-04T07:28:36","date_gmt":"2025-11-04T04:28:36","guid":{"rendered":"https:\/\/vof-news.eu\/eu-rat-ukraine-zu-mehr-reformtempo-auf-dem-weg-zum-beitritt\/"},"modified":"2025-11-04T07:29:56","modified_gmt":"2025-11-04T04:29:56","slug":"eu-rat-ukraine-zu-mehr-reformtempo-auf-dem-weg-zum-beitritt","status":"publish","type":"post","link":"https:\/\/vof-news.eu\/de\/eu-rat-ukraine-zu-mehr-reformtempo-auf-dem-weg-zum-beitritt\/","title":{"rendered":"EU r\u00e4t Ukraine zu mehr Reformtempo auf dem Weg zum Beitritt"},"content":{"rendered":"<div>\n<p>Die <a href=\"https:\/\/www.zeit.de\/thema\/krieg-in-ukraine\" rel=\"nofollow\">Ukraine<\/a> muss ihr Reformtempo erh\u00f6hen, wenn<br \/>\nsie die selbst gesteckten Ziele auf dem Weg zu einer Aufnahme in die<br \/>\n<span><a href=\"https:\/\/www.zeit.de\/thema\/europaeische-union\" rel=\"nofollow\">Europ\u00e4ische Union<\/a><\/span> erreichen will. Zu diesem Ergebnis kommt nach<br \/>\nInformationen der Nachrichtenagentur dpa eine Analyse, die die<br \/>\nEU-Au\u00dfenbeauftragte Kaja Kallas und Erweiterungskommissarin Marta Kos an<br \/>\n diesem Dienstag in Br\u00fcssel vorstellen wollen.\n<\/p>\n<p>In dem Text hei\u00dft es, die <span><a href=\"https:\/\/www.zeit.de\/politik\/ausland\/ukraine-krieg-news-liveblog\" rel=\"nofollow\">Ukraine<\/a><\/span> habe im<br \/>\nvergangenen Jahr trotz ihrer \u00e4u\u00dferst schwierigen Lage wegen des<br \/>\n<a href=\"https:\/\/www.zeit.de\/politik\/ausland\/ukraine-krieg-news-liveblog\" rel=\"nofollow\">russischen Angriffskriegs<\/a> ein bemerkenswertes Engagement im<br \/>\nEU-Beitrittsprozess gezeigt. J\u00fcngste negative Entwicklungen m\u00fcssten<br \/>\nallerdings entschieden r\u00fcckg\u00e4ngig gemacht werden \u2013 so etwa der<br \/>\nzunehmende Druck auf Antikorruptionsbeh\u00f6rden und die Zivilgesellschaft.\n<\/p>\n<p>Zudem mahnen die Autoren des Berichts an, die<br \/>\nAngleichung an EU-Standards beim Schutz der Grundrechte sowie<br \/>\nVerwaltungs- und Dezentralisierungsreformen voranzutreiben. Fortschritte<br \/>\n seien weiterhin notwendig, um Unabh\u00e4ngigkeit, Integrit\u00e4t,<br \/>\nProfessionalit\u00e4t und Effizienz in Justiz, Staatsanwaltschaft und<br \/>\nStrafverfolgung zu st\u00e4rken sowie organisierte Kriminalit\u00e4t intensiver zu<br \/>\n bek\u00e4mpfen.\n<\/p>\n<h2>Warnung vor zu gro\u00dfen Erwartungen<\/h2>\n<p>Die ukrainische Regierung hat sich selbst das<br \/>\nZiel gesetzt, die EU-Beitrittsverhandlungen bis Ende 2028 abzuschlie\u00dfen.<br \/>\n In der Analyse der notwendigen Reformfortschritte wird nun aber<br \/>\ndeutlich vor dem Risiko gewarnt, dass damit zu gro\u00dfe Erwartungen<br \/>\ngesch\u00fcrt werden k\u00f6nnten. Die Kommission unterst\u00fctze das ehrgeizige Ziel,<br \/>\n weise jedoch darauf hin, dass hierf\u00fcr eine Beschleunigung des<br \/>\nReformtempos erforderlich sei, hei\u00dft es dort. Das gelte insbesondere in<br \/>\ngrundlegenden Bereichen wie der Rechtsstaatlichkeit.\n<\/p>\n<p>Neben<br \/>\n der Ukraine werden an diesem Dienstag auch das Nachbarland<br \/>\nMoldau sowie die Westbalkanstaaten <span><a href=\"https:\/\/www.zeit.de\/thema\/montenegro\" rel=\"nofollow\">Montenegro<\/a><\/span>, Albanien, Serbien,<br \/>\nBosnien und Herzegowina, Nordmazedonien und Kosovo als EU-Beitrittsanw\u00e4rter<br \/>\nvon der EU-Kommission bewertet. Zur <a href=\"https:\/\/www.zeit.de\/thema\/tuerkei\" rel=\"nofollow\">T\u00fcrkei<\/a> und <a href=\"https:\/\/www.zeit.de\/thema\/georgien\" rel=\"nofollow\">Georgien<\/a> gibt es<br \/>\nebenfalls Analysen, in beiden F\u00e4llen liegt der Beitrittsprozess<br \/>\nallerdings wegen demokratischer und rechtsstaatlicher Defizite auf Eis.\n<\/p>\n<p>Am<br \/>\n weitesten im EU-Aufnahmeprozess ist nach der neuen Analyse Montenegro.<br \/>\nDem Land wird bescheinigt, die Beitrittsverhandlungen bis Ende 2026<br \/>\nabschlie\u00dfen zu k\u00f6nnen, wenn es das Reformtempo beibeh\u00e4lt. F\u00fcr <span><a href=\"https:\/\/www.zeit.de\/thema\/albanien\" rel=\"nofollow\">Albanien<\/a><\/span><br \/>\nwird ein Abschluss der Beitrittsverhandlungen bis Ende 2027 f\u00fcr m\u00f6glich<br \/>\ngehalten.\n<\/p>\n<h2>Georgien und T\u00fcrkei schneiden schlecht ab<\/h2>\n<p>Das bedeutet allerdings nicht, dass<br \/>\ndie L\u00e4nder dann auch wirklich beitreten k\u00f6nnen. Voraussetzung daf\u00fcr ist,<br \/>\n dass alle EU-Staaten den von der EU-Kommission ausgehandelten<br \/>\nBeitrittsvertr\u00e4gen zustimmen und diese dann auch ratifizieren. In<br \/>\nFrankreich etwa k\u00f6nnte vor der Ratifizierung noch ein Referendum<br \/>\norganisiert werden.\n<\/p>\n<p>Ein<br \/>\n ausgesprochen schlechtes Zeugnis sollen auch in diesem Jahr wieder<br \/>\nGeorgien und die <span><a href=\"https:\/\/www.zeit.de\/thema\/tuerkei\" rel=\"nofollow\">T\u00fcrkei<\/a><\/span> ausgestellt bekommen. Zu Georgien hei\u00dft es, das<br \/>\nLand sei angesichts des Kurses der aktuellen Regierung nur noch auf dem<br \/>\nPapier ein Beitrittskandidat. Als Beispiele werden die Verabschiedung<br \/>\nrepressiver Gesetze, eine politische Instrumentalisierung der Justiz,<br \/>\ndie Verfolgung von Oppositionsf\u00fchrern sowie willk\u00fcrliche Verhaftungen<br \/>\nvon Demonstrierenden und Journalistinnen und Journalisten genannt. In<br \/>\nder T\u00fcrkei wurden ebenfalls weitere R\u00fcckschritte in den Bereichen<br \/>\nGrundrechte und Rechtsstaatlichkeit festgestellt.\n<\/p>\n<\/div>\n","protected":false},"excerpt":{"rendered":"<p>Die Ukraine muss ihr Reformtempo erh\u00f6hen, wenn sie die selbst gesteckten Ziele auf dem Weg zu einer Aufnahme in die Europ\u00e4ische Union erreichen will. Zu diesem Ergebnis kommt nach Informationen der Nachrichtenagentur dpa eine Analyse, die die EU-Au\u00dfenbeauftragte Kaja Kallas und Erweiterungskommissarin Marta Kos an diesem Dienstag in Br\u00fcssel vorstellen wollen. In dem Text hei\u00dft<\/p>\n","protected":false},"author":1,"featured_media":293371,"comment_status":"open","ping_status":"open","sticky":false,"template":"","format":"standard","meta":{"footnotes":""},"categories":[116],"tags":[],"class_list":["post-293370","post","type-post","status-publish","format-standard","has-post-thumbnail","hentry","category-war-chronicles-de"],"acf":[],"yoast_head":"<!-- This site is optimized with the Yoast SEO plugin v22.9 - https:\/\/yoast.com\/wordpress\/plugins\/seo\/ -->\n<title>EU r\u00e4t Ukraine zu mehr Reformtempo auf dem Weg zum Beitritt - vof-news.eu<\/title>\n<meta name=\"description\" content=\"Die Ukraine muss ihr Reformtempo erh\u00f6hen, wenn\" \/>\n<meta name=\"robots\" content=\"noindex, follow, max-snippet:-1, max-image-preview:large, max-video-preview:-1\" \/>\n<meta property=\"og:locale\" content=\"de_DE\" \/>\n<meta property=\"og:type\" content=\"article\" \/>\n<meta property=\"og:title\" content=\"EU r\u00e4t Ukraine zu mehr Reformtempo auf dem Weg zum Beitritt - vof-news.eu\" \/>\n<meta property=\"og:description\" content=\"Die Ukraine muss ihr Reformtempo erh\u00f6hen, wenn\" \/>\n<meta property=\"og:url\" content=\"https:\/\/vof-news.eu\/de\/eu-rat-ukraine-zu-mehr-reformtempo-auf-dem-weg-zum-beitritt\/\" \/>\n<meta property=\"og:site_name\" content=\"vof-news.eu\" \/>\n<meta property=\"article:published_time\" content=\"2025-11-04T04:28:36+00:00\" \/>\n<meta property=\"article:modified_time\" content=\"2025-11-04T04:29:56+00:00\" \/>\n<meta property=\"og:image\" content=\"https:\/\/vof-news.eu\/wp-content\/uploads\/2025\/11\/wide__1000x562-5.jpg\" \/>\n\t<meta property=\"og:image:width\" content=\"1000\" \/>\n\t<meta property=\"og:image:height\" content=\"562\" \/>\n\t<meta property=\"og:image:type\" content=\"image\/jpeg\" \/>\n<meta name=\"author\" content=\"Author\" \/>\n<meta name=\"twitter:card\" content=\"summary_large_image\" \/>\n<meta name=\"twitter:label1\" content=\"Verfasst von\" \/>\n\t<meta name=\"twitter:data1\" content=\"Author\" \/>\n\t<meta name=\"twitter:label2\" content=\"Gesch\u00e4tzte Lesezeit\" \/>\n\t<meta name=\"twitter:data2\" content=\"2\u00a0Minuten\" \/>\n<script type=\"application\/ld+json\" class=\"yoast-schema-graph\">{\"@context\":\"https:\/\/schema.org\",\"@graph\":[{\"@type\":\"WebPage\",\"@id\":\"https:\/\/vof-news.eu\/de\/eu-rat-ukraine-zu-mehr-reformtempo-auf-dem-weg-zum-beitritt\/\",\"url\":\"https:\/\/vof-news.eu\/de\/eu-rat-ukraine-zu-mehr-reformtempo-auf-dem-weg-zum-beitritt\/\",\"name\":\"EU r\u00e4t Ukraine zu mehr Reformtempo auf dem Weg zum Beitritt - vof-news.eu\",\"isPartOf\":{\"@id\":\"https:\/\/vof-news.eu\/de\/#website\"},\"primaryImageOfPage\":{\"@id\":\"https:\/\/vof-news.eu\/de\/eu-rat-ukraine-zu-mehr-reformtempo-auf-dem-weg-zum-beitritt\/#primaryimage\"},\"image\":{\"@id\":\"https:\/\/vof-news.eu\/de\/eu-rat-ukraine-zu-mehr-reformtempo-auf-dem-weg-zum-beitritt\/#primaryimage\"},\"thumbnailUrl\":\"https:\/\/vof-news.eu\/wp-content\/uploads\/2025\/11\/wide__1000x562-5.jpg\",\"datePublished\":\"2025-11-04T04:28:36+00:00\",\"dateModified\":\"2025-11-04T04:29:56+00:00\",\"author\":{\"@id\":\"https:\/\/vof-news.eu\/de\/#\/schema\/person\/f6a2a4309f0561835797fd8c19b333ed\"},\"description\":\"Die Ukraine muss ihr Reformtempo erh\u00f6hen, wenn\",\"breadcrumb\":{\"@id\":\"https:\/\/vof-news.eu\/de\/eu-rat-ukraine-zu-mehr-reformtempo-auf-dem-weg-zum-beitritt\/#breadcrumb\"},\"inLanguage\":\"de\",\"potentialAction\":[{\"@type\":\"ReadAction\",\"target\":[\"https:\/\/vof-news.eu\/de\/eu-rat-ukraine-zu-mehr-reformtempo-auf-dem-weg-zum-beitritt\/\"]}]},{\"@type\":\"ImageObject\",\"inLanguage\":\"de\",\"@id\":\"https:\/\/vof-news.eu\/de\/eu-rat-ukraine-zu-mehr-reformtempo-auf-dem-weg-zum-beitritt\/#primaryimage\",\"url\":\"https:\/\/vof-news.eu\/wp-content\/uploads\/2025\/11\/wide__1000x562-5.jpg\",\"contentUrl\":\"https:\/\/vof-news.eu\/wp-content\/uploads\/2025\/11\/wide__1000x562-5.jpg\",\"width\":1000,\"height\":562},{\"@type\":\"BreadcrumbList\",\"@id\":\"https:\/\/vof-news.eu\/de\/eu-rat-ukraine-zu-mehr-reformtempo-auf-dem-weg-zum-beitritt\/#breadcrumb\",\"itemListElement\":[{\"@type\":\"ListItem\",\"position\":1,\"name\":\"Home\",\"item\":\"https:\/\/vof-news.eu\/de\/\"},{\"@type\":\"ListItem\",\"position\":2,\"name\":\"EU r\u00e4t Ukraine zu mehr Reformtempo auf dem Weg zum Beitritt\"}]},{\"@type\":\"WebSite\",\"@id\":\"https:\/\/vof-news.eu\/de\/#website\",\"url\":\"https:\/\/vof-news.eu\/de\/\",\"name\":\"vof-news.eu\",\"description\":\"\",\"potentialAction\":[{\"@type\":\"SearchAction\",\"target\":{\"@type\":\"EntryPoint\",\"urlTemplate\":\"https:\/\/vof-news.eu\/de\/?s={search_term_string}\"},\"query-input\":\"required name=search_term_string\"}],\"inLanguage\":\"de\"},{\"@type\":\"Person\",\"@id\":\"https:\/\/vof-news.eu\/de\/#\/schema\/person\/f6a2a4309f0561835797fd8c19b333ed\",\"name\":\"Author\",\"image\":{\"@type\":\"ImageObject\",\"inLanguage\":\"de\",\"@id\":\"https:\/\/vof-news.eu\/de\/#\/schema\/person\/image\/\",\"url\":\"https:\/\/secure.gravatar.com\/avatar\/b67e614b1b25b3e9c0c239efdd2fde5ab015b5affd6f1c3c85911ca4b384e790?s=96&d=mm&r=g\",\"contentUrl\":\"https:\/\/secure.gravatar.com\/avatar\/b67e614b1b25b3e9c0c239efdd2fde5ab015b5affd6f1c3c85911ca4b384e790?s=96&d=mm&r=g\",\"caption\":\"Author\"},\"sameAs\":[\"http:\/\/vof-news.eu\"],\"url\":\"https:\/\/vof-news.eu\/de\/author\/zwt6qxnjulxbnyg\/\"}]}<\/script>\n<!-- \/ Yoast SEO plugin. -->","yoast_head_json":{"title":"EU r\u00e4t Ukraine zu mehr Reformtempo auf dem Weg zum Beitritt - vof-news.eu","description":"Die Ukraine muss ihr Reformtempo erh\u00f6hen, wenn","robots":{"index":"noindex","follow":"follow","max-snippet":"max-snippet:-1","max-image-preview":"max-image-preview:large","max-video-preview":"max-video-preview:-1"},"og_locale":"de_DE","og_type":"article","og_title":"EU r\u00e4t Ukraine zu mehr Reformtempo auf dem Weg zum Beitritt - vof-news.eu","og_description":"Die Ukraine muss ihr Reformtempo erh\u00f6hen, wenn","og_url":"https:\/\/vof-news.eu\/de\/eu-rat-ukraine-zu-mehr-reformtempo-auf-dem-weg-zum-beitritt\/","og_site_name":"vof-news.eu","article_published_time":"2025-11-04T04:28:36+00:00","article_modified_time":"2025-11-04T04:29:56+00:00","og_image":[{"width":1000,"height":562,"url":"https:\/\/vof-news.eu\/wp-content\/uploads\/2025\/11\/wide__1000x562-5.jpg","type":"image\/jpeg"}],"author":"Author","twitter_card":"summary_large_image","twitter_misc":{"Verfasst von":"Author","Gesch\u00e4tzte Lesezeit":"2\u00a0Minuten"},"schema":{"@context":"https:\/\/schema.org","@graph":[{"@type":"WebPage","@id":"https:\/\/vof-news.eu\/de\/eu-rat-ukraine-zu-mehr-reformtempo-auf-dem-weg-zum-beitritt\/","url":"https:\/\/vof-news.eu\/de\/eu-rat-ukraine-zu-mehr-reformtempo-auf-dem-weg-zum-beitritt\/","name":"EU r\u00e4t Ukraine zu mehr Reformtempo auf dem Weg zum Beitritt - vof-news.eu","isPartOf":{"@id":"https:\/\/vof-news.eu\/de\/#website"},"primaryImageOfPage":{"@id":"https:\/\/vof-news.eu\/de\/eu-rat-ukraine-zu-mehr-reformtempo-auf-dem-weg-zum-beitritt\/#primaryimage"},"image":{"@id":"https:\/\/vof-news.eu\/de\/eu-rat-ukraine-zu-mehr-reformtempo-auf-dem-weg-zum-beitritt\/#primaryimage"},"thumbnailUrl":"https:\/\/vof-news.eu\/wp-content\/uploads\/2025\/11\/wide__1000x562-5.jpg","datePublished":"2025-11-04T04:28:36+00:00","dateModified":"2025-11-04T04:29:56+00:00","author":{"@id":"https:\/\/vof-news.eu\/de\/#\/schema\/person\/f6a2a4309f0561835797fd8c19b333ed"},"description":"Die Ukraine muss ihr Reformtempo erh\u00f6hen, wenn","breadcrumb":{"@id":"https:\/\/vof-news.eu\/de\/eu-rat-ukraine-zu-mehr-reformtempo-auf-dem-weg-zum-beitritt\/#breadcrumb"},"inLanguage":"de","potentialAction":[{"@type":"ReadAction","target":["https:\/\/vof-news.eu\/de\/eu-rat-ukraine-zu-mehr-reformtempo-auf-dem-weg-zum-beitritt\/"]}]},{"@type":"ImageObject","inLanguage":"de","@id":"https:\/\/vof-news.eu\/de\/eu-rat-ukraine-zu-mehr-reformtempo-auf-dem-weg-zum-beitritt\/#primaryimage","url":"https:\/\/vof-news.eu\/wp-content\/uploads\/2025\/11\/wide__1000x562-5.jpg","contentUrl":"https:\/\/vof-news.eu\/wp-content\/uploads\/2025\/11\/wide__1000x562-5.jpg","width":1000,"height":562},{"@type":"BreadcrumbList","@id":"https:\/\/vof-news.eu\/de\/eu-rat-ukraine-zu-mehr-reformtempo-auf-dem-weg-zum-beitritt\/#breadcrumb","itemListElement":[{"@type":"ListItem","position":1,"name":"Home","item":"https:\/\/vof-news.eu\/de\/"},{"@type":"ListItem","position":2,"name":"EU r\u00e4t Ukraine zu mehr Reformtempo auf dem Weg zum Beitritt"}]},{"@type":"WebSite","@id":"https:\/\/vof-news.eu\/de\/#website","url":"https:\/\/vof-news.eu\/de\/","name":"vof-news.eu","description":"","potentialAction":[{"@type":"SearchAction","target":{"@type":"EntryPoint","urlTemplate":"https:\/\/vof-news.eu\/de\/?s={search_term_string}"},"query-input":"required name=search_term_string"}],"inLanguage":"de"},{"@type":"Person","@id":"https:\/\/vof-news.eu\/de\/#\/schema\/person\/f6a2a4309f0561835797fd8c19b333ed","name":"Author","image":{"@type":"ImageObject","inLanguage":"de","@id":"https:\/\/vof-news.eu\/de\/#\/schema\/person\/image\/","url":"https:\/\/secure.gravatar.com\/avatar\/b67e614b1b25b3e9c0c239efdd2fde5ab015b5affd6f1c3c85911ca4b384e790?s=96&d=mm&r=g","contentUrl":"https:\/\/secure.gravatar.com\/avatar\/b67e614b1b25b3e9c0c239efdd2fde5ab015b5affd6f1c3c85911ca4b384e790?s=96&d=mm&r=g","caption":"Author"},"sameAs":["http:\/\/vof-news.eu"],"url":"https:\/\/vof-news.eu\/de\/author\/zwt6qxnjulxbnyg\/"}]}},"yoast_meta":{"yoast_wpseo_title":"","yoast_wpseo_metadesc":"","yoast_wpseo_canonical":""},"_links":{"self":[{"href":"https:\/\/vof-news.eu\/de\/wp-json\/wp\/v2\/posts\/293370","targetHints":{"allow":["GET"]}}],"collection":[{"href":"https:\/\/vof-news.eu\/de\/wp-json\/wp\/v2\/posts"}],"about":[{"href":"https:\/\/vof-news.eu\/de\/wp-json\/wp\/v2\/types\/post"}],"author":[{"embeddable":true,"href":"https:\/\/vof-news.eu\/de\/wp-json\/wp\/v2\/users\/1"}],"replies":[{"embeddable":true,"href":"https:\/\/vof-news.eu\/de\/wp-json\/wp\/v2\/comments?post=293370"}],"version-history":[{"count":1,"href":"https:\/\/vof-news.eu\/de\/wp-json\/wp\/v2\/posts\/293370\/revisions"}],"predecessor-version":[{"id":293377,"href":"https:\/\/vof-news.eu\/de\/wp-json\/wp\/v2\/posts\/293370\/revisions\/293377"}],"wp:featuredmedia":[{"embeddable":true,"href":"https:\/\/vof-news.eu\/de\/wp-json\/wp\/v2\/media\/293371"}],"wp:attachment":[{"href":"https:\/\/vof-news.eu\/de\/wp-json\/wp\/v2\/media?parent=293370"}],"wp:term":[{"taxonomy":"category","embeddable":true,"href":"https:\/\/vof-news.eu\/de\/wp-json\/wp\/v2\/categories?post=293370"},{"taxonomy":"post_tag","embeddable":true,"href":"https:\/\/vof-news.eu\/de\/wp-json\/wp\/v2\/tags?post=293370"}],"curies":[{"name":"wp","href":"https:\/\/api.w.org\/{rel}","templated":true}]}}