{"id":293354,"date":"2025-11-04T03:28:31","date_gmt":"2025-11-04T00:28:31","guid":{"rendered":"https:\/\/vof-news.eu\/teil-von-historischem-turm-in-rom-bei-renovierung-eingesturzt\/"},"modified":"2025-11-04T03:30:04","modified_gmt":"2025-11-04T00:30:04","slug":"teil-von-historischem-turm-in-rom-bei-renovierung-eingesturzt","status":"publish","type":"post","link":"https:\/\/vof-news.eu\/de\/teil-von-historischem-turm-in-rom-bei-renovierung-eingesturzt\/","title":{"rendered":"Teil von historischem Turm in Rom bei Renovierung eingest\u00fcrzt"},"content":{"rendered":"<div>\n<p>In der italienischen Hauptstadt <a href=\"https:\/\/www.zeit.de\/thema\/rom\" rel=\"nofollow\">Rom<\/a> ist ein Turm aus dem 13.<br \/>\nJahrhundert eingest\u00fcrzt, zwei Menschen wurden dabei verletzt. Ein Arbeiter aus<br \/>\nRum\u00e4nien war zeitweise unter den Tr\u00fcmmern begraben. Der Mann befinde sich in<br \/>\nLebensgefahr und sei &#8222;nach einer langen Rettungsaktion&#8220; ins Krankenhaus gebracht worden, sagte der Pr\u00e4fekt Roms, Lamberto Giannini.<\/p>\n<p>Zum Zeitpunkt des Einsturzes fanden Bauarbeiten an dem historischen Geb\u00e4ude statt. Neben<br \/>\ndem rum\u00e4nischen Arbeiter waren nach Angaben der Einsatzkr\u00e4fte drei weitere Arbeiter<br \/>\nin dem Turm. Sie konnten unverletzt gerettet werden. Ein Helfer habe schwere Verletzungen<br \/>\nerlitten. \u00a0\n<\/p>\n<p>Die Rettung des eingeschlossenen Arbeiters gestaltete sich<br \/>\nschwierig. Einsatzkr\u00e4fte versuchten zun\u00e4chst, \u00fcber ein Fenster im ersten Stock<br \/>\nzu dem Mann zu gelangen, doch ein weiterer Teil des Geb\u00e4udes brach zusammen. Nachdem<br \/>\nein weiterer Versuch mit zwei Leitern abgebrochen worden war, setzten die<br \/>\nHelfer eine Drohne ein.\n<\/p>\n<h2>Russland provoziert mit Kommentar zu Einsturz<\/h2>\n<p>Die russische Au\u00dfenamtssprecherin Marija Sacharowa stellte<br \/>\neine Verbindung zwischen dem Einsturz und der Unterst\u00fctzung <span><a href=\"https:\/\/www.zeit.de\/thema\/italien\" rel=\"nofollow\">Italiens<\/a><\/span> f\u00fcr die<br \/>\nUkraine her: &#8222;Solange die italienische Regierung weiterhin Steuergelder<br \/>\nverschwendet, wird ganz Italien zusammenbrechen, von der Wirtschaft bis zu den<br \/>\nT\u00fcrmen.&#8220; Die italienische Regierung bestellte daraufhin den russischen<br \/>\nBotschafter ein. Italiens Au\u00dfenminister Antonio Tajani bezeichnete Sacharowas<br \/>\n\u00c4u\u00dferungen als &#8222;besch\u00e4mend und inakzeptabel&#8220;.\n<\/p>\n<p>Der Turm mit dem Namen Torre dei Conti befindet sich in der N\u00e4he des ber\u00fchmten Forum Romanum und des Kolosseums. Papst Innozenz III. lie\u00df<br \/>\nihn als Residenz f\u00fcr seine Familie errichten. Der Turm wird seit Juni mit<br \/>\nEU-Geldern renoviert, unter anderem soll Asbest aus dem Geb\u00e4ude entfernt werden.\n<\/p>\n<\/div>\n","protected":false},"excerpt":{"rendered":"<p>In der italienischen Hauptstadt Rom ist ein Turm aus dem 13. Jahrhundert eingest\u00fcrzt, zwei Menschen wurden dabei verletzt. Ein Arbeiter aus Rum\u00e4nien war zeitweise unter den Tr\u00fcmmern begraben. Der Mann befinde sich in Lebensgefahr und sei &#8222;nach einer langen Rettungsaktion&#8220; ins Krankenhaus gebracht worden, sagte der Pr\u00e4fekt Roms, Lamberto Giannini. Zum Zeitpunkt des Einsturzes fanden<\/p>\n","protected":false},"author":1,"featured_media":293355,"comment_status":"open","ping_status":"open","sticky":false,"template":"","format":"standard","meta":{"footnotes":""},"categories":[116],"tags":[],"class_list":["post-293354","post","type-post","status-publish","format-standard","has-post-thumbnail","hentry","category-war-chronicles-de"],"acf":[],"yoast_head":"<!-- This site is optimized with the Yoast SEO plugin v22.9 - https:\/\/yoast.com\/wordpress\/plugins\/seo\/ -->\n<title>Teil von historischem Turm in Rom bei Renovierung eingest\u00fcrzt - vof-news.eu<\/title>\n<meta name=\"description\" content=\"In der italienischen Hauptstadt Rom ist ein Turm aus dem 13.\" \/>\n<meta name=\"robots\" content=\"noindex, follow, max-snippet:-1, max-image-preview:large, max-video-preview:-1\" \/>\n<meta property=\"og:locale\" content=\"de_DE\" \/>\n<meta property=\"og:type\" content=\"article\" \/>\n<meta property=\"og:title\" content=\"Teil von historischem Turm in Rom bei Renovierung eingest\u00fcrzt - vof-news.eu\" \/>\n<meta property=\"og:description\" content=\"In der italienischen Hauptstadt Rom ist ein Turm aus dem 13.\" \/>\n<meta property=\"og:url\" content=\"https:\/\/vof-news.eu\/de\/teil-von-historischem-turm-in-rom-bei-renovierung-eingesturzt\/\" \/>\n<meta property=\"og:site_name\" content=\"vof-news.eu\" \/>\n<meta property=\"article:published_time\" content=\"2025-11-04T00:28:31+00:00\" \/>\n<meta property=\"article:modified_time\" content=\"2025-11-04T00:30:04+00:00\" \/>\n<meta property=\"og:image\" content=\"https:\/\/vof-news.eu\/wp-content\/uploads\/2025\/11\/wide__1000x562-3.jpg\" \/>\n\t<meta property=\"og:image:width\" content=\"1000\" \/>\n\t<meta property=\"og:image:height\" content=\"562\" \/>\n\t<meta property=\"og:image:type\" content=\"image\/jpeg\" \/>\n<meta name=\"author\" content=\"Author\" \/>\n<meta name=\"twitter:card\" content=\"summary_large_image\" \/>\n<meta name=\"twitter:label1\" content=\"Verfasst von\" \/>\n\t<meta name=\"twitter:data1\" content=\"Author\" \/>\n\t<meta name=\"twitter:label2\" content=\"Gesch\u00e4tzte Lesezeit\" \/>\n\t<meta name=\"twitter:data2\" content=\"1\u00a0Minute\" \/>\n<script type=\"application\/ld+json\" class=\"yoast-schema-graph\">{\"@context\":\"https:\/\/schema.org\",\"@graph\":[{\"@type\":\"WebPage\",\"@id\":\"https:\/\/vof-news.eu\/de\/teil-von-historischem-turm-in-rom-bei-renovierung-eingesturzt\/\",\"url\":\"https:\/\/vof-news.eu\/de\/teil-von-historischem-turm-in-rom-bei-renovierung-eingesturzt\/\",\"name\":\"Teil von historischem Turm in Rom bei Renovierung eingest\u00fcrzt - vof-news.eu\",\"isPartOf\":{\"@id\":\"https:\/\/vof-news.eu\/de\/#website\"},\"primaryImageOfPage\":{\"@id\":\"https:\/\/vof-news.eu\/de\/teil-von-historischem-turm-in-rom-bei-renovierung-eingesturzt\/#primaryimage\"},\"image\":{\"@id\":\"https:\/\/vof-news.eu\/de\/teil-von-historischem-turm-in-rom-bei-renovierung-eingesturzt\/#primaryimage\"},\"thumbnailUrl\":\"https:\/\/vof-news.eu\/wp-content\/uploads\/2025\/11\/wide__1000x562-3.jpg\",\"datePublished\":\"2025-11-04T00:28:31+00:00\",\"dateModified\":\"2025-11-04T00:30:04+00:00\",\"author\":{\"@id\":\"https:\/\/vof-news.eu\/de\/#\/schema\/person\/f6a2a4309f0561835797fd8c19b333ed\"},\"description\":\"In der italienischen Hauptstadt Rom ist ein Turm aus dem 13.\",\"breadcrumb\":{\"@id\":\"https:\/\/vof-news.eu\/de\/teil-von-historischem-turm-in-rom-bei-renovierung-eingesturzt\/#breadcrumb\"},\"inLanguage\":\"de\",\"potentialAction\":[{\"@type\":\"ReadAction\",\"target\":[\"https:\/\/vof-news.eu\/de\/teil-von-historischem-turm-in-rom-bei-renovierung-eingesturzt\/\"]}]},{\"@type\":\"ImageObject\",\"inLanguage\":\"de\",\"@id\":\"https:\/\/vof-news.eu\/de\/teil-von-historischem-turm-in-rom-bei-renovierung-eingesturzt\/#primaryimage\",\"url\":\"https:\/\/vof-news.eu\/wp-content\/uploads\/2025\/11\/wide__1000x562-3.jpg\",\"contentUrl\":\"https:\/\/vof-news.eu\/wp-content\/uploads\/2025\/11\/wide__1000x562-3.jpg\",\"width\":1000,\"height\":562},{\"@type\":\"BreadcrumbList\",\"@id\":\"https:\/\/vof-news.eu\/de\/teil-von-historischem-turm-in-rom-bei-renovierung-eingesturzt\/#breadcrumb\",\"itemListElement\":[{\"@type\":\"ListItem\",\"position\":1,\"name\":\"Home\",\"item\":\"https:\/\/vof-news.eu\/de\/\"},{\"@type\":\"ListItem\",\"position\":2,\"name\":\"Teil von historischem Turm in Rom bei Renovierung eingest\u00fcrzt\"}]},{\"@type\":\"WebSite\",\"@id\":\"https:\/\/vof-news.eu\/de\/#website\",\"url\":\"https:\/\/vof-news.eu\/de\/\",\"name\":\"vof-news.eu\",\"description\":\"\",\"potentialAction\":[{\"@type\":\"SearchAction\",\"target\":{\"@type\":\"EntryPoint\",\"urlTemplate\":\"https:\/\/vof-news.eu\/de\/?s={search_term_string}\"},\"query-input\":\"required name=search_term_string\"}],\"inLanguage\":\"de\"},{\"@type\":\"Person\",\"@id\":\"https:\/\/vof-news.eu\/de\/#\/schema\/person\/f6a2a4309f0561835797fd8c19b333ed\",\"name\":\"Author\",\"image\":{\"@type\":\"ImageObject\",\"inLanguage\":\"de\",\"@id\":\"https:\/\/vof-news.eu\/de\/#\/schema\/person\/image\/\",\"url\":\"https:\/\/secure.gravatar.com\/avatar\/b67e614b1b25b3e9c0c239efdd2fde5ab015b5affd6f1c3c85911ca4b384e790?s=96&d=mm&r=g\",\"contentUrl\":\"https:\/\/secure.gravatar.com\/avatar\/b67e614b1b25b3e9c0c239efdd2fde5ab015b5affd6f1c3c85911ca4b384e790?s=96&d=mm&r=g\",\"caption\":\"Author\"},\"sameAs\":[\"http:\/\/vof-news.eu\"],\"url\":\"https:\/\/vof-news.eu\/de\/author\/zwt6qxnjulxbnyg\/\"}]}<\/script>\n<!-- \/ Yoast SEO plugin. -->","yoast_head_json":{"title":"Teil von historischem Turm in Rom bei Renovierung eingest\u00fcrzt - vof-news.eu","description":"In der italienischen Hauptstadt Rom ist ein Turm aus dem 13.","robots":{"index":"noindex","follow":"follow","max-snippet":"max-snippet:-1","max-image-preview":"max-image-preview:large","max-video-preview":"max-video-preview:-1"},"og_locale":"de_DE","og_type":"article","og_title":"Teil von historischem Turm in Rom bei Renovierung eingest\u00fcrzt - vof-news.eu","og_description":"In der italienischen Hauptstadt Rom ist ein Turm aus dem 13.","og_url":"https:\/\/vof-news.eu\/de\/teil-von-historischem-turm-in-rom-bei-renovierung-eingesturzt\/","og_site_name":"vof-news.eu","article_published_time":"2025-11-04T00:28:31+00:00","article_modified_time":"2025-11-04T00:30:04+00:00","og_image":[{"width":1000,"height":562,"url":"https:\/\/vof-news.eu\/wp-content\/uploads\/2025\/11\/wide__1000x562-3.jpg","type":"image\/jpeg"}],"author":"Author","twitter_card":"summary_large_image","twitter_misc":{"Verfasst von":"Author","Gesch\u00e4tzte Lesezeit":"1\u00a0Minute"},"schema":{"@context":"https:\/\/schema.org","@graph":[{"@type":"WebPage","@id":"https:\/\/vof-news.eu\/de\/teil-von-historischem-turm-in-rom-bei-renovierung-eingesturzt\/","url":"https:\/\/vof-news.eu\/de\/teil-von-historischem-turm-in-rom-bei-renovierung-eingesturzt\/","name":"Teil von historischem Turm in Rom bei Renovierung eingest\u00fcrzt - vof-news.eu","isPartOf":{"@id":"https:\/\/vof-news.eu\/de\/#website"},"primaryImageOfPage":{"@id":"https:\/\/vof-news.eu\/de\/teil-von-historischem-turm-in-rom-bei-renovierung-eingesturzt\/#primaryimage"},"image":{"@id":"https:\/\/vof-news.eu\/de\/teil-von-historischem-turm-in-rom-bei-renovierung-eingesturzt\/#primaryimage"},"thumbnailUrl":"https:\/\/vof-news.eu\/wp-content\/uploads\/2025\/11\/wide__1000x562-3.jpg","datePublished":"2025-11-04T00:28:31+00:00","dateModified":"2025-11-04T00:30:04+00:00","author":{"@id":"https:\/\/vof-news.eu\/de\/#\/schema\/person\/f6a2a4309f0561835797fd8c19b333ed"},"description":"In der italienischen Hauptstadt Rom ist ein Turm aus dem 13.","breadcrumb":{"@id":"https:\/\/vof-news.eu\/de\/teil-von-historischem-turm-in-rom-bei-renovierung-eingesturzt\/#breadcrumb"},"inLanguage":"de","potentialAction":[{"@type":"ReadAction","target":["https:\/\/vof-news.eu\/de\/teil-von-historischem-turm-in-rom-bei-renovierung-eingesturzt\/"]}]},{"@type":"ImageObject","inLanguage":"de","@id":"https:\/\/vof-news.eu\/de\/teil-von-historischem-turm-in-rom-bei-renovierung-eingesturzt\/#primaryimage","url":"https:\/\/vof-news.eu\/wp-content\/uploads\/2025\/11\/wide__1000x562-3.jpg","contentUrl":"https:\/\/vof-news.eu\/wp-content\/uploads\/2025\/11\/wide__1000x562-3.jpg","width":1000,"height":562},{"@type":"BreadcrumbList","@id":"https:\/\/vof-news.eu\/de\/teil-von-historischem-turm-in-rom-bei-renovierung-eingesturzt\/#breadcrumb","itemListElement":[{"@type":"ListItem","position":1,"name":"Home","item":"https:\/\/vof-news.eu\/de\/"},{"@type":"ListItem","position":2,"name":"Teil von historischem Turm in Rom bei Renovierung eingest\u00fcrzt"}]},{"@type":"WebSite","@id":"https:\/\/vof-news.eu\/de\/#website","url":"https:\/\/vof-news.eu\/de\/","name":"vof-news.eu","description":"","potentialAction":[{"@type":"SearchAction","target":{"@type":"EntryPoint","urlTemplate":"https:\/\/vof-news.eu\/de\/?s={search_term_string}"},"query-input":"required name=search_term_string"}],"inLanguage":"de"},{"@type":"Person","@id":"https:\/\/vof-news.eu\/de\/#\/schema\/person\/f6a2a4309f0561835797fd8c19b333ed","name":"Author","image":{"@type":"ImageObject","inLanguage":"de","@id":"https:\/\/vof-news.eu\/de\/#\/schema\/person\/image\/","url":"https:\/\/secure.gravatar.com\/avatar\/b67e614b1b25b3e9c0c239efdd2fde5ab015b5affd6f1c3c85911ca4b384e790?s=96&d=mm&r=g","contentUrl":"https:\/\/secure.gravatar.com\/avatar\/b67e614b1b25b3e9c0c239efdd2fde5ab015b5affd6f1c3c85911ca4b384e790?s=96&d=mm&r=g","caption":"Author"},"sameAs":["http:\/\/vof-news.eu"],"url":"https:\/\/vof-news.eu\/de\/author\/zwt6qxnjulxbnyg\/"}]}},"yoast_meta":{"yoast_wpseo_title":"","yoast_wpseo_metadesc":"","yoast_wpseo_canonical":""},"_links":{"self":[{"href":"https:\/\/vof-news.eu\/de\/wp-json\/wp\/v2\/posts\/293354","targetHints":{"allow":["GET"]}}],"collection":[{"href":"https:\/\/vof-news.eu\/de\/wp-json\/wp\/v2\/posts"}],"about":[{"href":"https:\/\/vof-news.eu\/de\/wp-json\/wp\/v2\/types\/post"}],"author":[{"embeddable":true,"href":"https:\/\/vof-news.eu\/de\/wp-json\/wp\/v2\/users\/1"}],"replies":[{"embeddable":true,"href":"https:\/\/vof-news.eu\/de\/wp-json\/wp\/v2\/comments?post=293354"}],"version-history":[{"count":1,"href":"https:\/\/vof-news.eu\/de\/wp-json\/wp\/v2\/posts\/293354\/revisions"}],"predecessor-version":[{"id":293361,"href":"https:\/\/vof-news.eu\/de\/wp-json\/wp\/v2\/posts\/293354\/revisions\/293361"}],"wp:featuredmedia":[{"embeddable":true,"href":"https:\/\/vof-news.eu\/de\/wp-json\/wp\/v2\/media\/293355"}],"wp:attachment":[{"href":"https:\/\/vof-news.eu\/de\/wp-json\/wp\/v2\/media?parent=293354"}],"wp:term":[{"taxonomy":"category","embeddable":true,"href":"https:\/\/vof-news.eu\/de\/wp-json\/wp\/v2\/categories?post=293354"},{"taxonomy":"post_tag","embeddable":true,"href":"https:\/\/vof-news.eu\/de\/wp-json\/wp\/v2\/tags?post=293354"}],"curies":[{"name":"wp","href":"https:\/\/api.w.org\/{rel}","templated":true}]}}