{"id":292108,"date":"2025-10-30T13:28:12","date_gmt":"2025-10-30T10:28:12","guid":{"rendered":"https:\/\/vof-news.eu\/friedrich-merz-trifft-in-der-turkei-keine-oppositionspolitiker\/"},"modified":"2025-10-30T13:29:28","modified_gmt":"2025-10-30T10:29:28","slug":"friedrich-merz-trifft-in-der-turkei-keine-oppositionspolitiker","status":"publish","type":"post","link":"https:\/\/vof-news.eu\/de\/friedrich-merz-trifft-in-der-turkei-keine-oppositionspolitiker\/","title":{"rendered":"Friedrich Merz trifft in der T\u00fcrkei keine Oppositionspolitiker"},"content":{"rendered":"<div>\n<p>Zum ersten Mal in seiner Amtszeit befindet sich Bundeskanzler <span><a href=\"https:\/\/www.zeit.de\/thema\/friedrich-merz\" rel=\"nofollow\">Friedrich Merz<\/a><\/span> (CDU) in der T\u00fcrkei, mit Vertretern der Opposition trifft er sich dabei nicht. Am Mittag wird Merz vom t\u00fcrkischen Pr\u00e4sidenten\u00a0Recep Tayyip\u00a0Erdo\u011fan in Ankara mit milit\u00e4rischen Ehren empfangen. Danach wollen die beiden unter anderem \u00fcber die Friedensbem\u00fchungen in Gaza, den Ukraine-Krieg, die R\u00fcstungskooperation und die R\u00fcckf\u00fchrung von Migranten in die T\u00fcrkei und nach Syrien sprechen.\n<\/p>\n<p>Das jahrelang angespannte Verh\u00e4ltnis zwischen Deutschland und der <span><a href=\"https:\/\/www.zeit.de\/thema\/tuerkei\" rel=\"nofollow\">T\u00fcrkei<\/a><\/span> hatte sich zuletzt entspannt.\u00a0Die zunehmende Bedeutung der T\u00fcrkei nicht<br \/>\n nur in der Migrationspolitik, sondern auch in Konflikten wie im Nahen<br \/>\nOsten oder in der Ukraine hat schon unter der Ampel-Regierung von<br \/>\nSPD-Kanzler Olaf Scholz zu einem Entspannungskurs gef\u00fchrt, der jetzt von<br \/>\n der schwarz-roten Regierung fortgesetzt wird.\u00a0\n<\/p>\n<p>Den Ton daf\u00fcr hatte Au\u00dfenminister Johann Wadephul vor knapp zwei Wochen bei seinem Antrittsbesuch in Ankara gesetzt. Die T\u00fcrkei<br \/>\n sei ein &#8222;strategischer Partner in allen unseren au\u00dfenpolitischen<br \/>\nBelangen und ein guter Freund&#8220;, sagte er. &#8222;Wir wollen insgesamt eine<br \/>\nPositivagenda.&#8220;\n<\/p>\n<h2>Forderungen an Merz, Umgang mit Opposition zu thematisieren<\/h2>\n<p>Direkte Kritik etwa am Umgang mit Opposition und<br \/>\nZivilgesellschaft blieb zumindest auf offener B\u00fchne aus. Auf Fragen nach<br \/>\n der <a href=\"https:\/\/www.zeit.de\/politik\/ausland\/2025-09\/prozess-ekrem-imamoglu-tuerkei-diplom-faq\" rel=\"nofollow\">Inhaftierung des Oppositionspolitikers Ekrem \u0130mamo\u011flu<\/a> vor sieben<br \/>\nMonaten \u2013 bis heute ohne Anklage \u2013 ging Wadephul nicht ein.\n<\/p>\n<p>Kurz vor dem Besuch des Kanzlers wurde nun ein<br \/>\nneuer Haftbefehl <a href=\"https:\/\/www.zeit.de\/politik\/ausland\/2025-10\/tuerkei-ekrem-imamoglu-gericht-haftbefehl\" rel=\"nofollow\">gegen den abgesetzten Istanbuler B\u00fcrgermeister \u0130mamo\u011flu erlassen<\/a>. Die Organisationen Reporter ohne Grenzen und Human Rights<br \/>\nWatch erwarten dazu klare Worte von Merz. Auch der SPD-Au\u00dfenpolitiker Ralf Stegner forderte den Kanzler auf, das Thema anzusprechen.\u00a0\n<\/p>\n<p>Der Pr\u00e4sident der Deutsch-T\u00fcrkischen Gesellschaft, der SPD-Abgeordnete Macit Karaahmeto\u011flu, forderte Merz dazu auf, mit\u00a0<span><a href=\"https:\/\/www.zeit.de\/thema\/recep-tayyip-erdogan\" rel=\"nofollow\">Erdo\u011fan<\/a><\/span>\u00a0Klartext zu reden und die fortschreitende<br \/>\nAush\u00f6hlung des Rechtsstaates in der T\u00fcrkei anzusprechen.\u00a0Merz m\u00fcsse &#8222;die Werte der Demokratie und Menschenrechte klar zur Sprache bringen und die rechtswidrigen Praktiken in der T\u00fcrkei kritisieren&#8220;, sagte er der Nachrichtenagentur AFP.\u00a0\n<\/p>\n<\/div>\n","protected":false},"excerpt":{"rendered":"<p>Zum ersten Mal in seiner Amtszeit befindet sich Bundeskanzler Friedrich Merz (CDU) in der T\u00fcrkei, mit Vertretern der Opposition trifft er sich dabei nicht. Am Mittag wird Merz vom t\u00fcrkischen Pr\u00e4sidenten\u00a0Recep Tayyip\u00a0Erdo\u011fan in Ankara mit milit\u00e4rischen Ehren empfangen. Danach wollen die beiden unter anderem \u00fcber die Friedensbem\u00fchungen in Gaza, den Ukraine-Krieg, die R\u00fcstungskooperation und die<\/p>\n","protected":false},"author":1,"featured_media":292109,"comment_status":"open","ping_status":"open","sticky":false,"template":"","format":"standard","meta":{"footnotes":""},"categories":[116],"tags":[],"class_list":["post-292108","post","type-post","status-publish","format-standard","has-post-thumbnail","hentry","category-war-chronicles-de"],"acf":[],"yoast_head":"<!-- This site is optimized with the Yoast SEO plugin v22.9 - https:\/\/yoast.com\/wordpress\/plugins\/seo\/ -->\n<title>Friedrich Merz trifft in der T\u00fcrkei keine Oppositionspolitiker - vof-news.eu<\/title>\n<meta name=\"description\" content=\"Zum ersten Mal in seiner Amtszeit befindet sich Bundeskanzler Friedrich Merz (CDU) in der T\u00fcrkei, mit Vertretern der Opposition trifft er sich dabei nicht. Am Mittag wird Merz vom t\u00fcrkischen Pr\u00e4sidenten\u00a0Recep Tayyip\u00a0Erdo\u011fan in Ankara mit milit\u00e4rischen Ehren empfangen. Danach wollen die beiden unter anderem \u00fcber die Friedensbem\u00fchungen in Gaza, den Ukraine-Krieg, die R\u00fcstungskooperation und die R\u00fcckf\u00fchrung von Migranten in die T\u00fcrkei und nach Syrien sprechen.\" \/>\n<meta name=\"robots\" content=\"noindex, follow, max-snippet:-1, max-image-preview:large, max-video-preview:-1\" \/>\n<meta property=\"og:locale\" content=\"de_DE\" \/>\n<meta property=\"og:type\" content=\"article\" \/>\n<meta property=\"og:title\" content=\"Friedrich Merz trifft in der T\u00fcrkei keine Oppositionspolitiker - vof-news.eu\" \/>\n<meta property=\"og:description\" content=\"Zum ersten Mal in seiner Amtszeit befindet sich Bundeskanzler Friedrich Merz (CDU) in der T\u00fcrkei, mit Vertretern der Opposition trifft er sich dabei nicht. Am Mittag wird Merz vom t\u00fcrkischen Pr\u00e4sidenten\u00a0Recep Tayyip\u00a0Erdo\u011fan in Ankara mit milit\u00e4rischen Ehren empfangen. Danach wollen die beiden unter anderem \u00fcber die Friedensbem\u00fchungen in Gaza, den Ukraine-Krieg, die R\u00fcstungskooperation und die R\u00fcckf\u00fchrung von Migranten in die T\u00fcrkei und nach Syrien sprechen.\" \/>\n<meta property=\"og:url\" content=\"https:\/\/vof-news.eu\/de\/friedrich-merz-trifft-in-der-turkei-keine-oppositionspolitiker\/\" \/>\n<meta property=\"og:site_name\" content=\"vof-news.eu\" \/>\n<meta property=\"article:published_time\" content=\"2025-10-30T10:28:12+00:00\" \/>\n<meta property=\"article:modified_time\" content=\"2025-10-30T10:29:28+00:00\" \/>\n<meta property=\"og:image\" content=\"https:\/\/vof-news.eu\/wp-content\/uploads\/2025\/10\/wide__1000x562-99.jpg\" \/>\n\t<meta property=\"og:image:width\" content=\"1000\" \/>\n\t<meta property=\"og:image:height\" content=\"562\" \/>\n\t<meta property=\"og:image:type\" content=\"image\/jpeg\" \/>\n<meta name=\"author\" content=\"Author\" \/>\n<meta name=\"twitter:card\" content=\"summary_large_image\" \/>\n<meta name=\"twitter:label1\" content=\"Verfasst von\" \/>\n\t<meta name=\"twitter:data1\" content=\"Author\" \/>\n\t<meta name=\"twitter:label2\" content=\"Gesch\u00e4tzte Lesezeit\" \/>\n\t<meta name=\"twitter:data2\" content=\"2\u00a0Minuten\" \/>\n<script type=\"application\/ld+json\" class=\"yoast-schema-graph\">{\"@context\":\"https:\/\/schema.org\",\"@graph\":[{\"@type\":\"WebPage\",\"@id\":\"https:\/\/vof-news.eu\/de\/friedrich-merz-trifft-in-der-turkei-keine-oppositionspolitiker\/\",\"url\":\"https:\/\/vof-news.eu\/de\/friedrich-merz-trifft-in-der-turkei-keine-oppositionspolitiker\/\",\"name\":\"Friedrich Merz trifft in der T\u00fcrkei keine Oppositionspolitiker - vof-news.eu\",\"isPartOf\":{\"@id\":\"https:\/\/vof-news.eu\/de\/#website\"},\"primaryImageOfPage\":{\"@id\":\"https:\/\/vof-news.eu\/de\/friedrich-merz-trifft-in-der-turkei-keine-oppositionspolitiker\/#primaryimage\"},\"image\":{\"@id\":\"https:\/\/vof-news.eu\/de\/friedrich-merz-trifft-in-der-turkei-keine-oppositionspolitiker\/#primaryimage\"},\"thumbnailUrl\":\"https:\/\/vof-news.eu\/wp-content\/uploads\/2025\/10\/wide__1000x562-99.jpg\",\"datePublished\":\"2025-10-30T10:28:12+00:00\",\"dateModified\":\"2025-10-30T10:29:28+00:00\",\"author\":{\"@id\":\"https:\/\/vof-news.eu\/de\/#\/schema\/person\/f6a2a4309f0561835797fd8c19b333ed\"},\"description\":\"Zum ersten Mal in seiner Amtszeit befindet sich Bundeskanzler Friedrich Merz (CDU) in der T\u00fcrkei, mit Vertretern der Opposition trifft er sich dabei nicht. Am Mittag wird Merz vom t\u00fcrkischen Pr\u00e4sidenten\u00a0Recep Tayyip\u00a0Erdo\u011fan in Ankara mit milit\u00e4rischen Ehren empfangen. Danach wollen die beiden unter anderem \u00fcber die Friedensbem\u00fchungen in Gaza, den Ukraine-Krieg, die R\u00fcstungskooperation und die R\u00fcckf\u00fchrung von Migranten in die T\u00fcrkei und nach Syrien sprechen.\",\"breadcrumb\":{\"@id\":\"https:\/\/vof-news.eu\/de\/friedrich-merz-trifft-in-der-turkei-keine-oppositionspolitiker\/#breadcrumb\"},\"inLanguage\":\"de\",\"potentialAction\":[{\"@type\":\"ReadAction\",\"target\":[\"https:\/\/vof-news.eu\/de\/friedrich-merz-trifft-in-der-turkei-keine-oppositionspolitiker\/\"]}]},{\"@type\":\"ImageObject\",\"inLanguage\":\"de\",\"@id\":\"https:\/\/vof-news.eu\/de\/friedrich-merz-trifft-in-der-turkei-keine-oppositionspolitiker\/#primaryimage\",\"url\":\"https:\/\/vof-news.eu\/wp-content\/uploads\/2025\/10\/wide__1000x562-99.jpg\",\"contentUrl\":\"https:\/\/vof-news.eu\/wp-content\/uploads\/2025\/10\/wide__1000x562-99.jpg\",\"width\":1000,\"height\":562},{\"@type\":\"BreadcrumbList\",\"@id\":\"https:\/\/vof-news.eu\/de\/friedrich-merz-trifft-in-der-turkei-keine-oppositionspolitiker\/#breadcrumb\",\"itemListElement\":[{\"@type\":\"ListItem\",\"position\":1,\"name\":\"Home\",\"item\":\"https:\/\/vof-news.eu\/de\/\"},{\"@type\":\"ListItem\",\"position\":2,\"name\":\"Friedrich Merz trifft in der T\u00fcrkei keine Oppositionspolitiker\"}]},{\"@type\":\"WebSite\",\"@id\":\"https:\/\/vof-news.eu\/de\/#website\",\"url\":\"https:\/\/vof-news.eu\/de\/\",\"name\":\"vof-news.eu\",\"description\":\"\",\"potentialAction\":[{\"@type\":\"SearchAction\",\"target\":{\"@type\":\"EntryPoint\",\"urlTemplate\":\"https:\/\/vof-news.eu\/de\/?s={search_term_string}\"},\"query-input\":\"required name=search_term_string\"}],\"inLanguage\":\"de\"},{\"@type\":\"Person\",\"@id\":\"https:\/\/vof-news.eu\/de\/#\/schema\/person\/f6a2a4309f0561835797fd8c19b333ed\",\"name\":\"Author\",\"image\":{\"@type\":\"ImageObject\",\"inLanguage\":\"de\",\"@id\":\"https:\/\/vof-news.eu\/de\/#\/schema\/person\/image\/\",\"url\":\"https:\/\/secure.gravatar.com\/avatar\/b67e614b1b25b3e9c0c239efdd2fde5ab015b5affd6f1c3c85911ca4b384e790?s=96&d=mm&r=g\",\"contentUrl\":\"https:\/\/secure.gravatar.com\/avatar\/b67e614b1b25b3e9c0c239efdd2fde5ab015b5affd6f1c3c85911ca4b384e790?s=96&d=mm&r=g\",\"caption\":\"Author\"},\"sameAs\":[\"http:\/\/vof-news.eu\"],\"url\":\"https:\/\/vof-news.eu\/de\/author\/zwt6qxnjulxbnyg\/\"}]}<\/script>\n<!-- \/ Yoast SEO plugin. -->","yoast_head_json":{"title":"Friedrich Merz trifft in der T\u00fcrkei keine Oppositionspolitiker - vof-news.eu","description":"Zum ersten Mal in seiner Amtszeit befindet sich Bundeskanzler Friedrich Merz (CDU) in der T\u00fcrkei, mit Vertretern der Opposition trifft er sich dabei nicht. Am Mittag wird Merz vom t\u00fcrkischen Pr\u00e4sidenten\u00a0Recep Tayyip\u00a0Erdo\u011fan in Ankara mit milit\u00e4rischen Ehren empfangen. Danach wollen die beiden unter anderem \u00fcber die Friedensbem\u00fchungen in Gaza, den Ukraine-Krieg, die R\u00fcstungskooperation und die R\u00fcckf\u00fchrung von Migranten in die T\u00fcrkei und nach Syrien sprechen.","robots":{"index":"noindex","follow":"follow","max-snippet":"max-snippet:-1","max-image-preview":"max-image-preview:large","max-video-preview":"max-video-preview:-1"},"og_locale":"de_DE","og_type":"article","og_title":"Friedrich Merz trifft in der T\u00fcrkei keine Oppositionspolitiker - vof-news.eu","og_description":"Zum ersten Mal in seiner Amtszeit befindet sich Bundeskanzler Friedrich Merz (CDU) in der T\u00fcrkei, mit Vertretern der Opposition trifft er sich dabei nicht. Am Mittag wird Merz vom t\u00fcrkischen Pr\u00e4sidenten\u00a0Recep Tayyip\u00a0Erdo\u011fan in Ankara mit milit\u00e4rischen Ehren empfangen. Danach wollen die beiden unter anderem \u00fcber die Friedensbem\u00fchungen in Gaza, den Ukraine-Krieg, die R\u00fcstungskooperation und die R\u00fcckf\u00fchrung von Migranten in die T\u00fcrkei und nach Syrien sprechen.","og_url":"https:\/\/vof-news.eu\/de\/friedrich-merz-trifft-in-der-turkei-keine-oppositionspolitiker\/","og_site_name":"vof-news.eu","article_published_time":"2025-10-30T10:28:12+00:00","article_modified_time":"2025-10-30T10:29:28+00:00","og_image":[{"width":1000,"height":562,"url":"https:\/\/vof-news.eu\/wp-content\/uploads\/2025\/10\/wide__1000x562-99.jpg","type":"image\/jpeg"}],"author":"Author","twitter_card":"summary_large_image","twitter_misc":{"Verfasst von":"Author","Gesch\u00e4tzte Lesezeit":"2\u00a0Minuten"},"schema":{"@context":"https:\/\/schema.org","@graph":[{"@type":"WebPage","@id":"https:\/\/vof-news.eu\/de\/friedrich-merz-trifft-in-der-turkei-keine-oppositionspolitiker\/","url":"https:\/\/vof-news.eu\/de\/friedrich-merz-trifft-in-der-turkei-keine-oppositionspolitiker\/","name":"Friedrich Merz trifft in der T\u00fcrkei keine Oppositionspolitiker - vof-news.eu","isPartOf":{"@id":"https:\/\/vof-news.eu\/de\/#website"},"primaryImageOfPage":{"@id":"https:\/\/vof-news.eu\/de\/friedrich-merz-trifft-in-der-turkei-keine-oppositionspolitiker\/#primaryimage"},"image":{"@id":"https:\/\/vof-news.eu\/de\/friedrich-merz-trifft-in-der-turkei-keine-oppositionspolitiker\/#primaryimage"},"thumbnailUrl":"https:\/\/vof-news.eu\/wp-content\/uploads\/2025\/10\/wide__1000x562-99.jpg","datePublished":"2025-10-30T10:28:12+00:00","dateModified":"2025-10-30T10:29:28+00:00","author":{"@id":"https:\/\/vof-news.eu\/de\/#\/schema\/person\/f6a2a4309f0561835797fd8c19b333ed"},"description":"Zum ersten Mal in seiner Amtszeit befindet sich Bundeskanzler Friedrich Merz (CDU) in der T\u00fcrkei, mit Vertretern der Opposition trifft er sich dabei nicht. Am Mittag wird Merz vom t\u00fcrkischen Pr\u00e4sidenten\u00a0Recep Tayyip\u00a0Erdo\u011fan in Ankara mit milit\u00e4rischen Ehren empfangen. Danach wollen die beiden unter anderem \u00fcber die Friedensbem\u00fchungen in Gaza, den Ukraine-Krieg, die R\u00fcstungskooperation und die R\u00fcckf\u00fchrung von Migranten in die T\u00fcrkei und nach Syrien sprechen.","breadcrumb":{"@id":"https:\/\/vof-news.eu\/de\/friedrich-merz-trifft-in-der-turkei-keine-oppositionspolitiker\/#breadcrumb"},"inLanguage":"de","potentialAction":[{"@type":"ReadAction","target":["https:\/\/vof-news.eu\/de\/friedrich-merz-trifft-in-der-turkei-keine-oppositionspolitiker\/"]}]},{"@type":"ImageObject","inLanguage":"de","@id":"https:\/\/vof-news.eu\/de\/friedrich-merz-trifft-in-der-turkei-keine-oppositionspolitiker\/#primaryimage","url":"https:\/\/vof-news.eu\/wp-content\/uploads\/2025\/10\/wide__1000x562-99.jpg","contentUrl":"https:\/\/vof-news.eu\/wp-content\/uploads\/2025\/10\/wide__1000x562-99.jpg","width":1000,"height":562},{"@type":"BreadcrumbList","@id":"https:\/\/vof-news.eu\/de\/friedrich-merz-trifft-in-der-turkei-keine-oppositionspolitiker\/#breadcrumb","itemListElement":[{"@type":"ListItem","position":1,"name":"Home","item":"https:\/\/vof-news.eu\/de\/"},{"@type":"ListItem","position":2,"name":"Friedrich Merz trifft in der T\u00fcrkei keine Oppositionspolitiker"}]},{"@type":"WebSite","@id":"https:\/\/vof-news.eu\/de\/#website","url":"https:\/\/vof-news.eu\/de\/","name":"vof-news.eu","description":"","potentialAction":[{"@type":"SearchAction","target":{"@type":"EntryPoint","urlTemplate":"https:\/\/vof-news.eu\/de\/?s={search_term_string}"},"query-input":"required name=search_term_string"}],"inLanguage":"de"},{"@type":"Person","@id":"https:\/\/vof-news.eu\/de\/#\/schema\/person\/f6a2a4309f0561835797fd8c19b333ed","name":"Author","image":{"@type":"ImageObject","inLanguage":"de","@id":"https:\/\/vof-news.eu\/de\/#\/schema\/person\/image\/","url":"https:\/\/secure.gravatar.com\/avatar\/b67e614b1b25b3e9c0c239efdd2fde5ab015b5affd6f1c3c85911ca4b384e790?s=96&d=mm&r=g","contentUrl":"https:\/\/secure.gravatar.com\/avatar\/b67e614b1b25b3e9c0c239efdd2fde5ab015b5affd6f1c3c85911ca4b384e790?s=96&d=mm&r=g","caption":"Author"},"sameAs":["http:\/\/vof-news.eu"],"url":"https:\/\/vof-news.eu\/de\/author\/zwt6qxnjulxbnyg\/"}]}},"yoast_meta":{"yoast_wpseo_title":"","yoast_wpseo_metadesc":"","yoast_wpseo_canonical":""},"_links":{"self":[{"href":"https:\/\/vof-news.eu\/de\/wp-json\/wp\/v2\/posts\/292108","targetHints":{"allow":["GET"]}}],"collection":[{"href":"https:\/\/vof-news.eu\/de\/wp-json\/wp\/v2\/posts"}],"about":[{"href":"https:\/\/vof-news.eu\/de\/wp-json\/wp\/v2\/types\/post"}],"author":[{"embeddable":true,"href":"https:\/\/vof-news.eu\/de\/wp-json\/wp\/v2\/users\/1"}],"replies":[{"embeddable":true,"href":"https:\/\/vof-news.eu\/de\/wp-json\/wp\/v2\/comments?post=292108"}],"version-history":[{"count":1,"href":"https:\/\/vof-news.eu\/de\/wp-json\/wp\/v2\/posts\/292108\/revisions"}],"predecessor-version":[{"id":292115,"href":"https:\/\/vof-news.eu\/de\/wp-json\/wp\/v2\/posts\/292108\/revisions\/292115"}],"wp:featuredmedia":[{"embeddable":true,"href":"https:\/\/vof-news.eu\/de\/wp-json\/wp\/v2\/media\/292109"}],"wp:attachment":[{"href":"https:\/\/vof-news.eu\/de\/wp-json\/wp\/v2\/media?parent=292108"}],"wp:term":[{"taxonomy":"category","embeddable":true,"href":"https:\/\/vof-news.eu\/de\/wp-json\/wp\/v2\/categories?post=292108"},{"taxonomy":"post_tag","embeddable":true,"href":"https:\/\/vof-news.eu\/de\/wp-json\/wp\/v2\/tags?post=292108"}],"curies":[{"name":"wp","href":"https:\/\/api.w.org\/{rel}","templated":true}]}}