{"id":292009,"date":"2025-10-30T09:28:13","date_gmt":"2025-10-30T06:28:13","guid":{"rendered":"https:\/\/vof-news.eu\/gazakrieg-im-mittelpunkt-von-friedrich-merz-turkeireise\/"},"modified":"2025-10-30T09:29:57","modified_gmt":"2025-10-30T06:29:57","slug":"gazakrieg-im-mittelpunkt-von-friedrich-merz-turkeireise","status":"publish","type":"post","link":"https:\/\/vof-news.eu\/de\/gazakrieg-im-mittelpunkt-von-friedrich-merz-turkeireise\/","title":{"rendered":"Gazakrieg im Mittelpunkt von Friedrich Merz&#8216; T\u00fcrkeireise"},"content":{"rendered":"<div>\n<p>Bundeskanzler <a href=\"https:\/\/www.zeit.de\/thema\/friedrich-merz\" rel=\"nofollow\">Friedrich Merz<\/a> reist heute zu seinem<br \/>\nAntrittsbesuch in die <span><a href=\"https:\/\/www.zeit.de\/thema\/tuerkei\" rel=\"nofollow\">T\u00fcrkei<\/a><\/span>. Nach Israels erneuten Angriffen auf Gaza wird die Lage in Nahost ein wichtiges Thema bei dem Gespr\u00e4ch zwischen Merz und dem t\u00fcrkischen Pr\u00e4sidenten Recep Tayyip Erdo\u011fan am Donnerstag in Ankara sein. Daneben soll es auch um den Ukrainekrieg, Migration und R\u00fcstungskooperation gehen.\u00a0\n<\/p>\n<p><span><a href=\"https:\/\/www.zeit.de\/thema\/recep-tayyip-erdogan\" rel=\"nofollow\">Erdo\u011fan<\/a><\/span>\u00a0hat Israel wegen des milit\u00e4rischen<br \/>\nVorgehens im Gazastreifen immer wieder angegriffen und die<br \/>\nislamistische Hamas als &#8222;Widerstandsorganisation&#8220; bezeichnet. Die T\u00fcrkei<br \/>\n hat aber auch <a href=\"https:\/\/www.zeit.de\/politik\/ausland\/2025-10\/gazafrieden-verhandlungen-recep-tayyip-erdogan-hamas-donald-trump\" rel=\"nofollow\">eine bedeutende Rolle bei den Verhandlungen<\/a> zwischen<br \/>\nbeiden Seiten gespielt. Nach <a href=\"https:\/\/www.zeit.de\/politik\/ausland\/2025-10\/gaza-israel-luftangriffe-waffenruhe\" rel=\"nofollow\">erneuten Luftangriffen Israels auf Gaza<\/a>\u00a0wurde eine Waffenruhe am Mittwoch zwar bekr\u00e4ftigt. Israels Milit\u00e4r beschoss dennoch nach eigenen Angaben ein Ziel im n\u00f6rdlichen Gazastreifen.\u00a0Nach Angaben der von der Hamas kontrollierten Gesundheitsbeh\u00f6rde wurden bei j\u00fcngsten Angriffen mehr als 100 Pal\u00e4stinenser get\u00f6tet.\u00a0\n<\/p>\n<p>Das Nato-Land <a href=\"https:\/\/www.zeit.de\/thema\/tuerkei\" rel=\"nofollow\">T\u00fcrkei<\/a> verf\u00fcgt \u00fcber gute Kontakte zur <span><a href=\"https:\/\/www.zeit.de\/thema\/hamas\" rel=\"nofollow\">radikalislamischen Hamas<\/a><\/span>, deren Funktion\u00e4re sich nicht nur in Katar, sondern auch in der<br \/>\nT\u00fcrkei aufhalten. Das Vertrauen, das\u00a0Erdo\u011fan\u00a0bei der Hamas genie\u00dft,<br \/>\nk\u00f6nnte bei der Umsetzung der zweiten Phase des Friedensabkommens<br \/>\neine wichtige Rolle spielen, in der es auch um die Entwaffnung der<br \/>\nTerrororganisation geht. Sollte der Friedensplan von US-Pr\u00e4sident Donald Trump umgesetzt werden, wollen die T\u00fcrkei und Deutschland den Wiederaufbau unterst\u00fctzen.\u00a0\n<\/p>\n<h2>R\u00fcstungskooperation mit Europa<\/h2>\n<p>Am Montag hatte die T\u00fcrkei ein Milliardengesch\u00e4ft \u00fcber die<br \/>\nLieferung von 20 neuen Eurofighter-Kampfjets abgeschlossen.\u00a0Der britische Premierminister\u00a0<a href=\"https:\/\/www.zeit.de\/thema\/keir-starmer\" rel=\"nofollow\">Keir Starmer<\/a>\u00a0vereinbarte mit\u00a0Erdo\u011fan\u00a0den Export von 20\u00a0<a href=\"https:\/\/www.zeit.de\/thema\/eurofighter\" rel=\"nofollow\">Kampfjets des Typs Typhoon<\/a>\u00a0an die T\u00fcrkei. Der Eurofighter-Verkauf ist ein europ\u00e4isches<br \/>\nGemeinschaftsprojekt, an dem auch Deutschland beteiligt ist. Die<br \/>\nBundesregierung hatte das Abkommen mit der T\u00fcrkei\u00a0lange blockiert, unter anderem wegen der problematischen Menschenrechtslage in dem Land.\u00a0<a href=\"https:\/\/www.zeit.de\/politik\/deutschland\/2025-07\/tuerkei-export-eurofighter-kampfjets-deutschland\" rel=\"nofollow\">Im Juli erteilte die Bundesregierung jedoch eine Exportgenehmigung<\/a>.\u00a0\n<\/p>\n<p>W\u00e4hrend Merz&#8216; Besuch in<br \/>\n<span><a href=\"https:\/\/www.zeit.de\/thema\/ankara\" rel=\"nofollow\">Ankara<\/a><\/span> d\u00fcrfte es auch um die Frage gehen, ob es in R\u00fcstungsfragen eine weitere Zusammenarbeit geben wird. Au\u00dfenminister <a href=\"https:\/\/www.zeit.de\/politik\/ausland\/2025-10\/johann-wadephul-tuerkei-diplomatie-nahost\" rel=\"nofollow\">Johannes Wadephul (CDU) hatte w\u00e4hrend seiner T\u00fcrkeireise<br \/>\nvor knapp zwei Wochen<\/a> von &#8222;etlichen Projekten&#8220; gesprochen, die vor der<br \/>\nFinalisierung st\u00fcnden. Es sei &#8222;selbstverst\u00e4ndlich, dass unsere<br \/>\nR\u00fcstungsindustrien auf das Engste miteinander kooperieren&#8220;, sagte er.\n<\/p>\n<h2>SPD erwartet auch Gespr\u00e4che \u00fcber brisante Themen<\/h2>\n<p>Ob die <a href=\"https:\/\/www.zeit.de\/politik\/ausland\/2025-10\/tuerkei-ekrem-imamoglu-gericht-haftbefehl\" rel=\"nofollow\">Inhaftierung des Oppositionsf\u00fchrers Ekrem\u00a0\u0130mamo\u011flu<\/a>\u00a0ein Thema w\u00e4hrend des Besuchs des Kanzlers sein wird, ist unklar. Der SPD-Au\u00dfenpolitiker Ralf<br \/>\nStegner erwartet das. &#8222;Ungeachtet wichtiger bilateraler Themen und<br \/>\ngemeinsamer Herausforderungen f\u00fcr Deutschland und die T\u00fcrkei m\u00fcssen<br \/>\nsolche brisanten Punkte selbstverst\u00e4ndlich zur Sprache gebracht werden,<br \/>\nwenn der Kanzler den t\u00fcrkischen Pr\u00e4sidenten trifft&#8220;, sagte er.\n<\/p>\n<p>Nach<br \/>\n einem Treffen des Kanzlers mit Oppositionsvertretern in Ankara sieht es jedoch zun\u00e4chst nicht aus. Der Plan sei, &#8222;dass das bilaterale<br \/>\nGespr\u00e4ch mit Herrn\u00a0Erdo\u011fan\u00a0im Mittelpunkt steht. \u00dcber weitere Gespr\u00e4che<br \/>\nist mir nichts bekannt&#8220;, sagte der stellvertretende Regierungssprecher<br \/>\nSteffen Meyer.\n<\/p>\n<\/div>\n","protected":false},"excerpt":{"rendered":"<p>Bundeskanzler Friedrich Merz reist heute zu seinem Antrittsbesuch in die T\u00fcrkei. Nach Israels erneuten Angriffen auf Gaza wird die Lage in Nahost ein wichtiges Thema bei dem Gespr\u00e4ch zwischen Merz und dem t\u00fcrkischen Pr\u00e4sidenten Recep Tayyip Erdo\u011fan am Donnerstag in Ankara sein. Daneben soll es auch um den Ukrainekrieg, Migration und R\u00fcstungskooperation gehen.\u00a0 Erdo\u011fan\u00a0hat Israel<\/p>\n","protected":false},"author":1,"featured_media":292010,"comment_status":"open","ping_status":"open","sticky":false,"template":"","format":"standard","meta":{"footnotes":""},"categories":[116],"tags":[],"class_list":["post-292009","post","type-post","status-publish","format-standard","has-post-thumbnail","hentry","category-war-chronicles-de"],"acf":[],"yoast_head":"<!-- This site is optimized with the Yoast SEO plugin v22.9 - https:\/\/yoast.com\/wordpress\/plugins\/seo\/ -->\n<title>Gazakrieg im Mittelpunkt von Friedrich Merz&#039; T\u00fcrkeireise - vof-news.eu<\/title>\n<meta name=\"description\" content=\"Bundeskanzler Friedrich Merz reist heute zu seinem\" \/>\n<meta name=\"robots\" content=\"noindex, follow, max-snippet:-1, max-image-preview:large, max-video-preview:-1\" \/>\n<meta property=\"og:locale\" content=\"de_DE\" \/>\n<meta property=\"og:type\" content=\"article\" \/>\n<meta property=\"og:title\" content=\"Gazakrieg im Mittelpunkt von Friedrich Merz&#039; T\u00fcrkeireise - vof-news.eu\" \/>\n<meta property=\"og:description\" content=\"Bundeskanzler Friedrich Merz reist heute zu seinem\" \/>\n<meta property=\"og:url\" content=\"https:\/\/vof-news.eu\/de\/gazakrieg-im-mittelpunkt-von-friedrich-merz-turkeireise\/\" \/>\n<meta property=\"og:site_name\" content=\"vof-news.eu\" \/>\n<meta property=\"article:published_time\" content=\"2025-10-30T06:28:13+00:00\" \/>\n<meta property=\"article:modified_time\" content=\"2025-10-30T06:29:57+00:00\" \/>\n<meta property=\"og:image\" content=\"https:\/\/vof-news.eu\/wp-content\/uploads\/2025\/10\/wide__1000x562-98.jpg\" \/>\n\t<meta property=\"og:image:width\" content=\"1000\" \/>\n\t<meta property=\"og:image:height\" content=\"562\" \/>\n\t<meta property=\"og:image:type\" content=\"image\/jpeg\" \/>\n<meta name=\"author\" content=\"Author\" \/>\n<meta name=\"twitter:card\" content=\"summary_large_image\" \/>\n<meta name=\"twitter:label1\" content=\"Verfasst von\" \/>\n\t<meta name=\"twitter:data1\" content=\"Author\" \/>\n\t<meta name=\"twitter:label2\" content=\"Gesch\u00e4tzte Lesezeit\" \/>\n\t<meta name=\"twitter:data2\" content=\"2\u00a0Minuten\" \/>\n<script type=\"application\/ld+json\" class=\"yoast-schema-graph\">{\"@context\":\"https:\/\/schema.org\",\"@graph\":[{\"@type\":\"WebPage\",\"@id\":\"https:\/\/vof-news.eu\/de\/gazakrieg-im-mittelpunkt-von-friedrich-merz-turkeireise\/\",\"url\":\"https:\/\/vof-news.eu\/de\/gazakrieg-im-mittelpunkt-von-friedrich-merz-turkeireise\/\",\"name\":\"Gazakrieg im Mittelpunkt von Friedrich Merz' T\u00fcrkeireise - vof-news.eu\",\"isPartOf\":{\"@id\":\"https:\/\/vof-news.eu\/de\/#website\"},\"primaryImageOfPage\":{\"@id\":\"https:\/\/vof-news.eu\/de\/gazakrieg-im-mittelpunkt-von-friedrich-merz-turkeireise\/#primaryimage\"},\"image\":{\"@id\":\"https:\/\/vof-news.eu\/de\/gazakrieg-im-mittelpunkt-von-friedrich-merz-turkeireise\/#primaryimage\"},\"thumbnailUrl\":\"https:\/\/vof-news.eu\/wp-content\/uploads\/2025\/10\/wide__1000x562-98.jpg\",\"datePublished\":\"2025-10-30T06:28:13+00:00\",\"dateModified\":\"2025-10-30T06:29:57+00:00\",\"author\":{\"@id\":\"https:\/\/vof-news.eu\/de\/#\/schema\/person\/f6a2a4309f0561835797fd8c19b333ed\"},\"description\":\"Bundeskanzler Friedrich Merz reist heute zu seinem\",\"breadcrumb\":{\"@id\":\"https:\/\/vof-news.eu\/de\/gazakrieg-im-mittelpunkt-von-friedrich-merz-turkeireise\/#breadcrumb\"},\"inLanguage\":\"de\",\"potentialAction\":[{\"@type\":\"ReadAction\",\"target\":[\"https:\/\/vof-news.eu\/de\/gazakrieg-im-mittelpunkt-von-friedrich-merz-turkeireise\/\"]}]},{\"@type\":\"ImageObject\",\"inLanguage\":\"de\",\"@id\":\"https:\/\/vof-news.eu\/de\/gazakrieg-im-mittelpunkt-von-friedrich-merz-turkeireise\/#primaryimage\",\"url\":\"https:\/\/vof-news.eu\/wp-content\/uploads\/2025\/10\/wide__1000x562-98.jpg\",\"contentUrl\":\"https:\/\/vof-news.eu\/wp-content\/uploads\/2025\/10\/wide__1000x562-98.jpg\",\"width\":1000,\"height\":562},{\"@type\":\"BreadcrumbList\",\"@id\":\"https:\/\/vof-news.eu\/de\/gazakrieg-im-mittelpunkt-von-friedrich-merz-turkeireise\/#breadcrumb\",\"itemListElement\":[{\"@type\":\"ListItem\",\"position\":1,\"name\":\"Home\",\"item\":\"https:\/\/vof-news.eu\/de\/\"},{\"@type\":\"ListItem\",\"position\":2,\"name\":\"Gazakrieg im Mittelpunkt von Friedrich Merz&#8217; T\u00fcrkeireise\"}]},{\"@type\":\"WebSite\",\"@id\":\"https:\/\/vof-news.eu\/de\/#website\",\"url\":\"https:\/\/vof-news.eu\/de\/\",\"name\":\"vof-news.eu\",\"description\":\"\",\"potentialAction\":[{\"@type\":\"SearchAction\",\"target\":{\"@type\":\"EntryPoint\",\"urlTemplate\":\"https:\/\/vof-news.eu\/de\/?s={search_term_string}\"},\"query-input\":\"required name=search_term_string\"}],\"inLanguage\":\"de\"},{\"@type\":\"Person\",\"@id\":\"https:\/\/vof-news.eu\/de\/#\/schema\/person\/f6a2a4309f0561835797fd8c19b333ed\",\"name\":\"Author\",\"image\":{\"@type\":\"ImageObject\",\"inLanguage\":\"de\",\"@id\":\"https:\/\/vof-news.eu\/de\/#\/schema\/person\/image\/\",\"url\":\"https:\/\/secure.gravatar.com\/avatar\/b67e614b1b25b3e9c0c239efdd2fde5ab015b5affd6f1c3c85911ca4b384e790?s=96&d=mm&r=g\",\"contentUrl\":\"https:\/\/secure.gravatar.com\/avatar\/b67e614b1b25b3e9c0c239efdd2fde5ab015b5affd6f1c3c85911ca4b384e790?s=96&d=mm&r=g\",\"caption\":\"Author\"},\"sameAs\":[\"http:\/\/vof-news.eu\"],\"url\":\"https:\/\/vof-news.eu\/de\/author\/zwt6qxnjulxbnyg\/\"}]}<\/script>\n<!-- \/ Yoast SEO plugin. -->","yoast_head_json":{"title":"Gazakrieg im Mittelpunkt von Friedrich Merz' T\u00fcrkeireise - vof-news.eu","description":"Bundeskanzler Friedrich Merz reist heute zu seinem","robots":{"index":"noindex","follow":"follow","max-snippet":"max-snippet:-1","max-image-preview":"max-image-preview:large","max-video-preview":"max-video-preview:-1"},"og_locale":"de_DE","og_type":"article","og_title":"Gazakrieg im Mittelpunkt von Friedrich Merz' T\u00fcrkeireise - vof-news.eu","og_description":"Bundeskanzler Friedrich Merz reist heute zu seinem","og_url":"https:\/\/vof-news.eu\/de\/gazakrieg-im-mittelpunkt-von-friedrich-merz-turkeireise\/","og_site_name":"vof-news.eu","article_published_time":"2025-10-30T06:28:13+00:00","article_modified_time":"2025-10-30T06:29:57+00:00","og_image":[{"width":1000,"height":562,"url":"https:\/\/vof-news.eu\/wp-content\/uploads\/2025\/10\/wide__1000x562-98.jpg","type":"image\/jpeg"}],"author":"Author","twitter_card":"summary_large_image","twitter_misc":{"Verfasst von":"Author","Gesch\u00e4tzte Lesezeit":"2\u00a0Minuten"},"schema":{"@context":"https:\/\/schema.org","@graph":[{"@type":"WebPage","@id":"https:\/\/vof-news.eu\/de\/gazakrieg-im-mittelpunkt-von-friedrich-merz-turkeireise\/","url":"https:\/\/vof-news.eu\/de\/gazakrieg-im-mittelpunkt-von-friedrich-merz-turkeireise\/","name":"Gazakrieg im Mittelpunkt von Friedrich Merz' T\u00fcrkeireise - vof-news.eu","isPartOf":{"@id":"https:\/\/vof-news.eu\/de\/#website"},"primaryImageOfPage":{"@id":"https:\/\/vof-news.eu\/de\/gazakrieg-im-mittelpunkt-von-friedrich-merz-turkeireise\/#primaryimage"},"image":{"@id":"https:\/\/vof-news.eu\/de\/gazakrieg-im-mittelpunkt-von-friedrich-merz-turkeireise\/#primaryimage"},"thumbnailUrl":"https:\/\/vof-news.eu\/wp-content\/uploads\/2025\/10\/wide__1000x562-98.jpg","datePublished":"2025-10-30T06:28:13+00:00","dateModified":"2025-10-30T06:29:57+00:00","author":{"@id":"https:\/\/vof-news.eu\/de\/#\/schema\/person\/f6a2a4309f0561835797fd8c19b333ed"},"description":"Bundeskanzler Friedrich Merz reist heute zu seinem","breadcrumb":{"@id":"https:\/\/vof-news.eu\/de\/gazakrieg-im-mittelpunkt-von-friedrich-merz-turkeireise\/#breadcrumb"},"inLanguage":"de","potentialAction":[{"@type":"ReadAction","target":["https:\/\/vof-news.eu\/de\/gazakrieg-im-mittelpunkt-von-friedrich-merz-turkeireise\/"]}]},{"@type":"ImageObject","inLanguage":"de","@id":"https:\/\/vof-news.eu\/de\/gazakrieg-im-mittelpunkt-von-friedrich-merz-turkeireise\/#primaryimage","url":"https:\/\/vof-news.eu\/wp-content\/uploads\/2025\/10\/wide__1000x562-98.jpg","contentUrl":"https:\/\/vof-news.eu\/wp-content\/uploads\/2025\/10\/wide__1000x562-98.jpg","width":1000,"height":562},{"@type":"BreadcrumbList","@id":"https:\/\/vof-news.eu\/de\/gazakrieg-im-mittelpunkt-von-friedrich-merz-turkeireise\/#breadcrumb","itemListElement":[{"@type":"ListItem","position":1,"name":"Home","item":"https:\/\/vof-news.eu\/de\/"},{"@type":"ListItem","position":2,"name":"Gazakrieg im Mittelpunkt von Friedrich Merz&#8217; T\u00fcrkeireise"}]},{"@type":"WebSite","@id":"https:\/\/vof-news.eu\/de\/#website","url":"https:\/\/vof-news.eu\/de\/","name":"vof-news.eu","description":"","potentialAction":[{"@type":"SearchAction","target":{"@type":"EntryPoint","urlTemplate":"https:\/\/vof-news.eu\/de\/?s={search_term_string}"},"query-input":"required name=search_term_string"}],"inLanguage":"de"},{"@type":"Person","@id":"https:\/\/vof-news.eu\/de\/#\/schema\/person\/f6a2a4309f0561835797fd8c19b333ed","name":"Author","image":{"@type":"ImageObject","inLanguage":"de","@id":"https:\/\/vof-news.eu\/de\/#\/schema\/person\/image\/","url":"https:\/\/secure.gravatar.com\/avatar\/b67e614b1b25b3e9c0c239efdd2fde5ab015b5affd6f1c3c85911ca4b384e790?s=96&d=mm&r=g","contentUrl":"https:\/\/secure.gravatar.com\/avatar\/b67e614b1b25b3e9c0c239efdd2fde5ab015b5affd6f1c3c85911ca4b384e790?s=96&d=mm&r=g","caption":"Author"},"sameAs":["http:\/\/vof-news.eu"],"url":"https:\/\/vof-news.eu\/de\/author\/zwt6qxnjulxbnyg\/"}]}},"yoast_meta":{"yoast_wpseo_title":"","yoast_wpseo_metadesc":"","yoast_wpseo_canonical":""},"_links":{"self":[{"href":"https:\/\/vof-news.eu\/de\/wp-json\/wp\/v2\/posts\/292009","targetHints":{"allow":["GET"]}}],"collection":[{"href":"https:\/\/vof-news.eu\/de\/wp-json\/wp\/v2\/posts"}],"about":[{"href":"https:\/\/vof-news.eu\/de\/wp-json\/wp\/v2\/types\/post"}],"author":[{"embeddable":true,"href":"https:\/\/vof-news.eu\/de\/wp-json\/wp\/v2\/users\/1"}],"replies":[{"embeddable":true,"href":"https:\/\/vof-news.eu\/de\/wp-json\/wp\/v2\/comments?post=292009"}],"version-history":[{"count":1,"href":"https:\/\/vof-news.eu\/de\/wp-json\/wp\/v2\/posts\/292009\/revisions"}],"predecessor-version":[{"id":292017,"href":"https:\/\/vof-news.eu\/de\/wp-json\/wp\/v2\/posts\/292009\/revisions\/292017"}],"wp:featuredmedia":[{"embeddable":true,"href":"https:\/\/vof-news.eu\/de\/wp-json\/wp\/v2\/media\/292010"}],"wp:attachment":[{"href":"https:\/\/vof-news.eu\/de\/wp-json\/wp\/v2\/media?parent=292009"}],"wp:term":[{"taxonomy":"category","embeddable":true,"href":"https:\/\/vof-news.eu\/de\/wp-json\/wp\/v2\/categories?post=292009"},{"taxonomy":"post_tag","embeddable":true,"href":"https:\/\/vof-news.eu\/de\/wp-json\/wp\/v2\/tags?post=292009"}],"curies":[{"name":"wp","href":"https:\/\/api.w.org\/{rel}","templated":true}]}}