{"id":290913,"date":"2025-10-27T13:28:12","date_gmt":"2025-10-27T10:28:12","guid":{"rendered":"https:\/\/vof-news.eu\/die-kunst-ruckt-vor-an-die-ostflanke\/"},"modified":"2025-10-27T13:29:28","modified_gmt":"2025-10-27T10:29:28","slug":"die-kunst-ruckt-vor-an-die-ostflanke","status":"publish","type":"post","link":"https:\/\/vof-news.eu\/de\/die-kunst-ruckt-vor-an-die-ostflanke\/","title":{"rendered":"Die Kunst r\u00fcckt vor an die Ostflanke"},"content":{"rendered":"<div>\n<p>Eigentlich soll das Gr\u00fcn ja tarnen. Und das mag drau\u00dfen im Wald oder im Sumpf auch funktionieren, aber hier, im Ankunftsbereich des Flughafens von <span><a href=\"https:\/\/www.zeit.de\/thema\/vilnius\" rel=\"nofollow\">Vilnius<\/a><\/span>, springt einem das Gr\u00fcn der deutschen Bundeswehruniform sofort ins Auge. Es wirkt wie eine Signalfarbe. Man wird es noch \u00f6fter sehen auf den Stra\u00dfen dieser sch\u00f6nen, barocken Stadt: deutscher Soldat auf dem Gehweg beim alten Rathaus, deutscher Soldat im Auto mit dem Bundeswehrkreuz. Die Soldaten sind hier nicht zu Besuch, sie sind gekommen, um zu bleiben, um eine Kampfbrigade aufzubauen. Rund 4.800 Soldatinnen und Soldaten und noch mal 200 zivile Kr\u00e4fte der Bundeswehr sollen bis Ende n\u00e4chsten Jahres in Litauen stationiert sein. So viele wie nirgendwo sonst au\u00dferhalb Deutschlands.\n<\/p>\n<p>&#8222;Der Schutz von Vilnius ist der Schutz von Berlin&#8220;, hatte Bundeskanzler Friedrich Merz im Mai beim Truppenbesuch gesagt. Ein krasser Satz. So krass, dass der B\u00fcrgermeister von Vilnius ihn an seinem Rathaus auf einer Tafel festhalten und allen zeigen will.\n<\/p>\n<p>Sie w\u00fcrden hier freundlich empfangen, erz\u00e4hlt ein reflektierter, im Auftreten resoluter Bundeswehrsoldat, mit dem man abends in der Altstadt von Vilnius bei einem Bier ins Gespr\u00e4ch kommt. In der Heimat, sagt der Mann, der ausdr\u00fccklich nur als Privatmensch und ohne Namensnennung reden m\u00f6chte, werde man in Uniform zuweilen komisch angeschaut, in manchen St\u00e4dten sogar beschimpft. In <span><a href=\"https:\/\/www.zeit.de\/thema\/litauen\" rel=\"nofollow\">Litauen<\/a><\/span> wird das Tarngr\u00fcn freudig begr\u00fc\u00dft.\n<\/p>\n<p>Von Vilnius aus sind es nur rund 25 Kilometer bis zur wei\u00dfrussischen Grenze. Das hier ist die sogenannte Ostflanke der <span><a href=\"https:\/\/www.zeit.de\/thema\/nato\" rel=\"nofollow\">Nato<\/a><\/span>. Erst am Donnerstag meldete die Armee, dass zwei russische Flugzeuge den litauischen Luftraum verletzt h\u00e4tten. Jeder in Litauen wei\u00df zumindest ungef\u00e4hr, wo man sich f\u00fcr den Schutz in Bunkern treffen muss, wenn Putin angreifen sollte. Nicht wenige engagieren sich sogar in der litauischen Sch\u00fctzenunion, einem paramilit\u00e4rischen Freiwilligenverband, dessen Mitglieder mit Maschinengewehren und hochmodernen Panzerf\u00e4usten f\u00fcr den Ernstfall \u00fcben.\n<\/p>\n<h2>Ein k\u00fcnstlerischer Austausch \u00fcber drohende Kriege<\/h2>\n<p>Lange Wartelisten gebe es f\u00fcr die Waffentrainings der Freiwilligenverb\u00e4nde, erz\u00e4hlt auch Virginija Janu\u0161kevi\u010di\u016bt\u0117. Die junge Kuratorin am weit \u00fcber die Grenzen Litauens bekannten Contemporary Art Centre (CAC) in Vilnius kann richtig w\u00fctend werden, wenn sie vom Pazifismus in Deutschland und anderswo h\u00f6rt. Sp\u00e4testens seit dem \u00dcberfall <span><a href=\"https:\/\/www.zeit.de\/thema\/russland\" rel=\"nofollow\">Russlands<\/a><\/span> auf die Krim 2014 rechnen sie und ihre Freunde damit, dass Putin auch Raketen und Truppen nach Litauen schicken k\u00f6nnte. Seit dem russischen Angriff auf Kyjiw 2022, der f\u00fcr sie keine Zeitenwende, sondern Kontinuit\u00e4t bedeutet, helfen sie und andere ihren Kolleginnen und Kollegen in der Ukraine mit allem, was sie besorgen k\u00f6nnen, Hilfsmittel, Medikamente, Fahrzeuge. Und vor allem geben sie den Ukrainern die M\u00f6glichkeit, ihre Kunst auszustellen.\n<\/p>\n<p>In Zusammenarbeit mit dem Goethe-Institut und der Akademie der K\u00fcnste in Berlin haben Janu\u0161kevi\u010di\u016bt\u0117 und der CAC-Direktor Valentinas Klima\u0161auskas vergangene Woche eine erschreckend aktuelle Ausstellung in ihrer mitten in der Altstadt gelegenen Kunsthalle er\u00f6ffnet.  lautet ihr Titel, es geht um Kunst im Zeichen der Militarisierung. International erfolgreiche K\u00fcnstlerinnen wie Hito Steyerl und Henrike Naumann aus Berlin, Nikita Kadan aus <span><a href=\"https:\/\/www.zeit.de\/thema\/kiew\" rel=\"nofollow\">Kyjiw<\/a><\/span> und Trevor Paglen aus New York zeigen hier ihre Werke an der Seite von jungen Kolleginnen aus den baltischen Staaten und dem benachbarten Polen. Die Er\u00f6ffnung der Ausstellung geriet zu einem gro\u00dfen Austausch \u00fcber polymorphe Krisen und drohende Kriege.\n<\/p>\n<p>Aber was kann die Kunst selbst von der Militarisierung erz\u00e4hlen? Einen gro\u00dfen Raum f\u00fcllt Hito Steyerl mit ihrer Installation aus R\u00f6hren, Bildschirmen, Texttafeln, unter dem Titel  hat sie zusammen mit dem ukrainischen Filmemacher Oleksiy\u00a0Radynski\u00a0und dem Kulturforscher Philipp Goll eine historische Spurensuche unternommen: Es wird die lange Vorgeschichte der Nord-Stream-Pipelines erz\u00e4hlt, denn schon in den 1970er-Jahren wurde sowjetisches Gas aus Sibirien nach Westdeutschland transportiert. Teil dieser Installation ist\u00a0Radynskis Film, der mit wieder aufgetauchtem Filmmaterial aus den 1980er-Jahren den sowjetischen Kolonialismus in Sibirien veranschaulicht, die Vertreibung indigener Gruppen von ihrem Land, durch das ungest\u00f6rt das Gas flie\u00dfen sollte.\n<\/p>\n<p>Auf f\u00fcnf gro\u00dfen Screens gibt es dazu die von Steyerl mit subtilem Humor ausgew\u00e4hlten und gegeneinandergeschnittenen Unterwasserbilder von Nord Stream und Szenen jener &#8222;Kulturpipeline&#8220;, die Gesch\u00e4fte zwischen Deutschland und Russland gut schmieren sollte: Kulturprogramme und Ausstellungen, die etwa von der Deutschen Bank mitfinanziert wurden. Irgendwann taucht selbstverst\u00e4ndlich auch der von sich selbst besoffene Gerhard Schr\u00f6der auf den gro\u00dfen Screens auf \u2013 und l\u00e4sst jene Zeiten aufscheinen, in denen Rheinmetall noch Waffengesch\u00e4fte im gro\u00dfen Stil mit Russland anbahnte.\n<\/p>\n<\/div>\n","protected":false},"excerpt":{"rendered":"<p>Eigentlich soll das Gr\u00fcn ja tarnen. Und das mag drau\u00dfen im Wald oder im Sumpf auch funktionieren, aber hier, im Ankunftsbereich des Flughafens von Vilnius, springt einem das Gr\u00fcn der deutschen Bundeswehruniform sofort ins Auge. Es wirkt wie eine Signalfarbe. Man wird es noch \u00f6fter sehen auf den Stra\u00dfen dieser sch\u00f6nen, barocken Stadt: deutscher Soldat<\/p>\n","protected":false},"author":1,"featured_media":290914,"comment_status":"open","ping_status":"open","sticky":false,"template":"","format":"standard","meta":{"footnotes":""},"categories":[116],"tags":[],"class_list":["post-290913","post","type-post","status-publish","format-standard","has-post-thumbnail","hentry","category-war-chronicles-de"],"acf":[],"yoast_head":"<!-- This site is optimized with the Yoast SEO plugin v22.9 - https:\/\/yoast.com\/wordpress\/plugins\/seo\/ -->\n<title>Die Kunst r\u00fcckt vor an die Ostflanke - vof-news.eu<\/title>\n<meta name=\"description\" content=\"Eigentlich soll das Gr\u00fcn ja tarnen. Und das mag drau\u00dfen im Wald oder im Sumpf auch funktionieren, aber hier, im Ankunftsbereich des Flughafens von Vilnius, springt einem das Gr\u00fcn der deutschen Bundeswehruniform sofort ins Auge. Es wirkt wie eine Signalfarbe. Man wird es noch \u00f6fter sehen auf den Stra\u00dfen dieser sch\u00f6nen, barocken Stadt: deutscher Soldat auf dem Gehweg beim alten Rathaus, deutscher Soldat im Auto mit dem Bundeswehrkreuz. Die Soldaten sind hier nicht zu Besuch, sie sind gekommen, um zu bleiben, um eine Kampfbrigade aufzubauen. Rund 4.800 Soldatinnen und Soldaten und noch mal 200 zivile Kr\u00e4fte der Bundeswehr sollen bis Ende n\u00e4chsten Jahres in Litauen stationiert sein. So viele wie nirgendwo sonst au\u00dferhalb Deutschlands.\" \/>\n<meta name=\"robots\" content=\"noindex, follow, max-snippet:-1, max-image-preview:large, max-video-preview:-1\" \/>\n<meta property=\"og:locale\" content=\"de_DE\" \/>\n<meta property=\"og:type\" content=\"article\" \/>\n<meta property=\"og:title\" content=\"Die Kunst r\u00fcckt vor an die Ostflanke - vof-news.eu\" \/>\n<meta property=\"og:description\" content=\"Eigentlich soll das Gr\u00fcn ja tarnen. Und das mag drau\u00dfen im Wald oder im Sumpf auch funktionieren, aber hier, im Ankunftsbereich des Flughafens von Vilnius, springt einem das Gr\u00fcn der deutschen Bundeswehruniform sofort ins Auge. Es wirkt wie eine Signalfarbe. Man wird es noch \u00f6fter sehen auf den Stra\u00dfen dieser sch\u00f6nen, barocken Stadt: deutscher Soldat auf dem Gehweg beim alten Rathaus, deutscher Soldat im Auto mit dem Bundeswehrkreuz. Die Soldaten sind hier nicht zu Besuch, sie sind gekommen, um zu bleiben, um eine Kampfbrigade aufzubauen. Rund 4.800 Soldatinnen und Soldaten und noch mal 200 zivile Kr\u00e4fte der Bundeswehr sollen bis Ende n\u00e4chsten Jahres in Litauen stationiert sein. So viele wie nirgendwo sonst au\u00dferhalb Deutschlands.\" \/>\n<meta property=\"og:url\" content=\"https:\/\/vof-news.eu\/de\/die-kunst-ruckt-vor-an-die-ostflanke\/\" \/>\n<meta property=\"og:site_name\" content=\"vof-news.eu\" \/>\n<meta property=\"article:published_time\" content=\"2025-10-27T10:28:12+00:00\" \/>\n<meta property=\"article:modified_time\" content=\"2025-10-27T10:29:28+00:00\" \/>\n<meta property=\"og:image\" content=\"https:\/\/vof-news.eu\/wp-content\/uploads\/2025\/10\/wide__1000x562-93.jpg\" \/>\n\t<meta property=\"og:image:width\" content=\"1000\" \/>\n\t<meta property=\"og:image:height\" content=\"562\" \/>\n\t<meta property=\"og:image:type\" content=\"image\/jpeg\" \/>\n<meta name=\"author\" content=\"Author\" \/>\n<meta name=\"twitter:card\" content=\"summary_large_image\" \/>\n<meta name=\"twitter:label1\" content=\"Verfasst von\" \/>\n\t<meta name=\"twitter:data1\" content=\"Author\" \/>\n\t<meta name=\"twitter:label2\" content=\"Gesch\u00e4tzte Lesezeit\" \/>\n\t<meta name=\"twitter:data2\" content=\"4\u00a0Minuten\" \/>\n<script type=\"application\/ld+json\" class=\"yoast-schema-graph\">{\"@context\":\"https:\/\/schema.org\",\"@graph\":[{\"@type\":\"WebPage\",\"@id\":\"https:\/\/vof-news.eu\/de\/die-kunst-ruckt-vor-an-die-ostflanke\/\",\"url\":\"https:\/\/vof-news.eu\/de\/die-kunst-ruckt-vor-an-die-ostflanke\/\",\"name\":\"Die Kunst r\u00fcckt vor an die Ostflanke - vof-news.eu\",\"isPartOf\":{\"@id\":\"https:\/\/vof-news.eu\/de\/#website\"},\"primaryImageOfPage\":{\"@id\":\"https:\/\/vof-news.eu\/de\/die-kunst-ruckt-vor-an-die-ostflanke\/#primaryimage\"},\"image\":{\"@id\":\"https:\/\/vof-news.eu\/de\/die-kunst-ruckt-vor-an-die-ostflanke\/#primaryimage\"},\"thumbnailUrl\":\"https:\/\/vof-news.eu\/wp-content\/uploads\/2025\/10\/wide__1000x562-93.jpg\",\"datePublished\":\"2025-10-27T10:28:12+00:00\",\"dateModified\":\"2025-10-27T10:29:28+00:00\",\"author\":{\"@id\":\"https:\/\/vof-news.eu\/de\/#\/schema\/person\/f6a2a4309f0561835797fd8c19b333ed\"},\"description\":\"Eigentlich soll das Gr\u00fcn ja tarnen. Und das mag drau\u00dfen im Wald oder im Sumpf auch funktionieren, aber hier, im Ankunftsbereich des Flughafens von Vilnius, springt einem das Gr\u00fcn der deutschen Bundeswehruniform sofort ins Auge. Es wirkt wie eine Signalfarbe. Man wird es noch \u00f6fter sehen auf den Stra\u00dfen dieser sch\u00f6nen, barocken Stadt: deutscher Soldat auf dem Gehweg beim alten Rathaus, deutscher Soldat im Auto mit dem Bundeswehrkreuz. Die Soldaten sind hier nicht zu Besuch, sie sind gekommen, um zu bleiben, um eine Kampfbrigade aufzubauen. Rund 4.800 Soldatinnen und Soldaten und noch mal 200 zivile Kr\u00e4fte der Bundeswehr sollen bis Ende n\u00e4chsten Jahres in Litauen stationiert sein. So viele wie nirgendwo sonst au\u00dferhalb Deutschlands.\",\"breadcrumb\":{\"@id\":\"https:\/\/vof-news.eu\/de\/die-kunst-ruckt-vor-an-die-ostflanke\/#breadcrumb\"},\"inLanguage\":\"de\",\"potentialAction\":[{\"@type\":\"ReadAction\",\"target\":[\"https:\/\/vof-news.eu\/de\/die-kunst-ruckt-vor-an-die-ostflanke\/\"]}]},{\"@type\":\"ImageObject\",\"inLanguage\":\"de\",\"@id\":\"https:\/\/vof-news.eu\/de\/die-kunst-ruckt-vor-an-die-ostflanke\/#primaryimage\",\"url\":\"https:\/\/vof-news.eu\/wp-content\/uploads\/2025\/10\/wide__1000x562-93.jpg\",\"contentUrl\":\"https:\/\/vof-news.eu\/wp-content\/uploads\/2025\/10\/wide__1000x562-93.jpg\",\"width\":1000,\"height\":562},{\"@type\":\"BreadcrumbList\",\"@id\":\"https:\/\/vof-news.eu\/de\/die-kunst-ruckt-vor-an-die-ostflanke\/#breadcrumb\",\"itemListElement\":[{\"@type\":\"ListItem\",\"position\":1,\"name\":\"Home\",\"item\":\"https:\/\/vof-news.eu\/de\/\"},{\"@type\":\"ListItem\",\"position\":2,\"name\":\"Die Kunst r\u00fcckt vor an die Ostflanke\"}]},{\"@type\":\"WebSite\",\"@id\":\"https:\/\/vof-news.eu\/de\/#website\",\"url\":\"https:\/\/vof-news.eu\/de\/\",\"name\":\"vof-news.eu\",\"description\":\"\",\"potentialAction\":[{\"@type\":\"SearchAction\",\"target\":{\"@type\":\"EntryPoint\",\"urlTemplate\":\"https:\/\/vof-news.eu\/de\/?s={search_term_string}\"},\"query-input\":\"required name=search_term_string\"}],\"inLanguage\":\"de\"},{\"@type\":\"Person\",\"@id\":\"https:\/\/vof-news.eu\/de\/#\/schema\/person\/f6a2a4309f0561835797fd8c19b333ed\",\"name\":\"Author\",\"image\":{\"@type\":\"ImageObject\",\"inLanguage\":\"de\",\"@id\":\"https:\/\/vof-news.eu\/de\/#\/schema\/person\/image\/\",\"url\":\"https:\/\/secure.gravatar.com\/avatar\/b67e614b1b25b3e9c0c239efdd2fde5ab015b5affd6f1c3c85911ca4b384e790?s=96&d=mm&r=g\",\"contentUrl\":\"https:\/\/secure.gravatar.com\/avatar\/b67e614b1b25b3e9c0c239efdd2fde5ab015b5affd6f1c3c85911ca4b384e790?s=96&d=mm&r=g\",\"caption\":\"Author\"},\"sameAs\":[\"http:\/\/vof-news.eu\"],\"url\":\"https:\/\/vof-news.eu\/de\/author\/zwt6qxnjulxbnyg\/\"}]}<\/script>\n<!-- \/ Yoast SEO plugin. -->","yoast_head_json":{"title":"Die Kunst r\u00fcckt vor an die Ostflanke - vof-news.eu","description":"Eigentlich soll das Gr\u00fcn ja tarnen. Und das mag drau\u00dfen im Wald oder im Sumpf auch funktionieren, aber hier, im Ankunftsbereich des Flughafens von Vilnius, springt einem das Gr\u00fcn der deutschen Bundeswehruniform sofort ins Auge. Es wirkt wie eine Signalfarbe. Man wird es noch \u00f6fter sehen auf den Stra\u00dfen dieser sch\u00f6nen, barocken Stadt: deutscher Soldat auf dem Gehweg beim alten Rathaus, deutscher Soldat im Auto mit dem Bundeswehrkreuz. Die Soldaten sind hier nicht zu Besuch, sie sind gekommen, um zu bleiben, um eine Kampfbrigade aufzubauen. Rund 4.800 Soldatinnen und Soldaten und noch mal 200 zivile Kr\u00e4fte der Bundeswehr sollen bis Ende n\u00e4chsten Jahres in Litauen stationiert sein. So viele wie nirgendwo sonst au\u00dferhalb Deutschlands.","robots":{"index":"noindex","follow":"follow","max-snippet":"max-snippet:-1","max-image-preview":"max-image-preview:large","max-video-preview":"max-video-preview:-1"},"og_locale":"de_DE","og_type":"article","og_title":"Die Kunst r\u00fcckt vor an die Ostflanke - vof-news.eu","og_description":"Eigentlich soll das Gr\u00fcn ja tarnen. Und das mag drau\u00dfen im Wald oder im Sumpf auch funktionieren, aber hier, im Ankunftsbereich des Flughafens von Vilnius, springt einem das Gr\u00fcn der deutschen Bundeswehruniform sofort ins Auge. Es wirkt wie eine Signalfarbe. Man wird es noch \u00f6fter sehen auf den Stra\u00dfen dieser sch\u00f6nen, barocken Stadt: deutscher Soldat auf dem Gehweg beim alten Rathaus, deutscher Soldat im Auto mit dem Bundeswehrkreuz. Die Soldaten sind hier nicht zu Besuch, sie sind gekommen, um zu bleiben, um eine Kampfbrigade aufzubauen. Rund 4.800 Soldatinnen und Soldaten und noch mal 200 zivile Kr\u00e4fte der Bundeswehr sollen bis Ende n\u00e4chsten Jahres in Litauen stationiert sein. So viele wie nirgendwo sonst au\u00dferhalb Deutschlands.","og_url":"https:\/\/vof-news.eu\/de\/die-kunst-ruckt-vor-an-die-ostflanke\/","og_site_name":"vof-news.eu","article_published_time":"2025-10-27T10:28:12+00:00","article_modified_time":"2025-10-27T10:29:28+00:00","og_image":[{"width":1000,"height":562,"url":"https:\/\/vof-news.eu\/wp-content\/uploads\/2025\/10\/wide__1000x562-93.jpg","type":"image\/jpeg"}],"author":"Author","twitter_card":"summary_large_image","twitter_misc":{"Verfasst von":"Author","Gesch\u00e4tzte Lesezeit":"4\u00a0Minuten"},"schema":{"@context":"https:\/\/schema.org","@graph":[{"@type":"WebPage","@id":"https:\/\/vof-news.eu\/de\/die-kunst-ruckt-vor-an-die-ostflanke\/","url":"https:\/\/vof-news.eu\/de\/die-kunst-ruckt-vor-an-die-ostflanke\/","name":"Die Kunst r\u00fcckt vor an die Ostflanke - vof-news.eu","isPartOf":{"@id":"https:\/\/vof-news.eu\/de\/#website"},"primaryImageOfPage":{"@id":"https:\/\/vof-news.eu\/de\/die-kunst-ruckt-vor-an-die-ostflanke\/#primaryimage"},"image":{"@id":"https:\/\/vof-news.eu\/de\/die-kunst-ruckt-vor-an-die-ostflanke\/#primaryimage"},"thumbnailUrl":"https:\/\/vof-news.eu\/wp-content\/uploads\/2025\/10\/wide__1000x562-93.jpg","datePublished":"2025-10-27T10:28:12+00:00","dateModified":"2025-10-27T10:29:28+00:00","author":{"@id":"https:\/\/vof-news.eu\/de\/#\/schema\/person\/f6a2a4309f0561835797fd8c19b333ed"},"description":"Eigentlich soll das Gr\u00fcn ja tarnen. Und das mag drau\u00dfen im Wald oder im Sumpf auch funktionieren, aber hier, im Ankunftsbereich des Flughafens von Vilnius, springt einem das Gr\u00fcn der deutschen Bundeswehruniform sofort ins Auge. Es wirkt wie eine Signalfarbe. Man wird es noch \u00f6fter sehen auf den Stra\u00dfen dieser sch\u00f6nen, barocken Stadt: deutscher Soldat auf dem Gehweg beim alten Rathaus, deutscher Soldat im Auto mit dem Bundeswehrkreuz. Die Soldaten sind hier nicht zu Besuch, sie sind gekommen, um zu bleiben, um eine Kampfbrigade aufzubauen. Rund 4.800 Soldatinnen und Soldaten und noch mal 200 zivile Kr\u00e4fte der Bundeswehr sollen bis Ende n\u00e4chsten Jahres in Litauen stationiert sein. So viele wie nirgendwo sonst au\u00dferhalb Deutschlands.","breadcrumb":{"@id":"https:\/\/vof-news.eu\/de\/die-kunst-ruckt-vor-an-die-ostflanke\/#breadcrumb"},"inLanguage":"de","potentialAction":[{"@type":"ReadAction","target":["https:\/\/vof-news.eu\/de\/die-kunst-ruckt-vor-an-die-ostflanke\/"]}]},{"@type":"ImageObject","inLanguage":"de","@id":"https:\/\/vof-news.eu\/de\/die-kunst-ruckt-vor-an-die-ostflanke\/#primaryimage","url":"https:\/\/vof-news.eu\/wp-content\/uploads\/2025\/10\/wide__1000x562-93.jpg","contentUrl":"https:\/\/vof-news.eu\/wp-content\/uploads\/2025\/10\/wide__1000x562-93.jpg","width":1000,"height":562},{"@type":"BreadcrumbList","@id":"https:\/\/vof-news.eu\/de\/die-kunst-ruckt-vor-an-die-ostflanke\/#breadcrumb","itemListElement":[{"@type":"ListItem","position":1,"name":"Home","item":"https:\/\/vof-news.eu\/de\/"},{"@type":"ListItem","position":2,"name":"Die Kunst r\u00fcckt vor an die Ostflanke"}]},{"@type":"WebSite","@id":"https:\/\/vof-news.eu\/de\/#website","url":"https:\/\/vof-news.eu\/de\/","name":"vof-news.eu","description":"","potentialAction":[{"@type":"SearchAction","target":{"@type":"EntryPoint","urlTemplate":"https:\/\/vof-news.eu\/de\/?s={search_term_string}"},"query-input":"required name=search_term_string"}],"inLanguage":"de"},{"@type":"Person","@id":"https:\/\/vof-news.eu\/de\/#\/schema\/person\/f6a2a4309f0561835797fd8c19b333ed","name":"Author","image":{"@type":"ImageObject","inLanguage":"de","@id":"https:\/\/vof-news.eu\/de\/#\/schema\/person\/image\/","url":"https:\/\/secure.gravatar.com\/avatar\/b67e614b1b25b3e9c0c239efdd2fde5ab015b5affd6f1c3c85911ca4b384e790?s=96&d=mm&r=g","contentUrl":"https:\/\/secure.gravatar.com\/avatar\/b67e614b1b25b3e9c0c239efdd2fde5ab015b5affd6f1c3c85911ca4b384e790?s=96&d=mm&r=g","caption":"Author"},"sameAs":["http:\/\/vof-news.eu"],"url":"https:\/\/vof-news.eu\/de\/author\/zwt6qxnjulxbnyg\/"}]}},"yoast_meta":{"yoast_wpseo_title":"","yoast_wpseo_metadesc":"","yoast_wpseo_canonical":""},"_links":{"self":[{"href":"https:\/\/vof-news.eu\/de\/wp-json\/wp\/v2\/posts\/290913","targetHints":{"allow":["GET"]}}],"collection":[{"href":"https:\/\/vof-news.eu\/de\/wp-json\/wp\/v2\/posts"}],"about":[{"href":"https:\/\/vof-news.eu\/de\/wp-json\/wp\/v2\/types\/post"}],"author":[{"embeddable":true,"href":"https:\/\/vof-news.eu\/de\/wp-json\/wp\/v2\/users\/1"}],"replies":[{"embeddable":true,"href":"https:\/\/vof-news.eu\/de\/wp-json\/wp\/v2\/comments?post=290913"}],"version-history":[{"count":1,"href":"https:\/\/vof-news.eu\/de\/wp-json\/wp\/v2\/posts\/290913\/revisions"}],"predecessor-version":[{"id":290920,"href":"https:\/\/vof-news.eu\/de\/wp-json\/wp\/v2\/posts\/290913\/revisions\/290920"}],"wp:featuredmedia":[{"embeddable":true,"href":"https:\/\/vof-news.eu\/de\/wp-json\/wp\/v2\/media\/290914"}],"wp:attachment":[{"href":"https:\/\/vof-news.eu\/de\/wp-json\/wp\/v2\/media?parent=290913"}],"wp:term":[{"taxonomy":"category","embeddable":true,"href":"https:\/\/vof-news.eu\/de\/wp-json\/wp\/v2\/categories?post=290913"},{"taxonomy":"post_tag","embeddable":true,"href":"https:\/\/vof-news.eu\/de\/wp-json\/wp\/v2\/tags?post=290913"}],"curies":[{"name":"wp","href":"https:\/\/api.w.org\/{rel}","templated":true}]}}