{"id":290141,"date":"2025-10-24T15:28:15","date_gmt":"2025-10-24T12:28:15","guid":{"rendered":"https:\/\/vof-news.eu\/johann-wadephul-sagt-chinareise-kurzfristig-ab\/"},"modified":"2025-10-24T15:29:33","modified_gmt":"2025-10-24T12:29:33","slug":"johann-wadephul-sagt-chinareise-kurzfristig-ab","status":"publish","type":"post","link":"https:\/\/vof-news.eu\/de\/johann-wadephul-sagt-chinareise-kurzfristig-ab\/","title":{"rendered":"Johann Wadephul sagt Chinareise kurzfristig ab"},"content":{"rendered":"<div>\n<p>Au\u00dfenminister <span><a href=\"https:\/\/www.zeit.de\/thema\/johann-wadephul\" rel=\"nofollow\">Johann Wadephul<\/a><\/span> (CDU) verschiebt kurzfristig seine f\u00fcr Montag und Dienstag geplante Reise nach China. Die chinesische Seite habe au\u00dfer einem Termin des Ministers bei seinem Amtskollegen Wang Yi keine hinreichenden weiteren Termine best\u00e4tigt, sagte die Sprecherin des Ausw\u00e4rtigen Amtes, Kathrin Deschauer.\n<\/p>\n<p>&#8222;Dabei gibt es gerade in diesen Tagen eine Vielzahl von Themen, die wir mit der chinesischen Seite gerne besprechen wollen&#8220;, f\u00fcgte sie hinzu. Im Zentrum der Gespr\u00e4che h\u00e4tte etwa die wirtschaftliche Zusammenarbeit zwischen Deutschland und <span><a href=\"https:\/\/www.zeit.de\/thema\/china\" rel=\"nofollow\">China<\/a><\/span> stehen sollen. Dabei sollte es unter anderem um Handelsbeschr\u00e4nkungen gehen, vor allem in den Bereichen Seltene Erden und Halbleiter, sagte Deschauer.\n<\/p>\n<p>Die Reise werde auf einen sp\u00e4teren Zeitpunkt verschoben, teilte das <span><a href=\"https:\/\/www.zeit.de\/thema\/auswaertiges-amt\" rel=\"nofollow\">Ausw\u00e4rtige Amt<\/a><\/span> mit, ohne diesen zu konkretisieren. Wadephul wolle sich zudem sehr bald telefonisch mit seinem chinesischen Amtskollegen austauschen.\n<\/p>\n<h2>Gespr\u00e4che \u00fcber Chinas Zusammenarbeit mit Russland<\/h2>\n<p>Zuvor hatte Wadephul angek\u00fcndigt, in China auch kritische Punkte wie die <a href=\"https:\/\/www.zeit.de\/politik\/ausland\/2024-04\/china-russland-partner-wladimir-putin-usa\" rel=\"nofollow\">chinesische Unterst\u00fctzung f\u00fcr Russland<\/a> ansprechen zu wollen. Zugleich wollte er bei seinem Besuch eine breitere Zusammenarbeit ausloten. &#8222;China ist international ein entscheidender Akteur. China hat ein wachsendes Gewicht in der Welt&#8220;, sagte er. &#8222;Und <a href=\"https:\/\/www.zeit.de\/politik\/ausland\/2025-10\/kritik-china-internationale-ordnung-johann-wadephul-japan-russland\" rel=\"nofollow\">China kann dieses Gewicht daf\u00fcr einsetzen<\/a>, dass sich Russland endlich auf ernsthafte Verhandlungen einl\u00e4sst.&#8220; <span><a href=\"https:\/\/www.zeit.de\/thema\/russland\" rel=\"nofollow\">Russland<\/a><\/span> m\u00fcsse in Verhandlungen einwilligen, die die Souver\u00e4nit\u00e4t der Ukraine achteten.\u00a0\n<\/p>\n<p>&#8222;Unser Interesse ist, dass China dazu beitr\u00e4gt, einen gerechten und dauerhaften Frieden in der Ukraine zu erreichen. Kein anderes Land hat so viel Einfluss auf Russland wie China&#8220;, sagte der CDU-Politiker. Das deutsche Interesse sei klar: &#8222;Wir wollen, dass Russland seinen v\u00f6lkerrechtswidrigen Angriffskrieg gegen die Ukraine beendet.&#8220;\n<\/p>\n<p>Deschauer sagte, die Sicherheit Asiens und Europas sei eng miteinander verbunden. &#8222;Wir sind weiter sehr daran interessiert, uns partnerschaftlich zur gesamten Themenpalette auszutauschen. Wir bedauern sehr, dass es in den n\u00e4chsten Tagen entgegen gemeinsamer Planungen kurzfristig dazu keine pers\u00f6nliche Gelegenheit geben wird&#8220;, sagte sie.\n<\/p>\n<\/div>\n","protected":false},"excerpt":{"rendered":"<p>Au\u00dfenminister Johann Wadephul (CDU) verschiebt kurzfristig seine f\u00fcr Montag und Dienstag geplante Reise nach China. Die chinesische Seite habe au\u00dfer einem Termin des Ministers bei seinem Amtskollegen Wang Yi keine hinreichenden weiteren Termine best\u00e4tigt, sagte die Sprecherin des Ausw\u00e4rtigen Amtes, Kathrin Deschauer. &#8222;Dabei gibt es gerade in diesen Tagen eine Vielzahl von Themen, die wir<\/p>\n","protected":false},"author":1,"featured_media":290142,"comment_status":"open","ping_status":"open","sticky":false,"template":"","format":"standard","meta":{"footnotes":""},"categories":[116],"tags":[],"class_list":["post-290141","post","type-post","status-publish","format-standard","has-post-thumbnail","hentry","category-war-chronicles-de"],"acf":[],"yoast_head":"<!-- This site is optimized with the Yoast SEO plugin v22.9 - https:\/\/yoast.com\/wordpress\/plugins\/seo\/ -->\n<title>Johann Wadephul sagt Chinareise kurzfristig ab - vof-news.eu<\/title>\n<meta name=\"description\" content=\"Au\u00dfenminister Johann Wadephul (CDU) verschiebt kurzfristig seine f\u00fcr Montag und Dienstag geplante Reise nach China. Die chinesische Seite habe au\u00dfer einem Termin des Ministers bei seinem Amtskollegen Wang Yi keine hinreichenden weiteren Termine best\u00e4tigt, sagte die Sprecherin des Ausw\u00e4rtigen Amtes, Kathrin Deschauer.\" \/>\n<meta name=\"robots\" content=\"noindex, follow, max-snippet:-1, max-image-preview:large, max-video-preview:-1\" \/>\n<meta property=\"og:locale\" content=\"de_DE\" \/>\n<meta property=\"og:type\" content=\"article\" \/>\n<meta property=\"og:title\" content=\"Johann Wadephul sagt Chinareise kurzfristig ab - vof-news.eu\" \/>\n<meta property=\"og:description\" content=\"Au\u00dfenminister Johann Wadephul (CDU) verschiebt kurzfristig seine f\u00fcr Montag und Dienstag geplante Reise nach China. Die chinesische Seite habe au\u00dfer einem Termin des Ministers bei seinem Amtskollegen Wang Yi keine hinreichenden weiteren Termine best\u00e4tigt, sagte die Sprecherin des Ausw\u00e4rtigen Amtes, Kathrin Deschauer.\" \/>\n<meta property=\"og:url\" content=\"https:\/\/vof-news.eu\/de\/johann-wadephul-sagt-chinareise-kurzfristig-ab\/\" \/>\n<meta property=\"og:site_name\" content=\"vof-news.eu\" \/>\n<meta property=\"article:published_time\" content=\"2025-10-24T12:28:15+00:00\" \/>\n<meta property=\"article:modified_time\" content=\"2025-10-24T12:29:33+00:00\" \/>\n<meta property=\"og:image\" content=\"https:\/\/vof-news.eu\/wp-content\/uploads\/2025\/10\/wide__1000x562-87.jpg\" \/>\n\t<meta property=\"og:image:width\" content=\"1000\" \/>\n\t<meta property=\"og:image:height\" content=\"562\" \/>\n\t<meta property=\"og:image:type\" content=\"image\/jpeg\" \/>\n<meta name=\"author\" content=\"Author\" \/>\n<meta name=\"twitter:card\" content=\"summary_large_image\" \/>\n<meta name=\"twitter:label1\" content=\"Verfasst von\" \/>\n\t<meta name=\"twitter:data1\" content=\"Author\" \/>\n\t<meta name=\"twitter:label2\" content=\"Gesch\u00e4tzte Lesezeit\" \/>\n\t<meta name=\"twitter:data2\" content=\"2\u00a0Minuten\" \/>\n<script type=\"application\/ld+json\" class=\"yoast-schema-graph\">{\"@context\":\"https:\/\/schema.org\",\"@graph\":[{\"@type\":\"WebPage\",\"@id\":\"https:\/\/vof-news.eu\/de\/johann-wadephul-sagt-chinareise-kurzfristig-ab\/\",\"url\":\"https:\/\/vof-news.eu\/de\/johann-wadephul-sagt-chinareise-kurzfristig-ab\/\",\"name\":\"Johann Wadephul sagt Chinareise kurzfristig ab - vof-news.eu\",\"isPartOf\":{\"@id\":\"https:\/\/vof-news.eu\/de\/#website\"},\"primaryImageOfPage\":{\"@id\":\"https:\/\/vof-news.eu\/de\/johann-wadephul-sagt-chinareise-kurzfristig-ab\/#primaryimage\"},\"image\":{\"@id\":\"https:\/\/vof-news.eu\/de\/johann-wadephul-sagt-chinareise-kurzfristig-ab\/#primaryimage\"},\"thumbnailUrl\":\"https:\/\/vof-news.eu\/wp-content\/uploads\/2025\/10\/wide__1000x562-87.jpg\",\"datePublished\":\"2025-10-24T12:28:15+00:00\",\"dateModified\":\"2025-10-24T12:29:33+00:00\",\"author\":{\"@id\":\"https:\/\/vof-news.eu\/de\/#\/schema\/person\/f6a2a4309f0561835797fd8c19b333ed\"},\"description\":\"Au\u00dfenminister Johann Wadephul (CDU) verschiebt kurzfristig seine f\u00fcr Montag und Dienstag geplante Reise nach China. Die chinesische Seite habe au\u00dfer einem Termin des Ministers bei seinem Amtskollegen Wang Yi keine hinreichenden weiteren Termine best\u00e4tigt, sagte die Sprecherin des Ausw\u00e4rtigen Amtes, Kathrin Deschauer.\",\"breadcrumb\":{\"@id\":\"https:\/\/vof-news.eu\/de\/johann-wadephul-sagt-chinareise-kurzfristig-ab\/#breadcrumb\"},\"inLanguage\":\"de\",\"potentialAction\":[{\"@type\":\"ReadAction\",\"target\":[\"https:\/\/vof-news.eu\/de\/johann-wadephul-sagt-chinareise-kurzfristig-ab\/\"]}]},{\"@type\":\"ImageObject\",\"inLanguage\":\"de\",\"@id\":\"https:\/\/vof-news.eu\/de\/johann-wadephul-sagt-chinareise-kurzfristig-ab\/#primaryimage\",\"url\":\"https:\/\/vof-news.eu\/wp-content\/uploads\/2025\/10\/wide__1000x562-87.jpg\",\"contentUrl\":\"https:\/\/vof-news.eu\/wp-content\/uploads\/2025\/10\/wide__1000x562-87.jpg\",\"width\":1000,\"height\":562},{\"@type\":\"BreadcrumbList\",\"@id\":\"https:\/\/vof-news.eu\/de\/johann-wadephul-sagt-chinareise-kurzfristig-ab\/#breadcrumb\",\"itemListElement\":[{\"@type\":\"ListItem\",\"position\":1,\"name\":\"Home\",\"item\":\"https:\/\/vof-news.eu\/de\/\"},{\"@type\":\"ListItem\",\"position\":2,\"name\":\"Johann Wadephul sagt Chinareise kurzfristig ab\"}]},{\"@type\":\"WebSite\",\"@id\":\"https:\/\/vof-news.eu\/de\/#website\",\"url\":\"https:\/\/vof-news.eu\/de\/\",\"name\":\"vof-news.eu\",\"description\":\"\",\"potentialAction\":[{\"@type\":\"SearchAction\",\"target\":{\"@type\":\"EntryPoint\",\"urlTemplate\":\"https:\/\/vof-news.eu\/de\/?s={search_term_string}\"},\"query-input\":\"required name=search_term_string\"}],\"inLanguage\":\"de\"},{\"@type\":\"Person\",\"@id\":\"https:\/\/vof-news.eu\/de\/#\/schema\/person\/f6a2a4309f0561835797fd8c19b333ed\",\"name\":\"Author\",\"image\":{\"@type\":\"ImageObject\",\"inLanguage\":\"de\",\"@id\":\"https:\/\/vof-news.eu\/de\/#\/schema\/person\/image\/\",\"url\":\"https:\/\/secure.gravatar.com\/avatar\/b67e614b1b25b3e9c0c239efdd2fde5ab015b5affd6f1c3c85911ca4b384e790?s=96&d=mm&r=g\",\"contentUrl\":\"https:\/\/secure.gravatar.com\/avatar\/b67e614b1b25b3e9c0c239efdd2fde5ab015b5affd6f1c3c85911ca4b384e790?s=96&d=mm&r=g\",\"caption\":\"Author\"},\"sameAs\":[\"http:\/\/vof-news.eu\"],\"url\":\"https:\/\/vof-news.eu\/de\/author\/zwt6qxnjulxbnyg\/\"}]}<\/script>\n<!-- \/ Yoast SEO plugin. -->","yoast_head_json":{"title":"Johann Wadephul sagt Chinareise kurzfristig ab - vof-news.eu","description":"Au\u00dfenminister Johann Wadephul (CDU) verschiebt kurzfristig seine f\u00fcr Montag und Dienstag geplante Reise nach China. Die chinesische Seite habe au\u00dfer einem Termin des Ministers bei seinem Amtskollegen Wang Yi keine hinreichenden weiteren Termine best\u00e4tigt, sagte die Sprecherin des Ausw\u00e4rtigen Amtes, Kathrin Deschauer.","robots":{"index":"noindex","follow":"follow","max-snippet":"max-snippet:-1","max-image-preview":"max-image-preview:large","max-video-preview":"max-video-preview:-1"},"og_locale":"de_DE","og_type":"article","og_title":"Johann Wadephul sagt Chinareise kurzfristig ab - vof-news.eu","og_description":"Au\u00dfenminister Johann Wadephul (CDU) verschiebt kurzfristig seine f\u00fcr Montag und Dienstag geplante Reise nach China. Die chinesische Seite habe au\u00dfer einem Termin des Ministers bei seinem Amtskollegen Wang Yi keine hinreichenden weiteren Termine best\u00e4tigt, sagte die Sprecherin des Ausw\u00e4rtigen Amtes, Kathrin Deschauer.","og_url":"https:\/\/vof-news.eu\/de\/johann-wadephul-sagt-chinareise-kurzfristig-ab\/","og_site_name":"vof-news.eu","article_published_time":"2025-10-24T12:28:15+00:00","article_modified_time":"2025-10-24T12:29:33+00:00","og_image":[{"width":1000,"height":562,"url":"https:\/\/vof-news.eu\/wp-content\/uploads\/2025\/10\/wide__1000x562-87.jpg","type":"image\/jpeg"}],"author":"Author","twitter_card":"summary_large_image","twitter_misc":{"Verfasst von":"Author","Gesch\u00e4tzte Lesezeit":"2\u00a0Minuten"},"schema":{"@context":"https:\/\/schema.org","@graph":[{"@type":"WebPage","@id":"https:\/\/vof-news.eu\/de\/johann-wadephul-sagt-chinareise-kurzfristig-ab\/","url":"https:\/\/vof-news.eu\/de\/johann-wadephul-sagt-chinareise-kurzfristig-ab\/","name":"Johann Wadephul sagt Chinareise kurzfristig ab - vof-news.eu","isPartOf":{"@id":"https:\/\/vof-news.eu\/de\/#website"},"primaryImageOfPage":{"@id":"https:\/\/vof-news.eu\/de\/johann-wadephul-sagt-chinareise-kurzfristig-ab\/#primaryimage"},"image":{"@id":"https:\/\/vof-news.eu\/de\/johann-wadephul-sagt-chinareise-kurzfristig-ab\/#primaryimage"},"thumbnailUrl":"https:\/\/vof-news.eu\/wp-content\/uploads\/2025\/10\/wide__1000x562-87.jpg","datePublished":"2025-10-24T12:28:15+00:00","dateModified":"2025-10-24T12:29:33+00:00","author":{"@id":"https:\/\/vof-news.eu\/de\/#\/schema\/person\/f6a2a4309f0561835797fd8c19b333ed"},"description":"Au\u00dfenminister Johann Wadephul (CDU) verschiebt kurzfristig seine f\u00fcr Montag und Dienstag geplante Reise nach China. Die chinesische Seite habe au\u00dfer einem Termin des Ministers bei seinem Amtskollegen Wang Yi keine hinreichenden weiteren Termine best\u00e4tigt, sagte die Sprecherin des Ausw\u00e4rtigen Amtes, Kathrin Deschauer.","breadcrumb":{"@id":"https:\/\/vof-news.eu\/de\/johann-wadephul-sagt-chinareise-kurzfristig-ab\/#breadcrumb"},"inLanguage":"de","potentialAction":[{"@type":"ReadAction","target":["https:\/\/vof-news.eu\/de\/johann-wadephul-sagt-chinareise-kurzfristig-ab\/"]}]},{"@type":"ImageObject","inLanguage":"de","@id":"https:\/\/vof-news.eu\/de\/johann-wadephul-sagt-chinareise-kurzfristig-ab\/#primaryimage","url":"https:\/\/vof-news.eu\/wp-content\/uploads\/2025\/10\/wide__1000x562-87.jpg","contentUrl":"https:\/\/vof-news.eu\/wp-content\/uploads\/2025\/10\/wide__1000x562-87.jpg","width":1000,"height":562},{"@type":"BreadcrumbList","@id":"https:\/\/vof-news.eu\/de\/johann-wadephul-sagt-chinareise-kurzfristig-ab\/#breadcrumb","itemListElement":[{"@type":"ListItem","position":1,"name":"Home","item":"https:\/\/vof-news.eu\/de\/"},{"@type":"ListItem","position":2,"name":"Johann Wadephul sagt Chinareise kurzfristig ab"}]},{"@type":"WebSite","@id":"https:\/\/vof-news.eu\/de\/#website","url":"https:\/\/vof-news.eu\/de\/","name":"vof-news.eu","description":"","potentialAction":[{"@type":"SearchAction","target":{"@type":"EntryPoint","urlTemplate":"https:\/\/vof-news.eu\/de\/?s={search_term_string}"},"query-input":"required name=search_term_string"}],"inLanguage":"de"},{"@type":"Person","@id":"https:\/\/vof-news.eu\/de\/#\/schema\/person\/f6a2a4309f0561835797fd8c19b333ed","name":"Author","image":{"@type":"ImageObject","inLanguage":"de","@id":"https:\/\/vof-news.eu\/de\/#\/schema\/person\/image\/","url":"https:\/\/secure.gravatar.com\/avatar\/b67e614b1b25b3e9c0c239efdd2fde5ab015b5affd6f1c3c85911ca4b384e790?s=96&d=mm&r=g","contentUrl":"https:\/\/secure.gravatar.com\/avatar\/b67e614b1b25b3e9c0c239efdd2fde5ab015b5affd6f1c3c85911ca4b384e790?s=96&d=mm&r=g","caption":"Author"},"sameAs":["http:\/\/vof-news.eu"],"url":"https:\/\/vof-news.eu\/de\/author\/zwt6qxnjulxbnyg\/"}]}},"yoast_meta":{"yoast_wpseo_title":"","yoast_wpseo_metadesc":"","yoast_wpseo_canonical":""},"_links":{"self":[{"href":"https:\/\/vof-news.eu\/de\/wp-json\/wp\/v2\/posts\/290141","targetHints":{"allow":["GET"]}}],"collection":[{"href":"https:\/\/vof-news.eu\/de\/wp-json\/wp\/v2\/posts"}],"about":[{"href":"https:\/\/vof-news.eu\/de\/wp-json\/wp\/v2\/types\/post"}],"author":[{"embeddable":true,"href":"https:\/\/vof-news.eu\/de\/wp-json\/wp\/v2\/users\/1"}],"replies":[{"embeddable":true,"href":"https:\/\/vof-news.eu\/de\/wp-json\/wp\/v2\/comments?post=290141"}],"version-history":[{"count":1,"href":"https:\/\/vof-news.eu\/de\/wp-json\/wp\/v2\/posts\/290141\/revisions"}],"predecessor-version":[{"id":290148,"href":"https:\/\/vof-news.eu\/de\/wp-json\/wp\/v2\/posts\/290141\/revisions\/290148"}],"wp:featuredmedia":[{"embeddable":true,"href":"https:\/\/vof-news.eu\/de\/wp-json\/wp\/v2\/media\/290142"}],"wp:attachment":[{"href":"https:\/\/vof-news.eu\/de\/wp-json\/wp\/v2\/media?parent=290141"}],"wp:term":[{"taxonomy":"category","embeddable":true,"href":"https:\/\/vof-news.eu\/de\/wp-json\/wp\/v2\/categories?post=290141"},{"taxonomy":"post_tag","embeddable":true,"href":"https:\/\/vof-news.eu\/de\/wp-json\/wp\/v2\/tags?post=290141"}],"curies":[{"name":"wp","href":"https:\/\/api.w.org\/{rel}","templated":true}]}}