{"id":289936,"date":"2025-10-24T03:28:12","date_gmt":"2025-10-24T00:28:12","guid":{"rendered":"https:\/\/vof-news.eu\/eu-gipfel-erzielt-minimalkompromiss-zur-nutzung-russischer-vermogen\/"},"modified":"2025-10-24T03:28:56","modified_gmt":"2025-10-24T00:28:56","slug":"eu-gipfel-erzielt-minimalkompromiss-zur-nutzung-russischer-vermogen","status":"publish","type":"post","link":"https:\/\/vof-news.eu\/de\/eu-gipfel-erzielt-minimalkompromiss-zur-nutzung-russischer-vermogen\/","title":{"rendered":"EU-Gipfel erzielt Minimalkompromiss zur Nutzung russischer Verm\u00f6gen"},"content":{"rendered":"<div>\n<p>Nach stundenlangen Verhandlungen \u00fcber die m\u00f6gliche Verwendung von eingefrorenen russischen Verm\u00f6gen f\u00fcr die <span><a href=\"https:\/\/www.zeit.de\/politik\/ausland\/ukraine-krieg-news-liveblog\" rel=\"nofollow\">Ukraine<\/a><\/span> haben sich die <a href=\"https:\/\/www.zeit.de\/thema\/eu-gipfel\" rel=\"nofollow\">Staats- und Regierungschefs der EU<\/a> nur auf einen Minimalkompromiss einigen k\u00f6nnen. In einer Gipfelerkl\u00e4rung beauftragten sie die EU-Kommission lediglich damit, Optionen f\u00fcr die finanzielle Unterst\u00fctzung der Ukraine zu pr\u00fcfen. Die russischen Verm\u00f6genswerte sollen demnach solange eingefroren bleiben, bis Russland &#8222;die <a href=\"https:\/\/www.zeit.de\/thema\/krieg-in-ukraine\" rel=\"nofollow\">durch seinen Krieg verursachten Sch\u00e4den<\/a> kompensiert&#8220;.\n<\/p>\n<p>EU-Diplomaten zufolge schlie\u00dft diese Formulierung nicht aus, dass die Kommission auch die Nutzung russischer Verm\u00f6gen in ihre \u00dcberlegungen einflie\u00dfen l\u00e4sst. Die Gipfelerkl\u00e4rung blieb damit allerdings weit hinter der anvisierten Einigung zur\u00fcck. Geplant war urspr\u00fcnglich, die Kommission konkret damit zu beauftragen, eine rechtssichere Umsetzung des Vorhabens zu erarbeiten.\n<\/p>\n<p>EU-Kommissionspr\u00e4sidentin <a href=\"https:\/\/www.zeit.de\/thema\/ursula-von-der-leyen\" rel=\"nofollow\">Ursula von der Leyen<\/a> hatte zuvor vorgeschlagen, <a href=\"https:\/\/www.zeit.de\/politik\/ausland\/2025-10\/russland-botschafter-vermoegen-friedrich-merz\" rel=\"nofollow\">rund 140 Milliarden Euro russischer Zentralbankgelder, die in Belgien eingefroren sind<\/a>, f\u00fcr Kredite an die Ukraine zu nutzen. <span><a href=\"https:\/\/www.zeit.de\/thema\/russland\" rel=\"nofollow\">Russland<\/a><\/span> sollte demnach erst dann wieder auf das Geld zugreifen k\u00f6nnen, wenn es Reparationen an die Ukraine zahlt. Haften w\u00fcrden zun\u00e4chst die EU-Mitgliedstaaten f\u00fcr das Geld.\n<\/p>\n<h2>Belgien warnt vor rechtlichen Risiken<\/h2>\n<p>Insbesondere <span><a href=\"https:\/\/www.zeit.de\/thema\/belgien\" rel=\"nofollow\">Belgien<\/a><\/span> machte jedoch rechtliche Bedenken geltend. Regierungschef Bart de Wever f\u00fcrchtet unter anderem, dass sein Land finanzielle Risiken durch m\u00f6gliche Gegenma\u00dfnahmen Russlands alleine tragen m\u00fcsste. Zudem hatten zwar die meisten EU-L\u00e4nder grunds\u00e4tzlich Zustimmung zu dem Plan signalisiert. Dem Vernehmen nach teilten aber auch andere EU-Staaten in Teilen die belgischen Bedenken.\n<\/p>\n<p>Der gesamte Teil der Gipfelerkl\u00e4rung zum Thema Ukraine wurde zudem nur von 26 der 27 Mitgliedstaaten getragen. Ungarn beteiligte sich wie schon bei vorigen Gipfeln nicht. Der ungarische Regierungschef Viktor Orban war erst am sp\u00e4ten Nachmittag zum Gipfel angereist und verpasste so den Gro\u00dfteil der Diskussion zur Ukraine. Er hatte Sanktionen gegen Russland in der Vergangenheit immer wieder blockiert.\n<\/p>\n<p>Der ukrainische Pr\u00e4sident <a href=\"https:\/\/www.zeit.de\/thema\/wolodymyr-selenskyj\" rel=\"nofollow\">Wolodymyr Selenskyj<\/a> nahm am Vormittag an den Gipfelberatungen teil und forderte die EU-Staaten dazu auf, Russland f\u00fcr die Unterst\u00fctzung f\u00fcr seines Landes bezahlen zu lassen.\u00a0Wer die Entscheidung zur Verwendung der russischen Verm\u00f6gen verz\u00f6gere, &#8222;schr\u00e4nkt nicht nur unsere Verteidigung ein, sondern verlangsamt auch den Fortschritt der EU selbst&#8220;, schrieb er auf X. Die Ergebnisse des Gipfeltreffens sieht Selenskyj dennoch positiv.&#8220;Die Europ\u00e4ische Union hat zugesichert, dass die finanzielle Unterst\u00fctzung f\u00fcr die Ukraine nicht nur im n\u00e4chsten Jahr, sondern auch im Jahr 2027 fortgesetzt wird&#8220;, schrieb er. Dies sei eine &#8222;wichtige einstimmige Entscheidung&#8220;.\n<\/p>\n<h2>Mitgliedstaaten stimmen Aufbau von Drohnenabwehr zu<\/h2>\n<p>Bundeskanzler Friedrich Merz (CDU) machte sich f\u00fcr das Vorhaben stark, die russischen Gelder zu nutzen. Er hatte vor drei Wochen die Erwartung ge\u00e4u\u00dfert, <a href=\"https:\/\/www.zeit.de\/politik\/ausland\/2025-10\/friedrich-merz-einigung-eu-russisches-vermoegen-kredit-ukraine\" rel=\"nofollow\">es werde beim Gipfel &#8222;aller Voraussicht nach dazu eine konkrete Entscheidung geben&#8220;<\/a>. Kurz vor den Gespr\u00e4chen r\u00e4umte er allerdings auch &#8222;ernstzunehmende Einwendungen&#8220; etwa der Belgier ein.\n<\/p>\n<p>Der belgische Regierungschef warnte unter anderem vor einer Beschlagnahmung von Verm\u00f6genswerten europ\u00e4ischer Unternehmen in Russland. Auch in deutschen Unternehmerkreisen gibt es deswegen starke Vorbehalte gegen das Projekt. &#8222;Deutschland hat wie kein anderes Land in Russland investiert. Es hat deshalb bei der geplanten Nutzbarmachung russischer Zentralbankgelder f\u00fcr Waffenk\u00e4ufe zugunsten der Ukraine am meisten zu verlieren&#8220;, sagte der Vorstandsvorsitzende der Deutsch-Russischen Auslandshandelskammer, Matthias Schepp. Zusammengerechnet sei Verm\u00f6gen von \u00fcber 100 Milliarden Euro in Gefahr.\n<\/p>\n<p>In ihrer Abschlusserkl\u00e4rung zur Verteidigung und Sicherheit bekannten sich die Staats- und Regierungschefs weitgehend zu einem <a href=\"https:\/\/www.zeit.de\/politik\/ausland\/2025-10\/europaeische-union-verteidigung-drohnen-abwehr-plan\" rel=\"nofollow\">Vorschlag der Kommission aus der vergangenen Woche<\/a>, der unter anderem den Aufbau einer effizienten Drohnenabwehr vorsieht. Sie forderten eine besondere Ausrichtung auf Drohnenabwehr und Luftverteidigung. Die EU reagiert damit auf das Eindringen russischer Drohnen und Kampfflugzeuge in europ\u00e4ischen Luftraum sowie mysteri\u00f6se Drohnensichtungen in mehreren EU-L\u00e4ndern.\n<\/p>\n<p>W\u00e4hrend der Gipfel noch lief, <a href=\"https:\/\/www.zeit.de\/politik\/ausland\/2025-10\/russland-litauen-luftraum-nato-flugzeuge\" rel=\"nofollow\">drangen am Donnerstagabend nach Angaben Litauens zwei russische Milit\u00e4rflugzeuge in den Luftraum des baltischen EU- und Nato-Landes ein<\/a>. Der Kampfjet vom Typ SU-30 und ein Tankflugzeug vom Typ IL-78 h\u00e4tten aus der russischen Exklave Kaliningrad kommend 18 Sekunden lang litauischen Luftraum durchflogen. Zwei spanische Eurofighter Typhoon, Teil einer Nato-Mission im Baltikum, stiegen demnach zur Aufkl\u00e4rung auf.\n<\/p>\n<\/div>\n","protected":false},"excerpt":{"rendered":"<p>Nach stundenlangen Verhandlungen \u00fcber die m\u00f6gliche Verwendung von eingefrorenen russischen Verm\u00f6gen f\u00fcr die Ukraine haben sich die Staats- und Regierungschefs der EU nur auf einen Minimalkompromiss einigen k\u00f6nnen. In einer Gipfelerkl\u00e4rung beauftragten sie die EU-Kommission lediglich damit, Optionen f\u00fcr die finanzielle Unterst\u00fctzung der Ukraine zu pr\u00fcfen. Die russischen Verm\u00f6genswerte sollen demnach solange eingefroren bleiben, bis<\/p>\n","protected":false},"author":1,"featured_media":289937,"comment_status":"open","ping_status":"open","sticky":false,"template":"","format":"standard","meta":{"footnotes":""},"categories":[116],"tags":[],"class_list":["post-289936","post","type-post","status-publish","format-standard","has-post-thumbnail","hentry","category-war-chronicles-de"],"acf":[],"yoast_head":"<!-- This site is optimized with the Yoast SEO plugin v22.9 - https:\/\/yoast.com\/wordpress\/plugins\/seo\/ -->\n<title>EU-Gipfel erzielt Minimalkompromiss zur Nutzung russischer Verm\u00f6gen - vof-news.eu<\/title>\n<meta name=\"description\" content=\"Nach stundenlangen Verhandlungen \u00fcber die m\u00f6gliche Verwendung von eingefrorenen russischen Verm\u00f6gen f\u00fcr die Ukraine haben sich die Staats- und Regierungschefs der EU nur auf einen Minimalkompromiss einigen k\u00f6nnen. In einer Gipfelerkl\u00e4rung beauftragten sie die EU-Kommission lediglich damit, Optionen f\u00fcr die finanzielle Unterst\u00fctzung der Ukraine zu pr\u00fcfen. Die russischen Verm\u00f6genswerte sollen demnach solange eingefroren bleiben, bis Russland &quot;die durch seinen Krieg verursachten Sch\u00e4den kompensiert&quot;.\" \/>\n<meta name=\"robots\" content=\"noindex, follow, max-snippet:-1, max-image-preview:large, max-video-preview:-1\" \/>\n<meta property=\"og:locale\" content=\"de_DE\" \/>\n<meta property=\"og:type\" content=\"article\" \/>\n<meta property=\"og:title\" content=\"EU-Gipfel erzielt Minimalkompromiss zur Nutzung russischer Verm\u00f6gen - vof-news.eu\" \/>\n<meta property=\"og:description\" content=\"Nach stundenlangen Verhandlungen \u00fcber die m\u00f6gliche Verwendung von eingefrorenen russischen Verm\u00f6gen f\u00fcr die Ukraine haben sich die Staats- und Regierungschefs der EU nur auf einen Minimalkompromiss einigen k\u00f6nnen. In einer Gipfelerkl\u00e4rung beauftragten sie die EU-Kommission lediglich damit, Optionen f\u00fcr die finanzielle Unterst\u00fctzung der Ukraine zu pr\u00fcfen. Die russischen Verm\u00f6genswerte sollen demnach solange eingefroren bleiben, bis Russland &quot;die durch seinen Krieg verursachten Sch\u00e4den kompensiert&quot;.\" \/>\n<meta property=\"og:url\" content=\"https:\/\/vof-news.eu\/de\/eu-gipfel-erzielt-minimalkompromiss-zur-nutzung-russischer-vermogen\/\" \/>\n<meta property=\"og:site_name\" content=\"vof-news.eu\" \/>\n<meta property=\"article:published_time\" content=\"2025-10-24T00:28:12+00:00\" \/>\n<meta property=\"article:modified_time\" content=\"2025-10-24T00:28:56+00:00\" \/>\n<meta property=\"og:image\" content=\"https:\/\/vof-news.eu\/wp-content\/uploads\/2025\/10\/wide__1000x562-85.jpg\" \/>\n\t<meta property=\"og:image:width\" content=\"1000\" \/>\n\t<meta property=\"og:image:height\" content=\"562\" \/>\n\t<meta property=\"og:image:type\" content=\"image\/jpeg\" \/>\n<meta name=\"author\" content=\"Author\" \/>\n<meta name=\"twitter:card\" content=\"summary_large_image\" \/>\n<meta name=\"twitter:label1\" content=\"Verfasst von\" \/>\n\t<meta name=\"twitter:data1\" content=\"Author\" \/>\n\t<meta name=\"twitter:label2\" content=\"Gesch\u00e4tzte Lesezeit\" \/>\n\t<meta name=\"twitter:data2\" content=\"3\u00a0Minuten\" \/>\n<script type=\"application\/ld+json\" class=\"yoast-schema-graph\">{\"@context\":\"https:\/\/schema.org\",\"@graph\":[{\"@type\":\"WebPage\",\"@id\":\"https:\/\/vof-news.eu\/de\/eu-gipfel-erzielt-minimalkompromiss-zur-nutzung-russischer-vermogen\/\",\"url\":\"https:\/\/vof-news.eu\/de\/eu-gipfel-erzielt-minimalkompromiss-zur-nutzung-russischer-vermogen\/\",\"name\":\"EU-Gipfel erzielt Minimalkompromiss zur Nutzung russischer Verm\u00f6gen - vof-news.eu\",\"isPartOf\":{\"@id\":\"https:\/\/vof-news.eu\/de\/#website\"},\"primaryImageOfPage\":{\"@id\":\"https:\/\/vof-news.eu\/de\/eu-gipfel-erzielt-minimalkompromiss-zur-nutzung-russischer-vermogen\/#primaryimage\"},\"image\":{\"@id\":\"https:\/\/vof-news.eu\/de\/eu-gipfel-erzielt-minimalkompromiss-zur-nutzung-russischer-vermogen\/#primaryimage\"},\"thumbnailUrl\":\"https:\/\/vof-news.eu\/wp-content\/uploads\/2025\/10\/wide__1000x562-85.jpg\",\"datePublished\":\"2025-10-24T00:28:12+00:00\",\"dateModified\":\"2025-10-24T00:28:56+00:00\",\"author\":{\"@id\":\"https:\/\/vof-news.eu\/de\/#\/schema\/person\/f6a2a4309f0561835797fd8c19b333ed\"},\"description\":\"Nach stundenlangen Verhandlungen \u00fcber die m\u00f6gliche Verwendung von eingefrorenen russischen Verm\u00f6gen f\u00fcr die Ukraine haben sich die Staats- und Regierungschefs der EU nur auf einen Minimalkompromiss einigen k\u00f6nnen. In einer Gipfelerkl\u00e4rung beauftragten sie die EU-Kommission lediglich damit, Optionen f\u00fcr die finanzielle Unterst\u00fctzung der Ukraine zu pr\u00fcfen. Die russischen Verm\u00f6genswerte sollen demnach solange eingefroren bleiben, bis Russland \\\"die durch seinen Krieg verursachten Sch\u00e4den kompensiert\\\".\",\"breadcrumb\":{\"@id\":\"https:\/\/vof-news.eu\/de\/eu-gipfel-erzielt-minimalkompromiss-zur-nutzung-russischer-vermogen\/#breadcrumb\"},\"inLanguage\":\"de\",\"potentialAction\":[{\"@type\":\"ReadAction\",\"target\":[\"https:\/\/vof-news.eu\/de\/eu-gipfel-erzielt-minimalkompromiss-zur-nutzung-russischer-vermogen\/\"]}]},{\"@type\":\"ImageObject\",\"inLanguage\":\"de\",\"@id\":\"https:\/\/vof-news.eu\/de\/eu-gipfel-erzielt-minimalkompromiss-zur-nutzung-russischer-vermogen\/#primaryimage\",\"url\":\"https:\/\/vof-news.eu\/wp-content\/uploads\/2025\/10\/wide__1000x562-85.jpg\",\"contentUrl\":\"https:\/\/vof-news.eu\/wp-content\/uploads\/2025\/10\/wide__1000x562-85.jpg\",\"width\":1000,\"height\":562},{\"@type\":\"BreadcrumbList\",\"@id\":\"https:\/\/vof-news.eu\/de\/eu-gipfel-erzielt-minimalkompromiss-zur-nutzung-russischer-vermogen\/#breadcrumb\",\"itemListElement\":[{\"@type\":\"ListItem\",\"position\":1,\"name\":\"Home\",\"item\":\"https:\/\/vof-news.eu\/de\/\"},{\"@type\":\"ListItem\",\"position\":2,\"name\":\"EU-Gipfel erzielt Minimalkompromiss zur Nutzung russischer Verm\u00f6gen\"}]},{\"@type\":\"WebSite\",\"@id\":\"https:\/\/vof-news.eu\/de\/#website\",\"url\":\"https:\/\/vof-news.eu\/de\/\",\"name\":\"vof-news.eu\",\"description\":\"\",\"potentialAction\":[{\"@type\":\"SearchAction\",\"target\":{\"@type\":\"EntryPoint\",\"urlTemplate\":\"https:\/\/vof-news.eu\/de\/?s={search_term_string}\"},\"query-input\":\"required name=search_term_string\"}],\"inLanguage\":\"de\"},{\"@type\":\"Person\",\"@id\":\"https:\/\/vof-news.eu\/de\/#\/schema\/person\/f6a2a4309f0561835797fd8c19b333ed\",\"name\":\"Author\",\"image\":{\"@type\":\"ImageObject\",\"inLanguage\":\"de\",\"@id\":\"https:\/\/vof-news.eu\/de\/#\/schema\/person\/image\/\",\"url\":\"https:\/\/secure.gravatar.com\/avatar\/b67e614b1b25b3e9c0c239efdd2fde5ab015b5affd6f1c3c85911ca4b384e790?s=96&d=mm&r=g\",\"contentUrl\":\"https:\/\/secure.gravatar.com\/avatar\/b67e614b1b25b3e9c0c239efdd2fde5ab015b5affd6f1c3c85911ca4b384e790?s=96&d=mm&r=g\",\"caption\":\"Author\"},\"sameAs\":[\"http:\/\/vof-news.eu\"],\"url\":\"https:\/\/vof-news.eu\/de\/author\/zwt6qxnjulxbnyg\/\"}]}<\/script>\n<!-- \/ Yoast SEO plugin. -->","yoast_head_json":{"title":"EU-Gipfel erzielt Minimalkompromiss zur Nutzung russischer Verm\u00f6gen - vof-news.eu","description":"Nach stundenlangen Verhandlungen \u00fcber die m\u00f6gliche Verwendung von eingefrorenen russischen Verm\u00f6gen f\u00fcr die Ukraine haben sich die Staats- und Regierungschefs der EU nur auf einen Minimalkompromiss einigen k\u00f6nnen. In einer Gipfelerkl\u00e4rung beauftragten sie die EU-Kommission lediglich damit, Optionen f\u00fcr die finanzielle Unterst\u00fctzung der Ukraine zu pr\u00fcfen. Die russischen Verm\u00f6genswerte sollen demnach solange eingefroren bleiben, bis Russland \"die durch seinen Krieg verursachten Sch\u00e4den kompensiert\".","robots":{"index":"noindex","follow":"follow","max-snippet":"max-snippet:-1","max-image-preview":"max-image-preview:large","max-video-preview":"max-video-preview:-1"},"og_locale":"de_DE","og_type":"article","og_title":"EU-Gipfel erzielt Minimalkompromiss zur Nutzung russischer Verm\u00f6gen - vof-news.eu","og_description":"Nach stundenlangen Verhandlungen \u00fcber die m\u00f6gliche Verwendung von eingefrorenen russischen Verm\u00f6gen f\u00fcr die Ukraine haben sich die Staats- und Regierungschefs der EU nur auf einen Minimalkompromiss einigen k\u00f6nnen. In einer Gipfelerkl\u00e4rung beauftragten sie die EU-Kommission lediglich damit, Optionen f\u00fcr die finanzielle Unterst\u00fctzung der Ukraine zu pr\u00fcfen. Die russischen Verm\u00f6genswerte sollen demnach solange eingefroren bleiben, bis Russland \"die durch seinen Krieg verursachten Sch\u00e4den kompensiert\".","og_url":"https:\/\/vof-news.eu\/de\/eu-gipfel-erzielt-minimalkompromiss-zur-nutzung-russischer-vermogen\/","og_site_name":"vof-news.eu","article_published_time":"2025-10-24T00:28:12+00:00","article_modified_time":"2025-10-24T00:28:56+00:00","og_image":[{"width":1000,"height":562,"url":"https:\/\/vof-news.eu\/wp-content\/uploads\/2025\/10\/wide__1000x562-85.jpg","type":"image\/jpeg"}],"author":"Author","twitter_card":"summary_large_image","twitter_misc":{"Verfasst von":"Author","Gesch\u00e4tzte Lesezeit":"3\u00a0Minuten"},"schema":{"@context":"https:\/\/schema.org","@graph":[{"@type":"WebPage","@id":"https:\/\/vof-news.eu\/de\/eu-gipfel-erzielt-minimalkompromiss-zur-nutzung-russischer-vermogen\/","url":"https:\/\/vof-news.eu\/de\/eu-gipfel-erzielt-minimalkompromiss-zur-nutzung-russischer-vermogen\/","name":"EU-Gipfel erzielt Minimalkompromiss zur Nutzung russischer Verm\u00f6gen - vof-news.eu","isPartOf":{"@id":"https:\/\/vof-news.eu\/de\/#website"},"primaryImageOfPage":{"@id":"https:\/\/vof-news.eu\/de\/eu-gipfel-erzielt-minimalkompromiss-zur-nutzung-russischer-vermogen\/#primaryimage"},"image":{"@id":"https:\/\/vof-news.eu\/de\/eu-gipfel-erzielt-minimalkompromiss-zur-nutzung-russischer-vermogen\/#primaryimage"},"thumbnailUrl":"https:\/\/vof-news.eu\/wp-content\/uploads\/2025\/10\/wide__1000x562-85.jpg","datePublished":"2025-10-24T00:28:12+00:00","dateModified":"2025-10-24T00:28:56+00:00","author":{"@id":"https:\/\/vof-news.eu\/de\/#\/schema\/person\/f6a2a4309f0561835797fd8c19b333ed"},"description":"Nach stundenlangen Verhandlungen \u00fcber die m\u00f6gliche Verwendung von eingefrorenen russischen Verm\u00f6gen f\u00fcr die Ukraine haben sich die Staats- und Regierungschefs der EU nur auf einen Minimalkompromiss einigen k\u00f6nnen. In einer Gipfelerkl\u00e4rung beauftragten sie die EU-Kommission lediglich damit, Optionen f\u00fcr die finanzielle Unterst\u00fctzung der Ukraine zu pr\u00fcfen. Die russischen Verm\u00f6genswerte sollen demnach solange eingefroren bleiben, bis Russland \"die durch seinen Krieg verursachten Sch\u00e4den kompensiert\".","breadcrumb":{"@id":"https:\/\/vof-news.eu\/de\/eu-gipfel-erzielt-minimalkompromiss-zur-nutzung-russischer-vermogen\/#breadcrumb"},"inLanguage":"de","potentialAction":[{"@type":"ReadAction","target":["https:\/\/vof-news.eu\/de\/eu-gipfel-erzielt-minimalkompromiss-zur-nutzung-russischer-vermogen\/"]}]},{"@type":"ImageObject","inLanguage":"de","@id":"https:\/\/vof-news.eu\/de\/eu-gipfel-erzielt-minimalkompromiss-zur-nutzung-russischer-vermogen\/#primaryimage","url":"https:\/\/vof-news.eu\/wp-content\/uploads\/2025\/10\/wide__1000x562-85.jpg","contentUrl":"https:\/\/vof-news.eu\/wp-content\/uploads\/2025\/10\/wide__1000x562-85.jpg","width":1000,"height":562},{"@type":"BreadcrumbList","@id":"https:\/\/vof-news.eu\/de\/eu-gipfel-erzielt-minimalkompromiss-zur-nutzung-russischer-vermogen\/#breadcrumb","itemListElement":[{"@type":"ListItem","position":1,"name":"Home","item":"https:\/\/vof-news.eu\/de\/"},{"@type":"ListItem","position":2,"name":"EU-Gipfel erzielt Minimalkompromiss zur Nutzung russischer Verm\u00f6gen"}]},{"@type":"WebSite","@id":"https:\/\/vof-news.eu\/de\/#website","url":"https:\/\/vof-news.eu\/de\/","name":"vof-news.eu","description":"","potentialAction":[{"@type":"SearchAction","target":{"@type":"EntryPoint","urlTemplate":"https:\/\/vof-news.eu\/de\/?s={search_term_string}"},"query-input":"required name=search_term_string"}],"inLanguage":"de"},{"@type":"Person","@id":"https:\/\/vof-news.eu\/de\/#\/schema\/person\/f6a2a4309f0561835797fd8c19b333ed","name":"Author","image":{"@type":"ImageObject","inLanguage":"de","@id":"https:\/\/vof-news.eu\/de\/#\/schema\/person\/image\/","url":"https:\/\/secure.gravatar.com\/avatar\/b67e614b1b25b3e9c0c239efdd2fde5ab015b5affd6f1c3c85911ca4b384e790?s=96&d=mm&r=g","contentUrl":"https:\/\/secure.gravatar.com\/avatar\/b67e614b1b25b3e9c0c239efdd2fde5ab015b5affd6f1c3c85911ca4b384e790?s=96&d=mm&r=g","caption":"Author"},"sameAs":["http:\/\/vof-news.eu"],"url":"https:\/\/vof-news.eu\/de\/author\/zwt6qxnjulxbnyg\/"}]}},"yoast_meta":{"yoast_wpseo_title":"","yoast_wpseo_metadesc":"","yoast_wpseo_canonical":""},"_links":{"self":[{"href":"https:\/\/vof-news.eu\/de\/wp-json\/wp\/v2\/posts\/289936","targetHints":{"allow":["GET"]}}],"collection":[{"href":"https:\/\/vof-news.eu\/de\/wp-json\/wp\/v2\/posts"}],"about":[{"href":"https:\/\/vof-news.eu\/de\/wp-json\/wp\/v2\/types\/post"}],"author":[{"embeddable":true,"href":"https:\/\/vof-news.eu\/de\/wp-json\/wp\/v2\/users\/1"}],"replies":[{"embeddable":true,"href":"https:\/\/vof-news.eu\/de\/wp-json\/wp\/v2\/comments?post=289936"}],"version-history":[{"count":1,"href":"https:\/\/vof-news.eu\/de\/wp-json\/wp\/v2\/posts\/289936\/revisions"}],"predecessor-version":[{"id":289943,"href":"https:\/\/vof-news.eu\/de\/wp-json\/wp\/v2\/posts\/289936\/revisions\/289943"}],"wp:featuredmedia":[{"embeddable":true,"href":"https:\/\/vof-news.eu\/de\/wp-json\/wp\/v2\/media\/289937"}],"wp:attachment":[{"href":"https:\/\/vof-news.eu\/de\/wp-json\/wp\/v2\/media?parent=289936"}],"wp:term":[{"taxonomy":"category","embeddable":true,"href":"https:\/\/vof-news.eu\/de\/wp-json\/wp\/v2\/categories?post=289936"},{"taxonomy":"post_tag","embeddable":true,"href":"https:\/\/vof-news.eu\/de\/wp-json\/wp\/v2\/tags?post=289936"}],"curies":[{"name":"wp","href":"https:\/\/api.w.org\/{rel}","templated":true}]}}