{"id":289835,"date":"2025-10-23T19:28:17","date_gmt":"2025-10-23T16:28:17","guid":{"rendered":"https:\/\/vof-news.eu\/soder-fordert-druck-auf-ukraine-wegen-steigender-fluchtlingszahlen\/"},"modified":"2025-10-23T19:29:18","modified_gmt":"2025-10-23T16:29:18","slug":"soder-fordert-druck-auf-ukraine-wegen-steigender-fluchtlingszahlen","status":"publish","type":"post","link":"https:\/\/vof-news.eu\/de\/soder-fordert-druck-auf-ukraine-wegen-steigender-fluchtlingszahlen\/","title":{"rendered":"S\u00f6der fordert Druck auf Ukraine wegen steigender Fl\u00fcchtlingszahlen"},"content":{"rendered":"<div>\n<p>Der bayerische Ministerpr\u00e4sident <a href=\"https:\/\/www.zeit.de\/thema\/markus-soeder\" rel=\"nofollow\">Markus S\u00f6der (CSU) <\/a>hofft darauf, dass die <a href=\"https:\/\/www.zeit.de\/thema\/krieg-in-ukraine\" rel=\"nofollow\">Ukraine<\/a> die Lockerung ihrer Ausreisebedingungen wieder zur\u00fccknimmt. In der -Zeitung appellierte der Christdemokrat an die <a href=\"https:\/\/www.zeit.de\/thema\/europaeische-union\" rel=\"nofollow\">Europ\u00e4ische Union<\/a> und die <a href=\"https:\/\/www.zeit.de\/thema\/schwarz-rote-koalition\" rel=\"nofollow\">Bundesregierung<\/a>, entsprechenden Druck auf die ukrainische Regierung auszu\u00fcben. &#8222;Wir m\u00fcssen den sprunghaft ansteigenden Zuzug junger M\u00e4nner aus der Ukraine steuern und deutlich reduzieren. Deshalb m\u00fcssen die EU und Berlin auf die Ukraine einwirken, dass die gelockerten Ausreisebestimmungen wieder ge\u00e4ndert werden&#8220;, sagte S\u00f6der.\n<\/p>\n<p>Seit Beginn des russischen Angriffskrieges durften M\u00e4nner zwischen 18 und 60 Jahren die <span><a href=\"https:\/\/www.zeit.de\/politik\/ausland\/ukraine-krieg-news-liveblog\" rel=\"nofollow\">Ukraine<\/a><\/span> nur mit einer Sondergenehmigung verlassen. Ende August hatte die ukrainische Regierung diese Regelung jedoch gelockert: M\u00e4nner im Alter von 18 bis 22 Jahren d\u00fcrfen seither wieder ausreisen. Nach Angaben des Bundesinnenministeriums ist die Zahl der eingereisten Ukrainer dieser Altersgruppe in Deutschland seither stark gestiegen: von 19 pro Woche Mitte August auf mehr als tausend Mitte September. Im Oktober lag sie demnach zwischen 1.400 und 1.800 pro Woche.\n<\/p>\n<p>S\u00f6der sagte, es sei &#8222;keinem geholfen, wenn immer mehr junge M\u00e4nner aus der Ukraine nach Deutschland kommen, anstatt ihre eigene Heimat zu verteidigen&#8220;. Deutschland unterst\u00fctze die Ukraine mit Waffen, Geld und humanit\u00e4rer Hilfe, doch &#8222;es braucht auch ukrainische Soldaten, die ihr eigenes Land verteidigen&#8220;. Seine Solidarit\u00e4t mit der Ukraine bleibe bestehen, sagte der CSU-Chef, sie m\u00fcsse aber &#8222;klare Regeln und Verantwortung auf beiden Seiten&#8220; haben.\n<\/p>\n<h2>S\u00f6der stellt B\u00fcrgergeld infrage<\/h2>\n<p>Der CSU-Chef verwies zudem auf die sogenannte Massenzustrom-Richtlinie der <span><a href=\"https:\/\/www.zeit.de\/thema\/europaeische-union\" rel=\"nofollow\">EU<\/a><\/span>, die es den Mitgliedsstaaten erlaubt, Gefl\u00fcchteten aus der Ukraine vor\u00fcbergehenden Schutz ohne individuelles Asylverfahren zu gew\u00e4hren. Sollte die ukrainische Regierung die Ausreise nicht selbst wieder beschr\u00e4nken, m\u00fcsse diese Richtlinie auf europ\u00e4ischer Ebene eingeschr\u00e4nkt werden, forderte S\u00f6der.\u00a0Die Regelung war erst im Juni bis 2027 verl\u00e4ngert worden.\n<\/p>\n<p>Bereits Anfang der Woche hatte der bayerische Ministerpr\u00e4sident eine Begrenzung der Einreise ukrainischer Staatsb\u00fcrger verlangt und auch das B\u00fcrgergeld f\u00fcr Ukrainer infrage gestellt.\u00a0\n<\/p>\n<\/p>\n<\/div>\n","protected":false},"excerpt":{"rendered":"<p>Der bayerische Ministerpr\u00e4sident Markus S\u00f6der (CSU) hofft darauf, dass die Ukraine die Lockerung ihrer Ausreisebedingungen wieder zur\u00fccknimmt. In der -Zeitung appellierte der Christdemokrat an die Europ\u00e4ische Union und die Bundesregierung, entsprechenden Druck auf die ukrainische Regierung auszu\u00fcben. &#8222;Wir m\u00fcssen den sprunghaft ansteigenden Zuzug junger M\u00e4nner aus der Ukraine steuern und deutlich reduzieren. Deshalb m\u00fcssen die<\/p>\n","protected":false},"author":1,"featured_media":289836,"comment_status":"open","ping_status":"open","sticky":false,"template":"","format":"standard","meta":{"footnotes":""},"categories":[116],"tags":[],"class_list":["post-289835","post","type-post","status-publish","format-standard","has-post-thumbnail","hentry","category-war-chronicles-de"],"acf":[],"yoast_head":"<!-- This site is optimized with the Yoast SEO plugin v22.9 - https:\/\/yoast.com\/wordpress\/plugins\/seo\/ -->\n<title>S\u00f6der fordert Druck auf Ukraine wegen steigender Fl\u00fcchtlingszahlen - vof-news.eu<\/title>\n<meta name=\"description\" content=\"Der bayerische Ministerpr\u00e4sident Markus S\u00f6der (CSU) hofft darauf, dass die Ukraine die Lockerung ihrer Ausreisebedingungen wieder zur\u00fccknimmt. In der -Zeitung appellierte der Christdemokrat an die Europ\u00e4ische Union und die Bundesregierung, entsprechenden Druck auf die ukrainische Regierung auszu\u00fcben. &quot;Wir m\u00fcssen den sprunghaft ansteigenden Zuzug junger M\u00e4nner aus der Ukraine steuern und deutlich reduzieren. Deshalb m\u00fcssen die EU und Berlin auf die Ukraine einwirken, dass die gelockerten Ausreisebestimmungen wieder ge\u00e4ndert werden&quot;, sagte S\u00f6der.\" \/>\n<meta name=\"robots\" content=\"noindex, follow, max-snippet:-1, max-image-preview:large, max-video-preview:-1\" \/>\n<meta property=\"og:locale\" content=\"de_DE\" \/>\n<meta property=\"og:type\" content=\"article\" \/>\n<meta property=\"og:title\" content=\"S\u00f6der fordert Druck auf Ukraine wegen steigender Fl\u00fcchtlingszahlen - vof-news.eu\" \/>\n<meta property=\"og:description\" content=\"Der bayerische Ministerpr\u00e4sident Markus S\u00f6der (CSU) hofft darauf, dass die Ukraine die Lockerung ihrer Ausreisebedingungen wieder zur\u00fccknimmt. In der -Zeitung appellierte der Christdemokrat an die Europ\u00e4ische Union und die Bundesregierung, entsprechenden Druck auf die ukrainische Regierung auszu\u00fcben. &quot;Wir m\u00fcssen den sprunghaft ansteigenden Zuzug junger M\u00e4nner aus der Ukraine steuern und deutlich reduzieren. Deshalb m\u00fcssen die EU und Berlin auf die Ukraine einwirken, dass die gelockerten Ausreisebestimmungen wieder ge\u00e4ndert werden&quot;, sagte S\u00f6der.\" \/>\n<meta property=\"og:url\" content=\"https:\/\/vof-news.eu\/de\/soder-fordert-druck-auf-ukraine-wegen-steigender-fluchtlingszahlen\/\" \/>\n<meta property=\"og:site_name\" content=\"vof-news.eu\" \/>\n<meta property=\"article:published_time\" content=\"2025-10-23T16:28:17+00:00\" \/>\n<meta property=\"article:modified_time\" content=\"2025-10-23T16:29:18+00:00\" \/>\n<meta property=\"og:image\" content=\"https:\/\/vof-news.eu\/wp-content\/uploads\/2025\/10\/wide__1000x562-84.jpg\" \/>\n\t<meta property=\"og:image:width\" content=\"1000\" \/>\n\t<meta property=\"og:image:height\" content=\"562\" \/>\n\t<meta property=\"og:image:type\" content=\"image\/jpeg\" \/>\n<meta name=\"author\" content=\"Author\" \/>\n<meta name=\"twitter:card\" content=\"summary_large_image\" \/>\n<meta name=\"twitter:label1\" content=\"Verfasst von\" \/>\n\t<meta name=\"twitter:data1\" content=\"Author\" \/>\n\t<meta name=\"twitter:label2\" content=\"Gesch\u00e4tzte Lesezeit\" \/>\n\t<meta name=\"twitter:data2\" content=\"2\u00a0Minuten\" \/>\n<script type=\"application\/ld+json\" class=\"yoast-schema-graph\">{\"@context\":\"https:\/\/schema.org\",\"@graph\":[{\"@type\":\"WebPage\",\"@id\":\"https:\/\/vof-news.eu\/de\/soder-fordert-druck-auf-ukraine-wegen-steigender-fluchtlingszahlen\/\",\"url\":\"https:\/\/vof-news.eu\/de\/soder-fordert-druck-auf-ukraine-wegen-steigender-fluchtlingszahlen\/\",\"name\":\"S\u00f6der fordert Druck auf Ukraine wegen steigender Fl\u00fcchtlingszahlen - vof-news.eu\",\"isPartOf\":{\"@id\":\"https:\/\/vof-news.eu\/de\/#website\"},\"primaryImageOfPage\":{\"@id\":\"https:\/\/vof-news.eu\/de\/soder-fordert-druck-auf-ukraine-wegen-steigender-fluchtlingszahlen\/#primaryimage\"},\"image\":{\"@id\":\"https:\/\/vof-news.eu\/de\/soder-fordert-druck-auf-ukraine-wegen-steigender-fluchtlingszahlen\/#primaryimage\"},\"thumbnailUrl\":\"https:\/\/vof-news.eu\/wp-content\/uploads\/2025\/10\/wide__1000x562-84.jpg\",\"datePublished\":\"2025-10-23T16:28:17+00:00\",\"dateModified\":\"2025-10-23T16:29:18+00:00\",\"author\":{\"@id\":\"https:\/\/vof-news.eu\/de\/#\/schema\/person\/f6a2a4309f0561835797fd8c19b333ed\"},\"description\":\"Der bayerische Ministerpr\u00e4sident Markus S\u00f6der (CSU) hofft darauf, dass die Ukraine die Lockerung ihrer Ausreisebedingungen wieder zur\u00fccknimmt. In der -Zeitung appellierte der Christdemokrat an die Europ\u00e4ische Union und die Bundesregierung, entsprechenden Druck auf die ukrainische Regierung auszu\u00fcben. \\\"Wir m\u00fcssen den sprunghaft ansteigenden Zuzug junger M\u00e4nner aus der Ukraine steuern und deutlich reduzieren. Deshalb m\u00fcssen die EU und Berlin auf die Ukraine einwirken, dass die gelockerten Ausreisebestimmungen wieder ge\u00e4ndert werden\\\", sagte S\u00f6der.\",\"breadcrumb\":{\"@id\":\"https:\/\/vof-news.eu\/de\/soder-fordert-druck-auf-ukraine-wegen-steigender-fluchtlingszahlen\/#breadcrumb\"},\"inLanguage\":\"de\",\"potentialAction\":[{\"@type\":\"ReadAction\",\"target\":[\"https:\/\/vof-news.eu\/de\/soder-fordert-druck-auf-ukraine-wegen-steigender-fluchtlingszahlen\/\"]}]},{\"@type\":\"ImageObject\",\"inLanguage\":\"de\",\"@id\":\"https:\/\/vof-news.eu\/de\/soder-fordert-druck-auf-ukraine-wegen-steigender-fluchtlingszahlen\/#primaryimage\",\"url\":\"https:\/\/vof-news.eu\/wp-content\/uploads\/2025\/10\/wide__1000x562-84.jpg\",\"contentUrl\":\"https:\/\/vof-news.eu\/wp-content\/uploads\/2025\/10\/wide__1000x562-84.jpg\",\"width\":1000,\"height\":562},{\"@type\":\"BreadcrumbList\",\"@id\":\"https:\/\/vof-news.eu\/de\/soder-fordert-druck-auf-ukraine-wegen-steigender-fluchtlingszahlen\/#breadcrumb\",\"itemListElement\":[{\"@type\":\"ListItem\",\"position\":1,\"name\":\"Home\",\"item\":\"https:\/\/vof-news.eu\/de\/\"},{\"@type\":\"ListItem\",\"position\":2,\"name\":\"S\u00f6der fordert Druck auf Ukraine wegen steigender Fl\u00fcchtlingszahlen\"}]},{\"@type\":\"WebSite\",\"@id\":\"https:\/\/vof-news.eu\/de\/#website\",\"url\":\"https:\/\/vof-news.eu\/de\/\",\"name\":\"vof-news.eu\",\"description\":\"\",\"potentialAction\":[{\"@type\":\"SearchAction\",\"target\":{\"@type\":\"EntryPoint\",\"urlTemplate\":\"https:\/\/vof-news.eu\/de\/?s={search_term_string}\"},\"query-input\":\"required name=search_term_string\"}],\"inLanguage\":\"de\"},{\"@type\":\"Person\",\"@id\":\"https:\/\/vof-news.eu\/de\/#\/schema\/person\/f6a2a4309f0561835797fd8c19b333ed\",\"name\":\"Author\",\"image\":{\"@type\":\"ImageObject\",\"inLanguage\":\"de\",\"@id\":\"https:\/\/vof-news.eu\/de\/#\/schema\/person\/image\/\",\"url\":\"https:\/\/secure.gravatar.com\/avatar\/b67e614b1b25b3e9c0c239efdd2fde5ab015b5affd6f1c3c85911ca4b384e790?s=96&d=mm&r=g\",\"contentUrl\":\"https:\/\/secure.gravatar.com\/avatar\/b67e614b1b25b3e9c0c239efdd2fde5ab015b5affd6f1c3c85911ca4b384e790?s=96&d=mm&r=g\",\"caption\":\"Author\"},\"sameAs\":[\"http:\/\/vof-news.eu\"],\"url\":\"https:\/\/vof-news.eu\/de\/author\/zwt6qxnjulxbnyg\/\"}]}<\/script>\n<!-- \/ Yoast SEO plugin. -->","yoast_head_json":{"title":"S\u00f6der fordert Druck auf Ukraine wegen steigender Fl\u00fcchtlingszahlen - vof-news.eu","description":"Der bayerische Ministerpr\u00e4sident Markus S\u00f6der (CSU) hofft darauf, dass die Ukraine die Lockerung ihrer Ausreisebedingungen wieder zur\u00fccknimmt. In der -Zeitung appellierte der Christdemokrat an die Europ\u00e4ische Union und die Bundesregierung, entsprechenden Druck auf die ukrainische Regierung auszu\u00fcben. \"Wir m\u00fcssen den sprunghaft ansteigenden Zuzug junger M\u00e4nner aus der Ukraine steuern und deutlich reduzieren. Deshalb m\u00fcssen die EU und Berlin auf die Ukraine einwirken, dass die gelockerten Ausreisebestimmungen wieder ge\u00e4ndert werden\", sagte S\u00f6der.","robots":{"index":"noindex","follow":"follow","max-snippet":"max-snippet:-1","max-image-preview":"max-image-preview:large","max-video-preview":"max-video-preview:-1"},"og_locale":"de_DE","og_type":"article","og_title":"S\u00f6der fordert Druck auf Ukraine wegen steigender Fl\u00fcchtlingszahlen - vof-news.eu","og_description":"Der bayerische Ministerpr\u00e4sident Markus S\u00f6der (CSU) hofft darauf, dass die Ukraine die Lockerung ihrer Ausreisebedingungen wieder zur\u00fccknimmt. In der -Zeitung appellierte der Christdemokrat an die Europ\u00e4ische Union und die Bundesregierung, entsprechenden Druck auf die ukrainische Regierung auszu\u00fcben. \"Wir m\u00fcssen den sprunghaft ansteigenden Zuzug junger M\u00e4nner aus der Ukraine steuern und deutlich reduzieren. Deshalb m\u00fcssen die EU und Berlin auf die Ukraine einwirken, dass die gelockerten Ausreisebestimmungen wieder ge\u00e4ndert werden\", sagte S\u00f6der.","og_url":"https:\/\/vof-news.eu\/de\/soder-fordert-druck-auf-ukraine-wegen-steigender-fluchtlingszahlen\/","og_site_name":"vof-news.eu","article_published_time":"2025-10-23T16:28:17+00:00","article_modified_time":"2025-10-23T16:29:18+00:00","og_image":[{"width":1000,"height":562,"url":"https:\/\/vof-news.eu\/wp-content\/uploads\/2025\/10\/wide__1000x562-84.jpg","type":"image\/jpeg"}],"author":"Author","twitter_card":"summary_large_image","twitter_misc":{"Verfasst von":"Author","Gesch\u00e4tzte Lesezeit":"2\u00a0Minuten"},"schema":{"@context":"https:\/\/schema.org","@graph":[{"@type":"WebPage","@id":"https:\/\/vof-news.eu\/de\/soder-fordert-druck-auf-ukraine-wegen-steigender-fluchtlingszahlen\/","url":"https:\/\/vof-news.eu\/de\/soder-fordert-druck-auf-ukraine-wegen-steigender-fluchtlingszahlen\/","name":"S\u00f6der fordert Druck auf Ukraine wegen steigender Fl\u00fcchtlingszahlen - vof-news.eu","isPartOf":{"@id":"https:\/\/vof-news.eu\/de\/#website"},"primaryImageOfPage":{"@id":"https:\/\/vof-news.eu\/de\/soder-fordert-druck-auf-ukraine-wegen-steigender-fluchtlingszahlen\/#primaryimage"},"image":{"@id":"https:\/\/vof-news.eu\/de\/soder-fordert-druck-auf-ukraine-wegen-steigender-fluchtlingszahlen\/#primaryimage"},"thumbnailUrl":"https:\/\/vof-news.eu\/wp-content\/uploads\/2025\/10\/wide__1000x562-84.jpg","datePublished":"2025-10-23T16:28:17+00:00","dateModified":"2025-10-23T16:29:18+00:00","author":{"@id":"https:\/\/vof-news.eu\/de\/#\/schema\/person\/f6a2a4309f0561835797fd8c19b333ed"},"description":"Der bayerische Ministerpr\u00e4sident Markus S\u00f6der (CSU) hofft darauf, dass die Ukraine die Lockerung ihrer Ausreisebedingungen wieder zur\u00fccknimmt. In der -Zeitung appellierte der Christdemokrat an die Europ\u00e4ische Union und die Bundesregierung, entsprechenden Druck auf die ukrainische Regierung auszu\u00fcben. \"Wir m\u00fcssen den sprunghaft ansteigenden Zuzug junger M\u00e4nner aus der Ukraine steuern und deutlich reduzieren. Deshalb m\u00fcssen die EU und Berlin auf die Ukraine einwirken, dass die gelockerten Ausreisebestimmungen wieder ge\u00e4ndert werden\", sagte S\u00f6der.","breadcrumb":{"@id":"https:\/\/vof-news.eu\/de\/soder-fordert-druck-auf-ukraine-wegen-steigender-fluchtlingszahlen\/#breadcrumb"},"inLanguage":"de","potentialAction":[{"@type":"ReadAction","target":["https:\/\/vof-news.eu\/de\/soder-fordert-druck-auf-ukraine-wegen-steigender-fluchtlingszahlen\/"]}]},{"@type":"ImageObject","inLanguage":"de","@id":"https:\/\/vof-news.eu\/de\/soder-fordert-druck-auf-ukraine-wegen-steigender-fluchtlingszahlen\/#primaryimage","url":"https:\/\/vof-news.eu\/wp-content\/uploads\/2025\/10\/wide__1000x562-84.jpg","contentUrl":"https:\/\/vof-news.eu\/wp-content\/uploads\/2025\/10\/wide__1000x562-84.jpg","width":1000,"height":562},{"@type":"BreadcrumbList","@id":"https:\/\/vof-news.eu\/de\/soder-fordert-druck-auf-ukraine-wegen-steigender-fluchtlingszahlen\/#breadcrumb","itemListElement":[{"@type":"ListItem","position":1,"name":"Home","item":"https:\/\/vof-news.eu\/de\/"},{"@type":"ListItem","position":2,"name":"S\u00f6der fordert Druck auf Ukraine wegen steigender Fl\u00fcchtlingszahlen"}]},{"@type":"WebSite","@id":"https:\/\/vof-news.eu\/de\/#website","url":"https:\/\/vof-news.eu\/de\/","name":"vof-news.eu","description":"","potentialAction":[{"@type":"SearchAction","target":{"@type":"EntryPoint","urlTemplate":"https:\/\/vof-news.eu\/de\/?s={search_term_string}"},"query-input":"required name=search_term_string"}],"inLanguage":"de"},{"@type":"Person","@id":"https:\/\/vof-news.eu\/de\/#\/schema\/person\/f6a2a4309f0561835797fd8c19b333ed","name":"Author","image":{"@type":"ImageObject","inLanguage":"de","@id":"https:\/\/vof-news.eu\/de\/#\/schema\/person\/image\/","url":"https:\/\/secure.gravatar.com\/avatar\/b67e614b1b25b3e9c0c239efdd2fde5ab015b5affd6f1c3c85911ca4b384e790?s=96&d=mm&r=g","contentUrl":"https:\/\/secure.gravatar.com\/avatar\/b67e614b1b25b3e9c0c239efdd2fde5ab015b5affd6f1c3c85911ca4b384e790?s=96&d=mm&r=g","caption":"Author"},"sameAs":["http:\/\/vof-news.eu"],"url":"https:\/\/vof-news.eu\/de\/author\/zwt6qxnjulxbnyg\/"}]}},"yoast_meta":{"yoast_wpseo_title":"","yoast_wpseo_metadesc":"","yoast_wpseo_canonical":""},"_links":{"self":[{"href":"https:\/\/vof-news.eu\/de\/wp-json\/wp\/v2\/posts\/289835","targetHints":{"allow":["GET"]}}],"collection":[{"href":"https:\/\/vof-news.eu\/de\/wp-json\/wp\/v2\/posts"}],"about":[{"href":"https:\/\/vof-news.eu\/de\/wp-json\/wp\/v2\/types\/post"}],"author":[{"embeddable":true,"href":"https:\/\/vof-news.eu\/de\/wp-json\/wp\/v2\/users\/1"}],"replies":[{"embeddable":true,"href":"https:\/\/vof-news.eu\/de\/wp-json\/wp\/v2\/comments?post=289835"}],"version-history":[{"count":1,"href":"https:\/\/vof-news.eu\/de\/wp-json\/wp\/v2\/posts\/289835\/revisions"}],"predecessor-version":[{"id":289842,"href":"https:\/\/vof-news.eu\/de\/wp-json\/wp\/v2\/posts\/289835\/revisions\/289842"}],"wp:featuredmedia":[{"embeddable":true,"href":"https:\/\/vof-news.eu\/de\/wp-json\/wp\/v2\/media\/289836"}],"wp:attachment":[{"href":"https:\/\/vof-news.eu\/de\/wp-json\/wp\/v2\/media?parent=289835"}],"wp:term":[{"taxonomy":"category","embeddable":true,"href":"https:\/\/vof-news.eu\/de\/wp-json\/wp\/v2\/categories?post=289835"},{"taxonomy":"post_tag","embeddable":true,"href":"https:\/\/vof-news.eu\/de\/wp-json\/wp\/v2\/tags?post=289835"}],"curies":[{"name":"wp","href":"https:\/\/api.w.org\/{rel}","templated":true}]}}