{"id":288794,"date":"2025-10-21T15:29:45","date_gmt":"2025-10-21T12:29:45","guid":{"rendered":"https:\/\/vof-news.eu\/ukraine-und-europaer-wollen-auf-basis-aktueller-frontlinie-verhandeln\/"},"modified":"2025-10-21T15:30:50","modified_gmt":"2025-10-21T12:30:50","slug":"ukraine-und-europaer-wollen-auf-basis-aktueller-frontlinie-verhandeln","status":"publish","type":"post","link":"https:\/\/vof-news.eu\/de\/ukraine-und-europaer-wollen-auf-basis-aktueller-frontlinie-verhandeln\/","title":{"rendered":"Ukraine und Europ\u00e4er wollen auf Basis aktueller Frontlinie verhandeln"},"content":{"rendered":"<div>\n<p>In einer gemeinsamen Erkl\u00e4rung haben die\u00a0<span><a href=\"https:\/\/www.zeit.de\/politik\/ausland\/ukraine-krieg-news-liveblog\" rel=\"nofollow\">Ukraine<\/a><\/span> und<br \/>\nmehrere verb\u00fcndete europ\u00e4ische Staats- und Regierungschefs\u00a0US-Pr\u00e4sident Donald Trumps\u00a0Forderung nach Verhandlungen mit Russland auf Grundlage<br \/>\ndes derzeitigen Frontverlaufs unterst\u00fctzt. &#8222;Wir unterst\u00fctzen nachdr\u00fccklich die Position von Pr\u00e4sident Trump, <a href=\"https:\/\/www.zeit.de\/politik\/ausland\/2025-10\/donald-trump-wolodymyr-selenskyj-treffen-streit-putin\" rel=\"nofollow\">dass die K\u00e4mpfe sofort eingestellt werden sollten und dass die derzeitige Kontaktlinie der Ausgangspunkt f\u00fcr Verhandlungen sein sollte<\/a>&#8222;, schrieben sie. Sie pochten auf einen &#8222;gerechten und dauerhaften Frieden, den das ukrainische Volk verdient&#8220;.\n<\/p>\n<p>Trotz der Verhandlungen \u00fcber ukrainische Gebietsabtretungen mit der aktuellen\u00a0Frontlinie in<br \/>\nder Ukraine als &#8222;Ausgangspunkt&#8220; bekr\u00e4ftigen sie, internationale Grenzen d\u00fcrften nicht<br \/>\n durch Gewalt verschoben werden. <a href=\"https:\/\/www.zeit.de\/politik\/ausland\/2025-10\/verhandlungen-ukraine-krieg-russland-donald-trump\" rel=\"nofollow\">Russland habe Verhandlungen immer wieder verz\u00f6gert, die Ukraine sei die einzige Kriegspartei, die es mit dem Frieden ernst meine<\/a>. Der russische Pr\u00e4sident Wladimir Putin setze dagegen weiter auf &#8222;Gewalt und Zerst\u00f6rung&#8220;.\n<\/p>\n<p>Es ist das erste Mal, dass die europ\u00e4ischen Staats- und Regierungschefs explizit die aktuelle Frontlinie als Ausgangspunkt f\u00fcr Verhandlungen nennen und damit signalisieren, ukrainische Gebietsabtretungen m\u00f6glicherweise zu akzeptieren. Vor dem Gipfel <span><a href=\"https:\/\/www.zeit.de\/thema\/donald-trump\" rel=\"nofollow\">Trumps<\/a><\/span> und Putins in Alaska im August hatten die Staats- und Regierungschefs <a href=\"https:\/\/www.consilium.europa.eu\/en\/press\/press-releases\/2025\/08\/12\/statement-by-european-union-leaders-on-ukraine\/\" rel=\"nofollow\">in einer Erkl\u00e4rung<\/a> bereits Trumps Forderungen nach einem Waffenstillstand bekr\u00e4ftigt, die ukrainische Forderung nach einem R\u00fcckzug der russischen Streitkr\u00e4fte aber nicht.\n<\/p>\n<h2>Weitere Unterst\u00fctzung der Ukraine<\/h2>\n<p>Neben dem ukrainischen Pr\u00e4sidenten Woldoymyr Selenskyj unterzeichneten\u00a0Bundeskanzler Friedrich Merz (CDU), Gro\u00dfbritanniens Premierminister Keir Starmer, Frankreichs Pr\u00e4sident<br \/>\nEmmanuel Macron,\u00a0Italiens\u00a0Regierungschefin Giorgia<br \/>\n Meloni, D\u00e4nemarks\u00a0Regierungschefin Mette Frederiksen, Polens Ministerpr\u00e4sident Donald Tusk und Norwegens Ministerpr\u00e4sident Jonas\u00a0St\u00f8re\u00a0die Erkl\u00e4rung. Auch die EU-Kommissionspr\u00e4sidentin<br \/>\nUrsula von der Leyen und EU-Ratspr\u00e4sident Ant\u00f3nio Costa unterschrieben f\u00fcr die <span><a href=\"https:\/\/www.zeit.de\/thema\/europaeische-union\" rel=\"nofollow\">EU<\/a><\/span>.\n<\/p>\n<p>Die Ukraine m\u00fcsse vor, w\u00e4hrend und nach einem Waffenstillstand\u00a0in der st\u00e4rkstm\u00f6glichen Position sein, hie\u00df es weiter. &#8222;Wir m\u00fcssen den Druck auf die russische Wirtschaft und die russische R\u00fcstungsindustrie erh\u00f6hen, bis Putin bereit ist, Frieden zu schlie\u00dfen&#8220;, k\u00fcndigten die Unterzeichnenden an. &#8222;Wir entwickeln Ma\u00dfnahmen, um den vollen Wert der eingefrorenen russischen Staatsverm\u00f6gen zu nutzen, damit die Ukraine \u00fcber die ben\u00f6tigten Ressourcen verf\u00fcgt.&#8220;\n<\/p>\n<p>Die Staats- und Regierungschefs wollten sich im<br \/>\nLaufe der Woche im Europ\u00e4ischen Rat sowie innerhalb der sogenannten<br \/>\nKoalition der Willigen zur Unterst\u00fctzung der Ukraine<br \/>\n beraten. Am EU-Gipfel am Donnerstag in Br\u00fcssel soll auch Selenskyj teilnehmen und mit \u00fcber die Verwendung der in Europa eingefrorenen russischen<br \/>\nVerm\u00f6genswerte beraten. Die EU-Kommission schl\u00e4gt vor, dass<br \/>\ndie Milliarden der russischen Zentralbank f\u00fcr Reparationsdarlehen f\u00fcr<br \/>\ndie Ukraine genutzt werden.\n<\/p>\n<h2>Vor dem Treffen Trumps mit Putin<\/h2>\n<p>Trump hatte am Sonntag nach einem Telefonat mit Putin und <a href=\"https:\/\/www.zeit.de\/politik\/ausland\/2025-10\/wolodymyr-selenskyj-donald-trump-treffen-usa-ukraine\" rel=\"nofollow\">einem Treffen mit Selenskyj<\/a> gefordert, <a href=\"https:\/\/www.zeit.de\/politik\/ausland\/2025-10\/donald-trump-wolodymyr-selenskyj-treffen-streit-putin\" rel=\"nofollow\">die Ukraine<br \/>\n und Russland sollten die K\u00e4mpfe entlang der derzeitigen Frontlinie<br \/>\nbeenden. &#8222;Alles andere w\u00e4re sehr schwierig auszuhandeln&#8220;, sagte er<\/a>. Zum teilweise von <span><a href=\"https:\/\/www.zeit.de\/thema\/russland\" rel=\"nofollow\">Russland<\/a><\/span> besetzten Donbass sagte er:<br \/>\n&#8222;Lasst ihn so zerteilt, wie er jetzt ist.&#8220; Damit setzte der US-Pr\u00e4sident<br \/>\n die Ukraine erneut unter Druck, Gebietsabtretungen an Russland zuzustimmen.\n<\/p>\n<p>Bereits vor einem Treffen mit<br \/>\nPutin in Alaska Mitte August hatte Trump einen<br \/>\n&#8222;Gebietstausch&#8220; zwischen der Ukraine und<br \/>\nRussland gefordert. Sp\u00e4ter zeigte sich der US-Pr\u00e4sident dann aber<br \/>\nzunehmend entt\u00e4uscht \u00fcber die anhaltenden russischen Angriffe auf die Ukraine. Ende September sagte Trump dann, die Ukraine k\u00f6nne mithilfe der EU ihr gesamtes Staatsgebiet &#8222;in seiner urspr\u00fcnglichen Form zur\u00fcckgewinnen&#8220;. <a href=\"https:\/\/www.zeit.de\/politik\/ausland\/2025-10\/viktor-orban-gipfeltreffen-donald-trump-wladimir-putin-budapest\" rel=\"nofollow\">Trump hatte zuletzt angek\u00fcndigt, Putin erneut treffen zu wollen, dieses Mal in Budapest. Russland sagte aber noch keinem baldigen Treffen zu<\/a>.\n<\/p>\n<\/div>\n","protected":false},"excerpt":{"rendered":"<p>In einer gemeinsamen Erkl\u00e4rung haben die\u00a0Ukraine und mehrere verb\u00fcndete europ\u00e4ische Staats- und Regierungschefs\u00a0US-Pr\u00e4sident Donald Trumps\u00a0Forderung nach Verhandlungen mit Russland auf Grundlage des derzeitigen Frontverlaufs unterst\u00fctzt. &#8222;Wir unterst\u00fctzen nachdr\u00fccklich die Position von Pr\u00e4sident Trump, dass die K\u00e4mpfe sofort eingestellt werden sollten und dass die derzeitige Kontaktlinie der Ausgangspunkt f\u00fcr Verhandlungen sein sollte&#8222;, schrieben sie. Sie pochten<\/p>\n","protected":false},"author":1,"featured_media":288795,"comment_status":"open","ping_status":"open","sticky":false,"template":"","format":"standard","meta":{"footnotes":""},"categories":[116],"tags":[],"class_list":["post-288794","post","type-post","status-publish","format-standard","has-post-thumbnail","hentry","category-war-chronicles-de"],"acf":[],"yoast_head":"<!-- This site is optimized with the Yoast SEO plugin v22.9 - https:\/\/yoast.com\/wordpress\/plugins\/seo\/ -->\n<title>Ukraine und Europ\u00e4er wollen auf Basis aktueller Frontlinie verhandeln - vof-news.eu<\/title>\n<meta name=\"description\" content=\"In einer gemeinsamen Erkl\u00e4rung haben die\u00a0Ukraine und\" \/>\n<meta name=\"robots\" content=\"noindex, follow, max-snippet:-1, max-image-preview:large, max-video-preview:-1\" \/>\n<meta property=\"og:locale\" content=\"de_DE\" \/>\n<meta property=\"og:type\" content=\"article\" \/>\n<meta property=\"og:title\" content=\"Ukraine und Europ\u00e4er wollen auf Basis aktueller Frontlinie verhandeln - vof-news.eu\" \/>\n<meta property=\"og:description\" content=\"In einer gemeinsamen Erkl\u00e4rung haben die\u00a0Ukraine und\" \/>\n<meta property=\"og:url\" content=\"https:\/\/vof-news.eu\/de\/ukraine-und-europaer-wollen-auf-basis-aktueller-frontlinie-verhandeln\/\" \/>\n<meta property=\"og:site_name\" content=\"vof-news.eu\" \/>\n<meta property=\"article:published_time\" content=\"2025-10-21T12:29:45+00:00\" \/>\n<meta property=\"article:modified_time\" content=\"2025-10-21T12:30:50+00:00\" \/>\n<meta property=\"og:image\" content=\"https:\/\/vof-news.eu\/wp-content\/uploads\/2025\/10\/wide__1000x562-73.jpg\" \/>\n\t<meta property=\"og:image:width\" content=\"1000\" \/>\n\t<meta property=\"og:image:height\" content=\"562\" \/>\n\t<meta property=\"og:image:type\" content=\"image\/jpeg\" \/>\n<meta name=\"author\" content=\"Author\" \/>\n<meta name=\"twitter:card\" content=\"summary_large_image\" \/>\n<meta name=\"twitter:label1\" content=\"Verfasst von\" \/>\n\t<meta name=\"twitter:data1\" content=\"Author\" \/>\n\t<meta name=\"twitter:label2\" content=\"Gesch\u00e4tzte Lesezeit\" \/>\n\t<meta name=\"twitter:data2\" content=\"3\u00a0Minuten\" \/>\n<script type=\"application\/ld+json\" class=\"yoast-schema-graph\">{\"@context\":\"https:\/\/schema.org\",\"@graph\":[{\"@type\":\"WebPage\",\"@id\":\"https:\/\/vof-news.eu\/de\/ukraine-und-europaer-wollen-auf-basis-aktueller-frontlinie-verhandeln\/\",\"url\":\"https:\/\/vof-news.eu\/de\/ukraine-und-europaer-wollen-auf-basis-aktueller-frontlinie-verhandeln\/\",\"name\":\"Ukraine und Europ\u00e4er wollen auf Basis aktueller Frontlinie verhandeln - vof-news.eu\",\"isPartOf\":{\"@id\":\"https:\/\/vof-news.eu\/de\/#website\"},\"primaryImageOfPage\":{\"@id\":\"https:\/\/vof-news.eu\/de\/ukraine-und-europaer-wollen-auf-basis-aktueller-frontlinie-verhandeln\/#primaryimage\"},\"image\":{\"@id\":\"https:\/\/vof-news.eu\/de\/ukraine-und-europaer-wollen-auf-basis-aktueller-frontlinie-verhandeln\/#primaryimage\"},\"thumbnailUrl\":\"https:\/\/vof-news.eu\/wp-content\/uploads\/2025\/10\/wide__1000x562-73.jpg\",\"datePublished\":\"2025-10-21T12:29:45+00:00\",\"dateModified\":\"2025-10-21T12:30:50+00:00\",\"author\":{\"@id\":\"https:\/\/vof-news.eu\/de\/#\/schema\/person\/f6a2a4309f0561835797fd8c19b333ed\"},\"description\":\"In einer gemeinsamen Erkl\u00e4rung haben die\u00a0Ukraine und\",\"breadcrumb\":{\"@id\":\"https:\/\/vof-news.eu\/de\/ukraine-und-europaer-wollen-auf-basis-aktueller-frontlinie-verhandeln\/#breadcrumb\"},\"inLanguage\":\"de\",\"potentialAction\":[{\"@type\":\"ReadAction\",\"target\":[\"https:\/\/vof-news.eu\/de\/ukraine-und-europaer-wollen-auf-basis-aktueller-frontlinie-verhandeln\/\"]}]},{\"@type\":\"ImageObject\",\"inLanguage\":\"de\",\"@id\":\"https:\/\/vof-news.eu\/de\/ukraine-und-europaer-wollen-auf-basis-aktueller-frontlinie-verhandeln\/#primaryimage\",\"url\":\"https:\/\/vof-news.eu\/wp-content\/uploads\/2025\/10\/wide__1000x562-73.jpg\",\"contentUrl\":\"https:\/\/vof-news.eu\/wp-content\/uploads\/2025\/10\/wide__1000x562-73.jpg\",\"width\":1000,\"height\":562},{\"@type\":\"BreadcrumbList\",\"@id\":\"https:\/\/vof-news.eu\/de\/ukraine-und-europaer-wollen-auf-basis-aktueller-frontlinie-verhandeln\/#breadcrumb\",\"itemListElement\":[{\"@type\":\"ListItem\",\"position\":1,\"name\":\"Home\",\"item\":\"https:\/\/vof-news.eu\/de\/\"},{\"@type\":\"ListItem\",\"position\":2,\"name\":\"Ukraine und Europ\u00e4er wollen auf Basis aktueller Frontlinie verhandeln\"}]},{\"@type\":\"WebSite\",\"@id\":\"https:\/\/vof-news.eu\/de\/#website\",\"url\":\"https:\/\/vof-news.eu\/de\/\",\"name\":\"vof-news.eu\",\"description\":\"\",\"potentialAction\":[{\"@type\":\"SearchAction\",\"target\":{\"@type\":\"EntryPoint\",\"urlTemplate\":\"https:\/\/vof-news.eu\/de\/?s={search_term_string}\"},\"query-input\":\"required name=search_term_string\"}],\"inLanguage\":\"de\"},{\"@type\":\"Person\",\"@id\":\"https:\/\/vof-news.eu\/de\/#\/schema\/person\/f6a2a4309f0561835797fd8c19b333ed\",\"name\":\"Author\",\"image\":{\"@type\":\"ImageObject\",\"inLanguage\":\"de\",\"@id\":\"https:\/\/vof-news.eu\/de\/#\/schema\/person\/image\/\",\"url\":\"https:\/\/secure.gravatar.com\/avatar\/b67e614b1b25b3e9c0c239efdd2fde5ab015b5affd6f1c3c85911ca4b384e790?s=96&d=mm&r=g\",\"contentUrl\":\"https:\/\/secure.gravatar.com\/avatar\/b67e614b1b25b3e9c0c239efdd2fde5ab015b5affd6f1c3c85911ca4b384e790?s=96&d=mm&r=g\",\"caption\":\"Author\"},\"sameAs\":[\"http:\/\/vof-news.eu\"],\"url\":\"https:\/\/vof-news.eu\/de\/author\/zwt6qxnjulxbnyg\/\"}]}<\/script>\n<!-- \/ Yoast SEO plugin. -->","yoast_head_json":{"title":"Ukraine und Europ\u00e4er wollen auf Basis aktueller Frontlinie verhandeln - vof-news.eu","description":"In einer gemeinsamen Erkl\u00e4rung haben die\u00a0Ukraine und","robots":{"index":"noindex","follow":"follow","max-snippet":"max-snippet:-1","max-image-preview":"max-image-preview:large","max-video-preview":"max-video-preview:-1"},"og_locale":"de_DE","og_type":"article","og_title":"Ukraine und Europ\u00e4er wollen auf Basis aktueller Frontlinie verhandeln - vof-news.eu","og_description":"In einer gemeinsamen Erkl\u00e4rung haben die\u00a0Ukraine und","og_url":"https:\/\/vof-news.eu\/de\/ukraine-und-europaer-wollen-auf-basis-aktueller-frontlinie-verhandeln\/","og_site_name":"vof-news.eu","article_published_time":"2025-10-21T12:29:45+00:00","article_modified_time":"2025-10-21T12:30:50+00:00","og_image":[{"width":1000,"height":562,"url":"https:\/\/vof-news.eu\/wp-content\/uploads\/2025\/10\/wide__1000x562-73.jpg","type":"image\/jpeg"}],"author":"Author","twitter_card":"summary_large_image","twitter_misc":{"Verfasst von":"Author","Gesch\u00e4tzte Lesezeit":"3\u00a0Minuten"},"schema":{"@context":"https:\/\/schema.org","@graph":[{"@type":"WebPage","@id":"https:\/\/vof-news.eu\/de\/ukraine-und-europaer-wollen-auf-basis-aktueller-frontlinie-verhandeln\/","url":"https:\/\/vof-news.eu\/de\/ukraine-und-europaer-wollen-auf-basis-aktueller-frontlinie-verhandeln\/","name":"Ukraine und Europ\u00e4er wollen auf Basis aktueller Frontlinie verhandeln - vof-news.eu","isPartOf":{"@id":"https:\/\/vof-news.eu\/de\/#website"},"primaryImageOfPage":{"@id":"https:\/\/vof-news.eu\/de\/ukraine-und-europaer-wollen-auf-basis-aktueller-frontlinie-verhandeln\/#primaryimage"},"image":{"@id":"https:\/\/vof-news.eu\/de\/ukraine-und-europaer-wollen-auf-basis-aktueller-frontlinie-verhandeln\/#primaryimage"},"thumbnailUrl":"https:\/\/vof-news.eu\/wp-content\/uploads\/2025\/10\/wide__1000x562-73.jpg","datePublished":"2025-10-21T12:29:45+00:00","dateModified":"2025-10-21T12:30:50+00:00","author":{"@id":"https:\/\/vof-news.eu\/de\/#\/schema\/person\/f6a2a4309f0561835797fd8c19b333ed"},"description":"In einer gemeinsamen Erkl\u00e4rung haben die\u00a0Ukraine und","breadcrumb":{"@id":"https:\/\/vof-news.eu\/de\/ukraine-und-europaer-wollen-auf-basis-aktueller-frontlinie-verhandeln\/#breadcrumb"},"inLanguage":"de","potentialAction":[{"@type":"ReadAction","target":["https:\/\/vof-news.eu\/de\/ukraine-und-europaer-wollen-auf-basis-aktueller-frontlinie-verhandeln\/"]}]},{"@type":"ImageObject","inLanguage":"de","@id":"https:\/\/vof-news.eu\/de\/ukraine-und-europaer-wollen-auf-basis-aktueller-frontlinie-verhandeln\/#primaryimage","url":"https:\/\/vof-news.eu\/wp-content\/uploads\/2025\/10\/wide__1000x562-73.jpg","contentUrl":"https:\/\/vof-news.eu\/wp-content\/uploads\/2025\/10\/wide__1000x562-73.jpg","width":1000,"height":562},{"@type":"BreadcrumbList","@id":"https:\/\/vof-news.eu\/de\/ukraine-und-europaer-wollen-auf-basis-aktueller-frontlinie-verhandeln\/#breadcrumb","itemListElement":[{"@type":"ListItem","position":1,"name":"Home","item":"https:\/\/vof-news.eu\/de\/"},{"@type":"ListItem","position":2,"name":"Ukraine und Europ\u00e4er wollen auf Basis aktueller Frontlinie verhandeln"}]},{"@type":"WebSite","@id":"https:\/\/vof-news.eu\/de\/#website","url":"https:\/\/vof-news.eu\/de\/","name":"vof-news.eu","description":"","potentialAction":[{"@type":"SearchAction","target":{"@type":"EntryPoint","urlTemplate":"https:\/\/vof-news.eu\/de\/?s={search_term_string}"},"query-input":"required name=search_term_string"}],"inLanguage":"de"},{"@type":"Person","@id":"https:\/\/vof-news.eu\/de\/#\/schema\/person\/f6a2a4309f0561835797fd8c19b333ed","name":"Author","image":{"@type":"ImageObject","inLanguage":"de","@id":"https:\/\/vof-news.eu\/de\/#\/schema\/person\/image\/","url":"https:\/\/secure.gravatar.com\/avatar\/b67e614b1b25b3e9c0c239efdd2fde5ab015b5affd6f1c3c85911ca4b384e790?s=96&d=mm&r=g","contentUrl":"https:\/\/secure.gravatar.com\/avatar\/b67e614b1b25b3e9c0c239efdd2fde5ab015b5affd6f1c3c85911ca4b384e790?s=96&d=mm&r=g","caption":"Author"},"sameAs":["http:\/\/vof-news.eu"],"url":"https:\/\/vof-news.eu\/de\/author\/zwt6qxnjulxbnyg\/"}]}},"yoast_meta":{"yoast_wpseo_title":"","yoast_wpseo_metadesc":"","yoast_wpseo_canonical":""},"_links":{"self":[{"href":"https:\/\/vof-news.eu\/de\/wp-json\/wp\/v2\/posts\/288794","targetHints":{"allow":["GET"]}}],"collection":[{"href":"https:\/\/vof-news.eu\/de\/wp-json\/wp\/v2\/posts"}],"about":[{"href":"https:\/\/vof-news.eu\/de\/wp-json\/wp\/v2\/types\/post"}],"author":[{"embeddable":true,"href":"https:\/\/vof-news.eu\/de\/wp-json\/wp\/v2\/users\/1"}],"replies":[{"embeddable":true,"href":"https:\/\/vof-news.eu\/de\/wp-json\/wp\/v2\/comments?post=288794"}],"version-history":[{"count":1,"href":"https:\/\/vof-news.eu\/de\/wp-json\/wp\/v2\/posts\/288794\/revisions"}],"predecessor-version":[{"id":288808,"href":"https:\/\/vof-news.eu\/de\/wp-json\/wp\/v2\/posts\/288794\/revisions\/288808"}],"wp:featuredmedia":[{"embeddable":true,"href":"https:\/\/vof-news.eu\/de\/wp-json\/wp\/v2\/media\/288795"}],"wp:attachment":[{"href":"https:\/\/vof-news.eu\/de\/wp-json\/wp\/v2\/media?parent=288794"}],"wp:term":[{"taxonomy":"category","embeddable":true,"href":"https:\/\/vof-news.eu\/de\/wp-json\/wp\/v2\/categories?post=288794"},{"taxonomy":"post_tag","embeddable":true,"href":"https:\/\/vof-news.eu\/de\/wp-json\/wp\/v2\/tags?post=288794"}],"curies":[{"name":"wp","href":"https:\/\/api.w.org\/{rel}","templated":true}]}}