{"id":288786,"date":"2025-10-21T15:28:11","date_gmt":"2025-10-21T12:28:11","guid":{"rendered":"https:\/\/vof-news.eu\/donald-trumps-sprecherin-karoline-leavitt-beleidigt-journalisten\/"},"modified":"2025-10-21T15:29:07","modified_gmt":"2025-10-21T12:29:07","slug":"donald-trumps-sprecherin-karoline-leavitt-beleidigt-journalisten","status":"publish","type":"post","link":"https:\/\/vof-news.eu\/de\/donald-trumps-sprecherin-karoline-leavitt-beleidigt-journalisten\/","title":{"rendered":"Donald Trumps Sprecherin Karoline Leavitt beleidigt Journalisten"},"content":{"rendered":"<div>\n<p>Die Sprecherin des Wei\u00dfen Hauses, Karoline Leavitt, hat einen<br \/>\nJournalisten beleidigt. Die US-amerikanische Politikerin beantwortete die ernst<br \/>\ngemeinte Frage des Journalisten Shirish V. D\u00e1te \u2013 wer entschieden habe, dass sich<br \/>\nUS-Pr\u00e4sident <span><a href=\"https:\/\/www.zeit.de\/thema\/donald-trump\" rel=\"nofollow\">Donald Trump<\/a><\/span> und der russische Pr\u00e4sident Wladimir Putin<br \/>\nausgerechnet in der <a href=\"https:\/\/www.zeit.de\/politik\/ausland\/2025-10\/donald-trump-wladimir-putin-john-bolton-us-ueberblick\" rel=\"nofollow\">ungarischen Hauptstadt Budapest treffen<\/a> sollen \u2013 in einer<br \/>\nTextnachricht mit dem Satz: &#8222;Deine Mutter war&#8217;s.&#8220; Diese Formulierung wird in<br \/>\nvielen Kulturkreisen als Beleidigung aufgefasst.\n<\/p>\n<p>Leavitt selbst postete am Montag einen Screenshot der<br \/>\nTextnachricht auf X. Zuvor hatte die , f\u00fcr die der betroffene Journalist arbeitet, dar\u00fcber berichtet. In Leavitts Post ist zu lesen, dass\u00a0D\u00e1te nach der<br \/>\nAntwort fragte, ob Leavitt ihre Aussage lustig finde. Daraufhin unterstellte die<br \/>\n28-J\u00e4hrige dem Journalisten, er sei ein voreingenommener &#8222;linker Schreiberling&#8220;.\u00a0D\u00e1te reagierte auf Leavitts X-Post wiederum mit den Worten: &#8222;F\u00fchlen Sie<br \/>\nsich jetzt besser? K\u00f6nnten Sie dann jetzt die Frage beantworten? Bitte und<br \/>\ndanke sch\u00f6n.&#8220;\n<\/p>\n<h2>Trump-Regierung beleidigt immer wieder Journalisten<\/h2>\n<p>Leavitts Antwort ist nicht der erste Beweis daf\u00fcr, dass die<br \/>\nTrump-Regierung die freie Presse verachtet und angreift. Unter anderem droht Trump mehreren <a href=\"https:\/\/www.zeit.de\/politik\/ausland\/2025-09\/usa-donald-trump-jimmy-kimmel-tv-sender-lizenzen\" rel=\"nofollow\">US-Sendern immer wieder mit dem Lizenzentzug<\/a>. Der fr\u00fchere US-Pr\u00e4sident Barack Obama wirft der amtierenden Regierung die <a href=\"https:\/\/www.zeit.de\/politik\/ausland\/2025-09\/barack-obama-donald-trump-medien-meinungsfreiheit\" rel=\"nofollow\">Einschr\u00e4nkung der Meinungsfreiheit<\/a> vor. Auch Leavitt hatte<br \/>\nbereits mehrfach Reporter beleidigt und deren Qualifikation offen infrage<br \/>\ngestellt, wenn ihr Fragen der Betroffenen nicht gefielen.\n<\/p>\n<p>In der vergangenen Woche hatten sich Trump und <span><a href=\"https:\/\/www.zeit.de\/thema\/wladimir-putin\" rel=\"nofollow\">Putin<\/a><\/span><br \/>\ntelefonisch auf ein Treffen in Budapest verst\u00e4ndigt, um \u00fcber m\u00f6gliche Verhandlungen<br \/>\n\u00fcber eine Waffenruhe im Krieg gegen die Ukraine zu sprechen. Der ukrainische<br \/>\nPr\u00e4sident Wolodymyr Selenskyj soll nicht an den Gespr\u00e4chen teilnehmen. Ungarns<br \/>\nrechtspopulistischer Regierungschef Viktor Orb\u00e1n pflegt gute Beziehungen zu<br \/>\nTrump und Putin. Ein Termin f\u00fcr das Treffen ist bisher nicht bekannt.\n<\/p>\n<p>D\u00e1tes urspr\u00fcngliche Frage zielte auf die historische<br \/>\nBedeutung Budapests im Konflikt zwischen Russland und der Ukraine: Mit einem<br \/>\n1994 in Budapest unterzeichneten Memorandum verpflichtete sich die Ukraine<br \/>\ngemeinsam mit Kasachstan und Belarus dazu, ihre Kernwaffen\u00a0an\u00a0Russland abzugeben. Im Gegenzug erhielt<br \/>\ndas Land Sicherheitsgarantien \u2013 auch von Russland.\n<\/p>\n<\/div>\n","protected":false},"excerpt":{"rendered":"<p>Die Sprecherin des Wei\u00dfen Hauses, Karoline Leavitt, hat einen Journalisten beleidigt. Die US-amerikanische Politikerin beantwortete die ernst gemeinte Frage des Journalisten Shirish V. D\u00e1te \u2013 wer entschieden habe, dass sich US-Pr\u00e4sident Donald Trump und der russische Pr\u00e4sident Wladimir Putin ausgerechnet in der ungarischen Hauptstadt Budapest treffen sollen \u2013 in einer Textnachricht mit dem Satz: &#8222;Deine<\/p>\n","protected":false},"author":1,"featured_media":288787,"comment_status":"open","ping_status":"open","sticky":false,"template":"","format":"standard","meta":{"footnotes":""},"categories":[116],"tags":[],"class_list":["post-288786","post","type-post","status-publish","format-standard","has-post-thumbnail","hentry","category-war-chronicles-de"],"acf":[],"yoast_head":"<!-- This site is optimized with the Yoast SEO plugin v22.9 - https:\/\/yoast.com\/wordpress\/plugins\/seo\/ -->\n<title>Donald Trumps Sprecherin Karoline Leavitt beleidigt Journalisten - vof-news.eu<\/title>\n<meta name=\"description\" content=\"Die Sprecherin des Wei\u00dfen Hauses, Karoline Leavitt, hat einen\" \/>\n<meta name=\"robots\" content=\"noindex, follow, max-snippet:-1, max-image-preview:large, max-video-preview:-1\" \/>\n<meta property=\"og:locale\" content=\"de_DE\" \/>\n<meta property=\"og:type\" content=\"article\" \/>\n<meta property=\"og:title\" content=\"Donald Trumps Sprecherin Karoline Leavitt beleidigt Journalisten - vof-news.eu\" \/>\n<meta property=\"og:description\" content=\"Die Sprecherin des Wei\u00dfen Hauses, Karoline Leavitt, hat einen\" \/>\n<meta property=\"og:url\" content=\"https:\/\/vof-news.eu\/de\/donald-trumps-sprecherin-karoline-leavitt-beleidigt-journalisten\/\" \/>\n<meta property=\"og:site_name\" content=\"vof-news.eu\" \/>\n<meta property=\"article:published_time\" content=\"2025-10-21T12:28:11+00:00\" \/>\n<meta property=\"article:modified_time\" content=\"2025-10-21T12:29:07+00:00\" \/>\n<meta property=\"og:image\" content=\"https:\/\/vof-news.eu\/wp-content\/uploads\/2025\/10\/wide__1000x562-72.jpg\" \/>\n\t<meta property=\"og:image:width\" content=\"1000\" \/>\n\t<meta property=\"og:image:height\" content=\"562\" \/>\n\t<meta property=\"og:image:type\" content=\"image\/jpeg\" \/>\n<meta name=\"author\" content=\"Author\" \/>\n<meta name=\"twitter:card\" content=\"summary_large_image\" \/>\n<meta name=\"twitter:label1\" content=\"Verfasst von\" \/>\n\t<meta name=\"twitter:data1\" content=\"Author\" \/>\n\t<meta name=\"twitter:label2\" content=\"Gesch\u00e4tzte Lesezeit\" \/>\n\t<meta name=\"twitter:data2\" content=\"2\u00a0Minuten\" \/>\n<script type=\"application\/ld+json\" class=\"yoast-schema-graph\">{\"@context\":\"https:\/\/schema.org\",\"@graph\":[{\"@type\":\"WebPage\",\"@id\":\"https:\/\/vof-news.eu\/de\/donald-trumps-sprecherin-karoline-leavitt-beleidigt-journalisten\/\",\"url\":\"https:\/\/vof-news.eu\/de\/donald-trumps-sprecherin-karoline-leavitt-beleidigt-journalisten\/\",\"name\":\"Donald Trumps Sprecherin Karoline Leavitt beleidigt Journalisten - vof-news.eu\",\"isPartOf\":{\"@id\":\"https:\/\/vof-news.eu\/de\/#website\"},\"primaryImageOfPage\":{\"@id\":\"https:\/\/vof-news.eu\/de\/donald-trumps-sprecherin-karoline-leavitt-beleidigt-journalisten\/#primaryimage\"},\"image\":{\"@id\":\"https:\/\/vof-news.eu\/de\/donald-trumps-sprecherin-karoline-leavitt-beleidigt-journalisten\/#primaryimage\"},\"thumbnailUrl\":\"https:\/\/vof-news.eu\/wp-content\/uploads\/2025\/10\/wide__1000x562-72.jpg\",\"datePublished\":\"2025-10-21T12:28:11+00:00\",\"dateModified\":\"2025-10-21T12:29:07+00:00\",\"author\":{\"@id\":\"https:\/\/vof-news.eu\/de\/#\/schema\/person\/f6a2a4309f0561835797fd8c19b333ed\"},\"description\":\"Die Sprecherin des Wei\u00dfen Hauses, Karoline Leavitt, hat einen\",\"breadcrumb\":{\"@id\":\"https:\/\/vof-news.eu\/de\/donald-trumps-sprecherin-karoline-leavitt-beleidigt-journalisten\/#breadcrumb\"},\"inLanguage\":\"de\",\"potentialAction\":[{\"@type\":\"ReadAction\",\"target\":[\"https:\/\/vof-news.eu\/de\/donald-trumps-sprecherin-karoline-leavitt-beleidigt-journalisten\/\"]}]},{\"@type\":\"ImageObject\",\"inLanguage\":\"de\",\"@id\":\"https:\/\/vof-news.eu\/de\/donald-trumps-sprecherin-karoline-leavitt-beleidigt-journalisten\/#primaryimage\",\"url\":\"https:\/\/vof-news.eu\/wp-content\/uploads\/2025\/10\/wide__1000x562-72.jpg\",\"contentUrl\":\"https:\/\/vof-news.eu\/wp-content\/uploads\/2025\/10\/wide__1000x562-72.jpg\",\"width\":1000,\"height\":562},{\"@type\":\"BreadcrumbList\",\"@id\":\"https:\/\/vof-news.eu\/de\/donald-trumps-sprecherin-karoline-leavitt-beleidigt-journalisten\/#breadcrumb\",\"itemListElement\":[{\"@type\":\"ListItem\",\"position\":1,\"name\":\"Home\",\"item\":\"https:\/\/vof-news.eu\/de\/\"},{\"@type\":\"ListItem\",\"position\":2,\"name\":\"Donald Trumps Sprecherin Karoline Leavitt beleidigt Journalisten\"}]},{\"@type\":\"WebSite\",\"@id\":\"https:\/\/vof-news.eu\/de\/#website\",\"url\":\"https:\/\/vof-news.eu\/de\/\",\"name\":\"vof-news.eu\",\"description\":\"\",\"potentialAction\":[{\"@type\":\"SearchAction\",\"target\":{\"@type\":\"EntryPoint\",\"urlTemplate\":\"https:\/\/vof-news.eu\/de\/?s={search_term_string}\"},\"query-input\":\"required name=search_term_string\"}],\"inLanguage\":\"de\"},{\"@type\":\"Person\",\"@id\":\"https:\/\/vof-news.eu\/de\/#\/schema\/person\/f6a2a4309f0561835797fd8c19b333ed\",\"name\":\"Author\",\"image\":{\"@type\":\"ImageObject\",\"inLanguage\":\"de\",\"@id\":\"https:\/\/vof-news.eu\/de\/#\/schema\/person\/image\/\",\"url\":\"https:\/\/secure.gravatar.com\/avatar\/b67e614b1b25b3e9c0c239efdd2fde5ab015b5affd6f1c3c85911ca4b384e790?s=96&d=mm&r=g\",\"contentUrl\":\"https:\/\/secure.gravatar.com\/avatar\/b67e614b1b25b3e9c0c239efdd2fde5ab015b5affd6f1c3c85911ca4b384e790?s=96&d=mm&r=g\",\"caption\":\"Author\"},\"sameAs\":[\"http:\/\/vof-news.eu\"],\"url\":\"https:\/\/vof-news.eu\/de\/author\/zwt6qxnjulxbnyg\/\"}]}<\/script>\n<!-- \/ Yoast SEO plugin. -->","yoast_head_json":{"title":"Donald Trumps Sprecherin Karoline Leavitt beleidigt Journalisten - vof-news.eu","description":"Die Sprecherin des Wei\u00dfen Hauses, Karoline Leavitt, hat einen","robots":{"index":"noindex","follow":"follow","max-snippet":"max-snippet:-1","max-image-preview":"max-image-preview:large","max-video-preview":"max-video-preview:-1"},"og_locale":"de_DE","og_type":"article","og_title":"Donald Trumps Sprecherin Karoline Leavitt beleidigt Journalisten - vof-news.eu","og_description":"Die Sprecherin des Wei\u00dfen Hauses, Karoline Leavitt, hat einen","og_url":"https:\/\/vof-news.eu\/de\/donald-trumps-sprecherin-karoline-leavitt-beleidigt-journalisten\/","og_site_name":"vof-news.eu","article_published_time":"2025-10-21T12:28:11+00:00","article_modified_time":"2025-10-21T12:29:07+00:00","og_image":[{"width":1000,"height":562,"url":"https:\/\/vof-news.eu\/wp-content\/uploads\/2025\/10\/wide__1000x562-72.jpg","type":"image\/jpeg"}],"author":"Author","twitter_card":"summary_large_image","twitter_misc":{"Verfasst von":"Author","Gesch\u00e4tzte Lesezeit":"2\u00a0Minuten"},"schema":{"@context":"https:\/\/schema.org","@graph":[{"@type":"WebPage","@id":"https:\/\/vof-news.eu\/de\/donald-trumps-sprecherin-karoline-leavitt-beleidigt-journalisten\/","url":"https:\/\/vof-news.eu\/de\/donald-trumps-sprecherin-karoline-leavitt-beleidigt-journalisten\/","name":"Donald Trumps Sprecherin Karoline Leavitt beleidigt Journalisten - vof-news.eu","isPartOf":{"@id":"https:\/\/vof-news.eu\/de\/#website"},"primaryImageOfPage":{"@id":"https:\/\/vof-news.eu\/de\/donald-trumps-sprecherin-karoline-leavitt-beleidigt-journalisten\/#primaryimage"},"image":{"@id":"https:\/\/vof-news.eu\/de\/donald-trumps-sprecherin-karoline-leavitt-beleidigt-journalisten\/#primaryimage"},"thumbnailUrl":"https:\/\/vof-news.eu\/wp-content\/uploads\/2025\/10\/wide__1000x562-72.jpg","datePublished":"2025-10-21T12:28:11+00:00","dateModified":"2025-10-21T12:29:07+00:00","author":{"@id":"https:\/\/vof-news.eu\/de\/#\/schema\/person\/f6a2a4309f0561835797fd8c19b333ed"},"description":"Die Sprecherin des Wei\u00dfen Hauses, Karoline Leavitt, hat einen","breadcrumb":{"@id":"https:\/\/vof-news.eu\/de\/donald-trumps-sprecherin-karoline-leavitt-beleidigt-journalisten\/#breadcrumb"},"inLanguage":"de","potentialAction":[{"@type":"ReadAction","target":["https:\/\/vof-news.eu\/de\/donald-trumps-sprecherin-karoline-leavitt-beleidigt-journalisten\/"]}]},{"@type":"ImageObject","inLanguage":"de","@id":"https:\/\/vof-news.eu\/de\/donald-trumps-sprecherin-karoline-leavitt-beleidigt-journalisten\/#primaryimage","url":"https:\/\/vof-news.eu\/wp-content\/uploads\/2025\/10\/wide__1000x562-72.jpg","contentUrl":"https:\/\/vof-news.eu\/wp-content\/uploads\/2025\/10\/wide__1000x562-72.jpg","width":1000,"height":562},{"@type":"BreadcrumbList","@id":"https:\/\/vof-news.eu\/de\/donald-trumps-sprecherin-karoline-leavitt-beleidigt-journalisten\/#breadcrumb","itemListElement":[{"@type":"ListItem","position":1,"name":"Home","item":"https:\/\/vof-news.eu\/de\/"},{"@type":"ListItem","position":2,"name":"Donald Trumps Sprecherin Karoline Leavitt beleidigt Journalisten"}]},{"@type":"WebSite","@id":"https:\/\/vof-news.eu\/de\/#website","url":"https:\/\/vof-news.eu\/de\/","name":"vof-news.eu","description":"","potentialAction":[{"@type":"SearchAction","target":{"@type":"EntryPoint","urlTemplate":"https:\/\/vof-news.eu\/de\/?s={search_term_string}"},"query-input":"required name=search_term_string"}],"inLanguage":"de"},{"@type":"Person","@id":"https:\/\/vof-news.eu\/de\/#\/schema\/person\/f6a2a4309f0561835797fd8c19b333ed","name":"Author","image":{"@type":"ImageObject","inLanguage":"de","@id":"https:\/\/vof-news.eu\/de\/#\/schema\/person\/image\/","url":"https:\/\/secure.gravatar.com\/avatar\/b67e614b1b25b3e9c0c239efdd2fde5ab015b5affd6f1c3c85911ca4b384e790?s=96&d=mm&r=g","contentUrl":"https:\/\/secure.gravatar.com\/avatar\/b67e614b1b25b3e9c0c239efdd2fde5ab015b5affd6f1c3c85911ca4b384e790?s=96&d=mm&r=g","caption":"Author"},"sameAs":["http:\/\/vof-news.eu"],"url":"https:\/\/vof-news.eu\/de\/author\/zwt6qxnjulxbnyg\/"}]}},"yoast_meta":{"yoast_wpseo_title":"","yoast_wpseo_metadesc":"","yoast_wpseo_canonical":""},"_links":{"self":[{"href":"https:\/\/vof-news.eu\/de\/wp-json\/wp\/v2\/posts\/288786","targetHints":{"allow":["GET"]}}],"collection":[{"href":"https:\/\/vof-news.eu\/de\/wp-json\/wp\/v2\/posts"}],"about":[{"href":"https:\/\/vof-news.eu\/de\/wp-json\/wp\/v2\/types\/post"}],"author":[{"embeddable":true,"href":"https:\/\/vof-news.eu\/de\/wp-json\/wp\/v2\/users\/1"}],"replies":[{"embeddable":true,"href":"https:\/\/vof-news.eu\/de\/wp-json\/wp\/v2\/comments?post=288786"}],"version-history":[{"count":1,"href":"https:\/\/vof-news.eu\/de\/wp-json\/wp\/v2\/posts\/288786\/revisions"}],"predecessor-version":[{"id":288793,"href":"https:\/\/vof-news.eu\/de\/wp-json\/wp\/v2\/posts\/288786\/revisions\/288793"}],"wp:featuredmedia":[{"embeddable":true,"href":"https:\/\/vof-news.eu\/de\/wp-json\/wp\/v2\/media\/288787"}],"wp:attachment":[{"href":"https:\/\/vof-news.eu\/de\/wp-json\/wp\/v2\/media?parent=288786"}],"wp:term":[{"taxonomy":"category","embeddable":true,"href":"https:\/\/vof-news.eu\/de\/wp-json\/wp\/v2\/categories?post=288786"},{"taxonomy":"post_tag","embeddable":true,"href":"https:\/\/vof-news.eu\/de\/wp-json\/wp\/v2\/tags?post=288786"}],"curies":[{"name":"wp","href":"https:\/\/api.w.org\/{rel}","templated":true}]}}