{"id":287727,"date":"2025-10-18T15:28:13","date_gmt":"2025-10-18T12:28:13","guid":{"rendered":"https:\/\/vof-news.eu\/wenn-zwei-verhandeln-freut-sich-der-dritte\/"},"modified":"2025-10-18T15:29:28","modified_gmt":"2025-10-18T12:29:28","slug":"wenn-zwei-verhandeln-freut-sich-der-dritte","status":"publish","type":"post","link":"https:\/\/vof-news.eu\/de\/wenn-zwei-verhandeln-freut-sich-der-dritte\/","title":{"rendered":"Wenn zwei verhandeln, freut sich der Dritte"},"content":{"rendered":"<div>\n<p>Zwar w\u00e4hlen die Ungarn alle vier Jahre ein neues Parlament, aber ihr Premierminister <span><a href=\"https:\/\/www.zeit.de\/thema\/viktor-orban\" rel=\"nofollow\">Viktor Orb\u00e1n<\/a><\/span> ist immerzu Wahlkampf. Er setzt alles daran, beim n\u00e4chsten Wahltermin wieder als Sieger hervorzugehen, und wieder und wieder. Die Ungarn sollen von Viktor Orb\u00e1n regiert werden, bis er eines sehr, sehr fernen Tages nicht mehr ist.\n<\/p>\n<p>Deshalb sammelt seine gut ge\u00f6lte Propagandamaschine permanent Munition, die sie auf wirkliche und imagin\u00e4re Gegner abfeuern kann, und sie sucht nach Material, um Orb\u00e1n als den gr\u00f6\u00dften aller anzunehmenden Ungarn darzustellen. Nun hat US-Pr\u00e4sident Donald Trump Orb\u00e1n den allerbesten Stoff geliefert: Er wird sich mit dem russischen Pr\u00e4sidenten <span><a href=\"https:\/\/www.zeit.de\/thema\/wladimir-putin\" rel=\"nofollow\">Wladimir Putin<\/a><\/span> in Budapest treffen, um \u00fcber die Ukraine zu reden.\n<\/p>\n<h2>Die Botschaft ist unmissverst\u00e4ndlich<\/h2>\n<p>Orb\u00e1n hat sofort reagiert. Auf der Plattform X postete er: &#8222;Ungarn ist die Insel des Friedens. Das geplante Treffen zwischen dem amerikanischen und dem russischen Pr\u00e4sidenten ist eine gro\u00dfartige Nachricht f\u00fcr alle Menschen, die den Frieden lieben. Wir sind bereit!&#8220; Orb\u00e1n pr\u00e4sentiert sich als einziger friedliebender Staatschef inmitten einer kriegsl\u00fcsterne Europ\u00e4ischen Union. &#8222;Wenn sie heute auf die Landkarte sehen und sich die europ\u00e4ischen Staats- und Regierungschefs anschauen, dann wird schnell klar, dass Budapest der einzige Ort in Europa ist, wo ein solches Treffen stattfinden kann.&#8220; Die Botschaft ist klar: Ich, Viktor Orb\u00e1n, werde die <span><a href=\"https:\/\/www.zeit.de\/thema\/ungarn\" rel=\"nofollow\">Ungarn<\/a><\/span> vor dem Krieg sch\u00fctzen! Ich, Viktor Orb\u00e1n, bin der wahre Friedensf\u00fcrst!\n<\/p>\n<h2>Orb\u00e1n hat einen aussichtsreichen Herausforderer<\/h2>\n<p>Diese Botschaft verbreitet seine Propagandamaschine auf allen Kan\u00e4len. Im April stehen die n\u00e4chsten Parlamentswahlen an. Seit Monaten liegt in allen Umfragen der Oppositionelle P\u00e9ter Magyar vorn. Er hat \u2013 Stand heute \u2013 gute Aussichten, Orb\u00e1n zu schlagen. Magyar ist ein ehemaliges Mitglied der Fidesz, der Partei von Viktor Orb\u00e1n. Er kennt also die Machtmaschine von innen. Er prangert Korruption und Misswirtschaft an.\n<\/p>\n<p>F\u00fcr Orb\u00e1n ist er ein gef\u00e4hrlicher Gegner. Auch wenn Magyar bisher klare Festlegungen zum <span><a href=\"https:\/\/www.zeit.de\/politik\/ausland\/ukraine-krieg-news-liveblog\" rel=\"nofollow\">Ukrainekrieg<\/a><\/span> vermieden hat, pr\u00e4sentiert er sich als bekennender Europ\u00e4er. Es gehe ihm darum, sagt Magyar, das gest\u00f6rte Verh\u00e4ltnis zwischen Ungarn und der EU zu verbessern. Orb\u00e1n aber stellt die EU als Kriegstreiberin dar. &#8222;Europa ist laut seiner eigenen Definition im Krieg. Sowohl die Anf\u00fchrer der gr\u00f6\u00dften EU-Staaten als auch die Chefs der EU-Institutionen sprechen vom russisch-ukrainischen Krieg, als ob das unser Krieg sei und als ob Europa im Krieg sei. Wir sehen jeden Tag, wie Kommissionspr\u00e4sidentin von der Leyen um die Welt reist, um nichts anderes zu tun, als \u00fcber den Krieg zu reden. Das zeigt ganz klar, dass es hier eine Art Kriegspsychose gibt.&#8220;\u00a0Orb\u00e1n will also Friedensf\u00fcrst gegen den kriegstreibenden Europ\u00e4er Magyar ins Feld ziehen.\n<\/p>\n<h2>Das Netzwerk der Buddys funktioniert<\/h2>\n<p>Mit dieser Behauptung vom Friedensf\u00fcrsten hat er schon einmal einen ihm ernst zu nehmenden Gegner aus dem Feld geschlagen: P\u00e9ter M\u00e1rki-Zay. Dieser Liberalkonservative, der sich als ehemaliger Fidesz-W\u00e4hler outete, trat bei den Wahlen im April 2022 gegen Orb\u00e1n an. Lange Zeit schien er gute Aussichten zu haben. Die sechs Oppositionsparteien hatten sich hinter M\u00e1rki-Zay versammelt. Das hatte es bis dahin noch nie gegeben. Wie Magyar heute, so bot auch M\u00e1rki-Zay wenig Angriffsfl\u00e4chen, denn er war konservativ in gesellschaftlichen Fragen, liberaler in der Wirtschaftspolitik und er hatte sich als ehemaliger Fidesz-W\u00e4hler geoutet.\n<\/p>\n<p>Doch dann rollten am 24. Februar 2022 die russischen Panzer \u00fcber die ukrainische Grenze. Orb\u00e1n brachte sich sofort als &#8222;Friedensf\u00fcrst&#8220; in Stellung und kritisierte die Russlandpolitik der EU. M\u00e1rki-Zay bezeichnete Orb\u00e1n als &#8222;S\u00f6ldner und Diener Putins.&#8220; Er bekannte sich zur EU und zur Nato, die &#8222;Ungarns Sicherheit garantieren&#8220;. Daraus machte Orb\u00e1ns Propagandamaschine: Wer M\u00e1rki-Zay w\u00e4hlt, der w\u00e4hlt den Krieg, der bringt Ungl\u00fcck \u00fcber Ungarn. Und M\u00e1rki-Zay verlor.\n<\/p>\n<p><span><a href=\"https:\/\/www.zeit.de\/thema\/donald-trump\" rel=\"nofollow\">Donald Trump<\/a><\/span> hat mit seiner Gipfelentscheidung also aktive Wahlhilfe f\u00fcr Orb\u00e1n geleistet. Putin st\u00fctzt Orb\u00e1n schon seit Jahren mit billigen \u00d6llieferungen. Das Netzwerk der Buddys funktioniert also bestens.\n<\/p>\n<\/div>\n","protected":false},"excerpt":{"rendered":"<p>Zwar w\u00e4hlen die Ungarn alle vier Jahre ein neues Parlament, aber ihr Premierminister Viktor Orb\u00e1n ist immerzu Wahlkampf. Er setzt alles daran, beim n\u00e4chsten Wahltermin wieder als Sieger hervorzugehen, und wieder und wieder. Die Ungarn sollen von Viktor Orb\u00e1n regiert werden, bis er eines sehr, sehr fernen Tages nicht mehr ist. Deshalb sammelt seine gut<\/p>\n","protected":false},"author":1,"featured_media":287728,"comment_status":"open","ping_status":"open","sticky":false,"template":"","format":"standard","meta":{"footnotes":""},"categories":[116],"tags":[],"class_list":["post-287727","post","type-post","status-publish","format-standard","has-post-thumbnail","hentry","category-war-chronicles-de"],"acf":[],"yoast_head":"<!-- This site is optimized with the Yoast SEO plugin v22.9 - https:\/\/yoast.com\/wordpress\/plugins\/seo\/ -->\n<title>Wenn zwei verhandeln, freut sich der Dritte - vof-news.eu<\/title>\n<meta name=\"description\" content=\"Zwar w\u00e4hlen die Ungarn alle vier Jahre ein neues Parlament, aber ihr Premierminister Viktor Orb\u00e1n ist immerzu Wahlkampf. Er setzt alles daran, beim n\u00e4chsten Wahltermin wieder als Sieger hervorzugehen, und wieder und wieder. Die Ungarn sollen von Viktor Orb\u00e1n regiert werden, bis er eines sehr, sehr fernen Tages nicht mehr ist.\" \/>\n<meta name=\"robots\" content=\"noindex, follow, max-snippet:-1, max-image-preview:large, max-video-preview:-1\" \/>\n<meta property=\"og:locale\" content=\"de_DE\" \/>\n<meta property=\"og:type\" content=\"article\" \/>\n<meta property=\"og:title\" content=\"Wenn zwei verhandeln, freut sich der Dritte - vof-news.eu\" \/>\n<meta property=\"og:description\" content=\"Zwar w\u00e4hlen die Ungarn alle vier Jahre ein neues Parlament, aber ihr Premierminister Viktor Orb\u00e1n ist immerzu Wahlkampf. Er setzt alles daran, beim n\u00e4chsten Wahltermin wieder als Sieger hervorzugehen, und wieder und wieder. Die Ungarn sollen von Viktor Orb\u00e1n regiert werden, bis er eines sehr, sehr fernen Tages nicht mehr ist.\" \/>\n<meta property=\"og:url\" content=\"https:\/\/vof-news.eu\/de\/wenn-zwei-verhandeln-freut-sich-der-dritte\/\" \/>\n<meta property=\"og:site_name\" content=\"vof-news.eu\" \/>\n<meta property=\"article:published_time\" content=\"2025-10-18T12:28:13+00:00\" \/>\n<meta property=\"article:modified_time\" content=\"2025-10-18T12:29:28+00:00\" \/>\n<meta property=\"og:image\" content=\"https:\/\/vof-news.eu\/wp-content\/uploads\/2025\/10\/wide__1000x562-62.jpg\" \/>\n\t<meta property=\"og:image:width\" content=\"1000\" \/>\n\t<meta property=\"og:image:height\" content=\"562\" \/>\n\t<meta property=\"og:image:type\" content=\"image\/jpeg\" \/>\n<meta name=\"author\" content=\"Author\" \/>\n<meta name=\"twitter:card\" content=\"summary_large_image\" \/>\n<meta name=\"twitter:label1\" content=\"Verfasst von\" \/>\n\t<meta name=\"twitter:data1\" content=\"Author\" \/>\n\t<meta name=\"twitter:label2\" content=\"Gesch\u00e4tzte Lesezeit\" \/>\n\t<meta name=\"twitter:data2\" content=\"3\u00a0Minuten\" \/>\n<script type=\"application\/ld+json\" class=\"yoast-schema-graph\">{\"@context\":\"https:\/\/schema.org\",\"@graph\":[{\"@type\":\"WebPage\",\"@id\":\"https:\/\/vof-news.eu\/de\/wenn-zwei-verhandeln-freut-sich-der-dritte\/\",\"url\":\"https:\/\/vof-news.eu\/de\/wenn-zwei-verhandeln-freut-sich-der-dritte\/\",\"name\":\"Wenn zwei verhandeln, freut sich der Dritte - vof-news.eu\",\"isPartOf\":{\"@id\":\"https:\/\/vof-news.eu\/de\/#website\"},\"primaryImageOfPage\":{\"@id\":\"https:\/\/vof-news.eu\/de\/wenn-zwei-verhandeln-freut-sich-der-dritte\/#primaryimage\"},\"image\":{\"@id\":\"https:\/\/vof-news.eu\/de\/wenn-zwei-verhandeln-freut-sich-der-dritte\/#primaryimage\"},\"thumbnailUrl\":\"https:\/\/vof-news.eu\/wp-content\/uploads\/2025\/10\/wide__1000x562-62.jpg\",\"datePublished\":\"2025-10-18T12:28:13+00:00\",\"dateModified\":\"2025-10-18T12:29:28+00:00\",\"author\":{\"@id\":\"https:\/\/vof-news.eu\/de\/#\/schema\/person\/f6a2a4309f0561835797fd8c19b333ed\"},\"description\":\"Zwar w\u00e4hlen die Ungarn alle vier Jahre ein neues Parlament, aber ihr Premierminister Viktor Orb\u00e1n ist immerzu Wahlkampf. Er setzt alles daran, beim n\u00e4chsten Wahltermin wieder als Sieger hervorzugehen, und wieder und wieder. Die Ungarn sollen von Viktor Orb\u00e1n regiert werden, bis er eines sehr, sehr fernen Tages nicht mehr ist.\",\"breadcrumb\":{\"@id\":\"https:\/\/vof-news.eu\/de\/wenn-zwei-verhandeln-freut-sich-der-dritte\/#breadcrumb\"},\"inLanguage\":\"de\",\"potentialAction\":[{\"@type\":\"ReadAction\",\"target\":[\"https:\/\/vof-news.eu\/de\/wenn-zwei-verhandeln-freut-sich-der-dritte\/\"]}]},{\"@type\":\"ImageObject\",\"inLanguage\":\"de\",\"@id\":\"https:\/\/vof-news.eu\/de\/wenn-zwei-verhandeln-freut-sich-der-dritte\/#primaryimage\",\"url\":\"https:\/\/vof-news.eu\/wp-content\/uploads\/2025\/10\/wide__1000x562-62.jpg\",\"contentUrl\":\"https:\/\/vof-news.eu\/wp-content\/uploads\/2025\/10\/wide__1000x562-62.jpg\",\"width\":1000,\"height\":562},{\"@type\":\"BreadcrumbList\",\"@id\":\"https:\/\/vof-news.eu\/de\/wenn-zwei-verhandeln-freut-sich-der-dritte\/#breadcrumb\",\"itemListElement\":[{\"@type\":\"ListItem\",\"position\":1,\"name\":\"Home\",\"item\":\"https:\/\/vof-news.eu\/de\/\"},{\"@type\":\"ListItem\",\"position\":2,\"name\":\"Wenn zwei verhandeln, freut sich der Dritte\"}]},{\"@type\":\"WebSite\",\"@id\":\"https:\/\/vof-news.eu\/de\/#website\",\"url\":\"https:\/\/vof-news.eu\/de\/\",\"name\":\"vof-news.eu\",\"description\":\"\",\"potentialAction\":[{\"@type\":\"SearchAction\",\"target\":{\"@type\":\"EntryPoint\",\"urlTemplate\":\"https:\/\/vof-news.eu\/de\/?s={search_term_string}\"},\"query-input\":\"required name=search_term_string\"}],\"inLanguage\":\"de\"},{\"@type\":\"Person\",\"@id\":\"https:\/\/vof-news.eu\/de\/#\/schema\/person\/f6a2a4309f0561835797fd8c19b333ed\",\"name\":\"Author\",\"image\":{\"@type\":\"ImageObject\",\"inLanguage\":\"de\",\"@id\":\"https:\/\/vof-news.eu\/de\/#\/schema\/person\/image\/\",\"url\":\"https:\/\/secure.gravatar.com\/avatar\/b67e614b1b25b3e9c0c239efdd2fde5ab015b5affd6f1c3c85911ca4b384e790?s=96&d=mm&r=g\",\"contentUrl\":\"https:\/\/secure.gravatar.com\/avatar\/b67e614b1b25b3e9c0c239efdd2fde5ab015b5affd6f1c3c85911ca4b384e790?s=96&d=mm&r=g\",\"caption\":\"Author\"},\"sameAs\":[\"http:\/\/vof-news.eu\"],\"url\":\"https:\/\/vof-news.eu\/de\/author\/zwt6qxnjulxbnyg\/\"}]}<\/script>\n<!-- \/ Yoast SEO plugin. -->","yoast_head_json":{"title":"Wenn zwei verhandeln, freut sich der Dritte - vof-news.eu","description":"Zwar w\u00e4hlen die Ungarn alle vier Jahre ein neues Parlament, aber ihr Premierminister Viktor Orb\u00e1n ist immerzu Wahlkampf. Er setzt alles daran, beim n\u00e4chsten Wahltermin wieder als Sieger hervorzugehen, und wieder und wieder. Die Ungarn sollen von Viktor Orb\u00e1n regiert werden, bis er eines sehr, sehr fernen Tages nicht mehr ist.","robots":{"index":"noindex","follow":"follow","max-snippet":"max-snippet:-1","max-image-preview":"max-image-preview:large","max-video-preview":"max-video-preview:-1"},"og_locale":"de_DE","og_type":"article","og_title":"Wenn zwei verhandeln, freut sich der Dritte - vof-news.eu","og_description":"Zwar w\u00e4hlen die Ungarn alle vier Jahre ein neues Parlament, aber ihr Premierminister Viktor Orb\u00e1n ist immerzu Wahlkampf. Er setzt alles daran, beim n\u00e4chsten Wahltermin wieder als Sieger hervorzugehen, und wieder und wieder. Die Ungarn sollen von Viktor Orb\u00e1n regiert werden, bis er eines sehr, sehr fernen Tages nicht mehr ist.","og_url":"https:\/\/vof-news.eu\/de\/wenn-zwei-verhandeln-freut-sich-der-dritte\/","og_site_name":"vof-news.eu","article_published_time":"2025-10-18T12:28:13+00:00","article_modified_time":"2025-10-18T12:29:28+00:00","og_image":[{"width":1000,"height":562,"url":"https:\/\/vof-news.eu\/wp-content\/uploads\/2025\/10\/wide__1000x562-62.jpg","type":"image\/jpeg"}],"author":"Author","twitter_card":"summary_large_image","twitter_misc":{"Verfasst von":"Author","Gesch\u00e4tzte Lesezeit":"3\u00a0Minuten"},"schema":{"@context":"https:\/\/schema.org","@graph":[{"@type":"WebPage","@id":"https:\/\/vof-news.eu\/de\/wenn-zwei-verhandeln-freut-sich-der-dritte\/","url":"https:\/\/vof-news.eu\/de\/wenn-zwei-verhandeln-freut-sich-der-dritte\/","name":"Wenn zwei verhandeln, freut sich der Dritte - vof-news.eu","isPartOf":{"@id":"https:\/\/vof-news.eu\/de\/#website"},"primaryImageOfPage":{"@id":"https:\/\/vof-news.eu\/de\/wenn-zwei-verhandeln-freut-sich-der-dritte\/#primaryimage"},"image":{"@id":"https:\/\/vof-news.eu\/de\/wenn-zwei-verhandeln-freut-sich-der-dritte\/#primaryimage"},"thumbnailUrl":"https:\/\/vof-news.eu\/wp-content\/uploads\/2025\/10\/wide__1000x562-62.jpg","datePublished":"2025-10-18T12:28:13+00:00","dateModified":"2025-10-18T12:29:28+00:00","author":{"@id":"https:\/\/vof-news.eu\/de\/#\/schema\/person\/f6a2a4309f0561835797fd8c19b333ed"},"description":"Zwar w\u00e4hlen die Ungarn alle vier Jahre ein neues Parlament, aber ihr Premierminister Viktor Orb\u00e1n ist immerzu Wahlkampf. Er setzt alles daran, beim n\u00e4chsten Wahltermin wieder als Sieger hervorzugehen, und wieder und wieder. Die Ungarn sollen von Viktor Orb\u00e1n regiert werden, bis er eines sehr, sehr fernen Tages nicht mehr ist.","breadcrumb":{"@id":"https:\/\/vof-news.eu\/de\/wenn-zwei-verhandeln-freut-sich-der-dritte\/#breadcrumb"},"inLanguage":"de","potentialAction":[{"@type":"ReadAction","target":["https:\/\/vof-news.eu\/de\/wenn-zwei-verhandeln-freut-sich-der-dritte\/"]}]},{"@type":"ImageObject","inLanguage":"de","@id":"https:\/\/vof-news.eu\/de\/wenn-zwei-verhandeln-freut-sich-der-dritte\/#primaryimage","url":"https:\/\/vof-news.eu\/wp-content\/uploads\/2025\/10\/wide__1000x562-62.jpg","contentUrl":"https:\/\/vof-news.eu\/wp-content\/uploads\/2025\/10\/wide__1000x562-62.jpg","width":1000,"height":562},{"@type":"BreadcrumbList","@id":"https:\/\/vof-news.eu\/de\/wenn-zwei-verhandeln-freut-sich-der-dritte\/#breadcrumb","itemListElement":[{"@type":"ListItem","position":1,"name":"Home","item":"https:\/\/vof-news.eu\/de\/"},{"@type":"ListItem","position":2,"name":"Wenn zwei verhandeln, freut sich der Dritte"}]},{"@type":"WebSite","@id":"https:\/\/vof-news.eu\/de\/#website","url":"https:\/\/vof-news.eu\/de\/","name":"vof-news.eu","description":"","potentialAction":[{"@type":"SearchAction","target":{"@type":"EntryPoint","urlTemplate":"https:\/\/vof-news.eu\/de\/?s={search_term_string}"},"query-input":"required name=search_term_string"}],"inLanguage":"de"},{"@type":"Person","@id":"https:\/\/vof-news.eu\/de\/#\/schema\/person\/f6a2a4309f0561835797fd8c19b333ed","name":"Author","image":{"@type":"ImageObject","inLanguage":"de","@id":"https:\/\/vof-news.eu\/de\/#\/schema\/person\/image\/","url":"https:\/\/secure.gravatar.com\/avatar\/b67e614b1b25b3e9c0c239efdd2fde5ab015b5affd6f1c3c85911ca4b384e790?s=96&d=mm&r=g","contentUrl":"https:\/\/secure.gravatar.com\/avatar\/b67e614b1b25b3e9c0c239efdd2fde5ab015b5affd6f1c3c85911ca4b384e790?s=96&d=mm&r=g","caption":"Author"},"sameAs":["http:\/\/vof-news.eu"],"url":"https:\/\/vof-news.eu\/de\/author\/zwt6qxnjulxbnyg\/"}]}},"yoast_meta":{"yoast_wpseo_title":"","yoast_wpseo_metadesc":"","yoast_wpseo_canonical":""},"_links":{"self":[{"href":"https:\/\/vof-news.eu\/de\/wp-json\/wp\/v2\/posts\/287727","targetHints":{"allow":["GET"]}}],"collection":[{"href":"https:\/\/vof-news.eu\/de\/wp-json\/wp\/v2\/posts"}],"about":[{"href":"https:\/\/vof-news.eu\/de\/wp-json\/wp\/v2\/types\/post"}],"author":[{"embeddable":true,"href":"https:\/\/vof-news.eu\/de\/wp-json\/wp\/v2\/users\/1"}],"replies":[{"embeddable":true,"href":"https:\/\/vof-news.eu\/de\/wp-json\/wp\/v2\/comments?post=287727"}],"version-history":[{"count":1,"href":"https:\/\/vof-news.eu\/de\/wp-json\/wp\/v2\/posts\/287727\/revisions"}],"predecessor-version":[{"id":287734,"href":"https:\/\/vof-news.eu\/de\/wp-json\/wp\/v2\/posts\/287727\/revisions\/287734"}],"wp:featuredmedia":[{"embeddable":true,"href":"https:\/\/vof-news.eu\/de\/wp-json\/wp\/v2\/media\/287728"}],"wp:attachment":[{"href":"https:\/\/vof-news.eu\/de\/wp-json\/wp\/v2\/media?parent=287727"}],"wp:term":[{"taxonomy":"category","embeddable":true,"href":"https:\/\/vof-news.eu\/de\/wp-json\/wp\/v2\/categories?post=287727"},{"taxonomy":"post_tag","embeddable":true,"href":"https:\/\/vof-news.eu\/de\/wp-json\/wp\/v2\/tags?post=287727"}],"curies":[{"name":"wp","href":"https:\/\/api.w.org\/{rel}","templated":true}]}}