{"id":287623,"date":"2025-10-18T09:28:40","date_gmt":"2025-10-18T06:28:40","guid":{"rendered":"https:\/\/vof-news.eu\/immerhin-durfte-selenskyj-im-blair-house-ubernachten\/"},"modified":"2025-10-18T09:29:36","modified_gmt":"2025-10-18T06:29:36","slug":"immerhin-durfte-selenskyj-im-blair-house-ubernachten","status":"publish","type":"post","link":"https:\/\/vof-news.eu\/de\/immerhin-durfte-selenskyj-im-blair-house-ubernachten\/","title":{"rendered":"Immerhin durfte Selenskyj im Blair House \u00fcbernachten"},"content":{"rendered":"<div>\n<p>Welche Rolle Andrea Bocelli dabei spielte, den US-Pr\u00e4sidenten<br \/>\nam Freitagvormittag in die richtige Stimmung zu versetzen, ist unklar. Der<br \/>\nitalienische Tenor war kurz vor dem Eintreffen des ukrainischen Pr\u00e4sidenten <span><a href=\"https:\/\/www.zeit.de\/thema\/wolodymyr-selenskyj\" rel=\"nofollow\">Wolodymyr Selenskyj<\/a><\/span> ins Wei\u00dfe Haus geladen worden und gab Donald Trump dann im Oval Office ein St\u00e4ndchen:\u00a0. Dass die Liedauswahl ein Wink an den n\u00e4chsten Besucher war, kann man wohl ausschlie\u00dfen. Bocelli gilt als<br \/>\nUkraine-Unterst\u00fctzer, mit seiner Stiftung sammelt er unter anderem Geld f\u00fcr<br \/>\nKriegsopfer. Trump wiederum ist ein gro\u00dfer Fan des S\u00e4ngers und spielt<br \/>\ndessen ber\u00fchmten Song gerne bei seinen Wahlkampfevents.\n<\/p>\n<p>Etwas sp\u00e4ter nahm sich Trump dann knapp zweieinhalb Stunden Zeit f\u00fcr Selenskyj,<br \/>\nder mit gro\u00dfen Hoffnungen angereist war. Das Treffen hatte also ungef\u00e4hr dieselbe L\u00e4nge wie das kurzfristig<br \/>\nanberaumte <a href=\"https:\/\/www.zeit.de\/politik\/ausland\/2025-10\/donald-trump-treffen-wladimir-putin-budapest\" rel=\"nofollow\">Telefonat des US-Pr\u00e4sidenten mit Wladimir Putin am Vortag<\/a>. Das wurde in Washington erst einmal als gute Nachricht gewertet \u2013 noch in lebhafter<br \/>\nErinnerung ist der Moment aus dem Februar, als der ukrainische Pr\u00e4sident<br \/>\n\u00fcberraschend <a href=\"https:\/\/www.zeit.de\/politik\/ausland\/2025-02\/wolodymyr-selenskyj-donald-trump-usa-besuch\" rel=\"nofollow\">aus dem Wei\u00dfen Haus rausgeschmissen wurde<\/a> und eine angek\u00fcndigte Pressekonferenz<br \/>\nabgesagt wurde. Ebenfalls auf der Positivliste wurde vermerkt, dass Selenskyj im Blair House \u00fcbernachten durfte, dem G\u00e4stehaus der US-Regierung gleich<br \/>\nneben dem Wei\u00dfen Haus. Dort war er das letzte Mal unter Trumps<br \/>\nVorg\u00e4nger Joe Biden einquartiert worden.\n<\/p>\n<p>Die Ausgangsbedingungen f\u00fcr diesen bereits dritten Besuch<br \/>\nvon Selenskyj waren also gar nicht schlecht. Und Selenskyj zeigte, dass er von fr\u00fcheren Begegnungen gelernt hat: So lobte er zum Auftakt des Treffens, das dieses<br \/>\nMal aus einem Mittagessen im Kabinettsraum bestand, Trumps Erfolge in Nahost \u2013<br \/>\nund betonte, wie sehr er darauf hoffe, dass man dieses &#8222;Momentum&#8220; nun <a href=\"https:\/\/www.zeit.de\/politik\/ausland\/2025-10\/donald-trump-friedensdiplomatie-ukrainekrieg-waffenstillstand-gaza-5vor8\" rel=\"nofollow\">auch f\u00fcr<br \/>\ndie Ukraine nutzen k\u00f6nne<\/a>. Er sei zuversichtlich, &#8222;dass wir mit Ihrer Hilfe<br \/>\ndiesen Krieg beenden k\u00f6nnen&#8220;, sagte Selenskyj. Trump blieb sogar entspannt, als ihn eine Reporterin der Nachrichtenagentur AFP fragte, ob Putin sich mit dem Treffen<br \/>\nin Budapest nicht einfach nur wieder Zeit gekauft habe. &#8222;Mein ganzes Leben haben<br \/>\ndie Besten versucht, mich auszutricksen&#8220;, antwortete Trump. &#8222;Und ich bin da immer<br \/>\ngut herausgekommen.&#8220; Er, das wird deutlich, ist fest von seinen -F\u00e4higkeiten<br \/>\n\u00fcberzeugt.\u00a0\n<\/p>\n<h2>Die Hoffnung auf Tomahawks wurde im Tagesverlauf immer kleiner<\/h2>\n<p>Auch f\u00fcr die Ukraine m\u00f6chte Trump einen Deal, ein Ende der Kampfhandlungen, um anschlie\u00dfend behaupten zu k\u00f6nnen, er habe einen weiteren Krieg beendet. Seiner Rechnung zufolge w\u00e4ren das dann neun. Selenskyj versuchte, Trump in diesem Vorhaben zu best\u00e4rken. Nach seiner Vorstellung geht das allerdings nur, wenn Putin klargemacht wird, dass er den Krieg nicht gewinnen kann. Daher wollte Selenskyj Trump zu einer Lieferung der ersehnten Tomahawk-Marschflugk\u00f6rper bewegen. Die Bereitstellung dieser Waffen, <a href=\"https:\/\/www.zeit.de\/politik\/ausland\/2025-10\/ukraine-laga-tomahawk-flamingo-marschflugkoerper-raketen-woche\" rel=\"nofollow\">mit denen die ukrainische Armee Ziele tief in<br \/>\nrussischem Territorium treffen k\u00f6nnte<\/a>, soll Putin an den Verhandlungstisch zwingen.\u00a0\n<\/p>\n<p>Vor wenigen Tagen hatte Trump diese M\u00f6glichkeit noch selbst ins Spiel gebracht. Doch nach seinem<br \/>\nTelefonat mit Putin am Donnerstag, bei dem beide ein zweites Gipfeltreffen ausmachten, diesmal in<br \/>\nUngarn, war kaum noch damit zu rechnen gewesen, dass er diese<br \/>\nEskalationsstufe z\u00fcndet. Im Beisein von Selenskyj sagte Trump, der Krieg k\u00f6nne hoffentlich beendet werden, <a href=\"https:\/\/www.zeit.de\/politik\/ausland\/2025-10\/donald-trump-wolodymyr-selenskyj-treffen-gespraeche-tomahawk-marschflugkoerper\" rel=\"nofollow\">ohne dass er \u00fcber Tomahawks nachdenken m\u00fcsse<\/a>. Ob er dies jemals ernsthaft erwogen hat oder die<br \/>\nDrohung lediglich als Druckmittel auf Putin nutzte, ist damit nicht abschlie\u00dfend zu kl\u00e4ren. Trump sagte zudem, <a href=\"https:\/\/www.zeit.de\/politik\/ausland\/2025-10\/russland-usa-ukraine-gipfel-ungarn-donald-trump-wladimir-putin\" rel=\"nofollow\">diese &#8222;sehr gef\u00e4hrlichen&#8220; Waffen<\/a> ben\u00f6tigten die USA vorrangig f\u00fcr sich selbst.\n<\/p>\n<p>Nach dem nicht \u00f6ffentlichen Teil des Gespr\u00e4ches, an dem unter anderem Vizepr\u00e4sident JD Vance und Au\u00dfenminister Marco Rubio teilnahmen, machte sich Trump auf den Weg nach Florida. Fragen beantwortete er zun\u00e4chst keine. Daf\u00fcr trat Selenskyj vor die Presse, die neben<br \/>\ndem Blair House auf ihn gewartet hatte. Zuvor hatte er noch europ\u00e4ische Spitzenpolitiker \u00fcber das Gespr\u00e4ch informiert. Einen Durchbruch konnte er nicht verk\u00fcnden.\u00a0\n<\/p>\n<p>Man<br \/>\nhabe \u00fcber Sicherheitsgarantien f\u00fcr sein Land nach einem m\u00f6glichen Kriegsende gesprochen,<br \/>\nsagte der ukrainische Pr\u00e4sident. Und wie wichtig es sei, dass sich die USA daran beteiligten. Das Thema Tomahawks sei aufgekommen, mehr verriet er nicht. Auch sei keine<br \/>\nZeit gewesen, um \u00fcber Sanktionen zu sprechen. Aber ja, er sei bereit, Putin zu<br \/>\ntreffen \u2013 etwas, was Letzterer bislang ablehnt. Putin bezeichnet Selenskyj<br \/>\nimmer wieder als illegitimen Pr\u00e4sidenten und m\u00f6chte eigentlich nur mit Trump direkt \u00fcber die<br \/>\nZukunft der Ukraine verhandeln.\u00a0\n<\/p>\n<h2>Selenskyj \u00e4u\u00dfert sich uneindeutig \u00fcber Gebietsabtretungen<\/h2>\n<p>Noch w\u00e4hrend Selenskyj sprach, setzte Trump aus der Luft einen ersten Post auf seiner Onlineplattform ab. Dort schrieb er: &#8222;Das Treffen<br \/>\nmit dem ukrainischen Pr\u00e4sidenten Wolodymyr Selenskyj war sehr interessant und<br \/>\nherzlich, aber ich habe ihm gesagt, wie ich es auch Pr\u00e4sident Putin<br \/>\nnachdr\u00fccklich nahegelegt habe, dass es Zeit ist, das T\u00f6ten zu beenden und einen<br \/>\nDeal zu schlie\u00dfen!&#8220; Es sei genug Blut vergossen worden, die Grenzen w\u00fcrden &#8222;durch<br \/>\nKrieg und Mut&#8220; definiert. &#8222;Sie sollten dort aufh\u00f6ren, wo sie sind. Lasst beide<br \/>\nden Sieg f\u00fcr sich beanspruchen, lasst die Geschichte entscheiden! Keine<br \/>\nSchie\u00dfereien mehr, kein Tod mehr, keine riesigen und untragbaren Geldsummen<br \/>\nmehr.&#8220;\n<\/p>\n<p>Auf den Post angesprochen, sagte Selenskyj, Trump habe recht.<br \/>\n&#8222;Wir m\u00fcssen aufh\u00f6ren, wo wir sind.&#8220; Hatte der ukrainische Pr\u00e4sident da auf einmal<br \/>\n\u00f6ffentlich eingestanden, dass Gebietsabtretungen nicht zu vermeiden sind? Wohl<br \/>\nkaum. Denn Trumps Forderung, Frieden auf der Grundlage des derzeitigen Frontverlaufs<br \/>\nzu schlie\u00dfen, w\u00fcrde bedeuten, dass die Ukraine 20 Prozent ihres Territoriums verliert. Das hat Selenskyj bisher immer ausgeschlossen. Die wahrscheinliche<br \/>\nErkl\u00e4rung lautet daher, dass er die Frage nicht richtig verstanden und das &#8222;Aufh\u00f6ren&#8220; lediglich auf die Kampfhandlungen bezogen hat. Selenskyj wurde dann noch gefragt, ob er optimistisch in Bezug auf die Tomahawks sei. Seine Antwort: &#8222;Ich bin realistisch.&#8220;\n<\/p>\n<p>Nach seiner Ankunft legte Trump nach und erkl\u00e4rte, die beiden Kriegsparteien m\u00fcssten &#8222;sich an die Frontlinie halten, wo auch immer sie sich befindet, sonst wird es zu kompliziert&#8220;. Und bezeichnete das Treffen mit Selenskyj als &#8222;ein sehr gutes Treffen, ein sehr herzliches Treffen&#8220;.\n<\/p>\n<p>Zweifel an dieser Darstellung weckte indes etwa ein Bericht der <a href=\"https:\/\/www.axios.com\/2025\/10\/17\/trump-zelensky-tomahawk-missiles-white-house?stream=top&amp;utm_source=alert&amp;utm_medium=email&amp;utm_campaign=alerts_all\" rel=\"nofollow\">Nachrichtenseite <\/a>, der sich auf informierte Quellen im Wei\u00dfen Haus beruft. Darin hei\u00dft es, Trump habe Selenskyjs Forderung nach Tomahawk-Marschflugk\u00f6rpern in einem &#8222;harten&#8220; Treffen zur\u00fcckgewiesen.\u00a0Der US-Pr\u00e4sident habe deutlich gemacht, dass seine Priorit\u00e4t nun die Diplomatie sei, und er glaube, dass die Lieferung von Tomahawks diese untergraben k\u00f6nnte. Das Treffen endete demnach abrupt, als Trump sagte: &#8222;Ich glaube, wir sind fertig. Mal sehen, was n\u00e4chste Woche passiert.&#8220;\u00a0\n<\/p>\n<\/div>\n","protected":false},"excerpt":{"rendered":"<p>Welche Rolle Andrea Bocelli dabei spielte, den US-Pr\u00e4sidenten am Freitagvormittag in die richtige Stimmung zu versetzen, ist unklar. Der italienische Tenor war kurz vor dem Eintreffen des ukrainischen Pr\u00e4sidenten Wolodymyr Selenskyj ins Wei\u00dfe Haus geladen worden und gab Donald Trump dann im Oval Office ein St\u00e4ndchen:\u00a0. Dass die Liedauswahl ein Wink an den n\u00e4chsten Besucher<\/p>\n","protected":false},"author":1,"featured_media":287624,"comment_status":"open","ping_status":"open","sticky":false,"template":"","format":"standard","meta":{"footnotes":""},"categories":[116],"tags":[],"class_list":["post-287623","post","type-post","status-publish","format-standard","has-post-thumbnail","hentry","category-war-chronicles-de"],"acf":[],"yoast_head":"<!-- This site is optimized with the Yoast SEO plugin v22.9 - https:\/\/yoast.com\/wordpress\/plugins\/seo\/ -->\n<title>Immerhin durfte Selenskyj im Blair House \u00fcbernachten - vof-news.eu<\/title>\n<meta name=\"description\" content=\"Welche Rolle Andrea Bocelli dabei spielte, den US-Pr\u00e4sidenten\" \/>\n<meta name=\"robots\" content=\"noindex, follow, max-snippet:-1, max-image-preview:large, max-video-preview:-1\" \/>\n<meta property=\"og:locale\" content=\"de_DE\" \/>\n<meta property=\"og:type\" content=\"article\" \/>\n<meta property=\"og:title\" content=\"Immerhin durfte Selenskyj im Blair House \u00fcbernachten - vof-news.eu\" \/>\n<meta property=\"og:description\" content=\"Welche Rolle Andrea Bocelli dabei spielte, den US-Pr\u00e4sidenten\" \/>\n<meta property=\"og:url\" content=\"https:\/\/vof-news.eu\/de\/immerhin-durfte-selenskyj-im-blair-house-ubernachten\/\" \/>\n<meta property=\"og:site_name\" content=\"vof-news.eu\" \/>\n<meta property=\"article:published_time\" content=\"2025-10-18T06:28:40+00:00\" \/>\n<meta property=\"article:modified_time\" content=\"2025-10-18T06:29:36+00:00\" \/>\n<meta property=\"og:image\" content=\"https:\/\/vof-news.eu\/wp-content\/uploads\/2025\/10\/wide__1000x562-61.jpg\" \/>\n\t<meta property=\"og:image:width\" content=\"1000\" \/>\n\t<meta property=\"og:image:height\" content=\"562\" \/>\n\t<meta property=\"og:image:type\" content=\"image\/jpeg\" \/>\n<meta name=\"author\" content=\"Author\" \/>\n<meta name=\"twitter:card\" content=\"summary_large_image\" \/>\n<meta name=\"twitter:label1\" content=\"Verfasst von\" \/>\n\t<meta name=\"twitter:data1\" content=\"Author\" \/>\n\t<meta name=\"twitter:label2\" content=\"Gesch\u00e4tzte Lesezeit\" \/>\n\t<meta name=\"twitter:data2\" content=\"5\u00a0Minuten\" \/>\n<script type=\"application\/ld+json\" class=\"yoast-schema-graph\">{\"@context\":\"https:\/\/schema.org\",\"@graph\":[{\"@type\":\"WebPage\",\"@id\":\"https:\/\/vof-news.eu\/de\/immerhin-durfte-selenskyj-im-blair-house-ubernachten\/\",\"url\":\"https:\/\/vof-news.eu\/de\/immerhin-durfte-selenskyj-im-blair-house-ubernachten\/\",\"name\":\"Immerhin durfte Selenskyj im Blair House \u00fcbernachten - vof-news.eu\",\"isPartOf\":{\"@id\":\"https:\/\/vof-news.eu\/de\/#website\"},\"primaryImageOfPage\":{\"@id\":\"https:\/\/vof-news.eu\/de\/immerhin-durfte-selenskyj-im-blair-house-ubernachten\/#primaryimage\"},\"image\":{\"@id\":\"https:\/\/vof-news.eu\/de\/immerhin-durfte-selenskyj-im-blair-house-ubernachten\/#primaryimage\"},\"thumbnailUrl\":\"https:\/\/vof-news.eu\/wp-content\/uploads\/2025\/10\/wide__1000x562-61.jpg\",\"datePublished\":\"2025-10-18T06:28:40+00:00\",\"dateModified\":\"2025-10-18T06:29:36+00:00\",\"author\":{\"@id\":\"https:\/\/vof-news.eu\/de\/#\/schema\/person\/f6a2a4309f0561835797fd8c19b333ed\"},\"description\":\"Welche Rolle Andrea Bocelli dabei spielte, den US-Pr\u00e4sidenten\",\"breadcrumb\":{\"@id\":\"https:\/\/vof-news.eu\/de\/immerhin-durfte-selenskyj-im-blair-house-ubernachten\/#breadcrumb\"},\"inLanguage\":\"de\",\"potentialAction\":[{\"@type\":\"ReadAction\",\"target\":[\"https:\/\/vof-news.eu\/de\/immerhin-durfte-selenskyj-im-blair-house-ubernachten\/\"]}]},{\"@type\":\"ImageObject\",\"inLanguage\":\"de\",\"@id\":\"https:\/\/vof-news.eu\/de\/immerhin-durfte-selenskyj-im-blair-house-ubernachten\/#primaryimage\",\"url\":\"https:\/\/vof-news.eu\/wp-content\/uploads\/2025\/10\/wide__1000x562-61.jpg\",\"contentUrl\":\"https:\/\/vof-news.eu\/wp-content\/uploads\/2025\/10\/wide__1000x562-61.jpg\",\"width\":1000,\"height\":562},{\"@type\":\"BreadcrumbList\",\"@id\":\"https:\/\/vof-news.eu\/de\/immerhin-durfte-selenskyj-im-blair-house-ubernachten\/#breadcrumb\",\"itemListElement\":[{\"@type\":\"ListItem\",\"position\":1,\"name\":\"Home\",\"item\":\"https:\/\/vof-news.eu\/de\/\"},{\"@type\":\"ListItem\",\"position\":2,\"name\":\"Immerhin durfte Selenskyj im Blair House \u00fcbernachten\"}]},{\"@type\":\"WebSite\",\"@id\":\"https:\/\/vof-news.eu\/de\/#website\",\"url\":\"https:\/\/vof-news.eu\/de\/\",\"name\":\"vof-news.eu\",\"description\":\"\",\"potentialAction\":[{\"@type\":\"SearchAction\",\"target\":{\"@type\":\"EntryPoint\",\"urlTemplate\":\"https:\/\/vof-news.eu\/de\/?s={search_term_string}\"},\"query-input\":\"required name=search_term_string\"}],\"inLanguage\":\"de\"},{\"@type\":\"Person\",\"@id\":\"https:\/\/vof-news.eu\/de\/#\/schema\/person\/f6a2a4309f0561835797fd8c19b333ed\",\"name\":\"Author\",\"image\":{\"@type\":\"ImageObject\",\"inLanguage\":\"de\",\"@id\":\"https:\/\/vof-news.eu\/de\/#\/schema\/person\/image\/\",\"url\":\"https:\/\/secure.gravatar.com\/avatar\/b67e614b1b25b3e9c0c239efdd2fde5ab015b5affd6f1c3c85911ca4b384e790?s=96&d=mm&r=g\",\"contentUrl\":\"https:\/\/secure.gravatar.com\/avatar\/b67e614b1b25b3e9c0c239efdd2fde5ab015b5affd6f1c3c85911ca4b384e790?s=96&d=mm&r=g\",\"caption\":\"Author\"},\"sameAs\":[\"http:\/\/vof-news.eu\"],\"url\":\"https:\/\/vof-news.eu\/de\/author\/zwt6qxnjulxbnyg\/\"}]}<\/script>\n<!-- \/ Yoast SEO plugin. -->","yoast_head_json":{"title":"Immerhin durfte Selenskyj im Blair House \u00fcbernachten - vof-news.eu","description":"Welche Rolle Andrea Bocelli dabei spielte, den US-Pr\u00e4sidenten","robots":{"index":"noindex","follow":"follow","max-snippet":"max-snippet:-1","max-image-preview":"max-image-preview:large","max-video-preview":"max-video-preview:-1"},"og_locale":"de_DE","og_type":"article","og_title":"Immerhin durfte Selenskyj im Blair House \u00fcbernachten - vof-news.eu","og_description":"Welche Rolle Andrea Bocelli dabei spielte, den US-Pr\u00e4sidenten","og_url":"https:\/\/vof-news.eu\/de\/immerhin-durfte-selenskyj-im-blair-house-ubernachten\/","og_site_name":"vof-news.eu","article_published_time":"2025-10-18T06:28:40+00:00","article_modified_time":"2025-10-18T06:29:36+00:00","og_image":[{"width":1000,"height":562,"url":"https:\/\/vof-news.eu\/wp-content\/uploads\/2025\/10\/wide__1000x562-61.jpg","type":"image\/jpeg"}],"author":"Author","twitter_card":"summary_large_image","twitter_misc":{"Verfasst von":"Author","Gesch\u00e4tzte Lesezeit":"5\u00a0Minuten"},"schema":{"@context":"https:\/\/schema.org","@graph":[{"@type":"WebPage","@id":"https:\/\/vof-news.eu\/de\/immerhin-durfte-selenskyj-im-blair-house-ubernachten\/","url":"https:\/\/vof-news.eu\/de\/immerhin-durfte-selenskyj-im-blair-house-ubernachten\/","name":"Immerhin durfte Selenskyj im Blair House \u00fcbernachten - vof-news.eu","isPartOf":{"@id":"https:\/\/vof-news.eu\/de\/#website"},"primaryImageOfPage":{"@id":"https:\/\/vof-news.eu\/de\/immerhin-durfte-selenskyj-im-blair-house-ubernachten\/#primaryimage"},"image":{"@id":"https:\/\/vof-news.eu\/de\/immerhin-durfte-selenskyj-im-blair-house-ubernachten\/#primaryimage"},"thumbnailUrl":"https:\/\/vof-news.eu\/wp-content\/uploads\/2025\/10\/wide__1000x562-61.jpg","datePublished":"2025-10-18T06:28:40+00:00","dateModified":"2025-10-18T06:29:36+00:00","author":{"@id":"https:\/\/vof-news.eu\/de\/#\/schema\/person\/f6a2a4309f0561835797fd8c19b333ed"},"description":"Welche Rolle Andrea Bocelli dabei spielte, den US-Pr\u00e4sidenten","breadcrumb":{"@id":"https:\/\/vof-news.eu\/de\/immerhin-durfte-selenskyj-im-blair-house-ubernachten\/#breadcrumb"},"inLanguage":"de","potentialAction":[{"@type":"ReadAction","target":["https:\/\/vof-news.eu\/de\/immerhin-durfte-selenskyj-im-blair-house-ubernachten\/"]}]},{"@type":"ImageObject","inLanguage":"de","@id":"https:\/\/vof-news.eu\/de\/immerhin-durfte-selenskyj-im-blair-house-ubernachten\/#primaryimage","url":"https:\/\/vof-news.eu\/wp-content\/uploads\/2025\/10\/wide__1000x562-61.jpg","contentUrl":"https:\/\/vof-news.eu\/wp-content\/uploads\/2025\/10\/wide__1000x562-61.jpg","width":1000,"height":562},{"@type":"BreadcrumbList","@id":"https:\/\/vof-news.eu\/de\/immerhin-durfte-selenskyj-im-blair-house-ubernachten\/#breadcrumb","itemListElement":[{"@type":"ListItem","position":1,"name":"Home","item":"https:\/\/vof-news.eu\/de\/"},{"@type":"ListItem","position":2,"name":"Immerhin durfte Selenskyj im Blair House \u00fcbernachten"}]},{"@type":"WebSite","@id":"https:\/\/vof-news.eu\/de\/#website","url":"https:\/\/vof-news.eu\/de\/","name":"vof-news.eu","description":"","potentialAction":[{"@type":"SearchAction","target":{"@type":"EntryPoint","urlTemplate":"https:\/\/vof-news.eu\/de\/?s={search_term_string}"},"query-input":"required name=search_term_string"}],"inLanguage":"de"},{"@type":"Person","@id":"https:\/\/vof-news.eu\/de\/#\/schema\/person\/f6a2a4309f0561835797fd8c19b333ed","name":"Author","image":{"@type":"ImageObject","inLanguage":"de","@id":"https:\/\/vof-news.eu\/de\/#\/schema\/person\/image\/","url":"https:\/\/secure.gravatar.com\/avatar\/b67e614b1b25b3e9c0c239efdd2fde5ab015b5affd6f1c3c85911ca4b384e790?s=96&d=mm&r=g","contentUrl":"https:\/\/secure.gravatar.com\/avatar\/b67e614b1b25b3e9c0c239efdd2fde5ab015b5affd6f1c3c85911ca4b384e790?s=96&d=mm&r=g","caption":"Author"},"sameAs":["http:\/\/vof-news.eu"],"url":"https:\/\/vof-news.eu\/de\/author\/zwt6qxnjulxbnyg\/"}]}},"yoast_meta":{"yoast_wpseo_title":"","yoast_wpseo_metadesc":"","yoast_wpseo_canonical":""},"_links":{"self":[{"href":"https:\/\/vof-news.eu\/de\/wp-json\/wp\/v2\/posts\/287623","targetHints":{"allow":["GET"]}}],"collection":[{"href":"https:\/\/vof-news.eu\/de\/wp-json\/wp\/v2\/posts"}],"about":[{"href":"https:\/\/vof-news.eu\/de\/wp-json\/wp\/v2\/types\/post"}],"author":[{"embeddable":true,"href":"https:\/\/vof-news.eu\/de\/wp-json\/wp\/v2\/users\/1"}],"replies":[{"embeddable":true,"href":"https:\/\/vof-news.eu\/de\/wp-json\/wp\/v2\/comments?post=287623"}],"version-history":[{"count":1,"href":"https:\/\/vof-news.eu\/de\/wp-json\/wp\/v2\/posts\/287623\/revisions"}],"predecessor-version":[{"id":287630,"href":"https:\/\/vof-news.eu\/de\/wp-json\/wp\/v2\/posts\/287623\/revisions\/287630"}],"wp:featuredmedia":[{"embeddable":true,"href":"https:\/\/vof-news.eu\/de\/wp-json\/wp\/v2\/media\/287624"}],"wp:attachment":[{"href":"https:\/\/vof-news.eu\/de\/wp-json\/wp\/v2\/media?parent=287623"}],"wp:term":[{"taxonomy":"category","embeddable":true,"href":"https:\/\/vof-news.eu\/de\/wp-json\/wp\/v2\/categories?post=287623"},{"taxonomy":"post_tag","embeddable":true,"href":"https:\/\/vof-news.eu\/de\/wp-json\/wp\/v2\/tags?post=287623"}],"curies":[{"name":"wp","href":"https:\/\/api.w.org\/{rel}","templated":true}]}}