{"id":287383,"date":"2025-10-17T15:28:07","date_gmt":"2025-10-17T12:28:07","guid":{"rendered":"https:\/\/vof-news.eu\/polnisches-gericht-lehnt-auslieferung-von-nord-stream-verdachtigem-ab\/"},"modified":"2025-10-17T15:29:16","modified_gmt":"2025-10-17T12:29:16","slug":"polnisches-gericht-lehnt-auslieferung-von-nord-stream-verdachtigem-ab","status":"publish","type":"post","link":"https:\/\/vof-news.eu\/de\/polnisches-gericht-lehnt-auslieferung-von-nord-stream-verdachtigem-ab\/","title":{"rendered":"Polnisches Gericht lehnt Auslieferung von Nord-Stream-Verd\u00e4chtigem ab"},"content":{"rendered":"<div>\n<p>Drei Jahre nach den Anschl\u00e4gen auf die Nord-Stream-Gaspipelines in der Ostsee darf einer der mutma\u00dflichen Beteiligten nicht von <span><a href=\"https:\/\/www.zeit.de\/thema\/polen\" rel=\"nofollow\">Polen<\/a><\/span> nach Deutschland ausgeliefert werden. Ein Gericht in Warschau lehnte die \u00dcberstellung des 46 Jahre alten Ukrainers Wolodymyr Z. an die deutschen Beh\u00f6rden ab und hob seine Untersuchungshaft auf, wie die Agentur PAP meldete.\u00a0Der mit europ\u00e4ischem Haftbefehl gesuchte Ukrainer Wolodymyr Z. war Ende September in Polen festgenommen worden.\n<\/p>\n<p>Polens Ministerpr\u00e4sident Donald Tusk hatte bereits Anfang des Monats mitgeteilt, eine \u00dcbergabe des Verd\u00e4chtigen sei nicht im Interesse seines Landes. Das Problem sei nicht, dass die Unterwasser-Pipelines von Russland nach Deutschland im September 2022 gesprengt, sondern dass sie \u00fcberhaupt gebaut worden seien, sagte Tusk.\u00a0Erst am Mittwoch hatte das h\u00f6chste italienische Gericht die Auslieferung eines weiteren, in Italien gefassten Verd\u00e4chtigen gestoppt.\n<\/p>\n<h2>Vorwurf der Bundesanwaltschaft: verfassungsfeindliche Sabotage<\/h2>\n<p>Der von Deutschland mit europ\u00e4ischem Haftbefehl gesuchte Ukrainer Wolodymyr Z. war in Pruszkow bei Warschau festgenommen worden und sitzt seither in Untersuchungshaft. Nach Angaben der Bundesanwaltschaft in Karlsruhe handelt es sich bei dem 46-J\u00e4hrigen um einen ausgebildeten Taucher, der mutma\u00dflich Mitglied der Gruppe war, die im Herbst 2022 nahe der d\u00e4nischen Ostseeinsel Bornholm Sprengs\u00e4tze an den Nord-Stream-Gaspipelines platziert hatte. Die Bundesanwaltschaft wirft ihm Herbeif\u00fchren einer Sprengstoffexplosion und verfassungsfeindliche Sabotage vor.\n<\/p>\n<p>Sein polnischer Anwalt hat die Anschuldigungen zur\u00fcckgewiesen und mitgeteilt, sein Mandant habe nichts Unrechtes getan. Er stellte zudem infrage, ob die Zerst\u00f6rung russischen Eigentums durch einen Ukrainer w\u00e4hrend des Krieges zwischen beiden L\u00e4ndern eine strafrechtliche Angelegenheit sei.\n<\/p>\n<h2>Energiekrise in Europa<\/h2>\n<p>Bei dem Anschlag waren die beiden Pipelines so stark besch\u00e4digt worden, dass kein Gas mehr durchgeleitet werden konnte. Die Explosionen wurden in der N\u00e4he von Bornholm registriert. Wenig sp\u00e4ter entdeckte man vier Lecks an drei der insgesamt vier Leitungen.\u00a0\n<\/p>\n<p>Durch Nord Stream 1 floss zuvor russisches Erdgas nach Deutschland, allerdings nicht mehr zum Zeitpunkt des Anschlags. Nord Stream 2 war infolge des russischen Angriffskrieges gegen die <span><a href=\"https:\/\/www.zeit.de\/politik\/ausland\/ukraine-krieg-news-liveblog\" rel=\"nofollow\">Ukraine<\/a><\/span> noch gar nicht in Betrieb.\n<\/p>\n<\/div>\n","protected":false},"excerpt":{"rendered":"<p>Drei Jahre nach den Anschl\u00e4gen auf die Nord-Stream-Gaspipelines in der Ostsee darf einer der mutma\u00dflichen Beteiligten nicht von Polen nach Deutschland ausgeliefert werden. Ein Gericht in Warschau lehnte die \u00dcberstellung des 46 Jahre alten Ukrainers Wolodymyr Z. an die deutschen Beh\u00f6rden ab und hob seine Untersuchungshaft auf, wie die Agentur PAP meldete.\u00a0Der mit europ\u00e4ischem Haftbefehl<\/p>\n","protected":false},"author":1,"featured_media":287384,"comment_status":"open","ping_status":"open","sticky":false,"template":"","format":"standard","meta":{"footnotes":""},"categories":[116],"tags":[],"class_list":["post-287383","post","type-post","status-publish","format-standard","has-post-thumbnail","hentry","category-war-chronicles-de"],"acf":[],"yoast_head":"<!-- This site is optimized with the Yoast SEO plugin v22.9 - https:\/\/yoast.com\/wordpress\/plugins\/seo\/ -->\n<title>Polnisches Gericht lehnt Auslieferung von Nord-Stream-Verd\u00e4chtigem ab - vof-news.eu<\/title>\n<meta name=\"description\" content=\"Drei Jahre nach den Anschl\u00e4gen auf die Nord-Stream-Gaspipelines in der Ostsee darf einer der mutma\u00dflichen Beteiligten nicht von Polen nach Deutschland ausgeliefert werden. Ein Gericht in Warschau lehnte die \u00dcberstellung des 46 Jahre alten Ukrainers Wolodymyr Z. an die deutschen Beh\u00f6rden ab und hob seine Untersuchungshaft auf, wie die Agentur PAP meldete.\u00a0Der mit europ\u00e4ischem Haftbefehl gesuchte Ukrainer Wolodymyr Z. war Ende September in Polen festgenommen worden.\" \/>\n<meta name=\"robots\" content=\"noindex, follow, max-snippet:-1, max-image-preview:large, max-video-preview:-1\" \/>\n<meta property=\"og:locale\" content=\"de_DE\" \/>\n<meta property=\"og:type\" content=\"article\" \/>\n<meta property=\"og:title\" content=\"Polnisches Gericht lehnt Auslieferung von Nord-Stream-Verd\u00e4chtigem ab - vof-news.eu\" \/>\n<meta property=\"og:description\" content=\"Drei Jahre nach den Anschl\u00e4gen auf die Nord-Stream-Gaspipelines in der Ostsee darf einer der mutma\u00dflichen Beteiligten nicht von Polen nach Deutschland ausgeliefert werden. Ein Gericht in Warschau lehnte die \u00dcberstellung des 46 Jahre alten Ukrainers Wolodymyr Z. an die deutschen Beh\u00f6rden ab und hob seine Untersuchungshaft auf, wie die Agentur PAP meldete.\u00a0Der mit europ\u00e4ischem Haftbefehl gesuchte Ukrainer Wolodymyr Z. war Ende September in Polen festgenommen worden.\" \/>\n<meta property=\"og:url\" content=\"https:\/\/vof-news.eu\/de\/polnisches-gericht-lehnt-auslieferung-von-nord-stream-verdachtigem-ab\/\" \/>\n<meta property=\"og:site_name\" content=\"vof-news.eu\" \/>\n<meta property=\"article:published_time\" content=\"2025-10-17T12:28:07+00:00\" \/>\n<meta property=\"article:modified_time\" content=\"2025-10-17T12:29:16+00:00\" \/>\n<meta property=\"og:image\" content=\"https:\/\/vof-news.eu\/wp-content\/uploads\/2025\/10\/wide__1000x562-57.jpg\" \/>\n\t<meta property=\"og:image:width\" content=\"1000\" \/>\n\t<meta property=\"og:image:height\" content=\"562\" \/>\n\t<meta property=\"og:image:type\" content=\"image\/jpeg\" \/>\n<meta name=\"author\" content=\"Author\" \/>\n<meta name=\"twitter:card\" content=\"summary_large_image\" \/>\n<meta name=\"twitter:label1\" content=\"Verfasst von\" \/>\n\t<meta name=\"twitter:data1\" content=\"Author\" \/>\n\t<meta name=\"twitter:label2\" content=\"Gesch\u00e4tzte Lesezeit\" \/>\n\t<meta name=\"twitter:data2\" content=\"2\u00a0Minuten\" \/>\n<script type=\"application\/ld+json\" class=\"yoast-schema-graph\">{\"@context\":\"https:\/\/schema.org\",\"@graph\":[{\"@type\":\"WebPage\",\"@id\":\"https:\/\/vof-news.eu\/de\/polnisches-gericht-lehnt-auslieferung-von-nord-stream-verdachtigem-ab\/\",\"url\":\"https:\/\/vof-news.eu\/de\/polnisches-gericht-lehnt-auslieferung-von-nord-stream-verdachtigem-ab\/\",\"name\":\"Polnisches Gericht lehnt Auslieferung von Nord-Stream-Verd\u00e4chtigem ab - vof-news.eu\",\"isPartOf\":{\"@id\":\"https:\/\/vof-news.eu\/de\/#website\"},\"primaryImageOfPage\":{\"@id\":\"https:\/\/vof-news.eu\/de\/polnisches-gericht-lehnt-auslieferung-von-nord-stream-verdachtigem-ab\/#primaryimage\"},\"image\":{\"@id\":\"https:\/\/vof-news.eu\/de\/polnisches-gericht-lehnt-auslieferung-von-nord-stream-verdachtigem-ab\/#primaryimage\"},\"thumbnailUrl\":\"https:\/\/vof-news.eu\/wp-content\/uploads\/2025\/10\/wide__1000x562-57.jpg\",\"datePublished\":\"2025-10-17T12:28:07+00:00\",\"dateModified\":\"2025-10-17T12:29:16+00:00\",\"author\":{\"@id\":\"https:\/\/vof-news.eu\/de\/#\/schema\/person\/f6a2a4309f0561835797fd8c19b333ed\"},\"description\":\"Drei Jahre nach den Anschl\u00e4gen auf die Nord-Stream-Gaspipelines in der Ostsee darf einer der mutma\u00dflichen Beteiligten nicht von Polen nach Deutschland ausgeliefert werden. Ein Gericht in Warschau lehnte die \u00dcberstellung des 46 Jahre alten Ukrainers Wolodymyr Z. an die deutschen Beh\u00f6rden ab und hob seine Untersuchungshaft auf, wie die Agentur PAP meldete.\u00a0Der mit europ\u00e4ischem Haftbefehl gesuchte Ukrainer Wolodymyr Z. war Ende September in Polen festgenommen worden.\",\"breadcrumb\":{\"@id\":\"https:\/\/vof-news.eu\/de\/polnisches-gericht-lehnt-auslieferung-von-nord-stream-verdachtigem-ab\/#breadcrumb\"},\"inLanguage\":\"de\",\"potentialAction\":[{\"@type\":\"ReadAction\",\"target\":[\"https:\/\/vof-news.eu\/de\/polnisches-gericht-lehnt-auslieferung-von-nord-stream-verdachtigem-ab\/\"]}]},{\"@type\":\"ImageObject\",\"inLanguage\":\"de\",\"@id\":\"https:\/\/vof-news.eu\/de\/polnisches-gericht-lehnt-auslieferung-von-nord-stream-verdachtigem-ab\/#primaryimage\",\"url\":\"https:\/\/vof-news.eu\/wp-content\/uploads\/2025\/10\/wide__1000x562-57.jpg\",\"contentUrl\":\"https:\/\/vof-news.eu\/wp-content\/uploads\/2025\/10\/wide__1000x562-57.jpg\",\"width\":1000,\"height\":562},{\"@type\":\"BreadcrumbList\",\"@id\":\"https:\/\/vof-news.eu\/de\/polnisches-gericht-lehnt-auslieferung-von-nord-stream-verdachtigem-ab\/#breadcrumb\",\"itemListElement\":[{\"@type\":\"ListItem\",\"position\":1,\"name\":\"Home\",\"item\":\"https:\/\/vof-news.eu\/de\/\"},{\"@type\":\"ListItem\",\"position\":2,\"name\":\"Polnisches Gericht lehnt Auslieferung von Nord-Stream-Verd\u00e4chtigem ab\"}]},{\"@type\":\"WebSite\",\"@id\":\"https:\/\/vof-news.eu\/de\/#website\",\"url\":\"https:\/\/vof-news.eu\/de\/\",\"name\":\"vof-news.eu\",\"description\":\"\",\"potentialAction\":[{\"@type\":\"SearchAction\",\"target\":{\"@type\":\"EntryPoint\",\"urlTemplate\":\"https:\/\/vof-news.eu\/de\/?s={search_term_string}\"},\"query-input\":\"required name=search_term_string\"}],\"inLanguage\":\"de\"},{\"@type\":\"Person\",\"@id\":\"https:\/\/vof-news.eu\/de\/#\/schema\/person\/f6a2a4309f0561835797fd8c19b333ed\",\"name\":\"Author\",\"image\":{\"@type\":\"ImageObject\",\"inLanguage\":\"de\",\"@id\":\"https:\/\/vof-news.eu\/de\/#\/schema\/person\/image\/\",\"url\":\"https:\/\/secure.gravatar.com\/avatar\/b67e614b1b25b3e9c0c239efdd2fde5ab015b5affd6f1c3c85911ca4b384e790?s=96&d=mm&r=g\",\"contentUrl\":\"https:\/\/secure.gravatar.com\/avatar\/b67e614b1b25b3e9c0c239efdd2fde5ab015b5affd6f1c3c85911ca4b384e790?s=96&d=mm&r=g\",\"caption\":\"Author\"},\"sameAs\":[\"http:\/\/vof-news.eu\"],\"url\":\"https:\/\/vof-news.eu\/de\/author\/zwt6qxnjulxbnyg\/\"}]}<\/script>\n<!-- \/ Yoast SEO plugin. -->","yoast_head_json":{"title":"Polnisches Gericht lehnt Auslieferung von Nord-Stream-Verd\u00e4chtigem ab - vof-news.eu","description":"Drei Jahre nach den Anschl\u00e4gen auf die Nord-Stream-Gaspipelines in der Ostsee darf einer der mutma\u00dflichen Beteiligten nicht von Polen nach Deutschland ausgeliefert werden. Ein Gericht in Warschau lehnte die \u00dcberstellung des 46 Jahre alten Ukrainers Wolodymyr Z. an die deutschen Beh\u00f6rden ab und hob seine Untersuchungshaft auf, wie die Agentur PAP meldete.\u00a0Der mit europ\u00e4ischem Haftbefehl gesuchte Ukrainer Wolodymyr Z. war Ende September in Polen festgenommen worden.","robots":{"index":"noindex","follow":"follow","max-snippet":"max-snippet:-1","max-image-preview":"max-image-preview:large","max-video-preview":"max-video-preview:-1"},"og_locale":"de_DE","og_type":"article","og_title":"Polnisches Gericht lehnt Auslieferung von Nord-Stream-Verd\u00e4chtigem ab - vof-news.eu","og_description":"Drei Jahre nach den Anschl\u00e4gen auf die Nord-Stream-Gaspipelines in der Ostsee darf einer der mutma\u00dflichen Beteiligten nicht von Polen nach Deutschland ausgeliefert werden. Ein Gericht in Warschau lehnte die \u00dcberstellung des 46 Jahre alten Ukrainers Wolodymyr Z. an die deutschen Beh\u00f6rden ab und hob seine Untersuchungshaft auf, wie die Agentur PAP meldete.\u00a0Der mit europ\u00e4ischem Haftbefehl gesuchte Ukrainer Wolodymyr Z. war Ende September in Polen festgenommen worden.","og_url":"https:\/\/vof-news.eu\/de\/polnisches-gericht-lehnt-auslieferung-von-nord-stream-verdachtigem-ab\/","og_site_name":"vof-news.eu","article_published_time":"2025-10-17T12:28:07+00:00","article_modified_time":"2025-10-17T12:29:16+00:00","og_image":[{"width":1000,"height":562,"url":"https:\/\/vof-news.eu\/wp-content\/uploads\/2025\/10\/wide__1000x562-57.jpg","type":"image\/jpeg"}],"author":"Author","twitter_card":"summary_large_image","twitter_misc":{"Verfasst von":"Author","Gesch\u00e4tzte Lesezeit":"2\u00a0Minuten"},"schema":{"@context":"https:\/\/schema.org","@graph":[{"@type":"WebPage","@id":"https:\/\/vof-news.eu\/de\/polnisches-gericht-lehnt-auslieferung-von-nord-stream-verdachtigem-ab\/","url":"https:\/\/vof-news.eu\/de\/polnisches-gericht-lehnt-auslieferung-von-nord-stream-verdachtigem-ab\/","name":"Polnisches Gericht lehnt Auslieferung von Nord-Stream-Verd\u00e4chtigem ab - vof-news.eu","isPartOf":{"@id":"https:\/\/vof-news.eu\/de\/#website"},"primaryImageOfPage":{"@id":"https:\/\/vof-news.eu\/de\/polnisches-gericht-lehnt-auslieferung-von-nord-stream-verdachtigem-ab\/#primaryimage"},"image":{"@id":"https:\/\/vof-news.eu\/de\/polnisches-gericht-lehnt-auslieferung-von-nord-stream-verdachtigem-ab\/#primaryimage"},"thumbnailUrl":"https:\/\/vof-news.eu\/wp-content\/uploads\/2025\/10\/wide__1000x562-57.jpg","datePublished":"2025-10-17T12:28:07+00:00","dateModified":"2025-10-17T12:29:16+00:00","author":{"@id":"https:\/\/vof-news.eu\/de\/#\/schema\/person\/f6a2a4309f0561835797fd8c19b333ed"},"description":"Drei Jahre nach den Anschl\u00e4gen auf die Nord-Stream-Gaspipelines in der Ostsee darf einer der mutma\u00dflichen Beteiligten nicht von Polen nach Deutschland ausgeliefert werden. Ein Gericht in Warschau lehnte die \u00dcberstellung des 46 Jahre alten Ukrainers Wolodymyr Z. an die deutschen Beh\u00f6rden ab und hob seine Untersuchungshaft auf, wie die Agentur PAP meldete.\u00a0Der mit europ\u00e4ischem Haftbefehl gesuchte Ukrainer Wolodymyr Z. war Ende September in Polen festgenommen worden.","breadcrumb":{"@id":"https:\/\/vof-news.eu\/de\/polnisches-gericht-lehnt-auslieferung-von-nord-stream-verdachtigem-ab\/#breadcrumb"},"inLanguage":"de","potentialAction":[{"@type":"ReadAction","target":["https:\/\/vof-news.eu\/de\/polnisches-gericht-lehnt-auslieferung-von-nord-stream-verdachtigem-ab\/"]}]},{"@type":"ImageObject","inLanguage":"de","@id":"https:\/\/vof-news.eu\/de\/polnisches-gericht-lehnt-auslieferung-von-nord-stream-verdachtigem-ab\/#primaryimage","url":"https:\/\/vof-news.eu\/wp-content\/uploads\/2025\/10\/wide__1000x562-57.jpg","contentUrl":"https:\/\/vof-news.eu\/wp-content\/uploads\/2025\/10\/wide__1000x562-57.jpg","width":1000,"height":562},{"@type":"BreadcrumbList","@id":"https:\/\/vof-news.eu\/de\/polnisches-gericht-lehnt-auslieferung-von-nord-stream-verdachtigem-ab\/#breadcrumb","itemListElement":[{"@type":"ListItem","position":1,"name":"Home","item":"https:\/\/vof-news.eu\/de\/"},{"@type":"ListItem","position":2,"name":"Polnisches Gericht lehnt Auslieferung von Nord-Stream-Verd\u00e4chtigem ab"}]},{"@type":"WebSite","@id":"https:\/\/vof-news.eu\/de\/#website","url":"https:\/\/vof-news.eu\/de\/","name":"vof-news.eu","description":"","potentialAction":[{"@type":"SearchAction","target":{"@type":"EntryPoint","urlTemplate":"https:\/\/vof-news.eu\/de\/?s={search_term_string}"},"query-input":"required name=search_term_string"}],"inLanguage":"de"},{"@type":"Person","@id":"https:\/\/vof-news.eu\/de\/#\/schema\/person\/f6a2a4309f0561835797fd8c19b333ed","name":"Author","image":{"@type":"ImageObject","inLanguage":"de","@id":"https:\/\/vof-news.eu\/de\/#\/schema\/person\/image\/","url":"https:\/\/secure.gravatar.com\/avatar\/b67e614b1b25b3e9c0c239efdd2fde5ab015b5affd6f1c3c85911ca4b384e790?s=96&d=mm&r=g","contentUrl":"https:\/\/secure.gravatar.com\/avatar\/b67e614b1b25b3e9c0c239efdd2fde5ab015b5affd6f1c3c85911ca4b384e790?s=96&d=mm&r=g","caption":"Author"},"sameAs":["http:\/\/vof-news.eu"],"url":"https:\/\/vof-news.eu\/de\/author\/zwt6qxnjulxbnyg\/"}]}},"yoast_meta":{"yoast_wpseo_title":"","yoast_wpseo_metadesc":"","yoast_wpseo_canonical":""},"_links":{"self":[{"href":"https:\/\/vof-news.eu\/de\/wp-json\/wp\/v2\/posts\/287383","targetHints":{"allow":["GET"]}}],"collection":[{"href":"https:\/\/vof-news.eu\/de\/wp-json\/wp\/v2\/posts"}],"about":[{"href":"https:\/\/vof-news.eu\/de\/wp-json\/wp\/v2\/types\/post"}],"author":[{"embeddable":true,"href":"https:\/\/vof-news.eu\/de\/wp-json\/wp\/v2\/users\/1"}],"replies":[{"embeddable":true,"href":"https:\/\/vof-news.eu\/de\/wp-json\/wp\/v2\/comments?post=287383"}],"version-history":[{"count":1,"href":"https:\/\/vof-news.eu\/de\/wp-json\/wp\/v2\/posts\/287383\/revisions"}],"predecessor-version":[{"id":287390,"href":"https:\/\/vof-news.eu\/de\/wp-json\/wp\/v2\/posts\/287383\/revisions\/287390"}],"wp:featuredmedia":[{"embeddable":true,"href":"https:\/\/vof-news.eu\/de\/wp-json\/wp\/v2\/media\/287384"}],"wp:attachment":[{"href":"https:\/\/vof-news.eu\/de\/wp-json\/wp\/v2\/media?parent=287383"}],"wp:term":[{"taxonomy":"category","embeddable":true,"href":"https:\/\/vof-news.eu\/de\/wp-json\/wp\/v2\/categories?post=287383"},{"taxonomy":"post_tag","embeddable":true,"href":"https:\/\/vof-news.eu\/de\/wp-json\/wp\/v2\/tags?post=287383"}],"curies":[{"name":"wp","href":"https:\/\/api.w.org\/{rel}","templated":true}]}}