{"id":287153,"date":"2025-10-17T05:30:20","date_gmt":"2025-10-17T02:30:20","guid":{"rendered":"https:\/\/vof-news.eu\/eu-beschliest-programm-zur-forderung-der-rustungsindustrie\/"},"modified":"2025-10-17T05:31:23","modified_gmt":"2025-10-17T02:31:23","slug":"eu-beschliest-programm-zur-forderung-der-rustungsindustrie","status":"publish","type":"post","link":"https:\/\/vof-news.eu\/de\/eu-beschliest-programm-zur-forderung-der-rustungsindustrie\/","title":{"rendered":"EU beschlie\u00dft Programm zur F\u00f6rderung der R\u00fcstungsindustrie"},"content":{"rendered":"<div>\n<p>Die <a href=\"https:\/\/www.zeit.de\/thema\/europaeische-union\" rel=\"nofollow\">EU<\/a> hat ein Programm zur <a href=\"https:\/\/www.zeit.de\/politik\/ausland\/2025-10\/europaeische-union-verteidigung-drohnen-abwehr-plan\" rel=\"nofollow\">F\u00f6rderung der<br \/>\neurop\u00e4ischen Verteidigungsf\u00e4higkeit<\/a>\u00a0beschlossen. Mit zun\u00e4chst 1,5<br \/>\nMilliarden Euro sollen Produktion und Lieferketten von <a href=\"https:\/\/www.zeit.de\/2025\/43\/drohnenabwehr-systeme-start-up-ruestungsindustrie-bundeswehr\" rel=\"nofollow\">R\u00fcstungsg\u00fctern<\/a>\u00a0ausgebaut werden, wie der Rat der EU am Donnerstag mitteilte. Neben einer<br \/>\n Verbesserung der Verteidigungsbereitschaft der <span><a href=\"https:\/\/www.zeit.de\/thema\/europaeische-union\" rel=\"nofollow\">EU<\/a><\/span> ziele das Programm<br \/>\nauch darauf ab, &#8222;die Zusammenarbeit mit der Ukraine im Bereich der<br \/>\n<a href=\"https:\/\/www.zeit.de\/thema\/ruestungsindustrie\" rel=\"nofollow\">Verteidigungsindustrie<\/a> zu unterst\u00fctzen&#8220;.\n<\/p>\n<p>Gem\u00e4\u00df der mit dem Europ\u00e4ischen Parlament<br \/>\ngetroffenen Vereinbarung gilt das Budget von 1,5 Milliarden Euro f\u00fcr den<br \/>\n Zeitraum von 2025 bis 2027. Davon sollen etwa 300 Millionen Euro in die<br \/>\n Zusammenarbeit mit der <span><a href=\"https:\/\/www.zeit.de\/politik\/ausland\/ukraine-krieg-news-liveblog\" rel=\"nofollow\">Ukraine<\/a><\/span> flie\u00dfen. EU-Kommissionspr\u00e4sidentin<br \/>\nUrsula von der Leyen begr\u00fc\u00dfte die Einigung auf das European Defence<br \/>\nIndustry Programme (Edip) als wichtigen Schritt hin zu einer EU, die<br \/>\n&#8222;bis 2030 verteidigungsbereit&#8220; ist.\n<\/p>\n<p>Lange Zeit hatte bei den Verhandlungen \u00fcber<br \/>\nEdip Unklarheit dar\u00fcber geherrscht, ob europ\u00e4ische R\u00fcstungskonzerne<br \/>\nbevorzugt werden sollten oder nicht. Einige Mitgliedstaaten wollten mit<br \/>\nden Geldern des Programms Material au\u00dferhalb der EU kaufen, insbesondere<br \/>\n in den <a href=\"https:\/\/www.zeit.de\/thema\/usa\" rel=\"nofollow\">USA<\/a>. Die Einigung erlaubt nun einen maximalen Anteil von\u00a035 Prozent an au\u00dferhalb der EU gekauftem Material. Derzeit bezieht die<br \/>\nEU mehr als 60 Prozent seiner Waffen von Nichtmitgliedstaaten, den<br \/>\nGro\u00dfteil aus den USA. Br\u00fcssel m\u00f6chte diesen Anteil auf 45 Prozent<br \/>\nsenken.\n<\/p>\n<p>\n<\/p>\n<\/div>\n","protected":false},"excerpt":{"rendered":"<p>Die EU hat ein Programm zur F\u00f6rderung der europ\u00e4ischen Verteidigungsf\u00e4higkeit\u00a0beschlossen. Mit zun\u00e4chst 1,5 Milliarden Euro sollen Produktion und Lieferketten von R\u00fcstungsg\u00fctern\u00a0ausgebaut werden, wie der Rat der EU am Donnerstag mitteilte. Neben einer Verbesserung der Verteidigungsbereitschaft der EU ziele das Programm auch darauf ab, &#8222;die Zusammenarbeit mit der Ukraine im Bereich der Verteidigungsindustrie zu unterst\u00fctzen&#8220;. Gem\u00e4\u00df<\/p>\n","protected":false},"author":1,"featured_media":287154,"comment_status":"open","ping_status":"open","sticky":false,"template":"","format":"standard","meta":{"footnotes":""},"categories":[116],"tags":[],"class_list":["post-287153","post","type-post","status-publish","format-standard","has-post-thumbnail","hentry","category-war-chronicles-de"],"acf":[],"yoast_head":"<!-- This site is optimized with the Yoast SEO plugin v22.9 - https:\/\/yoast.com\/wordpress\/plugins\/seo\/ -->\n<title>EU beschlie\u00dft Programm zur F\u00f6rderung der R\u00fcstungsindustrie - vof-news.eu<\/title>\n<meta name=\"description\" content=\"Die EU hat ein Programm zur F\u00f6rderung der\" \/>\n<meta name=\"robots\" content=\"noindex, follow, max-snippet:-1, max-image-preview:large, max-video-preview:-1\" \/>\n<meta property=\"og:locale\" content=\"de_DE\" \/>\n<meta property=\"og:type\" content=\"article\" \/>\n<meta property=\"og:title\" content=\"EU beschlie\u00dft Programm zur F\u00f6rderung der R\u00fcstungsindustrie - vof-news.eu\" \/>\n<meta property=\"og:description\" content=\"Die EU hat ein Programm zur F\u00f6rderung der\" \/>\n<meta property=\"og:url\" content=\"https:\/\/vof-news.eu\/de\/eu-beschliest-programm-zur-forderung-der-rustungsindustrie\/\" \/>\n<meta property=\"og:site_name\" content=\"vof-news.eu\" \/>\n<meta property=\"article:published_time\" content=\"2025-10-17T02:30:20+00:00\" \/>\n<meta property=\"article:modified_time\" content=\"2025-10-17T02:31:23+00:00\" \/>\n<meta property=\"og:image\" content=\"https:\/\/vof-news.eu\/wp-content\/uploads\/2025\/10\/wide__1000x562-53.jpg\" \/>\n\t<meta property=\"og:image:width\" content=\"1000\" \/>\n\t<meta property=\"og:image:height\" content=\"562\" \/>\n\t<meta property=\"og:image:type\" content=\"image\/jpeg\" \/>\n<meta name=\"author\" content=\"Author\" \/>\n<meta name=\"twitter:card\" content=\"summary_large_image\" \/>\n<meta name=\"twitter:label1\" content=\"Verfasst von\" \/>\n\t<meta name=\"twitter:data1\" content=\"Author\" \/>\n\t<meta name=\"twitter:label2\" content=\"Gesch\u00e4tzte Lesezeit\" \/>\n\t<meta name=\"twitter:data2\" content=\"1\u00a0Minute\" \/>\n<script type=\"application\/ld+json\" class=\"yoast-schema-graph\">{\"@context\":\"https:\/\/schema.org\",\"@graph\":[{\"@type\":\"WebPage\",\"@id\":\"https:\/\/vof-news.eu\/de\/eu-beschliest-programm-zur-forderung-der-rustungsindustrie\/\",\"url\":\"https:\/\/vof-news.eu\/de\/eu-beschliest-programm-zur-forderung-der-rustungsindustrie\/\",\"name\":\"EU beschlie\u00dft Programm zur F\u00f6rderung der R\u00fcstungsindustrie - vof-news.eu\",\"isPartOf\":{\"@id\":\"https:\/\/vof-news.eu\/de\/#website\"},\"primaryImageOfPage\":{\"@id\":\"https:\/\/vof-news.eu\/de\/eu-beschliest-programm-zur-forderung-der-rustungsindustrie\/#primaryimage\"},\"image\":{\"@id\":\"https:\/\/vof-news.eu\/de\/eu-beschliest-programm-zur-forderung-der-rustungsindustrie\/#primaryimage\"},\"thumbnailUrl\":\"https:\/\/vof-news.eu\/wp-content\/uploads\/2025\/10\/wide__1000x562-53.jpg\",\"datePublished\":\"2025-10-17T02:30:20+00:00\",\"dateModified\":\"2025-10-17T02:31:23+00:00\",\"author\":{\"@id\":\"https:\/\/vof-news.eu\/de\/#\/schema\/person\/f6a2a4309f0561835797fd8c19b333ed\"},\"description\":\"Die EU hat ein Programm zur F\u00f6rderung der\",\"breadcrumb\":{\"@id\":\"https:\/\/vof-news.eu\/de\/eu-beschliest-programm-zur-forderung-der-rustungsindustrie\/#breadcrumb\"},\"inLanguage\":\"de\",\"potentialAction\":[{\"@type\":\"ReadAction\",\"target\":[\"https:\/\/vof-news.eu\/de\/eu-beschliest-programm-zur-forderung-der-rustungsindustrie\/\"]}]},{\"@type\":\"ImageObject\",\"inLanguage\":\"de\",\"@id\":\"https:\/\/vof-news.eu\/de\/eu-beschliest-programm-zur-forderung-der-rustungsindustrie\/#primaryimage\",\"url\":\"https:\/\/vof-news.eu\/wp-content\/uploads\/2025\/10\/wide__1000x562-53.jpg\",\"contentUrl\":\"https:\/\/vof-news.eu\/wp-content\/uploads\/2025\/10\/wide__1000x562-53.jpg\",\"width\":1000,\"height\":562},{\"@type\":\"BreadcrumbList\",\"@id\":\"https:\/\/vof-news.eu\/de\/eu-beschliest-programm-zur-forderung-der-rustungsindustrie\/#breadcrumb\",\"itemListElement\":[{\"@type\":\"ListItem\",\"position\":1,\"name\":\"Home\",\"item\":\"https:\/\/vof-news.eu\/de\/\"},{\"@type\":\"ListItem\",\"position\":2,\"name\":\"EU beschlie\u00dft Programm zur F\u00f6rderung der R\u00fcstungsindustrie\"}]},{\"@type\":\"WebSite\",\"@id\":\"https:\/\/vof-news.eu\/de\/#website\",\"url\":\"https:\/\/vof-news.eu\/de\/\",\"name\":\"vof-news.eu\",\"description\":\"\",\"potentialAction\":[{\"@type\":\"SearchAction\",\"target\":{\"@type\":\"EntryPoint\",\"urlTemplate\":\"https:\/\/vof-news.eu\/de\/?s={search_term_string}\"},\"query-input\":\"required name=search_term_string\"}],\"inLanguage\":\"de\"},{\"@type\":\"Person\",\"@id\":\"https:\/\/vof-news.eu\/de\/#\/schema\/person\/f6a2a4309f0561835797fd8c19b333ed\",\"name\":\"Author\",\"image\":{\"@type\":\"ImageObject\",\"inLanguage\":\"de\",\"@id\":\"https:\/\/vof-news.eu\/de\/#\/schema\/person\/image\/\",\"url\":\"https:\/\/secure.gravatar.com\/avatar\/b67e614b1b25b3e9c0c239efdd2fde5ab015b5affd6f1c3c85911ca4b384e790?s=96&d=mm&r=g\",\"contentUrl\":\"https:\/\/secure.gravatar.com\/avatar\/b67e614b1b25b3e9c0c239efdd2fde5ab015b5affd6f1c3c85911ca4b384e790?s=96&d=mm&r=g\",\"caption\":\"Author\"},\"sameAs\":[\"http:\/\/vof-news.eu\"],\"url\":\"https:\/\/vof-news.eu\/de\/author\/zwt6qxnjulxbnyg\/\"}]}<\/script>\n<!-- \/ Yoast SEO plugin. -->","yoast_head_json":{"title":"EU beschlie\u00dft Programm zur F\u00f6rderung der R\u00fcstungsindustrie - vof-news.eu","description":"Die EU hat ein Programm zur F\u00f6rderung der","robots":{"index":"noindex","follow":"follow","max-snippet":"max-snippet:-1","max-image-preview":"max-image-preview:large","max-video-preview":"max-video-preview:-1"},"og_locale":"de_DE","og_type":"article","og_title":"EU beschlie\u00dft Programm zur F\u00f6rderung der R\u00fcstungsindustrie - vof-news.eu","og_description":"Die EU hat ein Programm zur F\u00f6rderung der","og_url":"https:\/\/vof-news.eu\/de\/eu-beschliest-programm-zur-forderung-der-rustungsindustrie\/","og_site_name":"vof-news.eu","article_published_time":"2025-10-17T02:30:20+00:00","article_modified_time":"2025-10-17T02:31:23+00:00","og_image":[{"width":1000,"height":562,"url":"https:\/\/vof-news.eu\/wp-content\/uploads\/2025\/10\/wide__1000x562-53.jpg","type":"image\/jpeg"}],"author":"Author","twitter_card":"summary_large_image","twitter_misc":{"Verfasst von":"Author","Gesch\u00e4tzte Lesezeit":"1\u00a0Minute"},"schema":{"@context":"https:\/\/schema.org","@graph":[{"@type":"WebPage","@id":"https:\/\/vof-news.eu\/de\/eu-beschliest-programm-zur-forderung-der-rustungsindustrie\/","url":"https:\/\/vof-news.eu\/de\/eu-beschliest-programm-zur-forderung-der-rustungsindustrie\/","name":"EU beschlie\u00dft Programm zur F\u00f6rderung der R\u00fcstungsindustrie - vof-news.eu","isPartOf":{"@id":"https:\/\/vof-news.eu\/de\/#website"},"primaryImageOfPage":{"@id":"https:\/\/vof-news.eu\/de\/eu-beschliest-programm-zur-forderung-der-rustungsindustrie\/#primaryimage"},"image":{"@id":"https:\/\/vof-news.eu\/de\/eu-beschliest-programm-zur-forderung-der-rustungsindustrie\/#primaryimage"},"thumbnailUrl":"https:\/\/vof-news.eu\/wp-content\/uploads\/2025\/10\/wide__1000x562-53.jpg","datePublished":"2025-10-17T02:30:20+00:00","dateModified":"2025-10-17T02:31:23+00:00","author":{"@id":"https:\/\/vof-news.eu\/de\/#\/schema\/person\/f6a2a4309f0561835797fd8c19b333ed"},"description":"Die EU hat ein Programm zur F\u00f6rderung der","breadcrumb":{"@id":"https:\/\/vof-news.eu\/de\/eu-beschliest-programm-zur-forderung-der-rustungsindustrie\/#breadcrumb"},"inLanguage":"de","potentialAction":[{"@type":"ReadAction","target":["https:\/\/vof-news.eu\/de\/eu-beschliest-programm-zur-forderung-der-rustungsindustrie\/"]}]},{"@type":"ImageObject","inLanguage":"de","@id":"https:\/\/vof-news.eu\/de\/eu-beschliest-programm-zur-forderung-der-rustungsindustrie\/#primaryimage","url":"https:\/\/vof-news.eu\/wp-content\/uploads\/2025\/10\/wide__1000x562-53.jpg","contentUrl":"https:\/\/vof-news.eu\/wp-content\/uploads\/2025\/10\/wide__1000x562-53.jpg","width":1000,"height":562},{"@type":"BreadcrumbList","@id":"https:\/\/vof-news.eu\/de\/eu-beschliest-programm-zur-forderung-der-rustungsindustrie\/#breadcrumb","itemListElement":[{"@type":"ListItem","position":1,"name":"Home","item":"https:\/\/vof-news.eu\/de\/"},{"@type":"ListItem","position":2,"name":"EU beschlie\u00dft Programm zur F\u00f6rderung der R\u00fcstungsindustrie"}]},{"@type":"WebSite","@id":"https:\/\/vof-news.eu\/de\/#website","url":"https:\/\/vof-news.eu\/de\/","name":"vof-news.eu","description":"","potentialAction":[{"@type":"SearchAction","target":{"@type":"EntryPoint","urlTemplate":"https:\/\/vof-news.eu\/de\/?s={search_term_string}"},"query-input":"required name=search_term_string"}],"inLanguage":"de"},{"@type":"Person","@id":"https:\/\/vof-news.eu\/de\/#\/schema\/person\/f6a2a4309f0561835797fd8c19b333ed","name":"Author","image":{"@type":"ImageObject","inLanguage":"de","@id":"https:\/\/vof-news.eu\/de\/#\/schema\/person\/image\/","url":"https:\/\/secure.gravatar.com\/avatar\/b67e614b1b25b3e9c0c239efdd2fde5ab015b5affd6f1c3c85911ca4b384e790?s=96&d=mm&r=g","contentUrl":"https:\/\/secure.gravatar.com\/avatar\/b67e614b1b25b3e9c0c239efdd2fde5ab015b5affd6f1c3c85911ca4b384e790?s=96&d=mm&r=g","caption":"Author"},"sameAs":["http:\/\/vof-news.eu"],"url":"https:\/\/vof-news.eu\/de\/author\/zwt6qxnjulxbnyg\/"}]}},"yoast_meta":{"yoast_wpseo_title":"","yoast_wpseo_metadesc":"","yoast_wpseo_canonical":""},"_links":{"self":[{"href":"https:\/\/vof-news.eu\/de\/wp-json\/wp\/v2\/posts\/287153","targetHints":{"allow":["GET"]}}],"collection":[{"href":"https:\/\/vof-news.eu\/de\/wp-json\/wp\/v2\/posts"}],"about":[{"href":"https:\/\/vof-news.eu\/de\/wp-json\/wp\/v2\/types\/post"}],"author":[{"embeddable":true,"href":"https:\/\/vof-news.eu\/de\/wp-json\/wp\/v2\/users\/1"}],"replies":[{"embeddable":true,"href":"https:\/\/vof-news.eu\/de\/wp-json\/wp\/v2\/comments?post=287153"}],"version-history":[{"count":1,"href":"https:\/\/vof-news.eu\/de\/wp-json\/wp\/v2\/posts\/287153\/revisions"}],"predecessor-version":[{"id":287160,"href":"https:\/\/vof-news.eu\/de\/wp-json\/wp\/v2\/posts\/287153\/revisions\/287160"}],"wp:featuredmedia":[{"embeddable":true,"href":"https:\/\/vof-news.eu\/de\/wp-json\/wp\/v2\/media\/287154"}],"wp:attachment":[{"href":"https:\/\/vof-news.eu\/de\/wp-json\/wp\/v2\/media?parent=287153"}],"wp:term":[{"taxonomy":"category","embeddable":true,"href":"https:\/\/vof-news.eu\/de\/wp-json\/wp\/v2\/categories?post=287153"},{"taxonomy":"post_tag","embeddable":true,"href":"https:\/\/vof-news.eu\/de\/wp-json\/wp\/v2\/tags?post=287153"}],"curies":[{"name":"wp","href":"https:\/\/api.w.org\/{rel}","templated":true}]}}