{"id":286990,"date":"2025-10-16T17:29:51","date_gmt":"2025-10-16T14:29:51","guid":{"rendered":"https:\/\/vof-news.eu\/eu-kommission-stellt-plane-fur-europaische-aufrustung-vor\/"},"modified":"2025-10-16T17:31:23","modified_gmt":"2025-10-16T14:31:23","slug":"eu-kommission-stellt-plane-fur-europaische-aufrustung-vor","status":"publish","type":"post","link":"https:\/\/vof-news.eu\/de\/eu-kommission-stellt-plane-fur-europaische-aufrustung-vor\/","title":{"rendered":"EU-Kommission stellt Pl\u00e4ne f\u00fcr europ\u00e4ische Aufr\u00fcstung vor"},"content":{"rendered":"<div>\n<p>Die <a href=\"https:\/\/www.zeit.de\/thema\/eu-kommission\" rel=\"nofollow\">EU-Kommission<\/a> hat vier Leitprojekte vorgestellt, um die europ\u00e4ische Verteidigungsf\u00e4higkeit zu verbessern. Dazu geh\u00f6ren eine Drohnenabwehr-Initiative (Eddi), eine umfassende Sicherung der \u00f6stlichen EU-Au\u00dfengrenzen, ein europ\u00e4ischer Luftschutz sowie ein Weltraumschutzschild. Ziel sei es, Europa bis 2030 verteidigungsbereit zu machen. &#8222;Die Gefahr wird auch nach dem Ende des <a href=\"https:\/\/www.zeit.de\/thema\/krieg-in-ukraine\" rel=\"nofollow\">Krieges in der Ukraine<\/a> nicht verschwinden&#8220;, sagte die EU-Au\u00dfenbeauftragte Kaja Kallas in Br\u00fcssel. &#8222;Es ist klar, dass wir unsere Verteidigung gegen Russland verst\u00e4rken m\u00fcssen.&#8220;\n<\/p>\n<p>Als besonders dringlich stuft die Kommission den geplanten &#8222;Drohnenwall&#8220; und die als &#8222;Eastern Flank Watch&#8220; bezeichnete Sicherung der Ostgrenze ein. Neben bodengest\u00fctzten Systemen ist auch die maritime Sicherheit der Ostsee und des Schwarzen Meers Teil der Planungen. Dabei sollen nicht nur die \u00f6stlichen Grenzl\u00e4nder, sondern die gesamte <a href=\"https:\/\/www.zeit.de\/thema\/europaeische-union\" rel=\"nofollow\">EU<\/a> gesch\u00fctzt werden. Zugleich reagiert die <span><a href=\"https:\/\/www.zeit.de\/thema\/europaeische-union\" rel=\"nofollow\">EU<\/a><\/span> damit auf die Bedrohung durch die sogenannte russische Schattenflotte. Beide Projekte sollen bis Ende des n\u00e4chsten Jahres eine erste Einsatzf\u00e4higkeit erreichen. Die Drohnenabwehr soll ein Jahr sp\u00e4ter voll funktionsf\u00e4hig sein, die Befestigung der Ostgrenze bis Ende 2028.\u00a0\n<\/p>\n<p>Deutschland hat nach Angaben von <a href=\"https:\/\/www.zeit.de\/thema\/boris-pistorius\" rel=\"nofollow\">Verteidigungsminister Boris Pistorius (SPD)<\/a> angeboten, beim geplanten &#8222;European Air Shield&#8220; die F\u00fchrungsrolle zu \u00fcbernehmen. Nach Informationen der Nachrichtenagentur dpa soll dabei ein mehrstufiges Flugabwehrsystem entstehen, das mit Nato-Strukturen kompatibel ist. Es soll von Raketen bis hin zu <span><a href=\"https:\/\/www.zeit.de\/thema\/drohne\" rel=\"nofollow\">Drohnen<\/a><\/span> ein breites Spektrum an Bedrohungen abwehren k\u00f6nnen.\u00a0\n<\/p>\n<p>Das geplante Weltraumschutzschild diene der Verteidigung europ\u00e4ischer Weltraumressourcen und -dienste, hie\u00df es.\n<\/p>\n<h2>Zustimmung der Staats- und Regierungschefs steht noch aus<\/h2>\n<p><a href=\"https:\/\/www.zeit.de\/thema\/ursula-von-der-leyen\" rel=\"nofollow\">EU-Kommissionspr\u00e4sidentin Ursula von der Leyen <\/a>sprach von einem &#8222;klaren Plan mit gemeinsamen Zielen und konkreten Meilensteinen&#8220;. Die Vorschl\u00e4ge w\u00fcrden die europ\u00e4ische R\u00fcstungsindustrie st\u00e4rken, die Produktion beschleunigen und zugleich die Unterst\u00fctzung der <span><a href=\"https:\/\/www.zeit.de\/politik\/ausland\/ukraine-krieg-news-liveblog\" rel=\"nofollow\">Ukraine<\/a><\/span> absichern.\u00a0\n<\/p>\n<p>Die 27 Staats- und Regierungschefs m\u00fcssen die Vorschl\u00e4ge noch billigen. Auf ihrem Gipfel in der kommenden Woche wollen sie \u00fcber die Leitprojekte beraten und festlegen, welche Mitgliedstaaten die Koordination \u00fcbernehmen. Die Pl\u00e4ne spiegeln nicht nur die Sorge vor weiteren Angriffen Russlands wider, sondern auch den Druck aus Washington: US-Pr\u00e4sident Donald Trump fordert seit Monaten, Europa m\u00fcsse st\u00e4rker in seine eigene Verteidigung investieren.\n<\/p>\n<\/div>\n","protected":false},"excerpt":{"rendered":"<p>Die EU-Kommission hat vier Leitprojekte vorgestellt, um die europ\u00e4ische Verteidigungsf\u00e4higkeit zu verbessern. Dazu geh\u00f6ren eine Drohnenabwehr-Initiative (Eddi), eine umfassende Sicherung der \u00f6stlichen EU-Au\u00dfengrenzen, ein europ\u00e4ischer Luftschutz sowie ein Weltraumschutzschild. Ziel sei es, Europa bis 2030 verteidigungsbereit zu machen. &#8222;Die Gefahr wird auch nach dem Ende des Krieges in der Ukraine nicht verschwinden&#8220;, sagte die EU-Au\u00dfenbeauftragte<\/p>\n","protected":false},"author":1,"featured_media":286991,"comment_status":"open","ping_status":"open","sticky":false,"template":"","format":"standard","meta":{"footnotes":""},"categories":[116],"tags":[],"class_list":["post-286990","post","type-post","status-publish","format-standard","has-post-thumbnail","hentry","category-war-chronicles-de"],"acf":[],"yoast_head":"<!-- This site is optimized with the Yoast SEO plugin v22.9 - https:\/\/yoast.com\/wordpress\/plugins\/seo\/ -->\n<title>EU-Kommission stellt Pl\u00e4ne f\u00fcr europ\u00e4ische Aufr\u00fcstung vor - vof-news.eu<\/title>\n<meta name=\"description\" content=\"Die EU-Kommission hat vier Leitprojekte vorgestellt, um die europ\u00e4ische Verteidigungsf\u00e4higkeit zu verbessern. Dazu geh\u00f6ren eine Drohnenabwehr-Initiative (Eddi), eine umfassende Sicherung der \u00f6stlichen EU-Au\u00dfengrenzen, ein europ\u00e4ischer Luftschutz sowie ein Weltraumschutzschild. Ziel sei es, Europa bis 2030 verteidigungsbereit zu machen. &quot;Die Gefahr wird auch nach dem Ende des Krieges in der Ukraine nicht verschwinden&quot;, sagte die EU-Au\u00dfenbeauftragte Kaja Kallas in Br\u00fcssel. &quot;Es ist klar, dass wir unsere Verteidigung gegen Russland verst\u00e4rken m\u00fcssen.&quot;\" \/>\n<meta name=\"robots\" content=\"noindex, follow, max-snippet:-1, max-image-preview:large, max-video-preview:-1\" \/>\n<meta property=\"og:locale\" content=\"de_DE\" \/>\n<meta property=\"og:type\" content=\"article\" \/>\n<meta property=\"og:title\" content=\"EU-Kommission stellt Pl\u00e4ne f\u00fcr europ\u00e4ische Aufr\u00fcstung vor - vof-news.eu\" \/>\n<meta property=\"og:description\" content=\"Die EU-Kommission hat vier Leitprojekte vorgestellt, um die europ\u00e4ische Verteidigungsf\u00e4higkeit zu verbessern. Dazu geh\u00f6ren eine Drohnenabwehr-Initiative (Eddi), eine umfassende Sicherung der \u00f6stlichen EU-Au\u00dfengrenzen, ein europ\u00e4ischer Luftschutz sowie ein Weltraumschutzschild. Ziel sei es, Europa bis 2030 verteidigungsbereit zu machen. &quot;Die Gefahr wird auch nach dem Ende des Krieges in der Ukraine nicht verschwinden&quot;, sagte die EU-Au\u00dfenbeauftragte Kaja Kallas in Br\u00fcssel. &quot;Es ist klar, dass wir unsere Verteidigung gegen Russland verst\u00e4rken m\u00fcssen.&quot;\" \/>\n<meta property=\"og:url\" content=\"https:\/\/vof-news.eu\/de\/eu-kommission-stellt-plane-fur-europaische-aufrustung-vor\/\" \/>\n<meta property=\"og:site_name\" content=\"vof-news.eu\" \/>\n<meta property=\"article:published_time\" content=\"2025-10-16T14:29:51+00:00\" \/>\n<meta property=\"article:modified_time\" content=\"2025-10-16T14:31:23+00:00\" \/>\n<meta property=\"og:image\" content=\"https:\/\/vof-news.eu\/wp-content\/uploads\/2025\/10\/wide__1000x562-50.jpg\" \/>\n\t<meta property=\"og:image:width\" content=\"1000\" \/>\n\t<meta property=\"og:image:height\" content=\"562\" \/>\n\t<meta property=\"og:image:type\" content=\"image\/jpeg\" \/>\n<meta name=\"author\" content=\"Author\" \/>\n<meta name=\"twitter:card\" content=\"summary_large_image\" \/>\n<meta name=\"twitter:label1\" content=\"Verfasst von\" \/>\n\t<meta name=\"twitter:data1\" content=\"Author\" \/>\n\t<meta name=\"twitter:label2\" content=\"Gesch\u00e4tzte Lesezeit\" \/>\n\t<meta name=\"twitter:data2\" content=\"2\u00a0Minuten\" \/>\n<script type=\"application\/ld+json\" class=\"yoast-schema-graph\">{\"@context\":\"https:\/\/schema.org\",\"@graph\":[{\"@type\":\"WebPage\",\"@id\":\"https:\/\/vof-news.eu\/de\/eu-kommission-stellt-plane-fur-europaische-aufrustung-vor\/\",\"url\":\"https:\/\/vof-news.eu\/de\/eu-kommission-stellt-plane-fur-europaische-aufrustung-vor\/\",\"name\":\"EU-Kommission stellt Pl\u00e4ne f\u00fcr europ\u00e4ische Aufr\u00fcstung vor - vof-news.eu\",\"isPartOf\":{\"@id\":\"https:\/\/vof-news.eu\/de\/#website\"},\"primaryImageOfPage\":{\"@id\":\"https:\/\/vof-news.eu\/de\/eu-kommission-stellt-plane-fur-europaische-aufrustung-vor\/#primaryimage\"},\"image\":{\"@id\":\"https:\/\/vof-news.eu\/de\/eu-kommission-stellt-plane-fur-europaische-aufrustung-vor\/#primaryimage\"},\"thumbnailUrl\":\"https:\/\/vof-news.eu\/wp-content\/uploads\/2025\/10\/wide__1000x562-50.jpg\",\"datePublished\":\"2025-10-16T14:29:51+00:00\",\"dateModified\":\"2025-10-16T14:31:23+00:00\",\"author\":{\"@id\":\"https:\/\/vof-news.eu\/de\/#\/schema\/person\/f6a2a4309f0561835797fd8c19b333ed\"},\"description\":\"Die EU-Kommission hat vier Leitprojekte vorgestellt, um die europ\u00e4ische Verteidigungsf\u00e4higkeit zu verbessern. Dazu geh\u00f6ren eine Drohnenabwehr-Initiative (Eddi), eine umfassende Sicherung der \u00f6stlichen EU-Au\u00dfengrenzen, ein europ\u00e4ischer Luftschutz sowie ein Weltraumschutzschild. Ziel sei es, Europa bis 2030 verteidigungsbereit zu machen. \\\"Die Gefahr wird auch nach dem Ende des Krieges in der Ukraine nicht verschwinden\\\", sagte die EU-Au\u00dfenbeauftragte Kaja Kallas in Br\u00fcssel. \\\"Es ist klar, dass wir unsere Verteidigung gegen Russland verst\u00e4rken m\u00fcssen.\\\"\",\"breadcrumb\":{\"@id\":\"https:\/\/vof-news.eu\/de\/eu-kommission-stellt-plane-fur-europaische-aufrustung-vor\/#breadcrumb\"},\"inLanguage\":\"de\",\"potentialAction\":[{\"@type\":\"ReadAction\",\"target\":[\"https:\/\/vof-news.eu\/de\/eu-kommission-stellt-plane-fur-europaische-aufrustung-vor\/\"]}]},{\"@type\":\"ImageObject\",\"inLanguage\":\"de\",\"@id\":\"https:\/\/vof-news.eu\/de\/eu-kommission-stellt-plane-fur-europaische-aufrustung-vor\/#primaryimage\",\"url\":\"https:\/\/vof-news.eu\/wp-content\/uploads\/2025\/10\/wide__1000x562-50.jpg\",\"contentUrl\":\"https:\/\/vof-news.eu\/wp-content\/uploads\/2025\/10\/wide__1000x562-50.jpg\",\"width\":1000,\"height\":562},{\"@type\":\"BreadcrumbList\",\"@id\":\"https:\/\/vof-news.eu\/de\/eu-kommission-stellt-plane-fur-europaische-aufrustung-vor\/#breadcrumb\",\"itemListElement\":[{\"@type\":\"ListItem\",\"position\":1,\"name\":\"Home\",\"item\":\"https:\/\/vof-news.eu\/de\/\"},{\"@type\":\"ListItem\",\"position\":2,\"name\":\"EU-Kommission stellt Pl\u00e4ne f\u00fcr europ\u00e4ische Aufr\u00fcstung vor\"}]},{\"@type\":\"WebSite\",\"@id\":\"https:\/\/vof-news.eu\/de\/#website\",\"url\":\"https:\/\/vof-news.eu\/de\/\",\"name\":\"vof-news.eu\",\"description\":\"\",\"potentialAction\":[{\"@type\":\"SearchAction\",\"target\":{\"@type\":\"EntryPoint\",\"urlTemplate\":\"https:\/\/vof-news.eu\/de\/?s={search_term_string}\"},\"query-input\":\"required name=search_term_string\"}],\"inLanguage\":\"de\"},{\"@type\":\"Person\",\"@id\":\"https:\/\/vof-news.eu\/de\/#\/schema\/person\/f6a2a4309f0561835797fd8c19b333ed\",\"name\":\"Author\",\"image\":{\"@type\":\"ImageObject\",\"inLanguage\":\"de\",\"@id\":\"https:\/\/vof-news.eu\/de\/#\/schema\/person\/image\/\",\"url\":\"https:\/\/secure.gravatar.com\/avatar\/b67e614b1b25b3e9c0c239efdd2fde5ab015b5affd6f1c3c85911ca4b384e790?s=96&d=mm&r=g\",\"contentUrl\":\"https:\/\/secure.gravatar.com\/avatar\/b67e614b1b25b3e9c0c239efdd2fde5ab015b5affd6f1c3c85911ca4b384e790?s=96&d=mm&r=g\",\"caption\":\"Author\"},\"sameAs\":[\"http:\/\/vof-news.eu\"],\"url\":\"https:\/\/vof-news.eu\/de\/author\/zwt6qxnjulxbnyg\/\"}]}<\/script>\n<!-- \/ Yoast SEO plugin. -->","yoast_head_json":{"title":"EU-Kommission stellt Pl\u00e4ne f\u00fcr europ\u00e4ische Aufr\u00fcstung vor - vof-news.eu","description":"Die EU-Kommission hat vier Leitprojekte vorgestellt, um die europ\u00e4ische Verteidigungsf\u00e4higkeit zu verbessern. Dazu geh\u00f6ren eine Drohnenabwehr-Initiative (Eddi), eine umfassende Sicherung der \u00f6stlichen EU-Au\u00dfengrenzen, ein europ\u00e4ischer Luftschutz sowie ein Weltraumschutzschild. Ziel sei es, Europa bis 2030 verteidigungsbereit zu machen. \"Die Gefahr wird auch nach dem Ende des Krieges in der Ukraine nicht verschwinden\", sagte die EU-Au\u00dfenbeauftragte Kaja Kallas in Br\u00fcssel. \"Es ist klar, dass wir unsere Verteidigung gegen Russland verst\u00e4rken m\u00fcssen.\"","robots":{"index":"noindex","follow":"follow","max-snippet":"max-snippet:-1","max-image-preview":"max-image-preview:large","max-video-preview":"max-video-preview:-1"},"og_locale":"de_DE","og_type":"article","og_title":"EU-Kommission stellt Pl\u00e4ne f\u00fcr europ\u00e4ische Aufr\u00fcstung vor - vof-news.eu","og_description":"Die EU-Kommission hat vier Leitprojekte vorgestellt, um die europ\u00e4ische Verteidigungsf\u00e4higkeit zu verbessern. Dazu geh\u00f6ren eine Drohnenabwehr-Initiative (Eddi), eine umfassende Sicherung der \u00f6stlichen EU-Au\u00dfengrenzen, ein europ\u00e4ischer Luftschutz sowie ein Weltraumschutzschild. Ziel sei es, Europa bis 2030 verteidigungsbereit zu machen. \"Die Gefahr wird auch nach dem Ende des Krieges in der Ukraine nicht verschwinden\", sagte die EU-Au\u00dfenbeauftragte Kaja Kallas in Br\u00fcssel. \"Es ist klar, dass wir unsere Verteidigung gegen Russland verst\u00e4rken m\u00fcssen.\"","og_url":"https:\/\/vof-news.eu\/de\/eu-kommission-stellt-plane-fur-europaische-aufrustung-vor\/","og_site_name":"vof-news.eu","article_published_time":"2025-10-16T14:29:51+00:00","article_modified_time":"2025-10-16T14:31:23+00:00","og_image":[{"width":1000,"height":562,"url":"https:\/\/vof-news.eu\/wp-content\/uploads\/2025\/10\/wide__1000x562-50.jpg","type":"image\/jpeg"}],"author":"Author","twitter_card":"summary_large_image","twitter_misc":{"Verfasst von":"Author","Gesch\u00e4tzte Lesezeit":"2\u00a0Minuten"},"schema":{"@context":"https:\/\/schema.org","@graph":[{"@type":"WebPage","@id":"https:\/\/vof-news.eu\/de\/eu-kommission-stellt-plane-fur-europaische-aufrustung-vor\/","url":"https:\/\/vof-news.eu\/de\/eu-kommission-stellt-plane-fur-europaische-aufrustung-vor\/","name":"EU-Kommission stellt Pl\u00e4ne f\u00fcr europ\u00e4ische Aufr\u00fcstung vor - vof-news.eu","isPartOf":{"@id":"https:\/\/vof-news.eu\/de\/#website"},"primaryImageOfPage":{"@id":"https:\/\/vof-news.eu\/de\/eu-kommission-stellt-plane-fur-europaische-aufrustung-vor\/#primaryimage"},"image":{"@id":"https:\/\/vof-news.eu\/de\/eu-kommission-stellt-plane-fur-europaische-aufrustung-vor\/#primaryimage"},"thumbnailUrl":"https:\/\/vof-news.eu\/wp-content\/uploads\/2025\/10\/wide__1000x562-50.jpg","datePublished":"2025-10-16T14:29:51+00:00","dateModified":"2025-10-16T14:31:23+00:00","author":{"@id":"https:\/\/vof-news.eu\/de\/#\/schema\/person\/f6a2a4309f0561835797fd8c19b333ed"},"description":"Die EU-Kommission hat vier Leitprojekte vorgestellt, um die europ\u00e4ische Verteidigungsf\u00e4higkeit zu verbessern. Dazu geh\u00f6ren eine Drohnenabwehr-Initiative (Eddi), eine umfassende Sicherung der \u00f6stlichen EU-Au\u00dfengrenzen, ein europ\u00e4ischer Luftschutz sowie ein Weltraumschutzschild. Ziel sei es, Europa bis 2030 verteidigungsbereit zu machen. \"Die Gefahr wird auch nach dem Ende des Krieges in der Ukraine nicht verschwinden\", sagte die EU-Au\u00dfenbeauftragte Kaja Kallas in Br\u00fcssel. \"Es ist klar, dass wir unsere Verteidigung gegen Russland verst\u00e4rken m\u00fcssen.\"","breadcrumb":{"@id":"https:\/\/vof-news.eu\/de\/eu-kommission-stellt-plane-fur-europaische-aufrustung-vor\/#breadcrumb"},"inLanguage":"de","potentialAction":[{"@type":"ReadAction","target":["https:\/\/vof-news.eu\/de\/eu-kommission-stellt-plane-fur-europaische-aufrustung-vor\/"]}]},{"@type":"ImageObject","inLanguage":"de","@id":"https:\/\/vof-news.eu\/de\/eu-kommission-stellt-plane-fur-europaische-aufrustung-vor\/#primaryimage","url":"https:\/\/vof-news.eu\/wp-content\/uploads\/2025\/10\/wide__1000x562-50.jpg","contentUrl":"https:\/\/vof-news.eu\/wp-content\/uploads\/2025\/10\/wide__1000x562-50.jpg","width":1000,"height":562},{"@type":"BreadcrumbList","@id":"https:\/\/vof-news.eu\/de\/eu-kommission-stellt-plane-fur-europaische-aufrustung-vor\/#breadcrumb","itemListElement":[{"@type":"ListItem","position":1,"name":"Home","item":"https:\/\/vof-news.eu\/de\/"},{"@type":"ListItem","position":2,"name":"EU-Kommission stellt Pl\u00e4ne f\u00fcr europ\u00e4ische Aufr\u00fcstung vor"}]},{"@type":"WebSite","@id":"https:\/\/vof-news.eu\/de\/#website","url":"https:\/\/vof-news.eu\/de\/","name":"vof-news.eu","description":"","potentialAction":[{"@type":"SearchAction","target":{"@type":"EntryPoint","urlTemplate":"https:\/\/vof-news.eu\/de\/?s={search_term_string}"},"query-input":"required name=search_term_string"}],"inLanguage":"de"},{"@type":"Person","@id":"https:\/\/vof-news.eu\/de\/#\/schema\/person\/f6a2a4309f0561835797fd8c19b333ed","name":"Author","image":{"@type":"ImageObject","inLanguage":"de","@id":"https:\/\/vof-news.eu\/de\/#\/schema\/person\/image\/","url":"https:\/\/secure.gravatar.com\/avatar\/b67e614b1b25b3e9c0c239efdd2fde5ab015b5affd6f1c3c85911ca4b384e790?s=96&d=mm&r=g","contentUrl":"https:\/\/secure.gravatar.com\/avatar\/b67e614b1b25b3e9c0c239efdd2fde5ab015b5affd6f1c3c85911ca4b384e790?s=96&d=mm&r=g","caption":"Author"},"sameAs":["http:\/\/vof-news.eu"],"url":"https:\/\/vof-news.eu\/de\/author\/zwt6qxnjulxbnyg\/"}]}},"yoast_meta":{"yoast_wpseo_title":"","yoast_wpseo_metadesc":"","yoast_wpseo_canonical":""},"_links":{"self":[{"href":"https:\/\/vof-news.eu\/de\/wp-json\/wp\/v2\/posts\/286990","targetHints":{"allow":["GET"]}}],"collection":[{"href":"https:\/\/vof-news.eu\/de\/wp-json\/wp\/v2\/posts"}],"about":[{"href":"https:\/\/vof-news.eu\/de\/wp-json\/wp\/v2\/types\/post"}],"author":[{"embeddable":true,"href":"https:\/\/vof-news.eu\/de\/wp-json\/wp\/v2\/users\/1"}],"replies":[{"embeddable":true,"href":"https:\/\/vof-news.eu\/de\/wp-json\/wp\/v2\/comments?post=286990"}],"version-history":[{"count":1,"href":"https:\/\/vof-news.eu\/de\/wp-json\/wp\/v2\/posts\/286990\/revisions"}],"predecessor-version":[{"id":286997,"href":"https:\/\/vof-news.eu\/de\/wp-json\/wp\/v2\/posts\/286990\/revisions\/286997"}],"wp:featuredmedia":[{"embeddable":true,"href":"https:\/\/vof-news.eu\/de\/wp-json\/wp\/v2\/media\/286991"}],"wp:attachment":[{"href":"https:\/\/vof-news.eu\/de\/wp-json\/wp\/v2\/media?parent=286990"}],"wp:term":[{"taxonomy":"category","embeddable":true,"href":"https:\/\/vof-news.eu\/de\/wp-json\/wp\/v2\/categories?post=286990"},{"taxonomy":"post_tag","embeddable":true,"href":"https:\/\/vof-news.eu\/de\/wp-json\/wp\/v2\/tags?post=286990"}],"curies":[{"name":"wp","href":"https:\/\/api.w.org\/{rel}","templated":true}]}}