{"id":286520,"date":"2025-10-15T15:28:13","date_gmt":"2025-10-15T12:28:13","guid":{"rendered":"https:\/\/vof-news.eu\/selenskyj-setzt-militarverwaltung-fur-odessa-ein\/"},"modified":"2025-10-15T15:29:19","modified_gmt":"2025-10-15T12:29:19","slug":"selenskyj-setzt-militarverwaltung-fur-odessa-ein","status":"publish","type":"post","link":"https:\/\/vof-news.eu\/de\/selenskyj-setzt-militarverwaltung-fur-odessa-ein\/","title":{"rendered":"Selenskyj setzt Milit\u00e4rverwaltung f\u00fcr Odessa ein"},"content":{"rendered":"<div>\n<p>Die ukrainische Stadt <span><a href=\"https:\/\/www.zeit.de\/thema\/odessa\" rel=\"nofollow\">Odessa<\/a><\/span> steht ab sofort unter einer Milit\u00e4rverwaltung. Pr\u00e4sident Wolodymyr Selenskyj entschied dies per Dekret und ernannte\u00a0Serhij Lyssak zum Verwaltungschef. Er war zuvor Milit\u00e4rgouverneur der Region Dnipropetrowsk gewesen.\n<\/p>\n<p>Dem vorherigen B\u00fcrgermeisters Hennadij Truchanow wirft <span><a href=\"https:\/\/www.zeit.de\/thema\/wolodymyr-selenskyj\" rel=\"nofollow\">Selenskyj<\/a><\/span> vor, die russische Staatsb\u00fcrgerschaft zu besitzen. Der ukrainische Pr\u00e4sident hatte ihm daraufhin die Staatsb\u00fcrgerschaft der Ukraine entzogen, wodurch Truchanow nicht mehr B\u00fcrgermeister Odessas sein kann.\n<\/p>\n<\/p>\n<\/div>\n","protected":false},"excerpt":{"rendered":"<p>Die ukrainische Stadt Odessa steht ab sofort unter einer Milit\u00e4rverwaltung. Pr\u00e4sident Wolodymyr Selenskyj entschied dies per Dekret und ernannte\u00a0Serhij Lyssak zum Verwaltungschef. Er war zuvor Milit\u00e4rgouverneur der Region Dnipropetrowsk gewesen. Dem vorherigen B\u00fcrgermeisters Hennadij Truchanow wirft Selenskyj vor, die russische Staatsb\u00fcrgerschaft zu besitzen. Der ukrainische Pr\u00e4sident hatte ihm daraufhin die Staatsb\u00fcrgerschaft der Ukraine entzogen, wodurch<\/p>\n","protected":false},"author":1,"featured_media":286521,"comment_status":"open","ping_status":"open","sticky":false,"template":"","format":"standard","meta":{"footnotes":""},"categories":[116],"tags":[],"class_list":["post-286520","post","type-post","status-publish","format-standard","has-post-thumbnail","hentry","category-war-chronicles-de"],"acf":[],"yoast_head":"<!-- This site is optimized with the Yoast SEO plugin v22.9 - https:\/\/yoast.com\/wordpress\/plugins\/seo\/ -->\n<title>Selenskyj setzt Milit\u00e4rverwaltung f\u00fcr Odessa ein - vof-news.eu<\/title>\n<meta name=\"description\" content=\"Die ukrainische Stadt Odessa steht ab sofort unter einer Milit\u00e4rverwaltung. Pr\u00e4sident Wolodymyr Selenskyj entschied dies per Dekret und ernannte\u00a0Serhij Lyssak zum Verwaltungschef. Er war zuvor Milit\u00e4rgouverneur der Region Dnipropetrowsk gewesen.\" \/>\n<meta name=\"robots\" content=\"noindex, follow, max-snippet:-1, max-image-preview:large, max-video-preview:-1\" \/>\n<meta property=\"og:locale\" content=\"de_DE\" \/>\n<meta property=\"og:type\" content=\"article\" \/>\n<meta property=\"og:title\" content=\"Selenskyj setzt Milit\u00e4rverwaltung f\u00fcr Odessa ein - vof-news.eu\" \/>\n<meta property=\"og:description\" content=\"Die ukrainische Stadt Odessa steht ab sofort unter einer Milit\u00e4rverwaltung. Pr\u00e4sident Wolodymyr Selenskyj entschied dies per Dekret und ernannte\u00a0Serhij Lyssak zum Verwaltungschef. Er war zuvor Milit\u00e4rgouverneur der Region Dnipropetrowsk gewesen.\" \/>\n<meta property=\"og:url\" content=\"https:\/\/vof-news.eu\/de\/selenskyj-setzt-militarverwaltung-fur-odessa-ein\/\" \/>\n<meta property=\"og:site_name\" content=\"vof-news.eu\" \/>\n<meta property=\"article:published_time\" content=\"2025-10-15T12:28:13+00:00\" \/>\n<meta property=\"article:modified_time\" content=\"2025-10-15T12:29:19+00:00\" \/>\n<meta property=\"og:image\" content=\"https:\/\/vof-news.eu\/wp-content\/uploads\/2025\/10\/wide__1000x562-44.jpg\" \/>\n\t<meta property=\"og:image:width\" content=\"1000\" \/>\n\t<meta property=\"og:image:height\" content=\"562\" \/>\n\t<meta property=\"og:image:type\" content=\"image\/jpeg\" \/>\n<meta name=\"author\" content=\"Author\" \/>\n<meta name=\"twitter:card\" content=\"summary_large_image\" \/>\n<meta name=\"twitter:label1\" content=\"Verfasst von\" \/>\n\t<meta name=\"twitter:data1\" content=\"Author\" \/>\n<script type=\"application\/ld+json\" class=\"yoast-schema-graph\">{\"@context\":\"https:\/\/schema.org\",\"@graph\":[{\"@type\":\"WebPage\",\"@id\":\"https:\/\/vof-news.eu\/de\/selenskyj-setzt-militarverwaltung-fur-odessa-ein\/\",\"url\":\"https:\/\/vof-news.eu\/de\/selenskyj-setzt-militarverwaltung-fur-odessa-ein\/\",\"name\":\"Selenskyj setzt Milit\u00e4rverwaltung f\u00fcr Odessa ein - vof-news.eu\",\"isPartOf\":{\"@id\":\"https:\/\/vof-news.eu\/de\/#website\"},\"primaryImageOfPage\":{\"@id\":\"https:\/\/vof-news.eu\/de\/selenskyj-setzt-militarverwaltung-fur-odessa-ein\/#primaryimage\"},\"image\":{\"@id\":\"https:\/\/vof-news.eu\/de\/selenskyj-setzt-militarverwaltung-fur-odessa-ein\/#primaryimage\"},\"thumbnailUrl\":\"https:\/\/vof-news.eu\/wp-content\/uploads\/2025\/10\/wide__1000x562-44.jpg\",\"datePublished\":\"2025-10-15T12:28:13+00:00\",\"dateModified\":\"2025-10-15T12:29:19+00:00\",\"author\":{\"@id\":\"https:\/\/vof-news.eu\/de\/#\/schema\/person\/f6a2a4309f0561835797fd8c19b333ed\"},\"description\":\"Die ukrainische Stadt Odessa steht ab sofort unter einer Milit\u00e4rverwaltung. Pr\u00e4sident Wolodymyr Selenskyj entschied dies per Dekret und ernannte\u00a0Serhij Lyssak zum Verwaltungschef. Er war zuvor Milit\u00e4rgouverneur der Region Dnipropetrowsk gewesen.\",\"breadcrumb\":{\"@id\":\"https:\/\/vof-news.eu\/de\/selenskyj-setzt-militarverwaltung-fur-odessa-ein\/#breadcrumb\"},\"inLanguage\":\"de\",\"potentialAction\":[{\"@type\":\"ReadAction\",\"target\":[\"https:\/\/vof-news.eu\/de\/selenskyj-setzt-militarverwaltung-fur-odessa-ein\/\"]}]},{\"@type\":\"ImageObject\",\"inLanguage\":\"de\",\"@id\":\"https:\/\/vof-news.eu\/de\/selenskyj-setzt-militarverwaltung-fur-odessa-ein\/#primaryimage\",\"url\":\"https:\/\/vof-news.eu\/wp-content\/uploads\/2025\/10\/wide__1000x562-44.jpg\",\"contentUrl\":\"https:\/\/vof-news.eu\/wp-content\/uploads\/2025\/10\/wide__1000x562-44.jpg\",\"width\":1000,\"height\":562},{\"@type\":\"BreadcrumbList\",\"@id\":\"https:\/\/vof-news.eu\/de\/selenskyj-setzt-militarverwaltung-fur-odessa-ein\/#breadcrumb\",\"itemListElement\":[{\"@type\":\"ListItem\",\"position\":1,\"name\":\"Home\",\"item\":\"https:\/\/vof-news.eu\/de\/\"},{\"@type\":\"ListItem\",\"position\":2,\"name\":\"Selenskyj setzt Milit\u00e4rverwaltung f\u00fcr Odessa ein\"}]},{\"@type\":\"WebSite\",\"@id\":\"https:\/\/vof-news.eu\/de\/#website\",\"url\":\"https:\/\/vof-news.eu\/de\/\",\"name\":\"vof-news.eu\",\"description\":\"\",\"potentialAction\":[{\"@type\":\"SearchAction\",\"target\":{\"@type\":\"EntryPoint\",\"urlTemplate\":\"https:\/\/vof-news.eu\/de\/?s={search_term_string}\"},\"query-input\":\"required name=search_term_string\"}],\"inLanguage\":\"de\"},{\"@type\":\"Person\",\"@id\":\"https:\/\/vof-news.eu\/de\/#\/schema\/person\/f6a2a4309f0561835797fd8c19b333ed\",\"name\":\"Author\",\"image\":{\"@type\":\"ImageObject\",\"inLanguage\":\"de\",\"@id\":\"https:\/\/vof-news.eu\/de\/#\/schema\/person\/image\/\",\"url\":\"https:\/\/secure.gravatar.com\/avatar\/b67e614b1b25b3e9c0c239efdd2fde5ab015b5affd6f1c3c85911ca4b384e790?s=96&d=mm&r=g\",\"contentUrl\":\"https:\/\/secure.gravatar.com\/avatar\/b67e614b1b25b3e9c0c239efdd2fde5ab015b5affd6f1c3c85911ca4b384e790?s=96&d=mm&r=g\",\"caption\":\"Author\"},\"sameAs\":[\"http:\/\/vof-news.eu\"],\"url\":\"https:\/\/vof-news.eu\/de\/author\/zwt6qxnjulxbnyg\/\"}]}<\/script>\n<!-- \/ Yoast SEO plugin. -->","yoast_head_json":{"title":"Selenskyj setzt Milit\u00e4rverwaltung f\u00fcr Odessa ein - vof-news.eu","description":"Die ukrainische Stadt Odessa steht ab sofort unter einer Milit\u00e4rverwaltung. Pr\u00e4sident Wolodymyr Selenskyj entschied dies per Dekret und ernannte\u00a0Serhij Lyssak zum Verwaltungschef. Er war zuvor Milit\u00e4rgouverneur der Region Dnipropetrowsk gewesen.","robots":{"index":"noindex","follow":"follow","max-snippet":"max-snippet:-1","max-image-preview":"max-image-preview:large","max-video-preview":"max-video-preview:-1"},"og_locale":"de_DE","og_type":"article","og_title":"Selenskyj setzt Milit\u00e4rverwaltung f\u00fcr Odessa ein - vof-news.eu","og_description":"Die ukrainische Stadt Odessa steht ab sofort unter einer Milit\u00e4rverwaltung. Pr\u00e4sident Wolodymyr Selenskyj entschied dies per Dekret und ernannte\u00a0Serhij Lyssak zum Verwaltungschef. Er war zuvor Milit\u00e4rgouverneur der Region Dnipropetrowsk gewesen.","og_url":"https:\/\/vof-news.eu\/de\/selenskyj-setzt-militarverwaltung-fur-odessa-ein\/","og_site_name":"vof-news.eu","article_published_time":"2025-10-15T12:28:13+00:00","article_modified_time":"2025-10-15T12:29:19+00:00","og_image":[{"width":1000,"height":562,"url":"https:\/\/vof-news.eu\/wp-content\/uploads\/2025\/10\/wide__1000x562-44.jpg","type":"image\/jpeg"}],"author":"Author","twitter_card":"summary_large_image","twitter_misc":{"Verfasst von":"Author"},"schema":{"@context":"https:\/\/schema.org","@graph":[{"@type":"WebPage","@id":"https:\/\/vof-news.eu\/de\/selenskyj-setzt-militarverwaltung-fur-odessa-ein\/","url":"https:\/\/vof-news.eu\/de\/selenskyj-setzt-militarverwaltung-fur-odessa-ein\/","name":"Selenskyj setzt Milit\u00e4rverwaltung f\u00fcr Odessa ein - vof-news.eu","isPartOf":{"@id":"https:\/\/vof-news.eu\/de\/#website"},"primaryImageOfPage":{"@id":"https:\/\/vof-news.eu\/de\/selenskyj-setzt-militarverwaltung-fur-odessa-ein\/#primaryimage"},"image":{"@id":"https:\/\/vof-news.eu\/de\/selenskyj-setzt-militarverwaltung-fur-odessa-ein\/#primaryimage"},"thumbnailUrl":"https:\/\/vof-news.eu\/wp-content\/uploads\/2025\/10\/wide__1000x562-44.jpg","datePublished":"2025-10-15T12:28:13+00:00","dateModified":"2025-10-15T12:29:19+00:00","author":{"@id":"https:\/\/vof-news.eu\/de\/#\/schema\/person\/f6a2a4309f0561835797fd8c19b333ed"},"description":"Die ukrainische Stadt Odessa steht ab sofort unter einer Milit\u00e4rverwaltung. Pr\u00e4sident Wolodymyr Selenskyj entschied dies per Dekret und ernannte\u00a0Serhij Lyssak zum Verwaltungschef. Er war zuvor Milit\u00e4rgouverneur der Region Dnipropetrowsk gewesen.","breadcrumb":{"@id":"https:\/\/vof-news.eu\/de\/selenskyj-setzt-militarverwaltung-fur-odessa-ein\/#breadcrumb"},"inLanguage":"de","potentialAction":[{"@type":"ReadAction","target":["https:\/\/vof-news.eu\/de\/selenskyj-setzt-militarverwaltung-fur-odessa-ein\/"]}]},{"@type":"ImageObject","inLanguage":"de","@id":"https:\/\/vof-news.eu\/de\/selenskyj-setzt-militarverwaltung-fur-odessa-ein\/#primaryimage","url":"https:\/\/vof-news.eu\/wp-content\/uploads\/2025\/10\/wide__1000x562-44.jpg","contentUrl":"https:\/\/vof-news.eu\/wp-content\/uploads\/2025\/10\/wide__1000x562-44.jpg","width":1000,"height":562},{"@type":"BreadcrumbList","@id":"https:\/\/vof-news.eu\/de\/selenskyj-setzt-militarverwaltung-fur-odessa-ein\/#breadcrumb","itemListElement":[{"@type":"ListItem","position":1,"name":"Home","item":"https:\/\/vof-news.eu\/de\/"},{"@type":"ListItem","position":2,"name":"Selenskyj setzt Milit\u00e4rverwaltung f\u00fcr Odessa ein"}]},{"@type":"WebSite","@id":"https:\/\/vof-news.eu\/de\/#website","url":"https:\/\/vof-news.eu\/de\/","name":"vof-news.eu","description":"","potentialAction":[{"@type":"SearchAction","target":{"@type":"EntryPoint","urlTemplate":"https:\/\/vof-news.eu\/de\/?s={search_term_string}"},"query-input":"required name=search_term_string"}],"inLanguage":"de"},{"@type":"Person","@id":"https:\/\/vof-news.eu\/de\/#\/schema\/person\/f6a2a4309f0561835797fd8c19b333ed","name":"Author","image":{"@type":"ImageObject","inLanguage":"de","@id":"https:\/\/vof-news.eu\/de\/#\/schema\/person\/image\/","url":"https:\/\/secure.gravatar.com\/avatar\/b67e614b1b25b3e9c0c239efdd2fde5ab015b5affd6f1c3c85911ca4b384e790?s=96&d=mm&r=g","contentUrl":"https:\/\/secure.gravatar.com\/avatar\/b67e614b1b25b3e9c0c239efdd2fde5ab015b5affd6f1c3c85911ca4b384e790?s=96&d=mm&r=g","caption":"Author"},"sameAs":["http:\/\/vof-news.eu"],"url":"https:\/\/vof-news.eu\/de\/author\/zwt6qxnjulxbnyg\/"}]}},"yoast_meta":{"yoast_wpseo_title":"","yoast_wpseo_metadesc":"","yoast_wpseo_canonical":""},"_links":{"self":[{"href":"https:\/\/vof-news.eu\/de\/wp-json\/wp\/v2\/posts\/286520","targetHints":{"allow":["GET"]}}],"collection":[{"href":"https:\/\/vof-news.eu\/de\/wp-json\/wp\/v2\/posts"}],"about":[{"href":"https:\/\/vof-news.eu\/de\/wp-json\/wp\/v2\/types\/post"}],"author":[{"embeddable":true,"href":"https:\/\/vof-news.eu\/de\/wp-json\/wp\/v2\/users\/1"}],"replies":[{"embeddable":true,"href":"https:\/\/vof-news.eu\/de\/wp-json\/wp\/v2\/comments?post=286520"}],"version-history":[{"count":1,"href":"https:\/\/vof-news.eu\/de\/wp-json\/wp\/v2\/posts\/286520\/revisions"}],"predecessor-version":[{"id":286527,"href":"https:\/\/vof-news.eu\/de\/wp-json\/wp\/v2\/posts\/286520\/revisions\/286527"}],"wp:featuredmedia":[{"embeddable":true,"href":"https:\/\/vof-news.eu\/de\/wp-json\/wp\/v2\/media\/286521"}],"wp:attachment":[{"href":"https:\/\/vof-news.eu\/de\/wp-json\/wp\/v2\/media?parent=286520"}],"wp:term":[{"taxonomy":"category","embeddable":true,"href":"https:\/\/vof-news.eu\/de\/wp-json\/wp\/v2\/categories?post=286520"},{"taxonomy":"post_tag","embeddable":true,"href":"https:\/\/vof-news.eu\/de\/wp-json\/wp\/v2\/tags?post=286520"}],"curies":[{"name":"wp","href":"https:\/\/api.w.org\/{rel}","templated":true}]}}