{"id":284289,"date":"2025-10-09T13:27:04","date_gmt":"2025-10-09T10:27:04","guid":{"rendered":"https:\/\/vof-news.eu\/kurz-vor-dem-kanzlergipfel-bricht-die-stimmung-in-der-autobranche-deutlich-ein\/"},"modified":"2025-10-09T13:27:19","modified_gmt":"2025-10-09T10:27:19","slug":"kurz-vor-dem-kanzlergipfel-bricht-die-stimmung-in-der-autobranche-deutlich-ein","status":"publish","type":"post","link":"https:\/\/vof-news.eu\/de\/kurz-vor-dem-kanzlergipfel-bricht-die-stimmung-in-der-autobranche-deutlich-ein\/","title":{"rendered":"Kurz vor dem Kanzlergipfel bricht die Stimmung in der Autobranche deutlich ein"},"content":{"rendered":"<p>Die Stimmung in der <a class=\"is-link c-block-items__link c-link--rich-text-renderer\" data-internal-tracking='{\"action\":\"click\",\"label\":\"link\",\"name\":\"Inline Element\",\"data\":{\"source\":\"\",\"target\":\"https:\/\/www.welt.de\/themen\/autoindustrie\/\",\"trackingName\":\"\",\"trackingLabel\":\"\"}}' data-internal-tracking-enabled=\"true\" href=\"https:\/\/www.welt.de\/themen\/autoindustrie\/\">Autoindustrie<\/a> ist gesunken und nach Einsch\u00e4tzung des Ifo-Instituts ist die Bundesregierung daran nicht unschuldig. Im September fiel der von den M\u00fcnchner Wirtschaftsforschern erhobene Gesch\u00e4ftsklimaindex f\u00fcr die Branche um 5,7 Punkte auf minus 21,5. Das ist ein deutlicher Abbruch, insbesondere da er in den beiden Monaten davor noch deutlich gestiegen war.<\/p>\n<p>\u201eHier schimmern erste Anzeichen der Entt\u00e4uschung \u00fcber die neue Bundesregierung durch\u201c, sagt Ifo-Branchenexpertin Anita W\u00f6lfl. \u201eDie Unternehmen hatten gehofft, die Regierung w\u00fcrde durch wesentliche Strukturreformen den Standort Deutschland wettbewerbsf\u00e4higer machen. Diese Hoffnungen sehen sie bislang nicht best\u00e4tigt.\u201c<\/p>\n<p>Vor allem die Gesch\u00e4ftserwartungen verschlechterten sich. Sie gaben 8,3 Punkte auf minus 23,1 nach. Bei der aktuellen Gesch\u00e4ftslage sank die Einsch\u00e4tzung ebenfalls, wenn auch langsamer: um 3 Punkte auf minus 19,9. Mit seinem aktuellen Stand liegt der Branchenindex zwar noch immer auf einem der h\u00f6chsten St\u00e4nde seit Mitte 2024, vergleicht man allerdings mit weiter zur\u00fcckliegenden Jahren, liegt er deutlich schlechter.<\/p>\n<p>Positiv entwickelten sich die Exporterwartungen, die auf 16,7 Punkte stiegen &#8211; den h\u00f6chsten Wert seit April 2023. Der aktuelle R\u00fcckgang lasse sich also \u201enicht auf die unsichere Situation im Au\u00dfenhandel zur\u00fcckf\u00fchren\u201c, betont W\u00f6lfl. Er spiegle \u201evielmehr die anhaltende gesamtwirtschaftliche Schw\u00e4che in Deutschland wider\u201c.<\/p>\n","protected":false},"excerpt":{"rendered":"<p>Die Stimmung in der Autoindustrie ist gesunken und nach Einsch\u00e4tzung des Ifo-Instituts ist die Bundesregierung daran nicht unschuldig. Im September fiel der von den M\u00fcnchner Wirtschaftsforschern erhobene Gesch\u00e4ftsklimaindex f\u00fcr die Branche um 5,7 Punkte auf minus 21,5. Das ist ein deutlicher Abbruch, insbesondere da er in den beiden Monaten davor noch deutlich gestiegen war. \u201eHier<\/p>\n","protected":false},"author":1,"featured_media":0,"comment_status":"open","ping_status":"open","sticky":false,"template":"","format":"standard","meta":{"footnotes":""},"categories":[59],"tags":[],"class_list":["post-284289","post","type-post","status-publish","format-standard","hentry","category-business-de"],"acf":[],"yoast_head":"<!-- This site is optimized with the Yoast SEO plugin v22.9 - https:\/\/yoast.com\/wordpress\/plugins\/seo\/ -->\n<title>Kurz vor dem Kanzlergipfel bricht die Stimmung in der Autobranche deutlich ein - vof-news.eu<\/title>\n<meta name=\"description\" content=\"Die Stimmung in der Autoindustrie ist gesunken und nach Einsch\u00e4tzung des Ifo-Instituts ist die Bundesregierung daran nicht unschuldig. Im September fiel der von den M\u00fcnchner Wirtschaftsforschern erhobene Gesch\u00e4ftsklimaindex f\u00fcr die Branche um 5,7 Punkte auf minus 21,5. Das ist ein deutlicher Abbruch, insbesondere da er in den beiden Monaten davor noch deutlich gestiegen war.\u201eHier schimmern erste Anzeichen der Entt\u00e4uschung \u00fcber die neue Bundesregierung durch\u201c, sagt Ifo-Branchenexpertin Anita W\u00f6lfl. \u201eDie Unternehmen hatten gehofft, die Regierung w\u00fcrde durch wesentliche Strukturreformen den Standort Deutschland wettbewerbsf\u00e4higer machen. Diese Hoffnungen sehen sie bislang nicht best\u00e4tigt.\u201cVor allem die Gesch\u00e4ftserwartungen verschlechterten sich. Sie gaben 8,3 Punkte auf minus 23,1 nach. Bei der aktuellen Gesch\u00e4ftslage sank die Einsch\u00e4tzung ebenfalls, wenn auch langsamer: um 3 Punkte auf minus 19,9. Mit seinem aktuellen Stand liegt der Branchenindex zwar noch immer auf einem der h\u00f6chsten St\u00e4nde seit Mitte 2024, vergleicht man allerdings mit weiter zur\u00fcckliegenden Jahren, liegt er deutlich schlechter.Positiv entwickelten sich die Exporterwartungen, die auf 16,7 Punkte stiegen - den h\u00f6chsten Wert seit April 2023. Der aktuelle R\u00fcckgang lasse sich also \u201enicht auf die unsichere Situation im Au\u00dfenhandel zur\u00fcckf\u00fchren\u201c, betont W\u00f6lfl. Er spiegle \u201evielmehr die anhaltende gesamtwirtschaftliche Schw\u00e4che in Deutschland wider\u201c.\" \/>\n<meta name=\"robots\" content=\"noindex, follow, max-snippet:-1, max-image-preview:large, max-video-preview:-1\" \/>\n<meta property=\"og:locale\" content=\"de_DE\" \/>\n<meta property=\"og:type\" content=\"article\" \/>\n<meta property=\"og:title\" content=\"Kurz vor dem Kanzlergipfel bricht die Stimmung in der Autobranche deutlich ein - vof-news.eu\" \/>\n<meta property=\"og:description\" content=\"Die Stimmung in der Autoindustrie ist gesunken und nach Einsch\u00e4tzung des Ifo-Instituts ist die Bundesregierung daran nicht unschuldig. Im September fiel der von den M\u00fcnchner Wirtschaftsforschern erhobene Gesch\u00e4ftsklimaindex f\u00fcr die Branche um 5,7 Punkte auf minus 21,5. Das ist ein deutlicher Abbruch, insbesondere da er in den beiden Monaten davor noch deutlich gestiegen war.\u201eHier schimmern erste Anzeichen der Entt\u00e4uschung \u00fcber die neue Bundesregierung durch\u201c, sagt Ifo-Branchenexpertin Anita W\u00f6lfl. \u201eDie Unternehmen hatten gehofft, die Regierung w\u00fcrde durch wesentliche Strukturreformen den Standort Deutschland wettbewerbsf\u00e4higer machen. Diese Hoffnungen sehen sie bislang nicht best\u00e4tigt.\u201cVor allem die Gesch\u00e4ftserwartungen verschlechterten sich. Sie gaben 8,3 Punkte auf minus 23,1 nach. Bei der aktuellen Gesch\u00e4ftslage sank die Einsch\u00e4tzung ebenfalls, wenn auch langsamer: um 3 Punkte auf minus 19,9. Mit seinem aktuellen Stand liegt der Branchenindex zwar noch immer auf einem der h\u00f6chsten St\u00e4nde seit Mitte 2024, vergleicht man allerdings mit weiter zur\u00fcckliegenden Jahren, liegt er deutlich schlechter.Positiv entwickelten sich die Exporterwartungen, die auf 16,7 Punkte stiegen - den h\u00f6chsten Wert seit April 2023. Der aktuelle R\u00fcckgang lasse sich also \u201enicht auf die unsichere Situation im Au\u00dfenhandel zur\u00fcckf\u00fchren\u201c, betont W\u00f6lfl. Er spiegle \u201evielmehr die anhaltende gesamtwirtschaftliche Schw\u00e4che in Deutschland wider\u201c.\" \/>\n<meta property=\"og:url\" content=\"https:\/\/vof-news.eu\/de\/kurz-vor-dem-kanzlergipfel-bricht-die-stimmung-in-der-autobranche-deutlich-ein\/\" \/>\n<meta property=\"og:site_name\" content=\"vof-news.eu\" \/>\n<meta property=\"article:published_time\" content=\"2025-10-09T10:27:04+00:00\" \/>\n<meta property=\"article:modified_time\" content=\"2025-10-09T10:27:19+00:00\" \/>\n<meta name=\"author\" content=\"Author\" \/>\n<meta name=\"twitter:card\" content=\"summary_large_image\" \/>\n<meta name=\"twitter:label1\" content=\"Verfasst von\" \/>\n\t<meta name=\"twitter:data1\" content=\"Author\" \/>\n\t<meta name=\"twitter:label2\" content=\"Gesch\u00e4tzte Lesezeit\" \/>\n\t<meta name=\"twitter:data2\" content=\"1\u00a0Minute\" \/>\n<script type=\"application\/ld+json\" class=\"yoast-schema-graph\">{\"@context\":\"https:\/\/schema.org\",\"@graph\":[{\"@type\":\"WebPage\",\"@id\":\"https:\/\/vof-news.eu\/de\/kurz-vor-dem-kanzlergipfel-bricht-die-stimmung-in-der-autobranche-deutlich-ein\/\",\"url\":\"https:\/\/vof-news.eu\/de\/kurz-vor-dem-kanzlergipfel-bricht-die-stimmung-in-der-autobranche-deutlich-ein\/\",\"name\":\"Kurz vor dem Kanzlergipfel bricht die Stimmung in der Autobranche deutlich ein - vof-news.eu\",\"isPartOf\":{\"@id\":\"https:\/\/vof-news.eu\/de\/#website\"},\"datePublished\":\"2025-10-09T10:27:04+00:00\",\"dateModified\":\"2025-10-09T10:27:19+00:00\",\"author\":{\"@id\":\"https:\/\/vof-news.eu\/de\/#\/schema\/person\/f6a2a4309f0561835797fd8c19b333ed\"},\"description\":\"Die Stimmung in der Autoindustrie ist gesunken und nach Einsch\u00e4tzung des Ifo-Instituts ist die Bundesregierung daran nicht unschuldig. Im September fiel der von den M\u00fcnchner Wirtschaftsforschern erhobene Gesch\u00e4ftsklimaindex f\u00fcr die Branche um 5,7 Punkte auf minus 21,5. Das ist ein deutlicher Abbruch, insbesondere da er in den beiden Monaten davor noch deutlich gestiegen war.\u201eHier schimmern erste Anzeichen der Entt\u00e4uschung \u00fcber die neue Bundesregierung durch\u201c, sagt Ifo-Branchenexpertin Anita W\u00f6lfl. \u201eDie Unternehmen hatten gehofft, die Regierung w\u00fcrde durch wesentliche Strukturreformen den Standort Deutschland wettbewerbsf\u00e4higer machen. Diese Hoffnungen sehen sie bislang nicht best\u00e4tigt.\u201cVor allem die Gesch\u00e4ftserwartungen verschlechterten sich. Sie gaben 8,3 Punkte auf minus 23,1 nach. Bei der aktuellen Gesch\u00e4ftslage sank die Einsch\u00e4tzung ebenfalls, wenn auch langsamer: um 3 Punkte auf minus 19,9. Mit seinem aktuellen Stand liegt der Branchenindex zwar noch immer auf einem der h\u00f6chsten St\u00e4nde seit Mitte 2024, vergleicht man allerdings mit weiter zur\u00fcckliegenden Jahren, liegt er deutlich schlechter.Positiv entwickelten sich die Exporterwartungen, die auf 16,7 Punkte stiegen - den h\u00f6chsten Wert seit April 2023. Der aktuelle R\u00fcckgang lasse sich also \u201enicht auf die unsichere Situation im Au\u00dfenhandel zur\u00fcckf\u00fchren\u201c, betont W\u00f6lfl. Er spiegle \u201evielmehr die anhaltende gesamtwirtschaftliche Schw\u00e4che in Deutschland wider\u201c.\",\"breadcrumb\":{\"@id\":\"https:\/\/vof-news.eu\/de\/kurz-vor-dem-kanzlergipfel-bricht-die-stimmung-in-der-autobranche-deutlich-ein\/#breadcrumb\"},\"inLanguage\":\"de\",\"potentialAction\":[{\"@type\":\"ReadAction\",\"target\":[\"https:\/\/vof-news.eu\/de\/kurz-vor-dem-kanzlergipfel-bricht-die-stimmung-in-der-autobranche-deutlich-ein\/\"]}]},{\"@type\":\"BreadcrumbList\",\"@id\":\"https:\/\/vof-news.eu\/de\/kurz-vor-dem-kanzlergipfel-bricht-die-stimmung-in-der-autobranche-deutlich-ein\/#breadcrumb\",\"itemListElement\":[{\"@type\":\"ListItem\",\"position\":1,\"name\":\"Home\",\"item\":\"https:\/\/vof-news.eu\/de\/\"},{\"@type\":\"ListItem\",\"position\":2,\"name\":\"Kurz vor dem Kanzlergipfel bricht die Stimmung in der Autobranche deutlich ein\"}]},{\"@type\":\"WebSite\",\"@id\":\"https:\/\/vof-news.eu\/de\/#website\",\"url\":\"https:\/\/vof-news.eu\/de\/\",\"name\":\"vof-news.eu\",\"description\":\"\",\"potentialAction\":[{\"@type\":\"SearchAction\",\"target\":{\"@type\":\"EntryPoint\",\"urlTemplate\":\"https:\/\/vof-news.eu\/de\/?s={search_term_string}\"},\"query-input\":\"required name=search_term_string\"}],\"inLanguage\":\"de\"},{\"@type\":\"Person\",\"@id\":\"https:\/\/vof-news.eu\/de\/#\/schema\/person\/f6a2a4309f0561835797fd8c19b333ed\",\"name\":\"Author\",\"image\":{\"@type\":\"ImageObject\",\"inLanguage\":\"de\",\"@id\":\"https:\/\/vof-news.eu\/de\/#\/schema\/person\/image\/\",\"url\":\"https:\/\/secure.gravatar.com\/avatar\/b67e614b1b25b3e9c0c239efdd2fde5ab015b5affd6f1c3c85911ca4b384e790?s=96&d=mm&r=g\",\"contentUrl\":\"https:\/\/secure.gravatar.com\/avatar\/b67e614b1b25b3e9c0c239efdd2fde5ab015b5affd6f1c3c85911ca4b384e790?s=96&d=mm&r=g\",\"caption\":\"Author\"},\"sameAs\":[\"http:\/\/vof-news.eu\"],\"url\":\"https:\/\/vof-news.eu\/de\/author\/zwt6qxnjulxbnyg\/\"}]}<\/script>\n<!-- \/ Yoast SEO plugin. -->","yoast_head_json":{"title":"Kurz vor dem Kanzlergipfel bricht die Stimmung in der Autobranche deutlich ein - vof-news.eu","description":"Die Stimmung in der Autoindustrie ist gesunken und nach Einsch\u00e4tzung des Ifo-Instituts ist die Bundesregierung daran nicht unschuldig. Im September fiel der von den M\u00fcnchner Wirtschaftsforschern erhobene Gesch\u00e4ftsklimaindex f\u00fcr die Branche um 5,7 Punkte auf minus 21,5. Das ist ein deutlicher Abbruch, insbesondere da er in den beiden Monaten davor noch deutlich gestiegen war.\u201eHier schimmern erste Anzeichen der Entt\u00e4uschung \u00fcber die neue Bundesregierung durch\u201c, sagt Ifo-Branchenexpertin Anita W\u00f6lfl. \u201eDie Unternehmen hatten gehofft, die Regierung w\u00fcrde durch wesentliche Strukturreformen den Standort Deutschland wettbewerbsf\u00e4higer machen. Diese Hoffnungen sehen sie bislang nicht best\u00e4tigt.\u201cVor allem die Gesch\u00e4ftserwartungen verschlechterten sich. Sie gaben 8,3 Punkte auf minus 23,1 nach. Bei der aktuellen Gesch\u00e4ftslage sank die Einsch\u00e4tzung ebenfalls, wenn auch langsamer: um 3 Punkte auf minus 19,9. Mit seinem aktuellen Stand liegt der Branchenindex zwar noch immer auf einem der h\u00f6chsten St\u00e4nde seit Mitte 2024, vergleicht man allerdings mit weiter zur\u00fcckliegenden Jahren, liegt er deutlich schlechter.Positiv entwickelten sich die Exporterwartungen, die auf 16,7 Punkte stiegen - den h\u00f6chsten Wert seit April 2023. Der aktuelle R\u00fcckgang lasse sich also \u201enicht auf die unsichere Situation im Au\u00dfenhandel zur\u00fcckf\u00fchren\u201c, betont W\u00f6lfl. Er spiegle \u201evielmehr die anhaltende gesamtwirtschaftliche Schw\u00e4che in Deutschland wider\u201c.","robots":{"index":"noindex","follow":"follow","max-snippet":"max-snippet:-1","max-image-preview":"max-image-preview:large","max-video-preview":"max-video-preview:-1"},"og_locale":"de_DE","og_type":"article","og_title":"Kurz vor dem Kanzlergipfel bricht die Stimmung in der Autobranche deutlich ein - vof-news.eu","og_description":"Die Stimmung in der Autoindustrie ist gesunken und nach Einsch\u00e4tzung des Ifo-Instituts ist die Bundesregierung daran nicht unschuldig. Im September fiel der von den M\u00fcnchner Wirtschaftsforschern erhobene Gesch\u00e4ftsklimaindex f\u00fcr die Branche um 5,7 Punkte auf minus 21,5. Das ist ein deutlicher Abbruch, insbesondere da er in den beiden Monaten davor noch deutlich gestiegen war.\u201eHier schimmern erste Anzeichen der Entt\u00e4uschung \u00fcber die neue Bundesregierung durch\u201c, sagt Ifo-Branchenexpertin Anita W\u00f6lfl. \u201eDie Unternehmen hatten gehofft, die Regierung w\u00fcrde durch wesentliche Strukturreformen den Standort Deutschland wettbewerbsf\u00e4higer machen. Diese Hoffnungen sehen sie bislang nicht best\u00e4tigt.\u201cVor allem die Gesch\u00e4ftserwartungen verschlechterten sich. Sie gaben 8,3 Punkte auf minus 23,1 nach. Bei der aktuellen Gesch\u00e4ftslage sank die Einsch\u00e4tzung ebenfalls, wenn auch langsamer: um 3 Punkte auf minus 19,9. Mit seinem aktuellen Stand liegt der Branchenindex zwar noch immer auf einem der h\u00f6chsten St\u00e4nde seit Mitte 2024, vergleicht man allerdings mit weiter zur\u00fcckliegenden Jahren, liegt er deutlich schlechter.Positiv entwickelten sich die Exporterwartungen, die auf 16,7 Punkte stiegen - den h\u00f6chsten Wert seit April 2023. Der aktuelle R\u00fcckgang lasse sich also \u201enicht auf die unsichere Situation im Au\u00dfenhandel zur\u00fcckf\u00fchren\u201c, betont W\u00f6lfl. Er spiegle \u201evielmehr die anhaltende gesamtwirtschaftliche Schw\u00e4che in Deutschland wider\u201c.","og_url":"https:\/\/vof-news.eu\/de\/kurz-vor-dem-kanzlergipfel-bricht-die-stimmung-in-der-autobranche-deutlich-ein\/","og_site_name":"vof-news.eu","article_published_time":"2025-10-09T10:27:04+00:00","article_modified_time":"2025-10-09T10:27:19+00:00","author":"Author","twitter_card":"summary_large_image","twitter_misc":{"Verfasst von":"Author","Gesch\u00e4tzte Lesezeit":"1\u00a0Minute"},"schema":{"@context":"https:\/\/schema.org","@graph":[{"@type":"WebPage","@id":"https:\/\/vof-news.eu\/de\/kurz-vor-dem-kanzlergipfel-bricht-die-stimmung-in-der-autobranche-deutlich-ein\/","url":"https:\/\/vof-news.eu\/de\/kurz-vor-dem-kanzlergipfel-bricht-die-stimmung-in-der-autobranche-deutlich-ein\/","name":"Kurz vor dem Kanzlergipfel bricht die Stimmung in der Autobranche deutlich ein - vof-news.eu","isPartOf":{"@id":"https:\/\/vof-news.eu\/de\/#website"},"datePublished":"2025-10-09T10:27:04+00:00","dateModified":"2025-10-09T10:27:19+00:00","author":{"@id":"https:\/\/vof-news.eu\/de\/#\/schema\/person\/f6a2a4309f0561835797fd8c19b333ed"},"description":"Die Stimmung in der Autoindustrie ist gesunken und nach Einsch\u00e4tzung des Ifo-Instituts ist die Bundesregierung daran nicht unschuldig. Im September fiel der von den M\u00fcnchner Wirtschaftsforschern erhobene Gesch\u00e4ftsklimaindex f\u00fcr die Branche um 5,7 Punkte auf minus 21,5. Das ist ein deutlicher Abbruch, insbesondere da er in den beiden Monaten davor noch deutlich gestiegen war.\u201eHier schimmern erste Anzeichen der Entt\u00e4uschung \u00fcber die neue Bundesregierung durch\u201c, sagt Ifo-Branchenexpertin Anita W\u00f6lfl. \u201eDie Unternehmen hatten gehofft, die Regierung w\u00fcrde durch wesentliche Strukturreformen den Standort Deutschland wettbewerbsf\u00e4higer machen. Diese Hoffnungen sehen sie bislang nicht best\u00e4tigt.\u201cVor allem die Gesch\u00e4ftserwartungen verschlechterten sich. Sie gaben 8,3 Punkte auf minus 23,1 nach. Bei der aktuellen Gesch\u00e4ftslage sank die Einsch\u00e4tzung ebenfalls, wenn auch langsamer: um 3 Punkte auf minus 19,9. Mit seinem aktuellen Stand liegt der Branchenindex zwar noch immer auf einem der h\u00f6chsten St\u00e4nde seit Mitte 2024, vergleicht man allerdings mit weiter zur\u00fcckliegenden Jahren, liegt er deutlich schlechter.Positiv entwickelten sich die Exporterwartungen, die auf 16,7 Punkte stiegen - den h\u00f6chsten Wert seit April 2023. Der aktuelle R\u00fcckgang lasse sich also \u201enicht auf die unsichere Situation im Au\u00dfenhandel zur\u00fcckf\u00fchren\u201c, betont W\u00f6lfl. Er spiegle \u201evielmehr die anhaltende gesamtwirtschaftliche Schw\u00e4che in Deutschland wider\u201c.","breadcrumb":{"@id":"https:\/\/vof-news.eu\/de\/kurz-vor-dem-kanzlergipfel-bricht-die-stimmung-in-der-autobranche-deutlich-ein\/#breadcrumb"},"inLanguage":"de","potentialAction":[{"@type":"ReadAction","target":["https:\/\/vof-news.eu\/de\/kurz-vor-dem-kanzlergipfel-bricht-die-stimmung-in-der-autobranche-deutlich-ein\/"]}]},{"@type":"BreadcrumbList","@id":"https:\/\/vof-news.eu\/de\/kurz-vor-dem-kanzlergipfel-bricht-die-stimmung-in-der-autobranche-deutlich-ein\/#breadcrumb","itemListElement":[{"@type":"ListItem","position":1,"name":"Home","item":"https:\/\/vof-news.eu\/de\/"},{"@type":"ListItem","position":2,"name":"Kurz vor dem Kanzlergipfel bricht die Stimmung in der Autobranche deutlich ein"}]},{"@type":"WebSite","@id":"https:\/\/vof-news.eu\/de\/#website","url":"https:\/\/vof-news.eu\/de\/","name":"vof-news.eu","description":"","potentialAction":[{"@type":"SearchAction","target":{"@type":"EntryPoint","urlTemplate":"https:\/\/vof-news.eu\/de\/?s={search_term_string}"},"query-input":"required name=search_term_string"}],"inLanguage":"de"},{"@type":"Person","@id":"https:\/\/vof-news.eu\/de\/#\/schema\/person\/f6a2a4309f0561835797fd8c19b333ed","name":"Author","image":{"@type":"ImageObject","inLanguage":"de","@id":"https:\/\/vof-news.eu\/de\/#\/schema\/person\/image\/","url":"https:\/\/secure.gravatar.com\/avatar\/b67e614b1b25b3e9c0c239efdd2fde5ab015b5affd6f1c3c85911ca4b384e790?s=96&d=mm&r=g","contentUrl":"https:\/\/secure.gravatar.com\/avatar\/b67e614b1b25b3e9c0c239efdd2fde5ab015b5affd6f1c3c85911ca4b384e790?s=96&d=mm&r=g","caption":"Author"},"sameAs":["http:\/\/vof-news.eu"],"url":"https:\/\/vof-news.eu\/de\/author\/zwt6qxnjulxbnyg\/"}]}},"yoast_meta":{"yoast_wpseo_title":"","yoast_wpseo_metadesc":"","yoast_wpseo_canonical":""},"_links":{"self":[{"href":"https:\/\/vof-news.eu\/de\/wp-json\/wp\/v2\/posts\/284289","targetHints":{"allow":["GET"]}}],"collection":[{"href":"https:\/\/vof-news.eu\/de\/wp-json\/wp\/v2\/posts"}],"about":[{"href":"https:\/\/vof-news.eu\/de\/wp-json\/wp\/v2\/types\/post"}],"author":[{"embeddable":true,"href":"https:\/\/vof-news.eu\/de\/wp-json\/wp\/v2\/users\/1"}],"replies":[{"embeddable":true,"href":"https:\/\/vof-news.eu\/de\/wp-json\/wp\/v2\/comments?post=284289"}],"version-history":[{"count":1,"href":"https:\/\/vof-news.eu\/de\/wp-json\/wp\/v2\/posts\/284289\/revisions"}],"predecessor-version":[{"id":284290,"href":"https:\/\/vof-news.eu\/de\/wp-json\/wp\/v2\/posts\/284289\/revisions\/284290"}],"wp:attachment":[{"href":"https:\/\/vof-news.eu\/de\/wp-json\/wp\/v2\/media?parent=284289"}],"wp:term":[{"taxonomy":"category","embeddable":true,"href":"https:\/\/vof-news.eu\/de\/wp-json\/wp\/v2\/categories?post=284289"},{"taxonomy":"post_tag","embeddable":true,"href":"https:\/\/vof-news.eu\/de\/wp-json\/wp\/v2\/tags?post=284289"}],"curies":[{"name":"wp","href":"https:\/\/api.w.org\/{rel}","templated":true}]}}