{"id":283104,"date":"2025-10-06T15:28:13","date_gmt":"2025-10-06T12:28:13","guid":{"rendered":"https:\/\/vof-news.eu\/polen-uberstellt-mutmaslichen-pipeline-saboteur-nicht-an-deutschland\/"},"modified":"2025-10-06T15:28:42","modified_gmt":"2025-10-06T12:28:42","slug":"polen-uberstellt-mutmaslichen-pipeline-saboteur-nicht-an-deutschland","status":"publish","type":"post","link":"https:\/\/vof-news.eu\/de\/polen-uberstellt-mutmaslichen-pipeline-saboteur-nicht-an-deutschland\/","title":{"rendered":"Polen \u00fcberstellt mutma\u00dflichen Pipeline-Saboteur nicht an Deutschland"},"content":{"rendered":"<div>\n<p>Ein wegen seiner mutma\u00dflichen Beteiligung an den Sprengstoffanschl\u00e4gen auf die Nord-Stream-Pipelines in <span><a href=\"https:\/\/www.zeit.de\/thema\/polen\" rel=\"nofollow\">Polen<\/a><\/span> festgenommener ukrainischer Taucher wird vorerst nicht an Deutschland \u00fcberstellt.\u00a0Ein polnisches Gericht ordnete an, Wolodymyr Z. m\u00fcsse f\u00fcr weitere 40 Tage in Polen in Haft bleiben.\u00a0In dieser Zeit soll dar\u00fcber entschieden werden, ob der Verd\u00e4chtige auf Grundlage eines europ\u00e4ischen Haftbefehls an Deutschland \u00fcberstellt wird.\n<\/p>\n<p>Z. war am Dienstag in der N\u00e4he von Warschau festgenommen worden. Ein Gericht hatte zun\u00e4chst eine siebent\u00e4gige Haft angeordnet.\u00a0Die Verteidigung hatte angek\u00fcndigt, sich gegen eine \u00dcberstellung nach Deutschland zu wehren. Sie argumentierte, die Vollstreckung des europ\u00e4ischen Haftbefehls sei angesichts des russischen Krieges in der <span><a href=\"https:\/\/www.zeit.de\/politik\/ausland\/ukraine-krieg-news-liveblog\" rel=\"nofollow\">Ukraine<\/a><\/span> unzul\u00e4ssig.\n<\/p>\n<p>Im September 2022 waren die\u00a0Nord-Stream-Pipelines durch die Explosion von Sprengs\u00e4tzen schwer besch\u00e4digt worden. Die Pipelines waren zum Zeitpunkt des Anschlags nicht in Betrieb. Russland hatte die Gaslieferungen \u00fcber Nord Stream 1 kurz zuvor gestoppt, mutma\u00dflich als Reaktion auf die westlichen Sanktionen wegen des Angriffskriegs gegen die Ukraine. Nord Stream 2 war nie in Betrieb genommen worden.\n<\/p>\n<\/p>\n<\/div>\n","protected":false},"excerpt":{"rendered":"<p>Ein wegen seiner mutma\u00dflichen Beteiligung an den Sprengstoffanschl\u00e4gen auf die Nord-Stream-Pipelines in Polen festgenommener ukrainischer Taucher wird vorerst nicht an Deutschland \u00fcberstellt.\u00a0Ein polnisches Gericht ordnete an, Wolodymyr Z. m\u00fcsse f\u00fcr weitere 40 Tage in Polen in Haft bleiben.\u00a0In dieser Zeit soll dar\u00fcber entschieden werden, ob der Verd\u00e4chtige auf Grundlage eines europ\u00e4ischen Haftbefehls an Deutschland \u00fcberstellt<\/p>\n","protected":false},"author":1,"featured_media":0,"comment_status":"open","ping_status":"open","sticky":false,"template":"","format":"standard","meta":{"footnotes":""},"categories":[116],"tags":[],"class_list":["post-283104","post","type-post","status-publish","format-standard","hentry","category-war-chronicles-de"],"acf":[],"yoast_head":"<!-- This site is optimized with the Yoast SEO plugin v22.9 - https:\/\/yoast.com\/wordpress\/plugins\/seo\/ -->\n<title>Polen \u00fcberstellt mutma\u00dflichen Pipeline-Saboteur nicht an Deutschland - vof-news.eu<\/title>\n<meta name=\"description\" content=\"Ein wegen seiner mutma\u00dflichen Beteiligung an den Sprengstoffanschl\u00e4gen auf die Nord-Stream-Pipelines in Polen festgenommener ukrainischer Taucher wird vorerst nicht an Deutschland \u00fcberstellt.\u00a0Ein polnisches Gericht ordnete an, Wolodymyr Z. m\u00fcsse f\u00fcr weitere 40 Tage in Polen in Haft bleiben.\u00a0In dieser Zeit soll dar\u00fcber entschieden werden, ob der Verd\u00e4chtige auf Grundlage eines europ\u00e4ischen Haftbefehls an Deutschland \u00fcberstellt wird.\" \/>\n<meta name=\"robots\" content=\"noindex, follow, max-snippet:-1, max-image-preview:large, max-video-preview:-1\" \/>\n<meta property=\"og:locale\" content=\"de_DE\" \/>\n<meta property=\"og:type\" content=\"article\" \/>\n<meta property=\"og:title\" content=\"Polen \u00fcberstellt mutma\u00dflichen Pipeline-Saboteur nicht an Deutschland - vof-news.eu\" \/>\n<meta property=\"og:description\" content=\"Ein wegen seiner mutma\u00dflichen Beteiligung an den Sprengstoffanschl\u00e4gen auf die Nord-Stream-Pipelines in Polen festgenommener ukrainischer Taucher wird vorerst nicht an Deutschland \u00fcberstellt.\u00a0Ein polnisches Gericht ordnete an, Wolodymyr Z. m\u00fcsse f\u00fcr weitere 40 Tage in Polen in Haft bleiben.\u00a0In dieser Zeit soll dar\u00fcber entschieden werden, ob der Verd\u00e4chtige auf Grundlage eines europ\u00e4ischen Haftbefehls an Deutschland \u00fcberstellt wird.\" \/>\n<meta property=\"og:url\" content=\"https:\/\/vof-news.eu\/de\/polen-uberstellt-mutmaslichen-pipeline-saboteur-nicht-an-deutschland\/\" \/>\n<meta property=\"og:site_name\" content=\"vof-news.eu\" \/>\n<meta property=\"article:published_time\" content=\"2025-10-06T12:28:13+00:00\" \/>\n<meta property=\"article:modified_time\" content=\"2025-10-06T12:28:42+00:00\" \/>\n<meta name=\"author\" content=\"Author\" \/>\n<meta name=\"twitter:card\" content=\"summary_large_image\" \/>\n<meta name=\"twitter:label1\" content=\"Verfasst von\" \/>\n\t<meta name=\"twitter:data1\" content=\"Author\" \/>\n\t<meta name=\"twitter:label2\" content=\"Gesch\u00e4tzte Lesezeit\" \/>\n\t<meta name=\"twitter:data2\" content=\"1\u00a0Minute\" \/>\n<script type=\"application\/ld+json\" class=\"yoast-schema-graph\">{\"@context\":\"https:\/\/schema.org\",\"@graph\":[{\"@type\":\"WebPage\",\"@id\":\"https:\/\/vof-news.eu\/de\/polen-uberstellt-mutmaslichen-pipeline-saboteur-nicht-an-deutschland\/\",\"url\":\"https:\/\/vof-news.eu\/de\/polen-uberstellt-mutmaslichen-pipeline-saboteur-nicht-an-deutschland\/\",\"name\":\"Polen \u00fcberstellt mutma\u00dflichen Pipeline-Saboteur nicht an Deutschland - vof-news.eu\",\"isPartOf\":{\"@id\":\"https:\/\/vof-news.eu\/de\/#website\"},\"datePublished\":\"2025-10-06T12:28:13+00:00\",\"dateModified\":\"2025-10-06T12:28:42+00:00\",\"author\":{\"@id\":\"https:\/\/vof-news.eu\/de\/#\/schema\/person\/f6a2a4309f0561835797fd8c19b333ed\"},\"description\":\"Ein wegen seiner mutma\u00dflichen Beteiligung an den Sprengstoffanschl\u00e4gen auf die Nord-Stream-Pipelines in Polen festgenommener ukrainischer Taucher wird vorerst nicht an Deutschland \u00fcberstellt.\u00a0Ein polnisches Gericht ordnete an, Wolodymyr Z. m\u00fcsse f\u00fcr weitere 40 Tage in Polen in Haft bleiben.\u00a0In dieser Zeit soll dar\u00fcber entschieden werden, ob der Verd\u00e4chtige auf Grundlage eines europ\u00e4ischen Haftbefehls an Deutschland \u00fcberstellt wird.\",\"breadcrumb\":{\"@id\":\"https:\/\/vof-news.eu\/de\/polen-uberstellt-mutmaslichen-pipeline-saboteur-nicht-an-deutschland\/#breadcrumb\"},\"inLanguage\":\"de\",\"potentialAction\":[{\"@type\":\"ReadAction\",\"target\":[\"https:\/\/vof-news.eu\/de\/polen-uberstellt-mutmaslichen-pipeline-saboteur-nicht-an-deutschland\/\"]}]},{\"@type\":\"BreadcrumbList\",\"@id\":\"https:\/\/vof-news.eu\/de\/polen-uberstellt-mutmaslichen-pipeline-saboteur-nicht-an-deutschland\/#breadcrumb\",\"itemListElement\":[{\"@type\":\"ListItem\",\"position\":1,\"name\":\"Home\",\"item\":\"https:\/\/vof-news.eu\/de\/\"},{\"@type\":\"ListItem\",\"position\":2,\"name\":\"Polen \u00fcberstellt mutma\u00dflichen Pipeline-Saboteur nicht an Deutschland\"}]},{\"@type\":\"WebSite\",\"@id\":\"https:\/\/vof-news.eu\/de\/#website\",\"url\":\"https:\/\/vof-news.eu\/de\/\",\"name\":\"vof-news.eu\",\"description\":\"\",\"potentialAction\":[{\"@type\":\"SearchAction\",\"target\":{\"@type\":\"EntryPoint\",\"urlTemplate\":\"https:\/\/vof-news.eu\/de\/?s={search_term_string}\"},\"query-input\":\"required name=search_term_string\"}],\"inLanguage\":\"de\"},{\"@type\":\"Person\",\"@id\":\"https:\/\/vof-news.eu\/de\/#\/schema\/person\/f6a2a4309f0561835797fd8c19b333ed\",\"name\":\"Author\",\"image\":{\"@type\":\"ImageObject\",\"inLanguage\":\"de\",\"@id\":\"https:\/\/vof-news.eu\/de\/#\/schema\/person\/image\/\",\"url\":\"https:\/\/secure.gravatar.com\/avatar\/b67e614b1b25b3e9c0c239efdd2fde5ab015b5affd6f1c3c85911ca4b384e790?s=96&d=mm&r=g\",\"contentUrl\":\"https:\/\/secure.gravatar.com\/avatar\/b67e614b1b25b3e9c0c239efdd2fde5ab015b5affd6f1c3c85911ca4b384e790?s=96&d=mm&r=g\",\"caption\":\"Author\"},\"sameAs\":[\"http:\/\/vof-news.eu\"],\"url\":\"https:\/\/vof-news.eu\/de\/author\/zwt6qxnjulxbnyg\/\"}]}<\/script>\n<!-- \/ Yoast SEO plugin. -->","yoast_head_json":{"title":"Polen \u00fcberstellt mutma\u00dflichen Pipeline-Saboteur nicht an Deutschland - vof-news.eu","description":"Ein wegen seiner mutma\u00dflichen Beteiligung an den Sprengstoffanschl\u00e4gen auf die Nord-Stream-Pipelines in Polen festgenommener ukrainischer Taucher wird vorerst nicht an Deutschland \u00fcberstellt.\u00a0Ein polnisches Gericht ordnete an, Wolodymyr Z. m\u00fcsse f\u00fcr weitere 40 Tage in Polen in Haft bleiben.\u00a0In dieser Zeit soll dar\u00fcber entschieden werden, ob der Verd\u00e4chtige auf Grundlage eines europ\u00e4ischen Haftbefehls an Deutschland \u00fcberstellt wird.","robots":{"index":"noindex","follow":"follow","max-snippet":"max-snippet:-1","max-image-preview":"max-image-preview:large","max-video-preview":"max-video-preview:-1"},"og_locale":"de_DE","og_type":"article","og_title":"Polen \u00fcberstellt mutma\u00dflichen Pipeline-Saboteur nicht an Deutschland - vof-news.eu","og_description":"Ein wegen seiner mutma\u00dflichen Beteiligung an den Sprengstoffanschl\u00e4gen auf die Nord-Stream-Pipelines in Polen festgenommener ukrainischer Taucher wird vorerst nicht an Deutschland \u00fcberstellt.\u00a0Ein polnisches Gericht ordnete an, Wolodymyr Z. m\u00fcsse f\u00fcr weitere 40 Tage in Polen in Haft bleiben.\u00a0In dieser Zeit soll dar\u00fcber entschieden werden, ob der Verd\u00e4chtige auf Grundlage eines europ\u00e4ischen Haftbefehls an Deutschland \u00fcberstellt wird.","og_url":"https:\/\/vof-news.eu\/de\/polen-uberstellt-mutmaslichen-pipeline-saboteur-nicht-an-deutschland\/","og_site_name":"vof-news.eu","article_published_time":"2025-10-06T12:28:13+00:00","article_modified_time":"2025-10-06T12:28:42+00:00","author":"Author","twitter_card":"summary_large_image","twitter_misc":{"Verfasst von":"Author","Gesch\u00e4tzte Lesezeit":"1\u00a0Minute"},"schema":{"@context":"https:\/\/schema.org","@graph":[{"@type":"WebPage","@id":"https:\/\/vof-news.eu\/de\/polen-uberstellt-mutmaslichen-pipeline-saboteur-nicht-an-deutschland\/","url":"https:\/\/vof-news.eu\/de\/polen-uberstellt-mutmaslichen-pipeline-saboteur-nicht-an-deutschland\/","name":"Polen \u00fcberstellt mutma\u00dflichen Pipeline-Saboteur nicht an Deutschland - vof-news.eu","isPartOf":{"@id":"https:\/\/vof-news.eu\/de\/#website"},"datePublished":"2025-10-06T12:28:13+00:00","dateModified":"2025-10-06T12:28:42+00:00","author":{"@id":"https:\/\/vof-news.eu\/de\/#\/schema\/person\/f6a2a4309f0561835797fd8c19b333ed"},"description":"Ein wegen seiner mutma\u00dflichen Beteiligung an den Sprengstoffanschl\u00e4gen auf die Nord-Stream-Pipelines in Polen festgenommener ukrainischer Taucher wird vorerst nicht an Deutschland \u00fcberstellt.\u00a0Ein polnisches Gericht ordnete an, Wolodymyr Z. m\u00fcsse f\u00fcr weitere 40 Tage in Polen in Haft bleiben.\u00a0In dieser Zeit soll dar\u00fcber entschieden werden, ob der Verd\u00e4chtige auf Grundlage eines europ\u00e4ischen Haftbefehls an Deutschland \u00fcberstellt wird.","breadcrumb":{"@id":"https:\/\/vof-news.eu\/de\/polen-uberstellt-mutmaslichen-pipeline-saboteur-nicht-an-deutschland\/#breadcrumb"},"inLanguage":"de","potentialAction":[{"@type":"ReadAction","target":["https:\/\/vof-news.eu\/de\/polen-uberstellt-mutmaslichen-pipeline-saboteur-nicht-an-deutschland\/"]}]},{"@type":"BreadcrumbList","@id":"https:\/\/vof-news.eu\/de\/polen-uberstellt-mutmaslichen-pipeline-saboteur-nicht-an-deutschland\/#breadcrumb","itemListElement":[{"@type":"ListItem","position":1,"name":"Home","item":"https:\/\/vof-news.eu\/de\/"},{"@type":"ListItem","position":2,"name":"Polen \u00fcberstellt mutma\u00dflichen Pipeline-Saboteur nicht an Deutschland"}]},{"@type":"WebSite","@id":"https:\/\/vof-news.eu\/de\/#website","url":"https:\/\/vof-news.eu\/de\/","name":"vof-news.eu","description":"","potentialAction":[{"@type":"SearchAction","target":{"@type":"EntryPoint","urlTemplate":"https:\/\/vof-news.eu\/de\/?s={search_term_string}"},"query-input":"required name=search_term_string"}],"inLanguage":"de"},{"@type":"Person","@id":"https:\/\/vof-news.eu\/de\/#\/schema\/person\/f6a2a4309f0561835797fd8c19b333ed","name":"Author","image":{"@type":"ImageObject","inLanguage":"de","@id":"https:\/\/vof-news.eu\/de\/#\/schema\/person\/image\/","url":"https:\/\/secure.gravatar.com\/avatar\/b67e614b1b25b3e9c0c239efdd2fde5ab015b5affd6f1c3c85911ca4b384e790?s=96&d=mm&r=g","contentUrl":"https:\/\/secure.gravatar.com\/avatar\/b67e614b1b25b3e9c0c239efdd2fde5ab015b5affd6f1c3c85911ca4b384e790?s=96&d=mm&r=g","caption":"Author"},"sameAs":["http:\/\/vof-news.eu"],"url":"https:\/\/vof-news.eu\/de\/author\/zwt6qxnjulxbnyg\/"}]}},"yoast_meta":{"yoast_wpseo_title":"","yoast_wpseo_metadesc":"","yoast_wpseo_canonical":""},"_links":{"self":[{"href":"https:\/\/vof-news.eu\/de\/wp-json\/wp\/v2\/posts\/283104","targetHints":{"allow":["GET"]}}],"collection":[{"href":"https:\/\/vof-news.eu\/de\/wp-json\/wp\/v2\/posts"}],"about":[{"href":"https:\/\/vof-news.eu\/de\/wp-json\/wp\/v2\/types\/post"}],"author":[{"embeddable":true,"href":"https:\/\/vof-news.eu\/de\/wp-json\/wp\/v2\/users\/1"}],"replies":[{"embeddable":true,"href":"https:\/\/vof-news.eu\/de\/wp-json\/wp\/v2\/comments?post=283104"}],"version-history":[{"count":1,"href":"https:\/\/vof-news.eu\/de\/wp-json\/wp\/v2\/posts\/283104\/revisions"}],"predecessor-version":[{"id":283105,"href":"https:\/\/vof-news.eu\/de\/wp-json\/wp\/v2\/posts\/283104\/revisions\/283105"}],"wp:attachment":[{"href":"https:\/\/vof-news.eu\/de\/wp-json\/wp\/v2\/media?parent=283104"}],"wp:term":[{"taxonomy":"category","embeddable":true,"href":"https:\/\/vof-news.eu\/de\/wp-json\/wp\/v2\/categories?post=283104"},{"taxonomy":"post_tag","embeddable":true,"href":"https:\/\/vof-news.eu\/de\/wp-json\/wp\/v2\/tags?post=283104"}],"curies":[{"name":"wp","href":"https:\/\/api.w.org\/{rel}","templated":true}]}}