{"id":282992,"date":"2025-10-06T11:28:14","date_gmt":"2025-10-06T08:28:14","guid":{"rendered":"https:\/\/vof-news.eu\/bundeswirtschaftsministerin-fordert-ausbau-der-drohnenproduktion\/"},"modified":"2025-10-06T11:28:41","modified_gmt":"2025-10-06T08:28:41","slug":"bundeswirtschaftsministerin-fordert-ausbau-der-drohnenproduktion","status":"publish","type":"post","link":"https:\/\/vof-news.eu\/de\/bundeswirtschaftsministerin-fordert-ausbau-der-drohnenproduktion\/","title":{"rendered":"Bundeswirtschaftsministerin fordert Ausbau der Drohnenproduktion"},"content":{"rendered":"<div>\n<p>Bundeswirtschaftsministerin Katherina Reiche (CDU) fordert eine schlagkr\u00e4ftige Drohnenfertigung in Deutschland. &#8222;Wer die Lufthoheit will, muss sie sich bauen&#8220;, sagte Reiche der Nachrichtenagentur dpa. Um die Ukraine zu unterst\u00fctzen, die eigene Verteidigungsf\u00e4higkeit zu st\u00e4rken und die kritische Infrastruktur zu sch\u00fctzen, m\u00fcsse Deutschland ein f\u00fchrender Standort f\u00fcr die Entwicklung und<br \/>\nProduktion von <span><a href=\"https:\/\/www.zeit.de\/thema\/drohne\" rel=\"nofollow\">Drohnen<\/a><\/span> werden. Die Ereignisse der letzten Tage h\u00e4tten das<br \/>\nunmissverst\u00e4ndlich gezeigt.\n<\/p>\n<p>&#8222;Was wir brauchen, ist eine schnelle Skalierung<br \/>\n der Produktion und kontinuierliche technologische Weiterentwicklung \u2013besonders im Bereich K\u00fcnstliche Intelligenz&#8220;, sagte <span><a href=\"https:\/\/www.zeit.de\/thema\/katherina-reiche\" rel=\"nofollow\">Reiche<\/a><\/span>.<br \/>\n &#8222;Daf\u00fcr m\u00fcssen wir alle verf\u00fcgbaren Ressourcen mobilisieren, auch mit<br \/>\nneuen Allianzen: zwischen Industrie, Mittelstand, Start-ups und<br \/>\nForschung. Die Sicherheit Europas wird auch in deutschen Werkshallen<br \/>\nentschieden.&#8220;\u00a0\n<\/p>\n<p>Verteidigungsminister <span><a href=\"https:\/\/www.zeit.de\/thema\/boris-pistorius\" rel=\"nofollow\">Boris Pistorius<\/a><\/span><br \/>\n (SPD) k\u00fcndigte an, den Nationalen Sicherheitsrat als zentralen Ort im<br \/>\nAnti-Drohnen-Kampf etablieren zu wollen. &#8222;Wir brauchen ein 24\/7- und<br \/>\n360-Grad-Lagebild \u00fcber alles, was passiert&#8220;, sagte Pistorius im Podcast . &#8222;Das ist eine Situation, in der man den Nationalen Sicherheitsrat damit befassen kann.&#8220;\n<\/p>\n<p>Im Sicherheitsrat m\u00fcsse besprochen werden, &#8222;was<br \/>\n wissen die Fachleute aus den verschiedenen Ressorts und L\u00e4ndern,<br \/>\nwelches Lagebild ergibt sich daraus und welche Schl\u00fcsse m\u00fcssen wir<br \/>\ndaraus ziehen&#8220;, sagte der SPD-Politiker.\n<\/p>\n<p>In den vergangenen Wochen waren vermehrt Drohnen in Deutschland und<br \/>\neuropaweit gesichtet worden. Der M\u00fcnchner Flughafen hatte seinen Betrieb<br \/>\n am Donnerstag und Freitag wegen Drohnensichtungen zeitweise<br \/>\neingestellt.\n<\/p>\n<\/p>\n<\/div>\n","protected":false},"excerpt":{"rendered":"<p>Bundeswirtschaftsministerin Katherina Reiche (CDU) fordert eine schlagkr\u00e4ftige Drohnenfertigung in Deutschland. &#8222;Wer die Lufthoheit will, muss sie sich bauen&#8220;, sagte Reiche der Nachrichtenagentur dpa. Um die Ukraine zu unterst\u00fctzen, die eigene Verteidigungsf\u00e4higkeit zu st\u00e4rken und die kritische Infrastruktur zu sch\u00fctzen, m\u00fcsse Deutschland ein f\u00fchrender Standort f\u00fcr die Entwicklung und Produktion von Drohnen werden. Die Ereignisse der<\/p>\n","protected":false},"author":1,"featured_media":0,"comment_status":"open","ping_status":"open","sticky":false,"template":"","format":"standard","meta":{"footnotes":""},"categories":[116],"tags":[],"class_list":["post-282992","post","type-post","status-publish","format-standard","hentry","category-war-chronicles-de"],"acf":[],"yoast_head":"<!-- This site is optimized with the Yoast SEO plugin v22.9 - https:\/\/yoast.com\/wordpress\/plugins\/seo\/ -->\n<title>Bundeswirtschaftsministerin fordert Ausbau der Drohnenproduktion - vof-news.eu<\/title>\n<meta name=\"description\" content=\"Bundeswirtschaftsministerin Katherina Reiche (CDU) fordert eine schlagkr\u00e4ftige Drohnenfertigung in Deutschland. &quot;Wer die Lufthoheit will, muss sie sich bauen&quot;, sagte Reiche der Nachrichtenagentur dpa. Um die Ukraine zu unterst\u00fctzen, die eigene Verteidigungsf\u00e4higkeit zu st\u00e4rken und die kritische Infrastruktur zu sch\u00fctzen, m\u00fcsse Deutschland ein f\u00fchrender Standort f\u00fcr die Entwicklung und\" \/>\n<meta name=\"robots\" content=\"noindex, follow, max-snippet:-1, max-image-preview:large, max-video-preview:-1\" \/>\n<meta property=\"og:locale\" content=\"de_DE\" \/>\n<meta property=\"og:type\" content=\"article\" \/>\n<meta property=\"og:title\" content=\"Bundeswirtschaftsministerin fordert Ausbau der Drohnenproduktion - vof-news.eu\" \/>\n<meta property=\"og:description\" content=\"Bundeswirtschaftsministerin Katherina Reiche (CDU) fordert eine schlagkr\u00e4ftige Drohnenfertigung in Deutschland. &quot;Wer die Lufthoheit will, muss sie sich bauen&quot;, sagte Reiche der Nachrichtenagentur dpa. Um die Ukraine zu unterst\u00fctzen, die eigene Verteidigungsf\u00e4higkeit zu st\u00e4rken und die kritische Infrastruktur zu sch\u00fctzen, m\u00fcsse Deutschland ein f\u00fchrender Standort f\u00fcr die Entwicklung und\" \/>\n<meta property=\"og:url\" content=\"https:\/\/vof-news.eu\/de\/bundeswirtschaftsministerin-fordert-ausbau-der-drohnenproduktion\/\" \/>\n<meta property=\"og:site_name\" content=\"vof-news.eu\" \/>\n<meta property=\"article:published_time\" content=\"2025-10-06T08:28:14+00:00\" \/>\n<meta property=\"article:modified_time\" content=\"2025-10-06T08:28:41+00:00\" \/>\n<meta name=\"author\" content=\"Author\" \/>\n<meta name=\"twitter:card\" content=\"summary_large_image\" \/>\n<meta name=\"twitter:label1\" content=\"Verfasst von\" \/>\n\t<meta name=\"twitter:data1\" content=\"Author\" \/>\n\t<meta name=\"twitter:label2\" content=\"Gesch\u00e4tzte Lesezeit\" \/>\n\t<meta name=\"twitter:data2\" content=\"1\u00a0Minute\" \/>\n<script type=\"application\/ld+json\" class=\"yoast-schema-graph\">{\"@context\":\"https:\/\/schema.org\",\"@graph\":[{\"@type\":\"WebPage\",\"@id\":\"https:\/\/vof-news.eu\/de\/bundeswirtschaftsministerin-fordert-ausbau-der-drohnenproduktion\/\",\"url\":\"https:\/\/vof-news.eu\/de\/bundeswirtschaftsministerin-fordert-ausbau-der-drohnenproduktion\/\",\"name\":\"Bundeswirtschaftsministerin fordert Ausbau der Drohnenproduktion - vof-news.eu\",\"isPartOf\":{\"@id\":\"https:\/\/vof-news.eu\/de\/#website\"},\"datePublished\":\"2025-10-06T08:28:14+00:00\",\"dateModified\":\"2025-10-06T08:28:41+00:00\",\"author\":{\"@id\":\"https:\/\/vof-news.eu\/de\/#\/schema\/person\/f6a2a4309f0561835797fd8c19b333ed\"},\"description\":\"Bundeswirtschaftsministerin Katherina Reiche (CDU) fordert eine schlagkr\u00e4ftige Drohnenfertigung in Deutschland. \\\"Wer die Lufthoheit will, muss sie sich bauen\\\", sagte Reiche der Nachrichtenagentur dpa. Um die Ukraine zu unterst\u00fctzen, die eigene Verteidigungsf\u00e4higkeit zu st\u00e4rken und die kritische Infrastruktur zu sch\u00fctzen, m\u00fcsse Deutschland ein f\u00fchrender Standort f\u00fcr die Entwicklung und\",\"breadcrumb\":{\"@id\":\"https:\/\/vof-news.eu\/de\/bundeswirtschaftsministerin-fordert-ausbau-der-drohnenproduktion\/#breadcrumb\"},\"inLanguage\":\"de\",\"potentialAction\":[{\"@type\":\"ReadAction\",\"target\":[\"https:\/\/vof-news.eu\/de\/bundeswirtschaftsministerin-fordert-ausbau-der-drohnenproduktion\/\"]}]},{\"@type\":\"BreadcrumbList\",\"@id\":\"https:\/\/vof-news.eu\/de\/bundeswirtschaftsministerin-fordert-ausbau-der-drohnenproduktion\/#breadcrumb\",\"itemListElement\":[{\"@type\":\"ListItem\",\"position\":1,\"name\":\"Home\",\"item\":\"https:\/\/vof-news.eu\/de\/\"},{\"@type\":\"ListItem\",\"position\":2,\"name\":\"Bundeswirtschaftsministerin fordert Ausbau der Drohnenproduktion\"}]},{\"@type\":\"WebSite\",\"@id\":\"https:\/\/vof-news.eu\/de\/#website\",\"url\":\"https:\/\/vof-news.eu\/de\/\",\"name\":\"vof-news.eu\",\"description\":\"\",\"potentialAction\":[{\"@type\":\"SearchAction\",\"target\":{\"@type\":\"EntryPoint\",\"urlTemplate\":\"https:\/\/vof-news.eu\/de\/?s={search_term_string}\"},\"query-input\":\"required name=search_term_string\"}],\"inLanguage\":\"de\"},{\"@type\":\"Person\",\"@id\":\"https:\/\/vof-news.eu\/de\/#\/schema\/person\/f6a2a4309f0561835797fd8c19b333ed\",\"name\":\"Author\",\"image\":{\"@type\":\"ImageObject\",\"inLanguage\":\"de\",\"@id\":\"https:\/\/vof-news.eu\/de\/#\/schema\/person\/image\/\",\"url\":\"https:\/\/secure.gravatar.com\/avatar\/b67e614b1b25b3e9c0c239efdd2fde5ab015b5affd6f1c3c85911ca4b384e790?s=96&d=mm&r=g\",\"contentUrl\":\"https:\/\/secure.gravatar.com\/avatar\/b67e614b1b25b3e9c0c239efdd2fde5ab015b5affd6f1c3c85911ca4b384e790?s=96&d=mm&r=g\",\"caption\":\"Author\"},\"sameAs\":[\"http:\/\/vof-news.eu\"],\"url\":\"https:\/\/vof-news.eu\/de\/author\/zwt6qxnjulxbnyg\/\"}]}<\/script>\n<!-- \/ Yoast SEO plugin. -->","yoast_head_json":{"title":"Bundeswirtschaftsministerin fordert Ausbau der Drohnenproduktion - vof-news.eu","description":"Bundeswirtschaftsministerin Katherina Reiche (CDU) fordert eine schlagkr\u00e4ftige Drohnenfertigung in Deutschland. \"Wer die Lufthoheit will, muss sie sich bauen\", sagte Reiche der Nachrichtenagentur dpa. Um die Ukraine zu unterst\u00fctzen, die eigene Verteidigungsf\u00e4higkeit zu st\u00e4rken und die kritische Infrastruktur zu sch\u00fctzen, m\u00fcsse Deutschland ein f\u00fchrender Standort f\u00fcr die Entwicklung und","robots":{"index":"noindex","follow":"follow","max-snippet":"max-snippet:-1","max-image-preview":"max-image-preview:large","max-video-preview":"max-video-preview:-1"},"og_locale":"de_DE","og_type":"article","og_title":"Bundeswirtschaftsministerin fordert Ausbau der Drohnenproduktion - vof-news.eu","og_description":"Bundeswirtschaftsministerin Katherina Reiche (CDU) fordert eine schlagkr\u00e4ftige Drohnenfertigung in Deutschland. \"Wer die Lufthoheit will, muss sie sich bauen\", sagte Reiche der Nachrichtenagentur dpa. Um die Ukraine zu unterst\u00fctzen, die eigene Verteidigungsf\u00e4higkeit zu st\u00e4rken und die kritische Infrastruktur zu sch\u00fctzen, m\u00fcsse Deutschland ein f\u00fchrender Standort f\u00fcr die Entwicklung und","og_url":"https:\/\/vof-news.eu\/de\/bundeswirtschaftsministerin-fordert-ausbau-der-drohnenproduktion\/","og_site_name":"vof-news.eu","article_published_time":"2025-10-06T08:28:14+00:00","article_modified_time":"2025-10-06T08:28:41+00:00","author":"Author","twitter_card":"summary_large_image","twitter_misc":{"Verfasst von":"Author","Gesch\u00e4tzte Lesezeit":"1\u00a0Minute"},"schema":{"@context":"https:\/\/schema.org","@graph":[{"@type":"WebPage","@id":"https:\/\/vof-news.eu\/de\/bundeswirtschaftsministerin-fordert-ausbau-der-drohnenproduktion\/","url":"https:\/\/vof-news.eu\/de\/bundeswirtschaftsministerin-fordert-ausbau-der-drohnenproduktion\/","name":"Bundeswirtschaftsministerin fordert Ausbau der Drohnenproduktion - vof-news.eu","isPartOf":{"@id":"https:\/\/vof-news.eu\/de\/#website"},"datePublished":"2025-10-06T08:28:14+00:00","dateModified":"2025-10-06T08:28:41+00:00","author":{"@id":"https:\/\/vof-news.eu\/de\/#\/schema\/person\/f6a2a4309f0561835797fd8c19b333ed"},"description":"Bundeswirtschaftsministerin Katherina Reiche (CDU) fordert eine schlagkr\u00e4ftige Drohnenfertigung in Deutschland. \"Wer die Lufthoheit will, muss sie sich bauen\", sagte Reiche der Nachrichtenagentur dpa. Um die Ukraine zu unterst\u00fctzen, die eigene Verteidigungsf\u00e4higkeit zu st\u00e4rken und die kritische Infrastruktur zu sch\u00fctzen, m\u00fcsse Deutschland ein f\u00fchrender Standort f\u00fcr die Entwicklung und","breadcrumb":{"@id":"https:\/\/vof-news.eu\/de\/bundeswirtschaftsministerin-fordert-ausbau-der-drohnenproduktion\/#breadcrumb"},"inLanguage":"de","potentialAction":[{"@type":"ReadAction","target":["https:\/\/vof-news.eu\/de\/bundeswirtschaftsministerin-fordert-ausbau-der-drohnenproduktion\/"]}]},{"@type":"BreadcrumbList","@id":"https:\/\/vof-news.eu\/de\/bundeswirtschaftsministerin-fordert-ausbau-der-drohnenproduktion\/#breadcrumb","itemListElement":[{"@type":"ListItem","position":1,"name":"Home","item":"https:\/\/vof-news.eu\/de\/"},{"@type":"ListItem","position":2,"name":"Bundeswirtschaftsministerin fordert Ausbau der Drohnenproduktion"}]},{"@type":"WebSite","@id":"https:\/\/vof-news.eu\/de\/#website","url":"https:\/\/vof-news.eu\/de\/","name":"vof-news.eu","description":"","potentialAction":[{"@type":"SearchAction","target":{"@type":"EntryPoint","urlTemplate":"https:\/\/vof-news.eu\/de\/?s={search_term_string}"},"query-input":"required name=search_term_string"}],"inLanguage":"de"},{"@type":"Person","@id":"https:\/\/vof-news.eu\/de\/#\/schema\/person\/f6a2a4309f0561835797fd8c19b333ed","name":"Author","image":{"@type":"ImageObject","inLanguage":"de","@id":"https:\/\/vof-news.eu\/de\/#\/schema\/person\/image\/","url":"https:\/\/secure.gravatar.com\/avatar\/b67e614b1b25b3e9c0c239efdd2fde5ab015b5affd6f1c3c85911ca4b384e790?s=96&d=mm&r=g","contentUrl":"https:\/\/secure.gravatar.com\/avatar\/b67e614b1b25b3e9c0c239efdd2fde5ab015b5affd6f1c3c85911ca4b384e790?s=96&d=mm&r=g","caption":"Author"},"sameAs":["http:\/\/vof-news.eu"],"url":"https:\/\/vof-news.eu\/de\/author\/zwt6qxnjulxbnyg\/"}]}},"yoast_meta":{"yoast_wpseo_title":"","yoast_wpseo_metadesc":"","yoast_wpseo_canonical":""},"_links":{"self":[{"href":"https:\/\/vof-news.eu\/de\/wp-json\/wp\/v2\/posts\/282992","targetHints":{"allow":["GET"]}}],"collection":[{"href":"https:\/\/vof-news.eu\/de\/wp-json\/wp\/v2\/posts"}],"about":[{"href":"https:\/\/vof-news.eu\/de\/wp-json\/wp\/v2\/types\/post"}],"author":[{"embeddable":true,"href":"https:\/\/vof-news.eu\/de\/wp-json\/wp\/v2\/users\/1"}],"replies":[{"embeddable":true,"href":"https:\/\/vof-news.eu\/de\/wp-json\/wp\/v2\/comments?post=282992"}],"version-history":[{"count":1,"href":"https:\/\/vof-news.eu\/de\/wp-json\/wp\/v2\/posts\/282992\/revisions"}],"predecessor-version":[{"id":282993,"href":"https:\/\/vof-news.eu\/de\/wp-json\/wp\/v2\/posts\/282992\/revisions\/282993"}],"wp:attachment":[{"href":"https:\/\/vof-news.eu\/de\/wp-json\/wp\/v2\/media?parent=282992"}],"wp:term":[{"taxonomy":"category","embeddable":true,"href":"https:\/\/vof-news.eu\/de\/wp-json\/wp\/v2\/categories?post=282992"},{"taxonomy":"post_tag","embeddable":true,"href":"https:\/\/vof-news.eu\/de\/wp-json\/wp\/v2\/tags?post=282992"}],"curies":[{"name":"wp","href":"https:\/\/api.w.org\/{rel}","templated":true}]}}